{"id":222650,"date":"2008-01-30T00:00:00","date_gmt":"2008-01-30T00:00:00","guid":{"rendered":""},"modified":"2008-01-30T00:00:00","modified_gmt":"2008-01-30T00:00:00","slug":"palazzo-estense-si-rifa-il-look","status":"publish","type":"post","link":"https:\/\/staging.varesenews.it\/2008\/01\/palazzo-estense-si-rifa-il-look\/222650\/","title":{"rendered":"Palazzo Estense si rif\u00e0 il look"},"content":{"rendered":"<p class=\"MsoNormal\" style=\"MARGIN: 0cm 0cm 0pt\"><strong><span style=\"FONT-WEIGHT: normal; FONT-FAMILY: Arial; mso-bidi-font-size: 18.0pt\">In vista dello svolgimento dei Campionati del mondo di ciclismo, la giunta comunale ha approvato il progetto preliminare e dato il via libera ai lavori di ristrutturazione di Palazzo Estense, dopo che i lavori erano stati inseriti nel programma triennale delle opere pubbliche 2007 \u2013 2009.<\/p>\n<p \/><\/span><\/strong><\/p>\n<p class=\"NARRATIVA\" style=\"MARGIN: 0cm 0cm 6pt; TEXT-INDENT: 0cm; TEXT-ALIGN: left; tab-stops: list 18.0pt\" align=\"left\"><font face=\"Arial\">Il progetto preliminare generale prevede interventi di restauro sulla struttura esterna, in parte gravemente danneggiata, ed in particolare sugli intonaci della facciata, les\u00e8ne, sagome, modanature ed elementi lapidei; oltre alla sostituzione completa degli infissi ed al rifacimento delle persiane presenti sulle facciate prospicienti ai giardini ed ai cortili interni. Lo svolgimento dei lavori \u00e8 previsto in tre lotti funzionali: il primo lotto prevede interventi sulle facciate rivolte a via Sacco, compresi i risvolti laterali,verso la Banca d\u2019Italia e la Biblioteca, con un costo di \u20ac298.012,64. Interventi relativi alle facciate prospicienti ai Giardini Estensi sono inserite nel secondo lotto, con una spesa complessiva di<span style=\"mso-spacerun: yes\">\u00a0 <\/span>\u20ac412.000,00. Il terzo ed ultimo lotto ha un costo di \u20ac669.500,00 e comprender\u00e0 interventi nei cortili interni.<br \/>L\u2019assessore dei lavori pubblici, Gladiseo Zagatto , al termine della giunta ha detto: \u00abLe facciate sono deteriorate. In occasione dei Mondiali vogliamo dare un\u2019immagine bella e decorosa della sede comunale, simbolo della citt\u00e0 e bene della comunit\u00e0. Per questo, il primo lotto \u00e8 sulla parte che si affaccia su via Sacco\u00bb.<\/font><\/p>\n","protected":false},"excerpt":{"rendered":"<p>Approvato il progetto preliminare. Via libera della giunta agli interventi di restauro in vista dei mondiali di ciclismo 2008<\/p>\n","protected":false},"author":10,"featured_media":0,"comment_status":"open","ping_status":"open","sticky":false,"template":"","format":"standard","meta":{"footnotes":""},"categories":[2],"tags":[],"acf":[],"yoast_head":"<!-- This site is optimized with the Yoast SEO plugin v20.1 - https:\/\/yoast.com\/wordpress\/plugins\/seo\/ -->\n<title>Palazzo Estense si rif\u00e0 il look<\/title>\n<meta name=\"description\" content=\"Approvato il progetto preliminare. Via libera della giunta agli interventi di restauro in vista dei mondiali di ciclismo 2008\" \/>\n<meta name=\"robots\" content=\"noindex, follow, max-snippet:-1, max-image-preview:large, max-video-preview:-1\" \/>\n<meta property=\"og:locale\" content=\"it_IT\" \/>\n<meta property=\"og:type\" content=\"article\" \/>\n<meta property=\"og:title\" content=\"Palazzo Estense si rif\u00e0 il look\" \/>\n<meta property=\"og:description\" content=\"Approvato il progetto preliminare. Via libera della giunta agli interventi di restauro in vista dei mondiali di ciclismo 2008\" \/>\n<meta property=\"og:url\" content=\"https:\/\/staging.varesenews.it\/2008\/01\/palazzo-estense-si-rifa-il-look\/222650\/\" \/>\n<meta property=\"og:site_name\" content=\"VareseNews\" \/>\n<meta property=\"article:publisher\" content=\"https:\/\/www.facebook.com\/varesenews\" \/>\n<meta property=\"article:published_time\" content=\"2008-01-30T00:00:00+00:00\" \/>\n<meta name=\"author\" content=\"Redazione VareseNews\" \/>\n<meta name=\"twitter:card\" content=\"summary_large_image\" \/>\n<meta name=\"twitter:creator\" content=\"@varesenews\" \/>\n<meta name=\"twitter:site\" content=\"@varesenews\" \/>\n<meta name=\"twitter:label1\" content=\"Scritto da\" \/>\n\t<meta name=\"twitter:data1\" content=\"Redazione VareseNews\" \/>\n\t<meta name=\"twitter:label2\" content=\"Tempo di lettura stimato\" \/>\n\t<meta name=\"twitter:data2\" content=\"1 minuto\" \/>\n<script type=\"application\/ld+json\" class=\"yoast-schema-graph\">{\"@context\":\"https:\/\/schema.org\",\"@graph\":[{\"@type\":\"WebPage\",\"@id\":\"https:\/\/staging.varesenews.it\/2008\/01\/palazzo-estense-si-rifa-il-look\/222650\/\",\"url\":\"https:\/\/staging.varesenews.it\/2008\/01\/palazzo-estense-si-rifa-il-look\/222650\/\",\"name\":\"Palazzo Estense si rif\u00e0 il look\",\"isPartOf\":{\"@id\":\"https:\/\/staging.varesenews.it\/#website\"},\"datePublished\":\"2008-01-30T00:00:00+00:00\",\"dateModified\":\"2008-01-30T00:00:00+00:00\",\"author\":{\"@id\":\"https:\/\/staging.varesenews.it\/#\/schema\/person\/fb20c4da0b7b16c291707a20db73e169\"},\"description\":\"Approvato il progetto preliminare. Via libera della giunta agli interventi di restauro in vista dei mondiali di ciclismo 2008\",\"breadcrumb\":{\"@id\":\"https:\/\/staging.varesenews.it\/2008\/01\/palazzo-estense-si-rifa-il-look\/222650\/#breadcrumb\"},\"inLanguage\":\"it-IT\",\"potentialAction\":[{\"@type\":\"ReadAction\",\"target\":[\"https:\/\/staging.varesenews.it\/2008\/01\/palazzo-estense-si-rifa-il-look\/222650\/\"]}]},{\"@type\":\"BreadcrumbList\",\"@id\":\"https:\/\/staging.varesenews.it\/2008\/01\/palazzo-estense-si-rifa-il-look\/222650\/#breadcrumb\",\"itemListElement\":[{\"@type\":\"ListItem\",\"position\":1,\"name\":\"Home\",\"item\":\"https:\/\/www.varesenews.it\/\"},{\"@type\":\"ListItem\",\"position\":2,\"name\":\"Palazzo Estense si rif\u00e0 il look\"}]},{\"@type\":\"WebSite\",\"@id\":\"https:\/\/staging.varesenews.it\/#website\",\"url\":\"https:\/\/staging.varesenews.it\/\",\"name\":\"VareseNews\",\"description\":\"\",\"potentialAction\":[{\"@type\":\"SearchAction\",\"target\":{\"@type\":\"EntryPoint\",\"urlTemplate\":\"https:\/\/staging.varesenews.it\/?s={search_term_string}\"},\"query-input\":\"required name=search_term_string\"}],\"inLanguage\":\"it-IT\"},{\"@type\":\"Person\",\"@id\":\"https:\/\/staging.varesenews.it\/#\/schema\/person\/fb20c4da0b7b16c291707a20db73e169\",\"name\":\"Redazione VareseNews\",\"image\":{\"@type\":\"ImageObject\",\"inLanguage\":\"it-IT\",\"@id\":\"https:\/\/staging.varesenews.it\/#\/schema\/person\/image\/\",\"url\":\"https:\/\/staging.varesenews.it\/wp-content\/uploads\/2020\/12\/logo_VN_colori_500.png\",\"contentUrl\":\"https:\/\/staging.varesenews.it\/wp-content\/uploads\/2020\/12\/logo_VN_colori_500.png\",\"caption\":\"Redazione VareseNews\"},\"url\":\"https:\/\/staging.varesenews.it\/persona\/redazione1\/\"}]}<\/script>\n<!-- \/ Yoast SEO plugin. -->","yoast_head_json":{"title":"Palazzo Estense si rif\u00e0 il look","description":"Approvato il progetto preliminare. Via libera della giunta agli interventi di restauro in vista dei mondiali di ciclismo 2008","robots":{"index":"noindex","follow":"follow","max-snippet":"max-snippet:-1","max-image-preview":"max-image-preview:large","max-video-preview":"max-video-preview:-1"},"og_locale":"it_IT","og_type":"article","og_title":"Palazzo Estense si rif\u00e0 il look","og_description":"Approvato il progetto preliminare. Via libera della giunta agli interventi di restauro in vista dei mondiali di ciclismo 2008","og_url":"https:\/\/staging.varesenews.it\/2008\/01\/palazzo-estense-si-rifa-il-look\/222650\/","og_site_name":"VareseNews","article_publisher":"https:\/\/www.facebook.com\/varesenews","article_published_time":"2008-01-30T00:00:00+00:00","author":"Redazione VareseNews","twitter_card":"summary_large_image","twitter_creator":"@varesenews","twitter_site":"@varesenews","twitter_misc":{"Scritto da":"Redazione VareseNews","Tempo di lettura stimato":"1 minuto"},"schema":{"@context":"https:\/\/schema.org","@graph":[{"@type":"WebPage","@id":"https:\/\/staging.varesenews.it\/2008\/01\/palazzo-estense-si-rifa-il-look\/222650\/","url":"https:\/\/staging.varesenews.it\/2008\/01\/palazzo-estense-si-rifa-il-look\/222650\/","name":"Palazzo Estense si rif\u00e0 il look","isPartOf":{"@id":"https:\/\/staging.varesenews.it\/#website"},"datePublished":"2008-01-30T00:00:00+00:00","dateModified":"2008-01-30T00:00:00+00:00","author":{"@id":"https:\/\/staging.varesenews.it\/#\/schema\/person\/fb20c4da0b7b16c291707a20db73e169"},"description":"Approvato il progetto preliminare. Via libera della giunta agli interventi di restauro in vista dei mondiali di ciclismo 2008","breadcrumb":{"@id":"https:\/\/staging.varesenews.it\/2008\/01\/palazzo-estense-si-rifa-il-look\/222650\/#breadcrumb"},"inLanguage":"it-IT","potentialAction":[{"@type":"ReadAction","target":["https:\/\/staging.varesenews.it\/2008\/01\/palazzo-estense-si-rifa-il-look\/222650\/"]}]},{"@type":"BreadcrumbList","@id":"https:\/\/staging.varesenews.it\/2008\/01\/palazzo-estense-si-rifa-il-look\/222650\/#breadcrumb","itemListElement":[{"@type":"ListItem","position":1,"name":"Home","item":"https:\/\/www.varesenews.it\/"},{"@type":"ListItem","position":2,"name":"Palazzo Estense si rif\u00e0 il look"}]},{"@type":"WebSite","@id":"https:\/\/staging.varesenews.it\/#website","url":"https:\/\/staging.varesenews.it\/","name":"VareseNews","description":"","potentialAction":[{"@type":"SearchAction","target":{"@type":"EntryPoint","urlTemplate":"https:\/\/staging.varesenews.it\/?s={search_term_string}"},"query-input":"required name=search_term_string"}],"inLanguage":"it-IT"},{"@type":"Person","@id":"https:\/\/staging.varesenews.it\/#\/schema\/person\/fb20c4da0b7b16c291707a20db73e169","name":"Redazione VareseNews","image":{"@type":"ImageObject","inLanguage":"it-IT","@id":"https:\/\/staging.varesenews.it\/#\/schema\/person\/image\/","url":"https:\/\/staging.varesenews.it\/wp-content\/uploads\/2020\/12\/logo_VN_colori_500.png","contentUrl":"https:\/\/staging.varesenews.it\/wp-content\/uploads\/2020\/12\/logo_VN_colori_500.png","caption":"Redazione VareseNews"},"url":"https:\/\/staging.varesenews.it\/persona\/redazione1\/"}]}},"post_meta":{"id_old":"90442","argomento":"Varese"},"photos":[],"_links":{"self":[{"href":"https:\/\/staging.varesenews.it\/swgapi\/v1\/wp\/v2\/posts\/222650"}],"collection":[{"href":"https:\/\/staging.varesenews.it\/swgapi\/v1\/wp\/v2\/posts"}],"about":[{"href":"https:\/\/staging.varesenews.it\/swgapi\/v1\/wp\/v2\/types\/post"}],"author":[{"embeddable":true,"href":"https:\/\/staging.varesenews.it\/swgapi\/v1\/wp\/v2\/users\/10"}],"replies":[{"embeddable":true,"href":"https:\/\/staging.varesenews.it\/swgapi\/v1\/wp\/v2\/comments?post=222650"}],"version-history":[{"count":0,"href":"https:\/\/staging.varesenews.it\/swgapi\/v1\/wp\/v2\/posts\/222650\/revisions"}],"wp:attachment":[{"href":"https:\/\/staging.varesenews.it\/swgapi\/v1\/wp\/v2\/media?parent=222650"}],"wp:term":[{"taxonomy":"category","embeddable":true,"href":"https:\/\/staging.varesenews.it\/swgapi\/v1\/wp\/v2\/categories?post=222650"},{"taxonomy":"post_tag","embeddable":true,"href":"https:\/\/staging.varesenews.it\/swgapi\/v1\/wp\/v2\/tags?post=222650"}],"curies":[{"name":"wp","href":"https:\/\/api.w.org\/{rel}","templated":true}]}}