{"id":223050,"date":"2008-01-24T00:00:00","date_gmt":"2008-01-24T00:00:00","guid":{"rendered":""},"modified":"2008-01-24T00:00:00","modified_gmt":"2008-01-24T00:00:00","slug":"schierarsi-per-malpensa-e-contro-i-rifiuti-campani","status":"publish","type":"post","link":"https:\/\/staging.varesenews.it\/2008\/01\/schierarsi-per-malpensa-e-contro-i-rifiuti-campani\/223050\/","title":{"rendered":"\u00abSchierarsi per Malpensa e contro i rifiuti campani\u00bb"},"content":{"rendered":"<p class=\"MsoNormal\" style=\"MARGIN: 0cm 0cm 0pt\"><i>riceviamo e pubblichiamo<\/i><\/p>\n<p \/>\n<p class=\"MsoNormal\" style=\"MARGIN: 0cm 0cm 0pt\"><span style=\"mso-spacerun: yes\"><\/span><\/p>\n<p class=\"MsoNormal\" style=\"MARGIN: 0cm 0cm 0pt\">Durante il prossimo consiglio comunale i due consiglieri della Lega Sergio Giannoni e Raffaele Fagioli presenteranno una serie di mozioni volte a tutelare i posti di lavoro nel saronnese (Mozione urgente pro Malpensa) e la salute pubblica (Mozione urgente contro il transito dei rifiuti extraregionali).<\/p>\n<p \/>\n<p class=\"MsoNormal\" style=\"MARGIN: 0cm 0cm 0pt\">Tutti i politici cittadini sono intervenuti su Malpensa. Adesso per\u00f2 vogliamo i fatti. Sono capaci tutti di parlare senza fare niente di concreto e senza esporsi in una votazione in Consiglio Comunale. La nostra mozione vuole dare unit\u00e0 al Consiglio Comunale di Saronno in modo che tutti prendano posizione contro il ridimensionamento dell&#8217;aeroporto internazionale di Malpensa.<br \/>Se Malpensa \u00e8 cos\u00ec importante anche per il signor sindaco Gilli, come possiamo intuire dalle recenti dichiarazioni stampa, allora siamo sicuri che far\u00e0 riunire in tempi brevi il Consiglio Comunale. Non possiamo pi\u00f9 attendere mesi affinch\u00e9 una mozione urgente venga discussa. <\/p>\n<p \/>\n<p class=\"MsoNormal\" style=\"MARGIN: 0cm 0cm 0pt\">Ricordiamo in proposito che la prima mozione all&#8217;ordine del giorno del prossimo consiglio comunale \u00e8 una delle nostre, che abbiamo presentato per la prima volta a ottobre 2006. E&#8217; pi\u00f9 di un anno che aspettiamo venga discussa. Il Consiglio Comunale deve tornare a essere rappresentativo della totalit\u00e0 dei cittadini. Non pu\u00f2 continuare a essere riunito solo per discutere temi che riguardano l&#8217;amministrazione. Visto che la Commissione per la revisione dello Statuto e del Regolamento Comunale non ha ancora concluso niente dopo mesi di esistenza, ci abbiamo pensato noi a proporre una soluzione al problema (Mozione per la revisione del Regolamento consiliare). Ogni assemblea dovr\u00e0 essere suddivisa temporalmente in tre parti: una in cui vengono trattati i temi amministrativi, le altre due per rispondere alle interpellanze e per discutere le mozioni.<\/p>\n<p \/>\n<p class=\"MsoNormal\" style=\"MARGIN: 0cm 0cm 0pt\">Altro tema sia urgente sia importante \u00e8 quello sui rifiuti campani. I nostri due consiglieri comunali hanno presentato una mozione per chiedere che il Comune di Saronno si attivi affinch\u00e9 sul nostro territorio non possano passare i rifiuti di altre Regioni. Saronno \u00e8 la porta d&#8217;ingresso delle province di Como e Varese. Se non pensiamo noi a tutelare la salute delle nostre comunit\u00e0 locali, allora i rifiuti campani, contenenti chissacch\u00e8, finiranno a Mozzate e a Gorla. Chiediamo a tutti i membri del Consiglio uno scatto d&#8217;orgoglio contro l&#8217;arroganza del potere centralista romano. La nostra mozione render\u00e0 evidente a tutti da che parte stanno i consiglieri comunali saronnesi: se si ribelleranno agli ordini di partito che arrivano da Roma, oppure se si schiereranno con la popolazione lombarda che chiede a gran voce di non essere considerata sempre e solo la pattumiera dell&#8217;Italia. Bisogna invitare alla discussione anche i comitati anti discarica. Chiediamo al signor Sindaco e al Presidente del Consiglio di indire in tempi rapidi un consiglio comunale per discutere la nostra mozione e bloccare i rifiuti prima che sia troppo tardi. <\/p>\n<p \/>\n<p class=\"MsoNormal\" style=\"MARGIN: 0cm 0cm 0pt\">La Lega \u00e8 dalla parte del popolo. Chi vuole tornare a discutere con noi deve dimostrare da che parte sta. Si sappia che non tollereremo pi\u00f9 che le nostre mozioni non vengano discusse in tempi rapidi.<\/p>\n","protected":false},"excerpt":{"rendered":"<p>Due le mozioni presentate dalla Lega che il Carroccio chiede vengano discusse nel prossimo consiglio comunale <\/p>\n","protected":false},"author":10,"featured_media":0,"comment_status":"open","ping_status":"open","sticky":false,"template":"","format":"standard","meta":{"footnotes":""},"categories":[5],"tags":[],"acf":[],"yoast_head":"<!-- This site is optimized with the Yoast SEO plugin v20.1 - https:\/\/yoast.com\/wordpress\/plugins\/seo\/ -->\n<title>\u00abSchierarsi per Malpensa e contro i rifiuti campani\u00bb<\/title>\n<meta name=\"description\" content=\"Due le mozioni presentate dalla Lega che il Carroccio chiede vengano discusse nel prossimo consiglio comunale\" \/>\n<meta name=\"robots\" content=\"noindex, follow, max-snippet:-1, max-image-preview:large, max-video-preview:-1\" \/>\n<meta property=\"og:locale\" content=\"it_IT\" \/>\n<meta property=\"og:type\" content=\"article\" \/>\n<meta property=\"og:title\" content=\"\u00abSchierarsi per Malpensa e contro i rifiuti campani\u00bb\" \/>\n<meta property=\"og:description\" content=\"Due le mozioni presentate dalla Lega che il Carroccio chiede vengano discusse nel prossimo consiglio comunale\" \/>\n<meta property=\"og:url\" content=\"https:\/\/staging.varesenews.it\/2008\/01\/schierarsi-per-malpensa-e-contro-i-rifiuti-campani\/223050\/\" \/>\n<meta property=\"og:site_name\" content=\"VareseNews\" \/>\n<meta property=\"article:publisher\" content=\"https:\/\/www.facebook.com\/varesenews\" \/>\n<meta property=\"article:published_time\" content=\"2008-01-24T00:00:00+00:00\" \/>\n<meta name=\"author\" content=\"Redazione VareseNews\" \/>\n<meta name=\"twitter:card\" content=\"summary_large_image\" \/>\n<meta name=\"twitter:creator\" content=\"@varesenews\" \/>\n<meta name=\"twitter:site\" content=\"@varesenews\" \/>\n<meta name=\"twitter:label1\" content=\"Scritto da\" \/>\n\t<meta name=\"twitter:data1\" content=\"Redazione VareseNews\" \/>\n\t<meta name=\"twitter:label2\" content=\"Tempo di lettura stimato\" \/>\n\t<meta name=\"twitter:data2\" content=\"2 minuti\" \/>\n<script type=\"application\/ld+json\" class=\"yoast-schema-graph\">{\"@context\":\"https:\/\/schema.org\",\"@graph\":[{\"@type\":\"WebPage\",\"@id\":\"https:\/\/staging.varesenews.it\/2008\/01\/schierarsi-per-malpensa-e-contro-i-rifiuti-campani\/223050\/\",\"url\":\"https:\/\/staging.varesenews.it\/2008\/01\/schierarsi-per-malpensa-e-contro-i-rifiuti-campani\/223050\/\",\"name\":\"\u00abSchierarsi per Malpensa e contro i rifiuti campani\u00bb\",\"isPartOf\":{\"@id\":\"https:\/\/staging.varesenews.it\/#website\"},\"datePublished\":\"2008-01-24T00:00:00+00:00\",\"dateModified\":\"2008-01-24T00:00:00+00:00\",\"author\":{\"@id\":\"https:\/\/staging.varesenews.it\/#\/schema\/person\/fb20c4da0b7b16c291707a20db73e169\"},\"description\":\"Due le mozioni presentate dalla Lega che il Carroccio chiede vengano discusse nel prossimo consiglio comunale\",\"breadcrumb\":{\"@id\":\"https:\/\/staging.varesenews.it\/2008\/01\/schierarsi-per-malpensa-e-contro-i-rifiuti-campani\/223050\/#breadcrumb\"},\"inLanguage\":\"it-IT\",\"potentialAction\":[{\"@type\":\"ReadAction\",\"target\":[\"https:\/\/staging.varesenews.it\/2008\/01\/schierarsi-per-malpensa-e-contro-i-rifiuti-campani\/223050\/\"]}]},{\"@type\":\"BreadcrumbList\",\"@id\":\"https:\/\/staging.varesenews.it\/2008\/01\/schierarsi-per-malpensa-e-contro-i-rifiuti-campani\/223050\/#breadcrumb\",\"itemListElement\":[{\"@type\":\"ListItem\",\"position\":1,\"name\":\"Home\",\"item\":\"https:\/\/www.varesenews.it\/\"},{\"@type\":\"ListItem\",\"position\":2,\"name\":\"\u00abSchierarsi per Malpensa e contro i rifiuti campani\u00bb\"}]},{\"@type\":\"WebSite\",\"@id\":\"https:\/\/staging.varesenews.it\/#website\",\"url\":\"https:\/\/staging.varesenews.it\/\",\"name\":\"VareseNews\",\"description\":\"\",\"potentialAction\":[{\"@type\":\"SearchAction\",\"target\":{\"@type\":\"EntryPoint\",\"urlTemplate\":\"https:\/\/staging.varesenews.it\/?s={search_term_string}\"},\"query-input\":\"required name=search_term_string\"}],\"inLanguage\":\"it-IT\"},{\"@type\":\"Person\",\"@id\":\"https:\/\/staging.varesenews.it\/#\/schema\/person\/fb20c4da0b7b16c291707a20db73e169\",\"name\":\"Redazione VareseNews\",\"image\":{\"@type\":\"ImageObject\",\"inLanguage\":\"it-IT\",\"@id\":\"https:\/\/staging.varesenews.it\/#\/schema\/person\/image\/\",\"url\":\"https:\/\/staging.varesenews.it\/wp-content\/uploads\/2020\/12\/logo_VN_colori_500.png\",\"contentUrl\":\"https:\/\/staging.varesenews.it\/wp-content\/uploads\/2020\/12\/logo_VN_colori_500.png\",\"caption\":\"Redazione VareseNews\"},\"url\":\"https:\/\/staging.varesenews.it\/persona\/redazione1\/\"}]}<\/script>\n<!-- \/ Yoast SEO plugin. -->","yoast_head_json":{"title":"\u00abSchierarsi per Malpensa e contro i rifiuti campani\u00bb","description":"Due le mozioni presentate dalla Lega che il Carroccio chiede vengano discusse nel prossimo consiglio comunale","robots":{"index":"noindex","follow":"follow","max-snippet":"max-snippet:-1","max-image-preview":"max-image-preview:large","max-video-preview":"max-video-preview:-1"},"og_locale":"it_IT","og_type":"article","og_title":"\u00abSchierarsi per Malpensa e contro i rifiuti campani\u00bb","og_description":"Due le mozioni presentate dalla Lega che il Carroccio chiede vengano discusse nel prossimo consiglio comunale","og_url":"https:\/\/staging.varesenews.it\/2008\/01\/schierarsi-per-malpensa-e-contro-i-rifiuti-campani\/223050\/","og_site_name":"VareseNews","article_publisher":"https:\/\/www.facebook.com\/varesenews","article_published_time":"2008-01-24T00:00:00+00:00","author":"Redazione VareseNews","twitter_card":"summary_large_image","twitter_creator":"@varesenews","twitter_site":"@varesenews","twitter_misc":{"Scritto da":"Redazione VareseNews","Tempo di lettura stimato":"2 minuti"},"schema":{"@context":"https:\/\/schema.org","@graph":[{"@type":"WebPage","@id":"https:\/\/staging.varesenews.it\/2008\/01\/schierarsi-per-malpensa-e-contro-i-rifiuti-campani\/223050\/","url":"https:\/\/staging.varesenews.it\/2008\/01\/schierarsi-per-malpensa-e-contro-i-rifiuti-campani\/223050\/","name":"\u00abSchierarsi per Malpensa e contro i rifiuti campani\u00bb","isPartOf":{"@id":"https:\/\/staging.varesenews.it\/#website"},"datePublished":"2008-01-24T00:00:00+00:00","dateModified":"2008-01-24T00:00:00+00:00","author":{"@id":"https:\/\/staging.varesenews.it\/#\/schema\/person\/fb20c4da0b7b16c291707a20db73e169"},"description":"Due le mozioni presentate dalla Lega che il Carroccio chiede vengano discusse nel prossimo consiglio comunale","breadcrumb":{"@id":"https:\/\/staging.varesenews.it\/2008\/01\/schierarsi-per-malpensa-e-contro-i-rifiuti-campani\/223050\/#breadcrumb"},"inLanguage":"it-IT","potentialAction":[{"@type":"ReadAction","target":["https:\/\/staging.varesenews.it\/2008\/01\/schierarsi-per-malpensa-e-contro-i-rifiuti-campani\/223050\/"]}]},{"@type":"BreadcrumbList","@id":"https:\/\/staging.varesenews.it\/2008\/01\/schierarsi-per-malpensa-e-contro-i-rifiuti-campani\/223050\/#breadcrumb","itemListElement":[{"@type":"ListItem","position":1,"name":"Home","item":"https:\/\/www.varesenews.it\/"},{"@type":"ListItem","position":2,"name":"\u00abSchierarsi per Malpensa e contro i rifiuti campani\u00bb"}]},{"@type":"WebSite","@id":"https:\/\/staging.varesenews.it\/#website","url":"https:\/\/staging.varesenews.it\/","name":"VareseNews","description":"","potentialAction":[{"@type":"SearchAction","target":{"@type":"EntryPoint","urlTemplate":"https:\/\/staging.varesenews.it\/?s={search_term_string}"},"query-input":"required name=search_term_string"}],"inLanguage":"it-IT"},{"@type":"Person","@id":"https:\/\/staging.varesenews.it\/#\/schema\/person\/fb20c4da0b7b16c291707a20db73e169","name":"Redazione VareseNews","image":{"@type":"ImageObject","inLanguage":"it-IT","@id":"https:\/\/staging.varesenews.it\/#\/schema\/person\/image\/","url":"https:\/\/staging.varesenews.it\/wp-content\/uploads\/2020\/12\/logo_VN_colori_500.png","contentUrl":"https:\/\/staging.varesenews.it\/wp-content\/uploads\/2020\/12\/logo_VN_colori_500.png","caption":"Redazione VareseNews"},"url":"https:\/\/staging.varesenews.it\/persona\/redazione1\/"}]}},"post_meta":{"id_old":"89948","argomento":"Saronno","autore_old":"Angelo Veronesi, segretario cittadino della Lega Nord"},"photos":[],"_links":{"self":[{"href":"https:\/\/staging.varesenews.it\/swgapi\/v1\/wp\/v2\/posts\/223050"}],"collection":[{"href":"https:\/\/staging.varesenews.it\/swgapi\/v1\/wp\/v2\/posts"}],"about":[{"href":"https:\/\/staging.varesenews.it\/swgapi\/v1\/wp\/v2\/types\/post"}],"author":[{"embeddable":true,"href":"https:\/\/staging.varesenews.it\/swgapi\/v1\/wp\/v2\/users\/10"}],"replies":[{"embeddable":true,"href":"https:\/\/staging.varesenews.it\/swgapi\/v1\/wp\/v2\/comments?post=223050"}],"version-history":[{"count":0,"href":"https:\/\/staging.varesenews.it\/swgapi\/v1\/wp\/v2\/posts\/223050\/revisions"}],"wp:attachment":[{"href":"https:\/\/staging.varesenews.it\/swgapi\/v1\/wp\/v2\/media?parent=223050"}],"wp:term":[{"taxonomy":"category","embeddable":true,"href":"https:\/\/staging.varesenews.it\/swgapi\/v1\/wp\/v2\/categories?post=223050"},{"taxonomy":"post_tag","embeddable":true,"href":"https:\/\/staging.varesenews.it\/swgapi\/v1\/wp\/v2\/tags?post=223050"}],"curies":[{"name":"wp","href":"https:\/\/api.w.org\/{rel}","templated":true}]}}