{"id":223884,"date":"2008-01-10T00:00:00","date_gmt":"2008-01-10T00:00:00","guid":{"rendered":""},"modified":"2008-01-10T00:00:00","modified_gmt":"2008-01-10T00:00:00","slug":"niente-corrispondenza-da-tre-settimane-ma-per-le-poste-e-tutto-normale","status":"publish","type":"post","link":"https:\/\/staging.varesenews.it\/2008\/01\/niente-corrispondenza-da-tre-settimane-ma-per-le-poste-e-tutto-normale\/223884\/","title":{"rendered":"Niente corrispondenza da tre settimane ma per le Poste \u00e8 tutto normale"},"content":{"rendered":"<p class=\"MsoNormal\" style=\"MARGIN: 0cm 0cm 0pt\"><span style=\"FONT-FAMILY: Arial\">Ricevere la posta a Samarate? Un miraggio per molti cittadini. Lo denunciano alcuni lettori di VareseNews che dopo settimane di mancati recapiti hanno deciso di alzare la voce, denunciando la carenza del servizio. Alcune vie, stando a quanto affermano nelle loro email gli utenti samaratesi, non sono coperte da Poste Italiane: c\u2019\u00e8 gente che aspetta i settimanali ai quali \u00e8 abbonato da quattro settimane, altri che non ricevono le bollette di luce, gas e delle (tante) tasse da pagare. Gi\u00e0 tre anni fa si era verificato un problema del genere, al quale Poste Italiane aveva rimediato dopo mesi di buio quasi totale. <\/span><\/p>\n<p class=\"MsoNormal\" style=\"MARGIN: 0cm 0cm 0pt\"><span style=\"FONT-FAMILY: Arial\"><\/span><span style=\"FONT-FAMILY: Arial\">\u00abNon ci sono stati segnalati disservizi di alcun tipo &#8211; replica Poste Italiane -. A Samarate secondo noi va tutto bene. Abbiamo avuto solo alcuni ritardi dovuti a una ristrutturazione del sistema di smistamento, che non \u00e8 pi\u00f9 su base comunale, ma sar\u00e0 gestito con struttura sovracomunale con centro a Gallarate per la zona interessata. A causa di alcuni lavori nel centro gallaratese a Samarate e Cardano al Campo il nuovo servizio \u00e8 stato attivato il 7 gennaio e non a fine dicembre come avvenuto altrove. Questo non ha per\u00f2 influito sulla puntualit\u00e0 della consegna della corrispondenza\u00bb. <\/span><\/p>\n<p class=\"MsoNormal\" style=\"MARGIN: 0cm 0cm 0pt\"><span style=\"FONT-FAMILY: Arial\">E allora dov\u2019\u00e8 finita la posta dei cittadini che si lamentano? Persa in un\u2019altra dogana delle nebbie? <\/span><\/p>\n","protected":false},"excerpt":{"rendered":"<p>La denuncia di alcuni cittadini di San Macario e la risposta della societ\u00e0 che gestisce il servizio: qualcosa che non quadra rimane<\/p>\n","protected":false},"author":10,"featured_media":0,"comment_status":"open","ping_status":"open","sticky":false,"template":"","format":"standard","meta":{"footnotes":""},"categories":[3],"tags":[],"acf":[],"yoast_head":"<!-- This site is optimized with the Yoast SEO plugin v20.1 - https:\/\/yoast.com\/wordpress\/plugins\/seo\/ -->\n<title>Niente corrispondenza da tre settimane ma per le Poste \u00e8 tutto normale<\/title>\n<meta name=\"description\" content=\"La denuncia di alcuni cittadini di San Macario e la risposta della societ\u00e0 che gestisce il servizio: qualcosa che non quadra rimane\" \/>\n<meta name=\"robots\" content=\"noindex, follow, max-snippet:-1, max-image-preview:large, max-video-preview:-1\" \/>\n<meta property=\"og:locale\" content=\"it_IT\" \/>\n<meta property=\"og:type\" content=\"article\" \/>\n<meta property=\"og:title\" content=\"Niente corrispondenza da tre settimane ma per le Poste \u00e8 tutto normale\" \/>\n<meta property=\"og:description\" content=\"La denuncia di alcuni cittadini di San Macario e la risposta della societ\u00e0 che gestisce il servizio: qualcosa che non quadra rimane\" \/>\n<meta property=\"og:url\" content=\"https:\/\/staging.varesenews.it\/2008\/01\/niente-corrispondenza-da-tre-settimane-ma-per-le-poste-e-tutto-normale\/223884\/\" \/>\n<meta property=\"og:site_name\" content=\"VareseNews\" \/>\n<meta property=\"article:publisher\" content=\"https:\/\/www.facebook.com\/varesenews\" \/>\n<meta property=\"article:published_time\" content=\"2008-01-10T00:00:00+00:00\" \/>\n<meta name=\"author\" content=\"Redazione VareseNews\" \/>\n<meta name=\"twitter:card\" content=\"summary_large_image\" \/>\n<meta name=\"twitter:creator\" content=\"@varesenews\" \/>\n<meta name=\"twitter:site\" content=\"@varesenews\" \/>\n<meta name=\"twitter:label1\" content=\"Scritto da\" \/>\n\t<meta name=\"twitter:data1\" content=\"Redazione VareseNews\" \/>\n\t<meta name=\"twitter:label2\" content=\"Tempo di lettura stimato\" \/>\n\t<meta name=\"twitter:data2\" content=\"1 minuto\" \/>\n<script type=\"application\/ld+json\" class=\"yoast-schema-graph\">{\"@context\":\"https:\/\/schema.org\",\"@graph\":[{\"@type\":\"WebPage\",\"@id\":\"https:\/\/staging.varesenews.it\/2008\/01\/niente-corrispondenza-da-tre-settimane-ma-per-le-poste-e-tutto-normale\/223884\/\",\"url\":\"https:\/\/staging.varesenews.it\/2008\/01\/niente-corrispondenza-da-tre-settimane-ma-per-le-poste-e-tutto-normale\/223884\/\",\"name\":\"Niente corrispondenza da tre settimane ma per le Poste \u00e8 tutto normale\",\"isPartOf\":{\"@id\":\"https:\/\/staging.varesenews.it\/#website\"},\"datePublished\":\"2008-01-10T00:00:00+00:00\",\"dateModified\":\"2008-01-10T00:00:00+00:00\",\"author\":{\"@id\":\"https:\/\/staging.varesenews.it\/#\/schema\/person\/fb20c4da0b7b16c291707a20db73e169\"},\"description\":\"La denuncia di alcuni cittadini di San Macario e la risposta della societ\u00e0 che gestisce il servizio: qualcosa che non quadra rimane\",\"breadcrumb\":{\"@id\":\"https:\/\/staging.varesenews.it\/2008\/01\/niente-corrispondenza-da-tre-settimane-ma-per-le-poste-e-tutto-normale\/223884\/#breadcrumb\"},\"inLanguage\":\"it-IT\",\"potentialAction\":[{\"@type\":\"ReadAction\",\"target\":[\"https:\/\/staging.varesenews.it\/2008\/01\/niente-corrispondenza-da-tre-settimane-ma-per-le-poste-e-tutto-normale\/223884\/\"]}]},{\"@type\":\"BreadcrumbList\",\"@id\":\"https:\/\/staging.varesenews.it\/2008\/01\/niente-corrispondenza-da-tre-settimane-ma-per-le-poste-e-tutto-normale\/223884\/#breadcrumb\",\"itemListElement\":[{\"@type\":\"ListItem\",\"position\":1,\"name\":\"Home\",\"item\":\"https:\/\/www.varesenews.it\/\"},{\"@type\":\"ListItem\",\"position\":2,\"name\":\"Niente corrispondenza da tre settimane ma per le Poste \u00e8 tutto normale\"}]},{\"@type\":\"WebSite\",\"@id\":\"https:\/\/staging.varesenews.it\/#website\",\"url\":\"https:\/\/staging.varesenews.it\/\",\"name\":\"VareseNews\",\"description\":\"\",\"potentialAction\":[{\"@type\":\"SearchAction\",\"target\":{\"@type\":\"EntryPoint\",\"urlTemplate\":\"https:\/\/staging.varesenews.it\/?s={search_term_string}\"},\"query-input\":\"required name=search_term_string\"}],\"inLanguage\":\"it-IT\"},{\"@type\":\"Person\",\"@id\":\"https:\/\/staging.varesenews.it\/#\/schema\/person\/fb20c4da0b7b16c291707a20db73e169\",\"name\":\"Redazione VareseNews\",\"image\":{\"@type\":\"ImageObject\",\"inLanguage\":\"it-IT\",\"@id\":\"https:\/\/staging.varesenews.it\/#\/schema\/person\/image\/\",\"url\":\"https:\/\/staging.varesenews.it\/wp-content\/uploads\/2020\/12\/logo_VN_colori_500.png\",\"contentUrl\":\"https:\/\/staging.varesenews.it\/wp-content\/uploads\/2020\/12\/logo_VN_colori_500.png\",\"caption\":\"Redazione VareseNews\"},\"url\":\"https:\/\/staging.varesenews.it\/persona\/redazione1\/\"}]}<\/script>\n<!-- \/ Yoast SEO plugin. -->","yoast_head_json":{"title":"Niente corrispondenza da tre settimane ma per le Poste \u00e8 tutto normale","description":"La denuncia di alcuni cittadini di San Macario e la risposta della societ\u00e0 che gestisce il servizio: qualcosa che non quadra rimane","robots":{"index":"noindex","follow":"follow","max-snippet":"max-snippet:-1","max-image-preview":"max-image-preview:large","max-video-preview":"max-video-preview:-1"},"og_locale":"it_IT","og_type":"article","og_title":"Niente corrispondenza da tre settimane ma per le Poste \u00e8 tutto normale","og_description":"La denuncia di alcuni cittadini di San Macario e la risposta della societ\u00e0 che gestisce il servizio: qualcosa che non quadra rimane","og_url":"https:\/\/staging.varesenews.it\/2008\/01\/niente-corrispondenza-da-tre-settimane-ma-per-le-poste-e-tutto-normale\/223884\/","og_site_name":"VareseNews","article_publisher":"https:\/\/www.facebook.com\/varesenews","article_published_time":"2008-01-10T00:00:00+00:00","author":"Redazione VareseNews","twitter_card":"summary_large_image","twitter_creator":"@varesenews","twitter_site":"@varesenews","twitter_misc":{"Scritto da":"Redazione VareseNews","Tempo di lettura stimato":"1 minuto"},"schema":{"@context":"https:\/\/schema.org","@graph":[{"@type":"WebPage","@id":"https:\/\/staging.varesenews.it\/2008\/01\/niente-corrispondenza-da-tre-settimane-ma-per-le-poste-e-tutto-normale\/223884\/","url":"https:\/\/staging.varesenews.it\/2008\/01\/niente-corrispondenza-da-tre-settimane-ma-per-le-poste-e-tutto-normale\/223884\/","name":"Niente corrispondenza da tre settimane ma per le Poste \u00e8 tutto normale","isPartOf":{"@id":"https:\/\/staging.varesenews.it\/#website"},"datePublished":"2008-01-10T00:00:00+00:00","dateModified":"2008-01-10T00:00:00+00:00","author":{"@id":"https:\/\/staging.varesenews.it\/#\/schema\/person\/fb20c4da0b7b16c291707a20db73e169"},"description":"La denuncia di alcuni cittadini di San Macario e la risposta della societ\u00e0 che gestisce il servizio: qualcosa che non quadra rimane","breadcrumb":{"@id":"https:\/\/staging.varesenews.it\/2008\/01\/niente-corrispondenza-da-tre-settimane-ma-per-le-poste-e-tutto-normale\/223884\/#breadcrumb"},"inLanguage":"it-IT","potentialAction":[{"@type":"ReadAction","target":["https:\/\/staging.varesenews.it\/2008\/01\/niente-corrispondenza-da-tre-settimane-ma-per-le-poste-e-tutto-normale\/223884\/"]}]},{"@type":"BreadcrumbList","@id":"https:\/\/staging.varesenews.it\/2008\/01\/niente-corrispondenza-da-tre-settimane-ma-per-le-poste-e-tutto-normale\/223884\/#breadcrumb","itemListElement":[{"@type":"ListItem","position":1,"name":"Home","item":"https:\/\/www.varesenews.it\/"},{"@type":"ListItem","position":2,"name":"Niente corrispondenza da tre settimane ma per le Poste \u00e8 tutto normale"}]},{"@type":"WebSite","@id":"https:\/\/staging.varesenews.it\/#website","url":"https:\/\/staging.varesenews.it\/","name":"VareseNews","description":"","potentialAction":[{"@type":"SearchAction","target":{"@type":"EntryPoint","urlTemplate":"https:\/\/staging.varesenews.it\/?s={search_term_string}"},"query-input":"required name=search_term_string"}],"inLanguage":"it-IT"},{"@type":"Person","@id":"https:\/\/staging.varesenews.it\/#\/schema\/person\/fb20c4da0b7b16c291707a20db73e169","name":"Redazione VareseNews","image":{"@type":"ImageObject","inLanguage":"it-IT","@id":"https:\/\/staging.varesenews.it\/#\/schema\/person\/image\/","url":"https:\/\/staging.varesenews.it\/wp-content\/uploads\/2020\/12\/logo_VN_colori_500.png","contentUrl":"https:\/\/staging.varesenews.it\/wp-content\/uploads\/2020\/12\/logo_VN_colori_500.png","caption":"Redazione VareseNews"},"url":"https:\/\/staging.varesenews.it\/persona\/redazione1\/"}]}},"post_meta":{"id_old":"88922","argomento":"Samarate","autore_old":"Tommaso Guidotti"},"photos":[],"_links":{"self":[{"href":"https:\/\/staging.varesenews.it\/swgapi\/v1\/wp\/v2\/posts\/223884"}],"collection":[{"href":"https:\/\/staging.varesenews.it\/swgapi\/v1\/wp\/v2\/posts"}],"about":[{"href":"https:\/\/staging.varesenews.it\/swgapi\/v1\/wp\/v2\/types\/post"}],"author":[{"embeddable":true,"href":"https:\/\/staging.varesenews.it\/swgapi\/v1\/wp\/v2\/users\/10"}],"replies":[{"embeddable":true,"href":"https:\/\/staging.varesenews.it\/swgapi\/v1\/wp\/v2\/comments?post=223884"}],"version-history":[{"count":0,"href":"https:\/\/staging.varesenews.it\/swgapi\/v1\/wp\/v2\/posts\/223884\/revisions"}],"wp:attachment":[{"href":"https:\/\/staging.varesenews.it\/swgapi\/v1\/wp\/v2\/media?parent=223884"}],"wp:term":[{"taxonomy":"category","embeddable":true,"href":"https:\/\/staging.varesenews.it\/swgapi\/v1\/wp\/v2\/categories?post=223884"},{"taxonomy":"post_tag","embeddable":true,"href":"https:\/\/staging.varesenews.it\/swgapi\/v1\/wp\/v2\/tags?post=223884"}],"curies":[{"name":"wp","href":"https:\/\/api.w.org\/{rel}","templated":true}]}}