{"id":224057,"date":"2008-01-07T00:00:00","date_gmt":"2008-01-07T00:00:00","guid":{"rendered":""},"modified":"2008-01-07T00:00:00","modified_gmt":"2008-01-07T00:00:00","slug":"metteteci-dio-sul-banco-degli-imputati","status":"publish","type":"post","link":"https:\/\/staging.varesenews.it\/2008\/01\/metteteci-dio-sul-banco-degli-imputati\/224057\/","title":{"rendered":"Metteteci Dio sul banco degli imputati"},"content":{"rendered":"<p><font face=\"Arial\"><\/p>\n<p><img loading=\"lazy\" decoding=\"async\" style=\"WIDTH: 263px; HEIGHT: 172px\" height=\"172\" hspace=\"3\" src=\"https:\/\/www3.varesenews.it\/immagini_articoli\/200801\/01_3499.jpg\" width=\"263\" align=\"left\" vspace=\"3\" border=\"0\" \/>Processare qualcuno non \u00e8 semplice, soprattutto se questo qualcuno \u00e8 Dio. Lui sul banco degli imputati ci \u00e8 finito pi\u00f9 volte, dopo <strong>Auschwitz <\/strong>e lo sterminio degli ebrei da parte dei nazisti. <br \/>La Shoah \u00e8 una frattura profonda tra l\u2019uomo e la storia del mondo ed \u00e8\u00a0per questo che l\u2019onnipotente, \u00abcreatore di tutte le cose visibili e invisibili\u00bb, viene chiamato in causa direttamente. Il filosofo<strong> Hans Jonas<\/strong> nel libro &quot;Il concetto di Dio dopo Auschwitz&quot; (Il Melangolo) si chiede a quale delle qualit\u00e0 divine, dopo lo sterminio, dobbiamo rinunciare: all\u2019onnipotenza o all\u2019infinita bont\u00e0? O a entrambe?<br \/>Queste domande rimbalzano dai palcoscenici dei teatri di tutt\u2019Italia dove il testo di Stefano\u00a0Massini <strong>&quot;Processo a Dio<\/strong>&quot;, interpretato da Ottavia Piccolo, \u00e8 stato portato in scena.<\/p>\n<p><strong>Signora Piccolo, a quale di queste qualit\u00e0 di Dio lei rinuncia?<br \/><\/strong>\u00abA nessuna, perch\u00e9 io non sono credente\u00bb. <\/p>\n<p><strong>Si sar\u00e0 per\u00f2 posta la domanda di chi \u00e8 la colpa della Shoah e perch\u00e9 Dio non sia intervenuto?<\/strong><br \/>\u00abCerto. Personalmente mi pongo ogni giorno\u00a0questa \u00a0domanda e perch\u00e9 l\u2019uomo debba convivere con questa sua anima nera. La violenza ci continua ad accompagnare dalla notte dei tempi e l\u2019uomo delle caverne non si \u00e8 ancora evoluto. Penso che non serva a nulla dire semplicisticamente &quot;pace, pace&quot; c\u2019\u00e8 qualcosa dentro di noi che ci impedisce di andare verso il bene. Io mi faccio un esame di coscienza anche sulle piccole cose ma di fronte alla Shoah mi sento un pigmeo\u00bb. <\/p>\n<p><strong>Accettare di lavorare su un testo che si chiama &quot;Processo a Dio&quot; e non essere credente \u00e8 una contraddizione o una sfida?<br \/><\/strong>\u00abPer un\u2019attrice come me \u00e8 una sfida perch\u00e9 in questo testo non c\u2019\u00e8 catarsi. Non siamo di fronte a una commedia greca, qui non c\u2019\u00e8 redenzione. Tanto \u00e8 vero che il finale \u00e8 stato cambiato rispetto al testo, proprio per lasciare aperta una via. Io interpreto la protagonista, Elga Firsch, un\u2019attrice ebrea che finisce in campo di concentramento. La fine di questa storia non \u00e8 scontata. E non si esce dal teatro dicendo ecco i cattivi sono stati puniti. \u00c8 un testo notevole, come tutti quelli di Stefano\u00a0Massini, un autore giovane e bravo\u00a0che sa\u00a0scrivere per il teatro. L&#8217;ho letto in una notte\u00bb. <\/p>\n<p><strong>Avete ricevuto critiche dalla comunit\u00e0 ebraica o da quella cattolica?<\/strong><br \/>\u00abNo. Anzi Amos Luzzatto \u00e8 venuto a vedere pi\u00f9 volte lo spettacolo e ci ha fatto i complimenti e ha detto: &quot;Questo \u00e8 un modo di parlare della Shoah che mi trova d&#8217;accordo. Lo stesso ha fatto il vescovo di Pavia\u00bb.<\/p>\n<p align=\"left\"><strong>Qual \u00e8 il suo rapporto con il mondo ebraico? <br \/><\/strong>\u00ab\u00c8 un rapporto che ha a che fare con la mia giovinezza. Io\u00a0ho vissuto a Roma quando ero piccola e ho un\u00a0ricordo bellissimo del ghetto ebraico e del Portico D&#8217;Ottavia. Ci andavo sempre, ci sono dei ristoranti meravigliosi. Leggevo i libri di Singer e poi mi immergevo in quell&#8217;atmosfera sospesa nella storia. C&#8217;era una vecchina da cui andavo spesso a comprare i mostaccioli, dei dolci buonissimi\u00bb.<\/p>\n<p align=\"left\"><strong>Nella vostra compagnia c&#8217;\u00e8 un attore ebreo, un caso?<\/strong><br \/>\u00abDurante la prima prova io ho esordito dicendo agli altri che non c&#8217;erano attori ebrei nella compagnia e che forse questo aspetto in qualche modo poteva aiutarci. Allora Olek Mincer\u00a0ha detto: &quot;Sono contento, perch\u00e9 allora mi avete scelto in quanto sono un bravo attore e non in quanto ebreo&quot;\u00bb.<\/p>\n<p align=\"left\"><strong>Da questo processo si ottiene una sentenza?<br \/><\/strong>\u00abLe rispondo con una storiella dell&#8217;ebraismo chassidico. Tre rabbini decidono di processare Dio. Al momento della discussione per emettere la sentenza si accorgono che non possono farlo, perch\u00e9 dovrebbero chiedere all&#8217;imputato di uscire dall&#8217;aula, ma Dio \u00e8 ovunque\u00bb.<\/p>\n<p><\/font><\/p>\n","protected":false},"excerpt":{"rendered":"<p>Intervista a Ottavia Piccolo interprete di &#8220;Processo a Dio&#8221; di Stefano Massini per la regia di Sergio Fantoni. In scena all&#8217;Apollonio l&#8217;8, 9 e 10 gennaio<\/p>\n","protected":false},"author":10,"featured_media":0,"comment_status":"open","ping_status":"open","sticky":false,"template":"","format":"standard","meta":{"footnotes":""},"categories":[21],"tags":[],"acf":[],"yoast_head":"<!-- This site is optimized with the Yoast SEO plugin v20.1 - https:\/\/yoast.com\/wordpress\/plugins\/seo\/ -->\n<title>Metteteci Dio sul banco degli imputati<\/title>\n<meta name=\"description\" content=\"Intervista a Ottavia Piccolo interprete di &quot;Processo a Dio&quot; di Stefano Massini per la regia di Sergio Fantoni. In scena all&#039;Apollonio l&#039;8, 9 e 10 gennaio\" \/>\n<meta name=\"robots\" content=\"noindex, follow, max-snippet:-1, max-image-preview:large, max-video-preview:-1\" \/>\n<meta property=\"og:locale\" content=\"it_IT\" \/>\n<meta property=\"og:type\" content=\"article\" \/>\n<meta property=\"og:title\" content=\"Metteteci Dio sul banco degli imputati\" \/>\n<meta property=\"og:description\" content=\"Intervista a Ottavia Piccolo interprete di &quot;Processo a Dio&quot; di Stefano Massini per la regia di Sergio Fantoni. In scena all&#039;Apollonio l&#039;8, 9 e 10 gennaio\" \/>\n<meta property=\"og:url\" content=\"https:\/\/staging.varesenews.it\/2008\/01\/metteteci-dio-sul-banco-degli-imputati\/224057\/\" \/>\n<meta property=\"og:site_name\" content=\"VareseNews\" \/>\n<meta property=\"article:publisher\" content=\"https:\/\/www.facebook.com\/varesenews\" \/>\n<meta property=\"article:published_time\" content=\"2008-01-07T00:00:00+00:00\" \/>\n<meta property=\"og:image\" content=\"https:\/\/www3.varesenews.it\/immagini_articoli\/200801\/01_3499.jpg\" \/>\n<meta name=\"author\" content=\"Redazione VareseNews\" \/>\n<meta name=\"twitter:card\" content=\"summary_large_image\" \/>\n<meta name=\"twitter:creator\" content=\"@varesenews\" \/>\n<meta name=\"twitter:site\" content=\"@varesenews\" \/>\n<meta name=\"twitter:label1\" content=\"Scritto da\" \/>\n\t<meta name=\"twitter:data1\" content=\"Redazione VareseNews\" \/>\n\t<meta name=\"twitter:label2\" content=\"Tempo di lettura stimato\" \/>\n\t<meta name=\"twitter:data2\" content=\"3 minuti\" \/>\n<script type=\"application\/ld+json\" class=\"yoast-schema-graph\">{\"@context\":\"https:\/\/schema.org\",\"@graph\":[{\"@type\":\"WebPage\",\"@id\":\"https:\/\/staging.varesenews.it\/2008\/01\/metteteci-dio-sul-banco-degli-imputati\/224057\/\",\"url\":\"https:\/\/staging.varesenews.it\/2008\/01\/metteteci-dio-sul-banco-degli-imputati\/224057\/\",\"name\":\"Metteteci Dio sul banco degli imputati\",\"isPartOf\":{\"@id\":\"https:\/\/staging.varesenews.it\/#website\"},\"datePublished\":\"2008-01-07T00:00:00+00:00\",\"dateModified\":\"2008-01-07T00:00:00+00:00\",\"author\":{\"@id\":\"https:\/\/staging.varesenews.it\/#\/schema\/person\/fb20c4da0b7b16c291707a20db73e169\"},\"description\":\"Intervista a Ottavia Piccolo interprete di \\\"Processo a Dio\\\" di Stefano Massini per la regia di Sergio Fantoni. In scena all'Apollonio l'8, 9 e 10 gennaio\",\"breadcrumb\":{\"@id\":\"https:\/\/staging.varesenews.it\/2008\/01\/metteteci-dio-sul-banco-degli-imputati\/224057\/#breadcrumb\"},\"inLanguage\":\"it-IT\",\"potentialAction\":[{\"@type\":\"ReadAction\",\"target\":[\"https:\/\/staging.varesenews.it\/2008\/01\/metteteci-dio-sul-banco-degli-imputati\/224057\/\"]}]},{\"@type\":\"BreadcrumbList\",\"@id\":\"https:\/\/staging.varesenews.it\/2008\/01\/metteteci-dio-sul-banco-degli-imputati\/224057\/#breadcrumb\",\"itemListElement\":[{\"@type\":\"ListItem\",\"position\":1,\"name\":\"Home\",\"item\":\"https:\/\/www.varesenews.it\/\"},{\"@type\":\"ListItem\",\"position\":2,\"name\":\"Metteteci Dio sul banco degli imputati\"}]},{\"@type\":\"WebSite\",\"@id\":\"https:\/\/staging.varesenews.it\/#website\",\"url\":\"https:\/\/staging.varesenews.it\/\",\"name\":\"VareseNews\",\"description\":\"\",\"potentialAction\":[{\"@type\":\"SearchAction\",\"target\":{\"@type\":\"EntryPoint\",\"urlTemplate\":\"https:\/\/staging.varesenews.it\/?s={search_term_string}\"},\"query-input\":\"required name=search_term_string\"}],\"inLanguage\":\"it-IT\"},{\"@type\":\"Person\",\"@id\":\"https:\/\/staging.varesenews.it\/#\/schema\/person\/fb20c4da0b7b16c291707a20db73e169\",\"name\":\"Redazione VareseNews\",\"image\":{\"@type\":\"ImageObject\",\"inLanguage\":\"it-IT\",\"@id\":\"https:\/\/staging.varesenews.it\/#\/schema\/person\/image\/\",\"url\":\"https:\/\/staging.varesenews.it\/wp-content\/uploads\/2020\/12\/logo_VN_colori_500.png\",\"contentUrl\":\"https:\/\/staging.varesenews.it\/wp-content\/uploads\/2020\/12\/logo_VN_colori_500.png\",\"caption\":\"Redazione VareseNews\"},\"url\":\"https:\/\/staging.varesenews.it\/persona\/redazione1\/\"}]}<\/script>\n<!-- \/ Yoast SEO plugin. -->","yoast_head_json":{"title":"Metteteci Dio sul banco degli imputati","description":"Intervista a Ottavia Piccolo interprete di \"Processo a Dio\" di Stefano Massini per la regia di Sergio Fantoni. In scena all'Apollonio l'8, 9 e 10 gennaio","robots":{"index":"noindex","follow":"follow","max-snippet":"max-snippet:-1","max-image-preview":"max-image-preview:large","max-video-preview":"max-video-preview:-1"},"og_locale":"it_IT","og_type":"article","og_title":"Metteteci Dio sul banco degli imputati","og_description":"Intervista a Ottavia Piccolo interprete di \"Processo a Dio\" di Stefano Massini per la regia di Sergio Fantoni. In scena all'Apollonio l'8, 9 e 10 gennaio","og_url":"https:\/\/staging.varesenews.it\/2008\/01\/metteteci-dio-sul-banco-degli-imputati\/224057\/","og_site_name":"VareseNews","article_publisher":"https:\/\/www.facebook.com\/varesenews","article_published_time":"2008-01-07T00:00:00+00:00","og_image":[{"url":"https:\/\/www3.varesenews.it\/immagini_articoli\/200801\/01_3499.jpg"}],"author":"Redazione VareseNews","twitter_card":"summary_large_image","twitter_creator":"@varesenews","twitter_site":"@varesenews","twitter_misc":{"Scritto da":"Redazione VareseNews","Tempo di lettura stimato":"3 minuti"},"schema":{"@context":"https:\/\/schema.org","@graph":[{"@type":"WebPage","@id":"https:\/\/staging.varesenews.it\/2008\/01\/metteteci-dio-sul-banco-degli-imputati\/224057\/","url":"https:\/\/staging.varesenews.it\/2008\/01\/metteteci-dio-sul-banco-degli-imputati\/224057\/","name":"Metteteci Dio sul banco degli imputati","isPartOf":{"@id":"https:\/\/staging.varesenews.it\/#website"},"datePublished":"2008-01-07T00:00:00+00:00","dateModified":"2008-01-07T00:00:00+00:00","author":{"@id":"https:\/\/staging.varesenews.it\/#\/schema\/person\/fb20c4da0b7b16c291707a20db73e169"},"description":"Intervista a Ottavia Piccolo interprete di \"Processo a Dio\" di Stefano Massini per la regia di Sergio Fantoni. In scena all'Apollonio l'8, 9 e 10 gennaio","breadcrumb":{"@id":"https:\/\/staging.varesenews.it\/2008\/01\/metteteci-dio-sul-banco-degli-imputati\/224057\/#breadcrumb"},"inLanguage":"it-IT","potentialAction":[{"@type":"ReadAction","target":["https:\/\/staging.varesenews.it\/2008\/01\/metteteci-dio-sul-banco-degli-imputati\/224057\/"]}]},{"@type":"BreadcrumbList","@id":"https:\/\/staging.varesenews.it\/2008\/01\/metteteci-dio-sul-banco-degli-imputati\/224057\/#breadcrumb","itemListElement":[{"@type":"ListItem","position":1,"name":"Home","item":"https:\/\/www.varesenews.it\/"},{"@type":"ListItem","position":2,"name":"Metteteci Dio sul banco degli imputati"}]},{"@type":"WebSite","@id":"https:\/\/staging.varesenews.it\/#website","url":"https:\/\/staging.varesenews.it\/","name":"VareseNews","description":"","potentialAction":[{"@type":"SearchAction","target":{"@type":"EntryPoint","urlTemplate":"https:\/\/staging.varesenews.it\/?s={search_term_string}"},"query-input":"required name=search_term_string"}],"inLanguage":"it-IT"},{"@type":"Person","@id":"https:\/\/staging.varesenews.it\/#\/schema\/person\/fb20c4da0b7b16c291707a20db73e169","name":"Redazione VareseNews","image":{"@type":"ImageObject","inLanguage":"it-IT","@id":"https:\/\/staging.varesenews.it\/#\/schema\/person\/image\/","url":"https:\/\/staging.varesenews.it\/wp-content\/uploads\/2020\/12\/logo_VN_colori_500.png","contentUrl":"https:\/\/staging.varesenews.it\/wp-content\/uploads\/2020\/12\/logo_VN_colori_500.png","caption":"Redazione VareseNews"},"url":"https:\/\/staging.varesenews.it\/persona\/redazione1\/"}]}},"post_meta":{"id_old":"88707","argomento":"Teatro","autore_old":"Michele Mancino","id_link_fotogallery":"312459"},"photos":[],"_links":{"self":[{"href":"https:\/\/staging.varesenews.it\/swgapi\/v1\/wp\/v2\/posts\/224057"}],"collection":[{"href":"https:\/\/staging.varesenews.it\/swgapi\/v1\/wp\/v2\/posts"}],"about":[{"href":"https:\/\/staging.varesenews.it\/swgapi\/v1\/wp\/v2\/types\/post"}],"author":[{"embeddable":true,"href":"https:\/\/staging.varesenews.it\/swgapi\/v1\/wp\/v2\/users\/10"}],"replies":[{"embeddable":true,"href":"https:\/\/staging.varesenews.it\/swgapi\/v1\/wp\/v2\/comments?post=224057"}],"version-history":[{"count":0,"href":"https:\/\/staging.varesenews.it\/swgapi\/v1\/wp\/v2\/posts\/224057\/revisions"}],"wp:attachment":[{"href":"https:\/\/staging.varesenews.it\/swgapi\/v1\/wp\/v2\/media?parent=224057"}],"wp:term":[{"taxonomy":"category","embeddable":true,"href":"https:\/\/staging.varesenews.it\/swgapi\/v1\/wp\/v2\/categories?post=224057"},{"taxonomy":"post_tag","embeddable":true,"href":"https:\/\/staging.varesenews.it\/swgapi\/v1\/wp\/v2\/tags?post=224057"}],"curies":[{"name":"wp","href":"https:\/\/api.w.org\/{rel}","templated":true}]}}