{"id":224222,"date":"2008-01-02T00:00:00","date_gmt":"2008-01-02T00:00:00","guid":{"rendered":""},"modified":"2008-01-02T00:00:00","modified_gmt":"2008-01-02T00:00:00","slug":"commercianti-stupiti-e-irritati-per-le-esternazioni-sui-prezzi-dei-parcheggi","status":"publish","type":"post","link":"https:\/\/staging.varesenews.it\/2008\/01\/commercianti-stupiti-e-irritati-per-le-esternazioni-sui-prezzi-dei-parcheggi\/224222\/","title":{"rendered":"Commercianti &#8220;stupiti e irritati&#8221; per le esternazioni sui prezzi dei parcheggi"},"content":{"rendered":"<p><font face=\"Courier\" size=\"2\"><\/p>\n<p><font face=\"arial,helvetica,sans-serif\" size=\"3\"><\/font><\/p>\n<p><font face=\"arial,helvetica,sans-serif\" size=\"3\">Stupore ed irritazione: questi i primi sentimenti provati da Luigi Forlini, Fiduciario Associazione Commercianti della zona di Laveno Mombello, dopo le dichiarazioni dell\u2019Assessore comunale al Commercio Leonardo Andreoni riportate dalla stampa locale. <\/font><\/p>\n<p><font face=\"arial,helvetica,sans-serif\" size=\"3\">L\u2019Assessore, per giustificare una pi\u00f9 che doverosa richiesta dei commercianti di Laveno Mombello di rendere pi\u00f9 accessibile ai consumatori il centro nel periodo delle festivit\u00e0 eliminando o attenuando le tariffe dei parcheggi, ha fatto riferimento a fantomatici aumenti di prezzo dei prodotti come presunta causa delle difficolt\u00e0 del commercio locale. Un\u2019esternazione che certamente non ha contribuito a favorire un periodo gi\u00e0 di per s\u00e9 complicato per i consumi, a causa della crisi economica sempre pi\u00f9 evidente e della diminuita capacit\u00e0 di reddito delle famiglie. <\/font><\/p>\n<p><font face=\"arial,helvetica,sans-serif\" size=\"3\">Quando un amministratore contesta senza dati e per puro spirito di polemica le proprie imprese, genera irritazione ma soprattutto stupore, pensando ad atteggiamenti ben diversi da parte di altre Amministrazioni dei territori vicini. <\/font><\/p>\n<p><font face=\"arial,helvetica,sans-serif\" size=\"3\">D\u2019altronde non \u00e8 la prima volta che l\u2019Amministrazione comunale di Laveno si dichiara apertamente ostile al commercio. Un atteggiamento incomprensibile perch\u00e9 dimostra l\u2019incapacit\u00e0 di rendersi conto che la principale risorsa economico-produttiva anche a livello locale \u00e8 proprio il terziario, visto che ormai la Laveno industriale capitale della ceramica \u00e8 solo un lontano ricordo.<\/font><\/p>\n<p><font face=\"arial,helvetica,sans-serif\" size=\"3\">Aggiunge il Fiduciario Ascom Luigi Forlini: &quot;Il terziario, con le sue piccole imprese di commercio, turismo e servizi, dovrebbe essere maggiormente rispettato. Soprattutto in un momento difficile come questo contraddistinto dalla tassazione pi\u00f9 alta in assoluto e dai tanti sacrifici quotidiani per cercare di farvi fronte&quot;.<\/font><\/p>\n<p><\/font><\/p>\n","protected":false},"excerpt":{"rendered":"<p>I commercianti replicano all\u2019Amministrazione Comunale, intervenuta a mezzo stampa, a proposito dei parcheggi a pagamento in centro <\/p>\n","protected":false},"author":10,"featured_media":0,"comment_status":"open","ping_status":"open","sticky":false,"template":"","format":"standard","meta":{"footnotes":""},"categories":[2],"tags":[],"acf":[],"yoast_head":"<!-- This site is optimized with the Yoast SEO plugin v20.1 - https:\/\/yoast.com\/wordpress\/plugins\/seo\/ -->\n<title>Commercianti &quot;stupiti e irritati&quot; per le esternazioni sui prezzi dei parcheggi<\/title>\n<meta name=\"description\" content=\"I commercianti replicano all\u2019Amministrazione Comunale, intervenuta a mezzo stampa, a proposito dei parcheggi a pagamento in centro\" \/>\n<meta name=\"robots\" content=\"noindex, follow, max-snippet:-1, max-image-preview:large, max-video-preview:-1\" \/>\n<meta property=\"og:locale\" content=\"it_IT\" \/>\n<meta property=\"og:type\" content=\"article\" \/>\n<meta property=\"og:title\" content=\"Commercianti &quot;stupiti e irritati&quot; per le esternazioni sui prezzi dei parcheggi\" \/>\n<meta property=\"og:description\" content=\"I commercianti replicano all\u2019Amministrazione Comunale, intervenuta a mezzo stampa, a proposito dei parcheggi a pagamento in centro\" \/>\n<meta property=\"og:url\" content=\"https:\/\/staging.varesenews.it\/2008\/01\/commercianti-stupiti-e-irritati-per-le-esternazioni-sui-prezzi-dei-parcheggi\/224222\/\" \/>\n<meta property=\"og:site_name\" content=\"VareseNews\" \/>\n<meta property=\"article:publisher\" content=\"https:\/\/www.facebook.com\/varesenews\" \/>\n<meta property=\"article:published_time\" content=\"2008-01-02T00:00:00+00:00\" \/>\n<meta name=\"author\" content=\"Redazione VareseNews\" \/>\n<meta name=\"twitter:card\" content=\"summary_large_image\" \/>\n<meta name=\"twitter:creator\" content=\"@varesenews\" \/>\n<meta name=\"twitter:site\" content=\"@varesenews\" \/>\n<meta name=\"twitter:label1\" content=\"Scritto da\" \/>\n\t<meta name=\"twitter:data1\" content=\"Redazione VareseNews\" \/>\n\t<meta name=\"twitter:label2\" content=\"Tempo di lettura stimato\" \/>\n\t<meta name=\"twitter:data2\" content=\"1 minuto\" \/>\n<script type=\"application\/ld+json\" class=\"yoast-schema-graph\">{\"@context\":\"https:\/\/schema.org\",\"@graph\":[{\"@type\":\"WebPage\",\"@id\":\"https:\/\/staging.varesenews.it\/2008\/01\/commercianti-stupiti-e-irritati-per-le-esternazioni-sui-prezzi-dei-parcheggi\/224222\/\",\"url\":\"https:\/\/staging.varesenews.it\/2008\/01\/commercianti-stupiti-e-irritati-per-le-esternazioni-sui-prezzi-dei-parcheggi\/224222\/\",\"name\":\"Commercianti \\\"stupiti e irritati\\\" per le esternazioni sui prezzi dei parcheggi\",\"isPartOf\":{\"@id\":\"https:\/\/staging.varesenews.it\/#website\"},\"datePublished\":\"2008-01-02T00:00:00+00:00\",\"dateModified\":\"2008-01-02T00:00:00+00:00\",\"author\":{\"@id\":\"https:\/\/staging.varesenews.it\/#\/schema\/person\/fb20c4da0b7b16c291707a20db73e169\"},\"description\":\"I commercianti replicano all\u2019Amministrazione Comunale, intervenuta a mezzo stampa, a proposito dei parcheggi a pagamento in centro\",\"breadcrumb\":{\"@id\":\"https:\/\/staging.varesenews.it\/2008\/01\/commercianti-stupiti-e-irritati-per-le-esternazioni-sui-prezzi-dei-parcheggi\/224222\/#breadcrumb\"},\"inLanguage\":\"it-IT\",\"potentialAction\":[{\"@type\":\"ReadAction\",\"target\":[\"https:\/\/staging.varesenews.it\/2008\/01\/commercianti-stupiti-e-irritati-per-le-esternazioni-sui-prezzi-dei-parcheggi\/224222\/\"]}]},{\"@type\":\"BreadcrumbList\",\"@id\":\"https:\/\/staging.varesenews.it\/2008\/01\/commercianti-stupiti-e-irritati-per-le-esternazioni-sui-prezzi-dei-parcheggi\/224222\/#breadcrumb\",\"itemListElement\":[{\"@type\":\"ListItem\",\"position\":1,\"name\":\"Home\",\"item\":\"https:\/\/www.varesenews.it\/\"},{\"@type\":\"ListItem\",\"position\":2,\"name\":\"Commercianti &#8220;stupiti e irritati&#8221; per le esternazioni sui prezzi dei parcheggi\"}]},{\"@type\":\"WebSite\",\"@id\":\"https:\/\/staging.varesenews.it\/#website\",\"url\":\"https:\/\/staging.varesenews.it\/\",\"name\":\"VareseNews\",\"description\":\"\",\"potentialAction\":[{\"@type\":\"SearchAction\",\"target\":{\"@type\":\"EntryPoint\",\"urlTemplate\":\"https:\/\/staging.varesenews.it\/?s={search_term_string}\"},\"query-input\":\"required name=search_term_string\"}],\"inLanguage\":\"it-IT\"},{\"@type\":\"Person\",\"@id\":\"https:\/\/staging.varesenews.it\/#\/schema\/person\/fb20c4da0b7b16c291707a20db73e169\",\"name\":\"Redazione VareseNews\",\"image\":{\"@type\":\"ImageObject\",\"inLanguage\":\"it-IT\",\"@id\":\"https:\/\/staging.varesenews.it\/#\/schema\/person\/image\/\",\"url\":\"https:\/\/staging.varesenews.it\/wp-content\/uploads\/2020\/12\/logo_VN_colori_500.png\",\"contentUrl\":\"https:\/\/staging.varesenews.it\/wp-content\/uploads\/2020\/12\/logo_VN_colori_500.png\",\"caption\":\"Redazione VareseNews\"},\"url\":\"https:\/\/staging.varesenews.it\/persona\/redazione1\/\"}]}<\/script>\n<!-- \/ Yoast SEO plugin. -->","yoast_head_json":{"title":"Commercianti \"stupiti e irritati\" per le esternazioni sui prezzi dei parcheggi","description":"I commercianti replicano all\u2019Amministrazione Comunale, intervenuta a mezzo stampa, a proposito dei parcheggi a pagamento in centro","robots":{"index":"noindex","follow":"follow","max-snippet":"max-snippet:-1","max-image-preview":"max-image-preview:large","max-video-preview":"max-video-preview:-1"},"og_locale":"it_IT","og_type":"article","og_title":"Commercianti \"stupiti e irritati\" per le esternazioni sui prezzi dei parcheggi","og_description":"I commercianti replicano all\u2019Amministrazione Comunale, intervenuta a mezzo stampa, a proposito dei parcheggi a pagamento in centro","og_url":"https:\/\/staging.varesenews.it\/2008\/01\/commercianti-stupiti-e-irritati-per-le-esternazioni-sui-prezzi-dei-parcheggi\/224222\/","og_site_name":"VareseNews","article_publisher":"https:\/\/www.facebook.com\/varesenews","article_published_time":"2008-01-02T00:00:00+00:00","author":"Redazione VareseNews","twitter_card":"summary_large_image","twitter_creator":"@varesenews","twitter_site":"@varesenews","twitter_misc":{"Scritto da":"Redazione VareseNews","Tempo di lettura stimato":"1 minuto"},"schema":{"@context":"https:\/\/schema.org","@graph":[{"@type":"WebPage","@id":"https:\/\/staging.varesenews.it\/2008\/01\/commercianti-stupiti-e-irritati-per-le-esternazioni-sui-prezzi-dei-parcheggi\/224222\/","url":"https:\/\/staging.varesenews.it\/2008\/01\/commercianti-stupiti-e-irritati-per-le-esternazioni-sui-prezzi-dei-parcheggi\/224222\/","name":"Commercianti \"stupiti e irritati\" per le esternazioni sui prezzi dei parcheggi","isPartOf":{"@id":"https:\/\/staging.varesenews.it\/#website"},"datePublished":"2008-01-02T00:00:00+00:00","dateModified":"2008-01-02T00:00:00+00:00","author":{"@id":"https:\/\/staging.varesenews.it\/#\/schema\/person\/fb20c4da0b7b16c291707a20db73e169"},"description":"I commercianti replicano all\u2019Amministrazione Comunale, intervenuta a mezzo stampa, a proposito dei parcheggi a pagamento in centro","breadcrumb":{"@id":"https:\/\/staging.varesenews.it\/2008\/01\/commercianti-stupiti-e-irritati-per-le-esternazioni-sui-prezzi-dei-parcheggi\/224222\/#breadcrumb"},"inLanguage":"it-IT","potentialAction":[{"@type":"ReadAction","target":["https:\/\/staging.varesenews.it\/2008\/01\/commercianti-stupiti-e-irritati-per-le-esternazioni-sui-prezzi-dei-parcheggi\/224222\/"]}]},{"@type":"BreadcrumbList","@id":"https:\/\/staging.varesenews.it\/2008\/01\/commercianti-stupiti-e-irritati-per-le-esternazioni-sui-prezzi-dei-parcheggi\/224222\/#breadcrumb","itemListElement":[{"@type":"ListItem","position":1,"name":"Home","item":"https:\/\/www.varesenews.it\/"},{"@type":"ListItem","position":2,"name":"Commercianti &#8220;stupiti e irritati&#8221; per le esternazioni sui prezzi dei parcheggi"}]},{"@type":"WebSite","@id":"https:\/\/staging.varesenews.it\/#website","url":"https:\/\/staging.varesenews.it\/","name":"VareseNews","description":"","potentialAction":[{"@type":"SearchAction","target":{"@type":"EntryPoint","urlTemplate":"https:\/\/staging.varesenews.it\/?s={search_term_string}"},"query-input":"required name=search_term_string"}],"inLanguage":"it-IT"},{"@type":"Person","@id":"https:\/\/staging.varesenews.it\/#\/schema\/person\/fb20c4da0b7b16c291707a20db73e169","name":"Redazione VareseNews","image":{"@type":"ImageObject","inLanguage":"it-IT","@id":"https:\/\/staging.varesenews.it\/#\/schema\/person\/image\/","url":"https:\/\/staging.varesenews.it\/wp-content\/uploads\/2020\/12\/logo_VN_colori_500.png","contentUrl":"https:\/\/staging.varesenews.it\/wp-content\/uploads\/2020\/12\/logo_VN_colori_500.png","caption":"Redazione VareseNews"},"url":"https:\/\/staging.varesenews.it\/persona\/redazione1\/"}]}},"post_meta":{"id_old":"88495","argomento":"Laveno Mombello","autore_old":"fonte: Ascom Varese"},"photos":[],"_links":{"self":[{"href":"https:\/\/staging.varesenews.it\/swgapi\/v1\/wp\/v2\/posts\/224222"}],"collection":[{"href":"https:\/\/staging.varesenews.it\/swgapi\/v1\/wp\/v2\/posts"}],"about":[{"href":"https:\/\/staging.varesenews.it\/swgapi\/v1\/wp\/v2\/types\/post"}],"author":[{"embeddable":true,"href":"https:\/\/staging.varesenews.it\/swgapi\/v1\/wp\/v2\/users\/10"}],"replies":[{"embeddable":true,"href":"https:\/\/staging.varesenews.it\/swgapi\/v1\/wp\/v2\/comments?post=224222"}],"version-history":[{"count":0,"href":"https:\/\/staging.varesenews.it\/swgapi\/v1\/wp\/v2\/posts\/224222\/revisions"}],"wp:attachment":[{"href":"https:\/\/staging.varesenews.it\/swgapi\/v1\/wp\/v2\/media?parent=224222"}],"wp:term":[{"taxonomy":"category","embeddable":true,"href":"https:\/\/staging.varesenews.it\/swgapi\/v1\/wp\/v2\/categories?post=224222"},{"taxonomy":"post_tag","embeddable":true,"href":"https:\/\/staging.varesenews.it\/swgapi\/v1\/wp\/v2\/tags?post=224222"}],"curies":[{"name":"wp","href":"https:\/\/api.w.org\/{rel}","templated":true}]}}