{"id":224357,"date":"2007-12-31T00:00:00","date_gmt":"2007-12-31T00:00:00","guid":{"rendered":""},"modified":"2007-12-31T00:00:00","modified_gmt":"2007-12-31T00:00:00","slug":"marzo-tutti-all-ospedale-anche-la-maggioranza","status":"publish","type":"post","link":"https:\/\/staging.varesenews.it\/2007\/12\/marzo-tutti-all-ospedale-anche-la-maggioranza\/224357\/","title":{"rendered":"MARZO: Tutti all&#8217;ospedale. Anche la maggioranza"},"content":{"rendered":"<p><font face=\"arial,helvetica,sans-serif\"><strong><em><img decoding=\"async\" vspace=\"3\" hspace=\"3\" border=\"0\" align=\"right\" src=\"https:\/\/www3.varesenews.it\/immagini_articoli\/200712\/ingresso_16615.jpg\" \/>A marzo \u00e8 stato inaugurato il nuovo ospedale di Varese. Gi\u00e0 prima dell&#8217;apertura, per\u00f2, erano emersi alcuni piccoli problemi del monoblocco: sale operatorie non lavabili, bagni per chirurghi a 100 metri dal blocco operatorio e altre &quot;sviste&quot;.<\/em><\/strong><\/font><\/p>\n<ul>\n<li><font face=\"arial,helvetica,sans-serif\"><font size=\"2\"><span class=\"home_news_luogo\">Varese<\/span> &#8211; <span class=\"home_leiniziative\">Sabato 3 marzo i varesini potranno vedere il nuovo ospedale. Destituito l&#8217;architetto Ciotti, che da oltre 20&#8217;anni seguiva i lavori edilizi del Circolo<\/span><br \/><\/font><\/font><a href=\"\/sanita\/articolo.php?id=66511\" class=\"home_news_titolo\"><font size=\"2\" face=\"arial,helvetica,sans-serif\"><strong>Il nuovo ospedale apre le porte ai cittadini<\/strong><\/font><\/a><font face=\"arial,helvetica,sans-serif\"><font size=\"2\"><span class=\"articolo_luogo\"><\/span><\/font><\/font><\/li>\n<li><font face=\"arial,helvetica,sans-serif\"><font size=\"2\"><span class=\"articolo_luogo\">Varese<\/span> <span class=\"articolo_occhiello\">&#8211; Fissata la data per la cerimonia ufficiale di apertura del nuovo monoblocco. Il trasloco confermato entro la met\u00e0 del mese prossimo anche se non sono risolti tutti i problemi<br \/><\/span><\/font><\/font><font face=\"arial,helvetica,sans-serif\"><font size=\"2\"><a target=\"_blank\" href=\"\/sanita\/articolo.php?id=65557\"><strong>Nuovo ospedale: l&#8217;inaugurazione probabilmente il 31 marzo<\/strong><\/a><span class=\"articolo_luogo\"><\/span><\/font><\/font><\/li>\n<li><font face=\"arial,helvetica,sans-serif\"><font size=\"2\"><span class=\"articolo_luogo\">Varese<\/span> <span class=\"articolo_occhiello\">&#8211; Alla vigilia del trasloco, una dipendente dell&#8217;ospedale di Circolo parla del futuro e dell&#8217;occasione per voltar pagina<br \/><\/span><\/font><\/font><font face=\"arial,helvetica,sans-serif\"><font size=\"2\"><a target=\"_blank\" href=\"\/sanita\/articolo.php?id=65483\"><strong>Io, infermiera del Circolo, spero nel nuovo ospedale<\/strong><\/a><\/font><\/font><\/li>\n<li><font face=\"arial,helvetica,sans-serif\"><font size=\"2\"><span class=\"home_news_luogo\">Varese<\/span> &#8211; <span class=\"home_leiniziative\">Sale operatorie non lavabili, bagni per chirurghi a 100 metri dal blocco operatorio e altre &quot;sviste&quot; a un mese dall&#8217;apertura. Pampari: \u00abDettagli che risolveremo entro fine settimana\u00bb. Costo: alcuni milioni di euro in pi\u00f9<\/span><br \/><\/font><\/font><a href=\"\/sanita\/articolo.php?id=66702\" class=\"home_news_titolo\"><font size=\"2\" face=\"arial,helvetica,sans-serif\"><strong>I &quot;piccoli&quot; errori del nuovo ospedale<\/strong><\/font><\/a><\/li>\n<\/ul>\n<p><font face=\"arial,helvetica,sans-serif\"><strong><em><img decoding=\"async\" vspace=\"3\" hspace=\"3\" border=\"0\" align=\"right\" src=\"https:\/\/www3.varesenews.it\/immagini_articoli\/200703\/tamborini_14645.jpg\" \/>Tragica morte di un varesino appassionato del volo a vela sulle pendici del Campo dei Fiori. Francesco Tamborini, vicepresidente dell&#8217;Aeroclub di Calcinate, si \u00e8 schiantato con il suo velivolo a elica nei pressi dell&#8217;Osservatorio. <\/em><\/strong><\/font><\/p>\n<ul>\n<li><font face=\"arial,helvetica,sans-serif\"><font size=\"2\"><span class=\"home_news_luogo\">Varese<\/span> &#8211; <span class=\"home_leiniziative\">L&#8217;impatto nei pressi dell&#8217;Osservatorio. La vittima \u00e8 Francesco Tamborini, 53enne vicepresidente dell&#8217;Aeroclub di Calcinate: aveva appena trainato un aliante<\/span><br \/><\/font><\/font><a href=\"\/varese\/articolo.php?id=67916\" class=\"home_news_titolo\"><font size=\"2\" face=\"arial,helvetica,sans-serif\"><strong>Schianto aereo al Campo dei Fiori. Il pilota \u00e8 morto<\/strong><\/font><\/a><\/li>\n<li><font face=\"arial,helvetica,sans-serif\"><font size=\"2\"><span class=\"home_news_luogo\">Varese<\/span> &#8211; <span class=\"home_leiniziative\">Francesco Tamborini, imprenditore di Gallarate, Vicepresidente dell&#8217;Aeroclub Adele Orsi, era innanzitutto un appassionato di volo a vela, cui donava molto del suo tempo libero<\/span><br \/><\/font><\/font><a href=\"\/varese\/articolo.php?id=67923\" class=\"home_news_titolo\"><font size=\"2\" face=\"arial,helvetica,sans-serif\"><strong>Tragica morte di un volontario del volo<\/strong> <\/font><\/a><\/li>\n<li><font face=\"arial,helvetica,sans-serif\"><font size=\"2\"><span class=\"home_news_luogo\">Varese<\/span> &#8211; <span class=\"home_leiniziative\">Ritrovato il pezzo mancante della fune. Oggi alle 14 i funerali di Francesco Tamborini nella chiesa dell&#8217;Assunta a Gallarate<\/span><br \/><\/font><\/font><a href=\"\/varese\/articolo.php?id=68236\" class=\"home_news_titolo\"><font size=\"2\" face=\"arial,helvetica,sans-serif\"><strong>Incidente aereo, indagato il pilota dell&#8217;aliante<\/strong><\/font><\/a><\/li>\n<\/ul>\n<p><strong><font face=\"arial,helvetica,sans-serif\"><em><img decoding=\"async\" vspace=\"3\" hspace=\"3\" border=\"0\" align=\"left\" src=\"https:\/\/www3.varesenews.it\/immagini_articoli\/200610\/palazzoestense.jpg\" \/>Aria di crisi a Palazzo Estense: dopo la richiesta della verifica di giunta da parte dell&#8217;Udc, che aveva lamentato la propria esclusione dai vertici di potere e la politica sulle societ\u00e0 partecipate, messa sotto accusa da alcune inchieste di Rete 55, a Varese la maggioranza ha avuto momenti di incertezza. La vicenda si \u00e8 conclusa con la conferma della fiducia al sindaco Fontana.<\/em><\/font><\/strong><\/p>\n<ul>\n<li><font face=\"arial,helvetica,sans-serif\"><font size=\"2\"><span class=\"articolo_luogo\"><font color=\"#346799\">Varese<\/font><\/span> <span class=\"articolo_occhiello\">&#8211; La segreteria cittadina chiede una verifica della coalizione di centrodestra e un tavolo per gli indirizzi politici delle societ\u00e0 pubbliche e partecipate dal Comune<\/span><br \/><a target=\"_blank\" href=\"\/varese\/articolo.php?id=67182\"><strong>Udc: \u00abSe non fanno chiarezza usciamo dalla maggioranza\u00bb<\/strong><\/a><\/font><\/font><\/li>\n<li><font face=\"arial,helvetica,sans-serif\"><font size=\"2\"><span class=\"home_newselenco_luogo\">Varese<\/span> &#8211; <span class=\"home_newselenco_occhiello\">Presentato il documento dei rappresentanti comunali: \u00abMassima trasparenza a livello economico e nei rapporti con le societ\u00e0 controllate\u00bb<\/span><br \/><a target=\"_blank\" href=\"\/varese\/articolo.php?id=68160\"><strong>Crisi chiusa, l&#8217;accordo c&#8217;\u00e8 e Fontana resta<\/strong><\/a><\/font><\/font><\/li>\n<\/ul>\n","protected":false},"excerpt":{"rendered":"<p>Grande debutto per l&#8217;atteso monoblocco della citt\u00e0. La politica per\u00f2 scricchiola<\/p>\n","protected":false},"author":10,"featured_media":0,"comment_status":"open","ping_status":"open","sticky":false,"template":"","format":"standard","meta":{"footnotes":""},"categories":[9],"tags":[],"acf":[],"yoast_head":"<!-- This site is optimized with the Yoast SEO plugin v20.1 - https:\/\/yoast.com\/wordpress\/plugins\/seo\/ -->\n<title>MARZO: Tutti all&#039;ospedale. Anche la maggioranza<\/title>\n<meta name=\"description\" content=\"Grande debutto per l&#039;atteso monoblocco della citt\u00e0. La politica per\u00f2 scricchiola\" \/>\n<meta name=\"robots\" content=\"noindex, follow, max-snippet:-1, max-image-preview:large, max-video-preview:-1\" \/>\n<meta property=\"og:locale\" content=\"it_IT\" \/>\n<meta property=\"og:type\" content=\"article\" \/>\n<meta property=\"og:title\" content=\"MARZO: Tutti all&#039;ospedale. Anche la maggioranza\" \/>\n<meta property=\"og:description\" content=\"Grande debutto per l&#039;atteso monoblocco della citt\u00e0. La politica per\u00f2 scricchiola\" \/>\n<meta property=\"og:url\" content=\"https:\/\/staging.varesenews.it\/2007\/12\/marzo-tutti-all-ospedale-anche-la-maggioranza\/224357\/\" \/>\n<meta property=\"og:site_name\" content=\"VareseNews\" \/>\n<meta property=\"article:publisher\" content=\"https:\/\/www.facebook.com\/varesenews\" \/>\n<meta property=\"article:published_time\" content=\"2007-12-31T00:00:00+00:00\" \/>\n<meta property=\"og:image\" content=\"https:\/\/www3.varesenews.it\/immagini_articoli\/200712\/ingresso_16615.jpg\" \/>\n<meta name=\"author\" content=\"Redazione VareseNews\" \/>\n<meta name=\"twitter:card\" content=\"summary_large_image\" \/>\n<meta name=\"twitter:creator\" content=\"@varesenews\" \/>\n<meta name=\"twitter:site\" content=\"@varesenews\" \/>\n<meta name=\"twitter:label1\" content=\"Scritto da\" \/>\n\t<meta name=\"twitter:data1\" content=\"Redazione VareseNews\" \/>\n\t<meta name=\"twitter:label2\" content=\"Tempo di lettura stimato\" \/>\n\t<meta name=\"twitter:data2\" content=\"2 minuti\" \/>\n<script type=\"application\/ld+json\" class=\"yoast-schema-graph\">{\"@context\":\"https:\/\/schema.org\",\"@graph\":[{\"@type\":\"WebPage\",\"@id\":\"https:\/\/staging.varesenews.it\/2007\/12\/marzo-tutti-all-ospedale-anche-la-maggioranza\/224357\/\",\"url\":\"https:\/\/staging.varesenews.it\/2007\/12\/marzo-tutti-all-ospedale-anche-la-maggioranza\/224357\/\",\"name\":\"MARZO: Tutti all'ospedale. Anche la maggioranza\",\"isPartOf\":{\"@id\":\"https:\/\/staging.varesenews.it\/#website\"},\"datePublished\":\"2007-12-31T00:00:00+00:00\",\"dateModified\":\"2007-12-31T00:00:00+00:00\",\"author\":{\"@id\":\"https:\/\/staging.varesenews.it\/#\/schema\/person\/fb20c4da0b7b16c291707a20db73e169\"},\"description\":\"Grande debutto per l'atteso monoblocco della citt\u00e0. La politica per\u00f2 scricchiola\",\"breadcrumb\":{\"@id\":\"https:\/\/staging.varesenews.it\/2007\/12\/marzo-tutti-all-ospedale-anche-la-maggioranza\/224357\/#breadcrumb\"},\"inLanguage\":\"it-IT\",\"potentialAction\":[{\"@type\":\"ReadAction\",\"target\":[\"https:\/\/staging.varesenews.it\/2007\/12\/marzo-tutti-all-ospedale-anche-la-maggioranza\/224357\/\"]}]},{\"@type\":\"BreadcrumbList\",\"@id\":\"https:\/\/staging.varesenews.it\/2007\/12\/marzo-tutti-all-ospedale-anche-la-maggioranza\/224357\/#breadcrumb\",\"itemListElement\":[{\"@type\":\"ListItem\",\"position\":1,\"name\":\"Home\",\"item\":\"https:\/\/www.varesenews.it\/\"},{\"@type\":\"ListItem\",\"position\":2,\"name\":\"MARZO: Tutti all&#8217;ospedale. Anche la maggioranza\"}]},{\"@type\":\"WebSite\",\"@id\":\"https:\/\/staging.varesenews.it\/#website\",\"url\":\"https:\/\/staging.varesenews.it\/\",\"name\":\"VareseNews\",\"description\":\"\",\"potentialAction\":[{\"@type\":\"SearchAction\",\"target\":{\"@type\":\"EntryPoint\",\"urlTemplate\":\"https:\/\/staging.varesenews.it\/?s={search_term_string}\"},\"query-input\":\"required name=search_term_string\"}],\"inLanguage\":\"it-IT\"},{\"@type\":\"Person\",\"@id\":\"https:\/\/staging.varesenews.it\/#\/schema\/person\/fb20c4da0b7b16c291707a20db73e169\",\"name\":\"Redazione VareseNews\",\"image\":{\"@type\":\"ImageObject\",\"inLanguage\":\"it-IT\",\"@id\":\"https:\/\/staging.varesenews.it\/#\/schema\/person\/image\/\",\"url\":\"https:\/\/staging.varesenews.it\/wp-content\/uploads\/2020\/12\/logo_VN_colori_500.png\",\"contentUrl\":\"https:\/\/staging.varesenews.it\/wp-content\/uploads\/2020\/12\/logo_VN_colori_500.png\",\"caption\":\"Redazione VareseNews\"},\"url\":\"https:\/\/staging.varesenews.it\/persona\/redazione1\/\"}]}<\/script>\n<!-- \/ Yoast SEO plugin. -->","yoast_head_json":{"title":"MARZO: Tutti all'ospedale. Anche la maggioranza","description":"Grande debutto per l'atteso monoblocco della citt\u00e0. La politica per\u00f2 scricchiola","robots":{"index":"noindex","follow":"follow","max-snippet":"max-snippet:-1","max-image-preview":"max-image-preview:large","max-video-preview":"max-video-preview:-1"},"og_locale":"it_IT","og_type":"article","og_title":"MARZO: Tutti all'ospedale. Anche la maggioranza","og_description":"Grande debutto per l'atteso monoblocco della citt\u00e0. La politica per\u00f2 scricchiola","og_url":"https:\/\/staging.varesenews.it\/2007\/12\/marzo-tutti-all-ospedale-anche-la-maggioranza\/224357\/","og_site_name":"VareseNews","article_publisher":"https:\/\/www.facebook.com\/varesenews","article_published_time":"2007-12-31T00:00:00+00:00","og_image":[{"url":"https:\/\/www3.varesenews.it\/immagini_articoli\/200712\/ingresso_16615.jpg"}],"author":"Redazione VareseNews","twitter_card":"summary_large_image","twitter_creator":"@varesenews","twitter_site":"@varesenews","twitter_misc":{"Scritto da":"Redazione VareseNews","Tempo di lettura stimato":"2 minuti"},"schema":{"@context":"https:\/\/schema.org","@graph":[{"@type":"WebPage","@id":"https:\/\/staging.varesenews.it\/2007\/12\/marzo-tutti-all-ospedale-anche-la-maggioranza\/224357\/","url":"https:\/\/staging.varesenews.it\/2007\/12\/marzo-tutti-all-ospedale-anche-la-maggioranza\/224357\/","name":"MARZO: Tutti all'ospedale. Anche la maggioranza","isPartOf":{"@id":"https:\/\/staging.varesenews.it\/#website"},"datePublished":"2007-12-31T00:00:00+00:00","dateModified":"2007-12-31T00:00:00+00:00","author":{"@id":"https:\/\/staging.varesenews.it\/#\/schema\/person\/fb20c4da0b7b16c291707a20db73e169"},"description":"Grande debutto per l'atteso monoblocco della citt\u00e0. La politica per\u00f2 scricchiola","breadcrumb":{"@id":"https:\/\/staging.varesenews.it\/2007\/12\/marzo-tutti-all-ospedale-anche-la-maggioranza\/224357\/#breadcrumb"},"inLanguage":"it-IT","potentialAction":[{"@type":"ReadAction","target":["https:\/\/staging.varesenews.it\/2007\/12\/marzo-tutti-all-ospedale-anche-la-maggioranza\/224357\/"]}]},{"@type":"BreadcrumbList","@id":"https:\/\/staging.varesenews.it\/2007\/12\/marzo-tutti-all-ospedale-anche-la-maggioranza\/224357\/#breadcrumb","itemListElement":[{"@type":"ListItem","position":1,"name":"Home","item":"https:\/\/www.varesenews.it\/"},{"@type":"ListItem","position":2,"name":"MARZO: Tutti all&#8217;ospedale. Anche la maggioranza"}]},{"@type":"WebSite","@id":"https:\/\/staging.varesenews.it\/#website","url":"https:\/\/staging.varesenews.it\/","name":"VareseNews","description":"","potentialAction":[{"@type":"SearchAction","target":{"@type":"EntryPoint","urlTemplate":"https:\/\/staging.varesenews.it\/?s={search_term_string}"},"query-input":"required name=search_term_string"}],"inLanguage":"it-IT"},{"@type":"Person","@id":"https:\/\/staging.varesenews.it\/#\/schema\/person\/fb20c4da0b7b16c291707a20db73e169","name":"Redazione VareseNews","image":{"@type":"ImageObject","inLanguage":"it-IT","@id":"https:\/\/staging.varesenews.it\/#\/schema\/person\/image\/","url":"https:\/\/staging.varesenews.it\/wp-content\/uploads\/2020\/12\/logo_VN_colori_500.png","contentUrl":"https:\/\/staging.varesenews.it\/wp-content\/uploads\/2020\/12\/logo_VN_colori_500.png","caption":"Redazione VareseNews"},"url":"https:\/\/staging.varesenews.it\/persona\/redazione1\/"}]}},"post_meta":{"id_old":"88333","argomento":"2007"},"photos":[],"_links":{"self":[{"href":"https:\/\/staging.varesenews.it\/swgapi\/v1\/wp\/v2\/posts\/224357"}],"collection":[{"href":"https:\/\/staging.varesenews.it\/swgapi\/v1\/wp\/v2\/posts"}],"about":[{"href":"https:\/\/staging.varesenews.it\/swgapi\/v1\/wp\/v2\/types\/post"}],"author":[{"embeddable":true,"href":"https:\/\/staging.varesenews.it\/swgapi\/v1\/wp\/v2\/users\/10"}],"replies":[{"embeddable":true,"href":"https:\/\/staging.varesenews.it\/swgapi\/v1\/wp\/v2\/comments?post=224357"}],"version-history":[{"count":0,"href":"https:\/\/staging.varesenews.it\/swgapi\/v1\/wp\/v2\/posts\/224357\/revisions"}],"wp:attachment":[{"href":"https:\/\/staging.varesenews.it\/swgapi\/v1\/wp\/v2\/media?parent=224357"}],"wp:term":[{"taxonomy":"category","embeddable":true,"href":"https:\/\/staging.varesenews.it\/swgapi\/v1\/wp\/v2\/categories?post=224357"},{"taxonomy":"post_tag","embeddable":true,"href":"https:\/\/staging.varesenews.it\/swgapi\/v1\/wp\/v2\/tags?post=224357"}],"curies":[{"name":"wp","href":"https:\/\/api.w.org\/{rel}","templated":true}]}}