{"id":225073,"date":"2007-12-12T00:00:00","date_gmt":"2007-12-12T00:00:00","guid":{"rendered":""},"modified":"2007-12-12T00:00:00","modified_gmt":"2007-12-12T00:00:00","slug":"al-via-i-sette-giorni-di-ligabue","status":"publish","type":"post","link":"https:\/\/staging.varesenews.it\/2007\/12\/al-via-i-sette-giorni-di-ligabue\/225073\/","title":{"rendered":"Al via i sette giorni di Ligabue"},"content":{"rendered":"<p><font face=\"arial,helvetica,sans-serif\"><img loading=\"lazy\" decoding=\"async\" style=\"WIDTH: 244px; HEIGHT: 177px\" height=\"177\" hspace=\"3\" src=\"https:\/\/www3.varesenews.it\/immagini_articoli\/200610\/NP3V0033.jpg\" width=\"244\" align=\"left\" vspace=\"3\" border=\"0\" \/>Dopo tanta attesa finalmente iniziano, a partire da<strong> mercoled\u00ec 12<\/strong>, i <strong>sette giorni di Ligabue<\/strong>. Fino al 21 dicembre, infatti, il rocker di Correggio sar\u00e0 al <strong>DatchForum,<\/strong> per bene sette concerti in rigoroso sold out. Questa serie di concerti \u00e8 stata pensata proprio per promuovere il primo Best Of del Liga, la cui prima parte finir\u00e0 certamente sotto gli alberi di Natale di molti di voi.<\/p>\n<p><\/font><font face=\"arial,helvetica,sans-serif\">Il disco ha gi\u00e0 raggiunto lo status di triplo platino, con 240mila copie vendute. Questo primo disco ripercorre la carriera dall&#8217;album &quot;Ligabue&quot; (1990) all&#8217;apice di &quot;Buon Compleanno Elvis&quot;, del 1995. A questi brani si aggiunge il nuovo programmatissimo singolo &quot;Niente paura&quot;. La seconda parte del Best Of, invece, arriver\u00e0 solo nel 2008, coprendo il periodo compreso tra il 1997 (&quot;Su e gi\u00f9 da un palco&quot;) e il 2005 (&quot;Nome e Cognome&quot;).<\/p>\n<p><\/font><font face=\"arial,helvetica,sans-serif\">Come sempre, per\u00f2, Milano offre una settimana di musica ancor pi\u00f9 ricca. Il 13, invece, alla Salumeria della Musica ci sar\u00e0 <strong>Vinicio Capossela<\/strong>, mentre il 15 sar\u00e0 la volta dei <strong>Tiromancino <\/strong>al Rolling Stone. Grande l&#8217;attesa anche per il gruppo electro dei Justice, che passeranno il 12 ai magazzini generali, ma la vera band internazionale per cui sta salendo la febbre sono i <strong>Maroon 5<\/strong>, che hanno spostato la data del loro concerto al 16 dicembre, all&#8217;Alcatraz. <\/font><\/p>\n","protected":false},"excerpt":{"rendered":"<p>Inizia mercoled\u00ec 12 dicembre la lunga serie di concerti al Datch Forum. Ma a Milano la musica non finisce qui: in arrivo anche Maroon 5, Tiromancino e Capossela<\/p>\n","protected":false},"author":10,"featured_media":0,"comment_status":"open","ping_status":"open","sticky":false,"template":"","format":"standard","meta":{"footnotes":""},"categories":[7],"tags":[],"acf":[],"yoast_head":"<!-- This site is optimized with the Yoast SEO plugin v20.1 - https:\/\/yoast.com\/wordpress\/plugins\/seo\/ -->\n<title>Al via i sette giorni di Ligabue<\/title>\n<meta name=\"description\" content=\"Inizia mercoled\u00ec 12 dicembre la lunga serie di concerti al Datch Forum. Ma a Milano la musica non finisce qui: in arrivo anche Maroon 5, Tiromancino e Capossela\" \/>\n<meta name=\"robots\" content=\"noindex, follow, max-snippet:-1, max-image-preview:large, max-video-preview:-1\" \/>\n<meta property=\"og:locale\" content=\"it_IT\" \/>\n<meta property=\"og:type\" content=\"article\" \/>\n<meta property=\"og:title\" content=\"Al via i sette giorni di Ligabue\" \/>\n<meta property=\"og:description\" content=\"Inizia mercoled\u00ec 12 dicembre la lunga serie di concerti al Datch Forum. Ma a Milano la musica non finisce qui: in arrivo anche Maroon 5, Tiromancino e Capossela\" \/>\n<meta property=\"og:url\" content=\"https:\/\/staging.varesenews.it\/2007\/12\/al-via-i-sette-giorni-di-ligabue\/225073\/\" \/>\n<meta property=\"og:site_name\" content=\"VareseNews\" \/>\n<meta property=\"article:publisher\" content=\"https:\/\/www.facebook.com\/varesenews\" \/>\n<meta property=\"article:published_time\" content=\"2007-12-12T00:00:00+00:00\" \/>\n<meta property=\"og:image\" content=\"https:\/\/www3.varesenews.it\/immagini_articoli\/200610\/NP3V0033.jpg\" \/>\n<meta name=\"author\" content=\"Redazione VareseNews\" \/>\n<meta name=\"twitter:card\" content=\"summary_large_image\" \/>\n<meta name=\"twitter:creator\" content=\"@varesenews\" \/>\n<meta name=\"twitter:site\" content=\"@varesenews\" \/>\n<meta name=\"twitter:label1\" content=\"Scritto da\" \/>\n\t<meta name=\"twitter:data1\" content=\"Redazione VareseNews\" \/>\n\t<meta name=\"twitter:label2\" content=\"Tempo di lettura stimato\" \/>\n\t<meta name=\"twitter:data2\" content=\"1 minuto\" \/>\n<script type=\"application\/ld+json\" class=\"yoast-schema-graph\">{\"@context\":\"https:\/\/schema.org\",\"@graph\":[{\"@type\":\"WebPage\",\"@id\":\"https:\/\/staging.varesenews.it\/2007\/12\/al-via-i-sette-giorni-di-ligabue\/225073\/\",\"url\":\"https:\/\/staging.varesenews.it\/2007\/12\/al-via-i-sette-giorni-di-ligabue\/225073\/\",\"name\":\"Al via i sette giorni di Ligabue\",\"isPartOf\":{\"@id\":\"https:\/\/staging.varesenews.it\/#website\"},\"datePublished\":\"2007-12-12T00:00:00+00:00\",\"dateModified\":\"2007-12-12T00:00:00+00:00\",\"author\":{\"@id\":\"https:\/\/staging.varesenews.it\/#\/schema\/person\/fb20c4da0b7b16c291707a20db73e169\"},\"description\":\"Inizia mercoled\u00ec 12 dicembre la lunga serie di concerti al Datch Forum. Ma a Milano la musica non finisce qui: in arrivo anche Maroon 5, Tiromancino e Capossela\",\"breadcrumb\":{\"@id\":\"https:\/\/staging.varesenews.it\/2007\/12\/al-via-i-sette-giorni-di-ligabue\/225073\/#breadcrumb\"},\"inLanguage\":\"it-IT\",\"potentialAction\":[{\"@type\":\"ReadAction\",\"target\":[\"https:\/\/staging.varesenews.it\/2007\/12\/al-via-i-sette-giorni-di-ligabue\/225073\/\"]}]},{\"@type\":\"BreadcrumbList\",\"@id\":\"https:\/\/staging.varesenews.it\/2007\/12\/al-via-i-sette-giorni-di-ligabue\/225073\/#breadcrumb\",\"itemListElement\":[{\"@type\":\"ListItem\",\"position\":1,\"name\":\"Home\",\"item\":\"https:\/\/www.varesenews.it\/\"},{\"@type\":\"ListItem\",\"position\":2,\"name\":\"Al via i sette giorni di Ligabue\"}]},{\"@type\":\"WebSite\",\"@id\":\"https:\/\/staging.varesenews.it\/#website\",\"url\":\"https:\/\/staging.varesenews.it\/\",\"name\":\"VareseNews\",\"description\":\"\",\"potentialAction\":[{\"@type\":\"SearchAction\",\"target\":{\"@type\":\"EntryPoint\",\"urlTemplate\":\"https:\/\/staging.varesenews.it\/?s={search_term_string}\"},\"query-input\":\"required name=search_term_string\"}],\"inLanguage\":\"it-IT\"},{\"@type\":\"Person\",\"@id\":\"https:\/\/staging.varesenews.it\/#\/schema\/person\/fb20c4da0b7b16c291707a20db73e169\",\"name\":\"Redazione VareseNews\",\"image\":{\"@type\":\"ImageObject\",\"inLanguage\":\"it-IT\",\"@id\":\"https:\/\/staging.varesenews.it\/#\/schema\/person\/image\/\",\"url\":\"https:\/\/staging.varesenews.it\/wp-content\/uploads\/2020\/12\/logo_VN_colori_500.png\",\"contentUrl\":\"https:\/\/staging.varesenews.it\/wp-content\/uploads\/2020\/12\/logo_VN_colori_500.png\",\"caption\":\"Redazione VareseNews\"},\"url\":\"https:\/\/staging.varesenews.it\/persona\/redazione1\/\"}]}<\/script>\n<!-- \/ Yoast SEO plugin. -->","yoast_head_json":{"title":"Al via i sette giorni di Ligabue","description":"Inizia mercoled\u00ec 12 dicembre la lunga serie di concerti al Datch Forum. Ma a Milano la musica non finisce qui: in arrivo anche Maroon 5, Tiromancino e Capossela","robots":{"index":"noindex","follow":"follow","max-snippet":"max-snippet:-1","max-image-preview":"max-image-preview:large","max-video-preview":"max-video-preview:-1"},"og_locale":"it_IT","og_type":"article","og_title":"Al via i sette giorni di Ligabue","og_description":"Inizia mercoled\u00ec 12 dicembre la lunga serie di concerti al Datch Forum. Ma a Milano la musica non finisce qui: in arrivo anche Maroon 5, Tiromancino e Capossela","og_url":"https:\/\/staging.varesenews.it\/2007\/12\/al-via-i-sette-giorni-di-ligabue\/225073\/","og_site_name":"VareseNews","article_publisher":"https:\/\/www.facebook.com\/varesenews","article_published_time":"2007-12-12T00:00:00+00:00","og_image":[{"url":"https:\/\/www3.varesenews.it\/immagini_articoli\/200610\/NP3V0033.jpg"}],"author":"Redazione VareseNews","twitter_card":"summary_large_image","twitter_creator":"@varesenews","twitter_site":"@varesenews","twitter_misc":{"Scritto da":"Redazione VareseNews","Tempo di lettura stimato":"1 minuto"},"schema":{"@context":"https:\/\/schema.org","@graph":[{"@type":"WebPage","@id":"https:\/\/staging.varesenews.it\/2007\/12\/al-via-i-sette-giorni-di-ligabue\/225073\/","url":"https:\/\/staging.varesenews.it\/2007\/12\/al-via-i-sette-giorni-di-ligabue\/225073\/","name":"Al via i sette giorni di Ligabue","isPartOf":{"@id":"https:\/\/staging.varesenews.it\/#website"},"datePublished":"2007-12-12T00:00:00+00:00","dateModified":"2007-12-12T00:00:00+00:00","author":{"@id":"https:\/\/staging.varesenews.it\/#\/schema\/person\/fb20c4da0b7b16c291707a20db73e169"},"description":"Inizia mercoled\u00ec 12 dicembre la lunga serie di concerti al Datch Forum. Ma a Milano la musica non finisce qui: in arrivo anche Maroon 5, Tiromancino e Capossela","breadcrumb":{"@id":"https:\/\/staging.varesenews.it\/2007\/12\/al-via-i-sette-giorni-di-ligabue\/225073\/#breadcrumb"},"inLanguage":"it-IT","potentialAction":[{"@type":"ReadAction","target":["https:\/\/staging.varesenews.it\/2007\/12\/al-via-i-sette-giorni-di-ligabue\/225073\/"]}]},{"@type":"BreadcrumbList","@id":"https:\/\/staging.varesenews.it\/2007\/12\/al-via-i-sette-giorni-di-ligabue\/225073\/#breadcrumb","itemListElement":[{"@type":"ListItem","position":1,"name":"Home","item":"https:\/\/www.varesenews.it\/"},{"@type":"ListItem","position":2,"name":"Al via i sette giorni di Ligabue"}]},{"@type":"WebSite","@id":"https:\/\/staging.varesenews.it\/#website","url":"https:\/\/staging.varesenews.it\/","name":"VareseNews","description":"","potentialAction":[{"@type":"SearchAction","target":{"@type":"EntryPoint","urlTemplate":"https:\/\/staging.varesenews.it\/?s={search_term_string}"},"query-input":"required name=search_term_string"}],"inLanguage":"it-IT"},{"@type":"Person","@id":"https:\/\/staging.varesenews.it\/#\/schema\/person\/fb20c4da0b7b16c291707a20db73e169","name":"Redazione VareseNews","image":{"@type":"ImageObject","inLanguage":"it-IT","@id":"https:\/\/staging.varesenews.it\/#\/schema\/person\/image\/","url":"https:\/\/staging.varesenews.it\/wp-content\/uploads\/2020\/12\/logo_VN_colori_500.png","contentUrl":"https:\/\/staging.varesenews.it\/wp-content\/uploads\/2020\/12\/logo_VN_colori_500.png","caption":"Redazione VareseNews"},"url":"https:\/\/staging.varesenews.it\/persona\/redazione1\/"}]}},"post_meta":{"id_old":"87406","argomento":"Musica","autore_old":"S.G.","id_link_fotogallery":"312895"},"photos":[],"_links":{"self":[{"href":"https:\/\/staging.varesenews.it\/swgapi\/v1\/wp\/v2\/posts\/225073"}],"collection":[{"href":"https:\/\/staging.varesenews.it\/swgapi\/v1\/wp\/v2\/posts"}],"about":[{"href":"https:\/\/staging.varesenews.it\/swgapi\/v1\/wp\/v2\/types\/post"}],"author":[{"embeddable":true,"href":"https:\/\/staging.varesenews.it\/swgapi\/v1\/wp\/v2\/users\/10"}],"replies":[{"embeddable":true,"href":"https:\/\/staging.varesenews.it\/swgapi\/v1\/wp\/v2\/comments?post=225073"}],"version-history":[{"count":0,"href":"https:\/\/staging.varesenews.it\/swgapi\/v1\/wp\/v2\/posts\/225073\/revisions"}],"wp:attachment":[{"href":"https:\/\/staging.varesenews.it\/swgapi\/v1\/wp\/v2\/media?parent=225073"}],"wp:term":[{"taxonomy":"category","embeddable":true,"href":"https:\/\/staging.varesenews.it\/swgapi\/v1\/wp\/v2\/categories?post=225073"},{"taxonomy":"post_tag","embeddable":true,"href":"https:\/\/staging.varesenews.it\/swgapi\/v1\/wp\/v2\/tags?post=225073"}],"curies":[{"name":"wp","href":"https:\/\/api.w.org\/{rel}","templated":true}]}}