{"id":225464,"date":"2007-12-05T00:00:00","date_gmt":"2007-12-05T00:00:00","guid":{"rendered":""},"modified":"2007-12-05T00:00:00","modified_gmt":"2007-12-05T00:00:00","slug":"l-ippodromo-e-perfetto-per-valorizzare-il-mondiale","status":"publish","type":"post","link":"https:\/\/staging.varesenews.it\/2007\/12\/l-ippodromo-e-perfetto-per-valorizzare-il-mondiale\/225464\/","title":{"rendered":"&#8220;L&#8217;ippodromo \u00e8 perfetto per valorizzare il Mondiale&#8221;"},"content":{"rendered":"<p><font face=\"arial,helvetica,sans-serif\">Si \u00e8 conclusa oggi intorno all&#8217;ora di pranzo la due giorni di <strong>sopralluoghi sui percorsi di Varese 2008<\/strong> che ha visto impiegata una delegazione della Rai, accompagnata da alcuni membri del comitato organizzatore del Mondiale. Accompagnato <strong>da Davide Cassani<\/strong>, opinionista di punta del ciclismo per l&#8217;emittente di Stato, \u00e8 giunto in citt\u00e0 anche <strong>Giancarlo Tomassetti, il regista che curer\u00e0 l&#8217;intera rassegna<\/strong> iridata, che ha di fatto raccolto il testimone del collega Nazareno Balani, indicato in un primo momento da viale Mazzini.<\/font><\/p>\n<p><font face=\"arial,helvetica,sans-serif\">\u00abSono gi\u00e0 stato a Varese per mandare in onda la Tre Valli &#8211; spiega Tomassetti &#8211; ma naturalmente l&#8217;allestimento dei Mondiali sono tutta un&#8217;altra cosa. In questo senso per\u00f2 ci aiuta il fatto che <strong>spesso questa manifestazione si svolge in Italia<\/strong>, visto che personalmente mi sono occupato di quelli del Montello &#8217;85 e dei due pi\u00f9 recenti di Verona. Rispetto a questi ultimi<strong> Varese avr\u00e0 per noi due vantaggi<\/strong>: si svolgono tutti nel medesimo luogo e poi hanno un cuore perfetto come l&#8217;ippodromo\u00bb.<br \/>Proprio la scelta de Le Bettole come centro di tutta l&#8217;organizzazione \u00e8 sottolineato con grande soddisfazione dal regista televisivo. \u00ab<strong>L&#8217;ippodromo \u00e8 un impianto gi\u00e0 dedicato allo sport<\/strong>, e quindi particolarmente adatto ad accogliere il calore di pubblico e atleti e a favorire lo spettacolo\u00bb.<\/font><\/p>\n<p><font face=\"Arial\">Quella di ieri\u00a0e oggi \u00e8 stata una visita utile a effettuare una<strong> serie di rilevazioni sui percorsi in linea\u00a0e a cronometro<\/strong>, utile a\u00a0valutare numero e posizione di telecamere sui tracciati. \u00abTorneremo<strong> a met\u00e0 gennaio per mettere a punto un piano di produzione specifico<\/strong> con tutti i dettagli, da presentare poi a fine gennaio nell&#8217;incontro con i responsabili dell&#8217;Uci che dovr\u00e0 darci l&#8217;imprimatur definitivo su come impostare i lavori\u00bb.<br \/>Difficile per il momento stabilire con esattezza il <strong>numero di persone<\/strong> impiegate dalla Rai e la <strong>quantit\u00e0 di telecamere<\/strong> che verranno utilizzate. \u00abA Verona c&#8217;erano 160 addetti, ma in quel caso le cronometro si correvano a Bardolino e quindi servivano pi\u00f9 persone. Comunque non saremo lontani da quel numero perch\u00e9 la <strong>Rai coprir\u00e0 e trasmetter\u00e0 tutte le gare<\/strong>. Per quanto riguarda i punti in cui effettuare le riprese, saremo presenti con molte camere all&#8217;ippodromo e copriremo determinati punti tecnici: le due salite, gli intermedi per le cronometro, il punto di massima velocit\u00e0, l&#8217;ultimo chilometro. Infine, naturalmente, non va sottovalutata la <strong>copertura con le moto e gli elicotteri<\/strong>\u00bb.<\/font><\/p>\n<p><font face=\"Arial\">Soddisfatto anche <strong>Davide Cassani<\/strong>, che conosce ormai il percorso in ogni suo dettaglio. \u00abCredo che, tra la tappa del Giro che arriver\u00e0 qui e la Tre Valli di agosto, questo tracciato sar\u00e0 <strong>scandagliato palmo dopo palmo<\/strong>\u00bb.<\/font><\/p>\n","protected":false},"excerpt":{"rendered":"<p>La delegazione della Rai ha concluso i sopralluoghi su percorsi e infrastrutture. Soddisfatto il regista Giancarlo Tomassetti<\/p>\n","protected":false},"author":10,"featured_media":0,"comment_status":"open","ping_status":"open","sticky":false,"template":"","format":"standard","meta":{"footnotes":""},"categories":[44667],"tags":[],"acf":[],"yoast_head":"<!-- This site is optimized with the Yoast SEO plugin v20.1 - https:\/\/yoast.com\/wordpress\/plugins\/seo\/ -->\n<title>&quot;L&#039;ippodromo \u00e8 perfetto per valorizzare il Mondiale&quot;<\/title>\n<meta name=\"description\" content=\"La delegazione della Rai ha concluso i sopralluoghi su percorsi e infrastrutture. Soddisfatto il regista Giancarlo Tomassetti\" \/>\n<meta name=\"robots\" content=\"noindex, follow, max-snippet:-1, max-image-preview:large, max-video-preview:-1\" \/>\n<meta property=\"og:locale\" content=\"it_IT\" \/>\n<meta property=\"og:type\" content=\"article\" \/>\n<meta property=\"og:title\" content=\"&quot;L&#039;ippodromo \u00e8 perfetto per valorizzare il Mondiale&quot;\" \/>\n<meta property=\"og:description\" content=\"La delegazione della Rai ha concluso i sopralluoghi su percorsi e infrastrutture. Soddisfatto il regista Giancarlo Tomassetti\" \/>\n<meta property=\"og:url\" content=\"https:\/\/staging.varesenews.it\/2007\/12\/l-ippodromo-e-perfetto-per-valorizzare-il-mondiale\/225464\/\" \/>\n<meta property=\"og:site_name\" content=\"VareseNews\" \/>\n<meta property=\"article:publisher\" content=\"https:\/\/www.facebook.com\/varesenews\" \/>\n<meta property=\"article:published_time\" content=\"2007-12-05T00:00:00+00:00\" \/>\n<meta name=\"author\" content=\"Redazione VareseNews\" \/>\n<meta name=\"twitter:card\" content=\"summary_large_image\" \/>\n<meta name=\"twitter:creator\" content=\"@varesenews\" \/>\n<meta name=\"twitter:site\" content=\"@varesenews\" \/>\n<meta name=\"twitter:label1\" content=\"Scritto da\" \/>\n\t<meta name=\"twitter:data1\" content=\"Redazione VareseNews\" \/>\n\t<meta name=\"twitter:label2\" content=\"Tempo di lettura stimato\" \/>\n\t<meta name=\"twitter:data2\" content=\"2 minuti\" \/>\n<script type=\"application\/ld+json\" class=\"yoast-schema-graph\">{\"@context\":\"https:\/\/schema.org\",\"@graph\":[{\"@type\":\"WebPage\",\"@id\":\"https:\/\/staging.varesenews.it\/2007\/12\/l-ippodromo-e-perfetto-per-valorizzare-il-mondiale\/225464\/\",\"url\":\"https:\/\/staging.varesenews.it\/2007\/12\/l-ippodromo-e-perfetto-per-valorizzare-il-mondiale\/225464\/\",\"name\":\"\\\"L'ippodromo \u00e8 perfetto per valorizzare il Mondiale\\\"\",\"isPartOf\":{\"@id\":\"https:\/\/staging.varesenews.it\/#website\"},\"datePublished\":\"2007-12-05T00:00:00+00:00\",\"dateModified\":\"2007-12-05T00:00:00+00:00\",\"author\":{\"@id\":\"https:\/\/staging.varesenews.it\/#\/schema\/person\/fb20c4da0b7b16c291707a20db73e169\"},\"description\":\"La delegazione della Rai ha concluso i sopralluoghi su percorsi e infrastrutture. Soddisfatto il regista Giancarlo Tomassetti\",\"breadcrumb\":{\"@id\":\"https:\/\/staging.varesenews.it\/2007\/12\/l-ippodromo-e-perfetto-per-valorizzare-il-mondiale\/225464\/#breadcrumb\"},\"inLanguage\":\"it-IT\",\"potentialAction\":[{\"@type\":\"ReadAction\",\"target\":[\"https:\/\/staging.varesenews.it\/2007\/12\/l-ippodromo-e-perfetto-per-valorizzare-il-mondiale\/225464\/\"]}]},{\"@type\":\"BreadcrumbList\",\"@id\":\"https:\/\/staging.varesenews.it\/2007\/12\/l-ippodromo-e-perfetto-per-valorizzare-il-mondiale\/225464\/#breadcrumb\",\"itemListElement\":[{\"@type\":\"ListItem\",\"position\":1,\"name\":\"Home\",\"item\":\"https:\/\/www.varesenews.it\/\"},{\"@type\":\"ListItem\",\"position\":2,\"name\":\"&#8220;L&#8217;ippodromo \u00e8 perfetto per valorizzare il Mondiale&#8221;\"}]},{\"@type\":\"WebSite\",\"@id\":\"https:\/\/staging.varesenews.it\/#website\",\"url\":\"https:\/\/staging.varesenews.it\/\",\"name\":\"VareseNews\",\"description\":\"\",\"potentialAction\":[{\"@type\":\"SearchAction\",\"target\":{\"@type\":\"EntryPoint\",\"urlTemplate\":\"https:\/\/staging.varesenews.it\/?s={search_term_string}\"},\"query-input\":\"required name=search_term_string\"}],\"inLanguage\":\"it-IT\"},{\"@type\":\"Person\",\"@id\":\"https:\/\/staging.varesenews.it\/#\/schema\/person\/fb20c4da0b7b16c291707a20db73e169\",\"name\":\"Redazione VareseNews\",\"image\":{\"@type\":\"ImageObject\",\"inLanguage\":\"it-IT\",\"@id\":\"https:\/\/staging.varesenews.it\/#\/schema\/person\/image\/\",\"url\":\"https:\/\/staging.varesenews.it\/wp-content\/uploads\/2020\/12\/logo_VN_colori_500.png\",\"contentUrl\":\"https:\/\/staging.varesenews.it\/wp-content\/uploads\/2020\/12\/logo_VN_colori_500.png\",\"caption\":\"Redazione VareseNews\"},\"url\":\"https:\/\/staging.varesenews.it\/persona\/redazione1\/\"}]}<\/script>\n<!-- \/ Yoast SEO plugin. -->","yoast_head_json":{"title":"\"L'ippodromo \u00e8 perfetto per valorizzare il Mondiale\"","description":"La delegazione della Rai ha concluso i sopralluoghi su percorsi e infrastrutture. Soddisfatto il regista Giancarlo Tomassetti","robots":{"index":"noindex","follow":"follow","max-snippet":"max-snippet:-1","max-image-preview":"max-image-preview:large","max-video-preview":"max-video-preview:-1"},"og_locale":"it_IT","og_type":"article","og_title":"\"L'ippodromo \u00e8 perfetto per valorizzare il Mondiale\"","og_description":"La delegazione della Rai ha concluso i sopralluoghi su percorsi e infrastrutture. Soddisfatto il regista Giancarlo Tomassetti","og_url":"https:\/\/staging.varesenews.it\/2007\/12\/l-ippodromo-e-perfetto-per-valorizzare-il-mondiale\/225464\/","og_site_name":"VareseNews","article_publisher":"https:\/\/www.facebook.com\/varesenews","article_published_time":"2007-12-05T00:00:00+00:00","author":"Redazione VareseNews","twitter_card":"summary_large_image","twitter_creator":"@varesenews","twitter_site":"@varesenews","twitter_misc":{"Scritto da":"Redazione VareseNews","Tempo di lettura stimato":"2 minuti"},"schema":{"@context":"https:\/\/schema.org","@graph":[{"@type":"WebPage","@id":"https:\/\/staging.varesenews.it\/2007\/12\/l-ippodromo-e-perfetto-per-valorizzare-il-mondiale\/225464\/","url":"https:\/\/staging.varesenews.it\/2007\/12\/l-ippodromo-e-perfetto-per-valorizzare-il-mondiale\/225464\/","name":"\"L'ippodromo \u00e8 perfetto per valorizzare il Mondiale\"","isPartOf":{"@id":"https:\/\/staging.varesenews.it\/#website"},"datePublished":"2007-12-05T00:00:00+00:00","dateModified":"2007-12-05T00:00:00+00:00","author":{"@id":"https:\/\/staging.varesenews.it\/#\/schema\/person\/fb20c4da0b7b16c291707a20db73e169"},"description":"La delegazione della Rai ha concluso i sopralluoghi su percorsi e infrastrutture. Soddisfatto il regista Giancarlo Tomassetti","breadcrumb":{"@id":"https:\/\/staging.varesenews.it\/2007\/12\/l-ippodromo-e-perfetto-per-valorizzare-il-mondiale\/225464\/#breadcrumb"},"inLanguage":"it-IT","potentialAction":[{"@type":"ReadAction","target":["https:\/\/staging.varesenews.it\/2007\/12\/l-ippodromo-e-perfetto-per-valorizzare-il-mondiale\/225464\/"]}]},{"@type":"BreadcrumbList","@id":"https:\/\/staging.varesenews.it\/2007\/12\/l-ippodromo-e-perfetto-per-valorizzare-il-mondiale\/225464\/#breadcrumb","itemListElement":[{"@type":"ListItem","position":1,"name":"Home","item":"https:\/\/www.varesenews.it\/"},{"@type":"ListItem","position":2,"name":"&#8220;L&#8217;ippodromo \u00e8 perfetto per valorizzare il Mondiale&#8221;"}]},{"@type":"WebSite","@id":"https:\/\/staging.varesenews.it\/#website","url":"https:\/\/staging.varesenews.it\/","name":"VareseNews","description":"","potentialAction":[{"@type":"SearchAction","target":{"@type":"EntryPoint","urlTemplate":"https:\/\/staging.varesenews.it\/?s={search_term_string}"},"query-input":"required name=search_term_string"}],"inLanguage":"it-IT"},{"@type":"Person","@id":"https:\/\/staging.varesenews.it\/#\/schema\/person\/fb20c4da0b7b16c291707a20db73e169","name":"Redazione VareseNews","image":{"@type":"ImageObject","inLanguage":"it-IT","@id":"https:\/\/staging.varesenews.it\/#\/schema\/person\/image\/","url":"https:\/\/staging.varesenews.it\/wp-content\/uploads\/2020\/12\/logo_VN_colori_500.png","contentUrl":"https:\/\/staging.varesenews.it\/wp-content\/uploads\/2020\/12\/logo_VN_colori_500.png","caption":"Redazione VareseNews"},"url":"https:\/\/staging.varesenews.it\/persona\/redazione1\/"}]}},"post_meta":{"id_old":"86899","argomento":"Ciclismo","autore_old":"Damiano Franzetti"},"photos":[],"_links":{"self":[{"href":"https:\/\/staging.varesenews.it\/swgapi\/v1\/wp\/v2\/posts\/225464"}],"collection":[{"href":"https:\/\/staging.varesenews.it\/swgapi\/v1\/wp\/v2\/posts"}],"about":[{"href":"https:\/\/staging.varesenews.it\/swgapi\/v1\/wp\/v2\/types\/post"}],"author":[{"embeddable":true,"href":"https:\/\/staging.varesenews.it\/swgapi\/v1\/wp\/v2\/users\/10"}],"replies":[{"embeddable":true,"href":"https:\/\/staging.varesenews.it\/swgapi\/v1\/wp\/v2\/comments?post=225464"}],"version-history":[{"count":0,"href":"https:\/\/staging.varesenews.it\/swgapi\/v1\/wp\/v2\/posts\/225464\/revisions"}],"wp:attachment":[{"href":"https:\/\/staging.varesenews.it\/swgapi\/v1\/wp\/v2\/media?parent=225464"}],"wp:term":[{"taxonomy":"category","embeddable":true,"href":"https:\/\/staging.varesenews.it\/swgapi\/v1\/wp\/v2\/categories?post=225464"},{"taxonomy":"post_tag","embeddable":true,"href":"https:\/\/staging.varesenews.it\/swgapi\/v1\/wp\/v2\/tags?post=225464"}],"curies":[{"name":"wp","href":"https:\/\/api.w.org\/{rel}","templated":true}]}}