{"id":225694,"date":"2007-12-01T00:00:00","date_gmt":"2007-12-01T00:00:00","guid":{"rendered":""},"modified":"2015-06-26T10:44:06","modified_gmt":"2015-06-26T08:44:06","slug":"ecco-il-profumo-della-citta-giardino","status":"publish","type":"post","link":"https:\/\/staging.varesenews.it\/2007\/12\/ecco-il-profumo-della-citta-giardino\/225694\/","title":{"rendered":"Ecco il profumo della citt\u00e0 giardino"},"content":{"rendered":"<p style=\"margin-bottom: 0cm;\">Fiorita, ma non leziosa. Robusta di legno ma femminile, leggera ma che non svapora in fretta. Si annusa cos\u00ec, tanto simile al carattere delle donne varesine,\u201c<strong>l&#8217;Acqua di Varese<\/strong>\u201d l&#8217;ultimo (o il primo, dopo le scarpe che ormai non esistono pi\u00f9?) strumento di marketing territoriale della citt\u00e0 Giardino. Che per evocare davvero i giardini delle sue ville non poteva che essere un&#8217;idea profumata. Ma che non \u00e8 stato inventato a tavolino da nessun assessore, o comunicatore pagato dalla Land of tourism. Fa parte, invece, delle iniziative imprenditoriali locali, indubbiamente una delle pi\u00f9 originali.<\/p>\n<p>\u201cE&#8217; gi\u00e0 da un anno che ci stiamo lavorando \u2013 spiega <strong>Alessandro Rusconi,<\/strong> che ha registrato il marchio del profumo \u201cMade in Varese\u201d &#8211; l&#8217;idea era quella di pensare ad un prodotto che in qualche modo aggiungesse qualche cosa, anche piccola, alla proposta della nostra citt\u00e0. E&#8217; partita da qui la ricerca di un marchio e delle competenze necessarie per sviluppare il progetto che ci portasse alla realizzazione di un profumo. Strada facendo ci siamo accorti che altre persone avevano tentato percorsi simili, rinunciandovi per vari motivi: in qualche modo abbiamo capito che questo era un desiderio e una necessit\u00e0. E alla fine ci siamo riusciti\u201d<\/p>\n<p style=\"margin-bottom: 0cm;\"><span style=\"font-family: Arial, sans-serif;\"><img decoding=\"async\" src=\"https:\/\/www3.varesenews.it\/immagini_articoli\/200711\/acquavarese3.jpg\" alt=\"\" align=\"left\" border=\"0\" hspace=\"3\" vspace=\"3\" \/><\/span>Alessandro gestisce ormai da quattro anni \u201c<strong>Coccole e vitamine<\/strong>\u201d negozio \u2013 culto varesino per gli appassionati delle candele (che producono in proprio) e di saponi naturali: prima in via Cattaneo, poi in via Veratti all&#8217;angolo del Broletto, con un rigore sulla qualit\u00e0 che la clientela affezionata apprezza. E che pu\u00f2 fare da leit motiv anche per questa fragranza originale ma non impegnativa, le cui note di partenza sono caratterizzate da un accordo di fiori che si potrebbero trovare anche nelle nostre zone come il ciliegio, il mandorlo e l\u2019eliotropo, ma \u00e8 arricchito dagli esotici incenso e mirra, un tocco di the bianco e di vaniglia e un fondo legnoso dato dal sandalo, dal pathchouly e dal vetiver, con un tocco di ambra.<\/p>\n<p style=\"margin-bottom: 0cm;\">Il &#8220;marchio&#8221; del profumo, invece, \u00e8 \u00abQuello che ci fa da biglietto da visita ogni volta che qualcuno viene a Varese &#8211; spiega Rusconi &#8211;\u00a0<strong> la visione del lago di Varese\u00a0con il monte Rosa all&#8217;orizzonte<\/strong>. Una vista impagabile, che abbiamo pensato di integrare nella confezione\u00bb.<\/p>\n<p>L&#8217;acqua di Varese \u00e8, nella sua versione iniziale, in vendita da sabato primo dicembre presso il negozio di via Veratti nelle confezioni da 30ml (al costo di 20 euro) e 100ml. Insieme al profumo classico, ci sono anche gli stick per profumare l&#8217;ambiente, a 17 euro.\u00a0 Ma sono gi\u00e0 allo studio le versioni da uomo e \u201cspecilizzate\u201d su aromi varesini, come il miele e il cioccolato. E, dal 2008 \u00e8 prevista anche la sua vendita on line. Il sito,va da s\u00e9, \u00e8 <a href=\"http:\/\/www.acquadivarese.it\/\">www.acquadivarese.it<\/a><\/p>\n<p style=\"margin-bottom: 0cm;\">\n","protected":false},"excerpt":{"rendered":"<p>In vendita dal primo dicembre l'&#8221;Acqua di Varese&#8221;:una nuova &#8211; e buona &#8211; fragranza, ma anche uno strumento di marketing territoriale<\/p>\n","protected":false},"author":10,"featured_media":0,"comment_status":"open","ping_status":"open","sticky":false,"template":"","format":"standard","meta":{"footnotes":""},"categories":[26,2],"tags":[21005],"acf":[],"yoast_head":"<!-- This site is optimized with the Yoast SEO plugin v20.1 - https:\/\/yoast.com\/wordpress\/plugins\/seo\/ -->\n<title>Ecco il profumo della citt\u00e0 giardino<\/title>\n<meta name=\"description\" content=\"In vendita dal primo dicembre l&#039;&quot;Acqua di Varese&quot;:un nuovo profumo ma anche uno strumento di marketing territoriale\" \/>\n<meta name=\"robots\" content=\"noindex, follow, max-snippet:-1, max-image-preview:large, max-video-preview:-1\" \/>\n<meta property=\"og:locale\" content=\"it_IT\" \/>\n<meta property=\"og:type\" content=\"article\" \/>\n<meta property=\"og:title\" content=\"Ecco il profumo della citt\u00e0 giardino\" \/>\n<meta property=\"og:description\" content=\"In vendita dal primo dicembre l&#039;&quot;Acqua di Varese&quot;:un nuovo profumo ma anche uno strumento di marketing territoriale\" \/>\n<meta property=\"og:url\" content=\"https:\/\/staging.varesenews.it\/2007\/12\/ecco-il-profumo-della-citta-giardino\/225694\/\" \/>\n<meta property=\"og:site_name\" content=\"VareseNews\" \/>\n<meta property=\"article:publisher\" content=\"https:\/\/www.facebook.com\/varesenews\" \/>\n<meta property=\"article:published_time\" content=\"2007-12-01T00:00:00+00:00\" \/>\n<meta property=\"article:modified_time\" content=\"2015-06-26T08:44:06+00:00\" \/>\n<meta property=\"og:image\" content=\"https:\/\/www3.varesenews.it\/immagini_articoli\/200711\/acquavarese3.jpg\" \/>\n<meta name=\"author\" content=\"Redazione VareseNews\" \/>\n<meta name=\"twitter:card\" content=\"summary_large_image\" \/>\n<meta name=\"twitter:creator\" content=\"@varesenews\" \/>\n<meta name=\"twitter:site\" content=\"@varesenews\" \/>\n<meta name=\"twitter:label1\" content=\"Scritto da\" \/>\n\t<meta name=\"twitter:data1\" content=\"Redazione VareseNews\" \/>\n\t<meta name=\"twitter:label2\" content=\"Tempo di lettura stimato\" \/>\n\t<meta name=\"twitter:data2\" content=\"2 minuti\" \/>\n<script type=\"application\/ld+json\" class=\"yoast-schema-graph\">{\"@context\":\"https:\/\/schema.org\",\"@graph\":[{\"@type\":\"WebPage\",\"@id\":\"https:\/\/staging.varesenews.it\/2007\/12\/ecco-il-profumo-della-citta-giardino\/225694\/\",\"url\":\"https:\/\/staging.varesenews.it\/2007\/12\/ecco-il-profumo-della-citta-giardino\/225694\/\",\"name\":\"Ecco il profumo della citt\u00e0 giardino\",\"isPartOf\":{\"@id\":\"https:\/\/staging.varesenews.it\/#website\"},\"datePublished\":\"2007-12-01T00:00:00+00:00\",\"dateModified\":\"2015-06-26T08:44:06+00:00\",\"author\":{\"@id\":\"https:\/\/staging.varesenews.it\/#\/schema\/person\/fb20c4da0b7b16c291707a20db73e169\"},\"description\":\"In vendita dal primo dicembre l'\\\"Acqua di Varese\\\":un nuovo profumo ma anche uno strumento di marketing territoriale\",\"breadcrumb\":{\"@id\":\"https:\/\/staging.varesenews.it\/2007\/12\/ecco-il-profumo-della-citta-giardino\/225694\/#breadcrumb\"},\"inLanguage\":\"it-IT\",\"potentialAction\":[{\"@type\":\"ReadAction\",\"target\":[\"https:\/\/staging.varesenews.it\/2007\/12\/ecco-il-profumo-della-citta-giardino\/225694\/\"]}]},{\"@type\":\"BreadcrumbList\",\"@id\":\"https:\/\/staging.varesenews.it\/2007\/12\/ecco-il-profumo-della-citta-giardino\/225694\/#breadcrumb\",\"itemListElement\":[{\"@type\":\"ListItem\",\"position\":1,\"name\":\"Home\",\"item\":\"https:\/\/www.varesenews.it\/\"},{\"@type\":\"ListItem\",\"position\":2,\"name\":\"Ecco il profumo della citt\u00e0 giardino\"}]},{\"@type\":\"WebSite\",\"@id\":\"https:\/\/staging.varesenews.it\/#website\",\"url\":\"https:\/\/staging.varesenews.it\/\",\"name\":\"VareseNews\",\"description\":\"\",\"potentialAction\":[{\"@type\":\"SearchAction\",\"target\":{\"@type\":\"EntryPoint\",\"urlTemplate\":\"https:\/\/staging.varesenews.it\/?s={search_term_string}\"},\"query-input\":\"required name=search_term_string\"}],\"inLanguage\":\"it-IT\"},{\"@type\":\"Person\",\"@id\":\"https:\/\/staging.varesenews.it\/#\/schema\/person\/fb20c4da0b7b16c291707a20db73e169\",\"name\":\"Redazione VareseNews\",\"image\":{\"@type\":\"ImageObject\",\"inLanguage\":\"it-IT\",\"@id\":\"https:\/\/staging.varesenews.it\/#\/schema\/person\/image\/\",\"url\":\"https:\/\/staging.varesenews.it\/wp-content\/uploads\/2020\/12\/logo_VN_colori_500.png\",\"contentUrl\":\"https:\/\/staging.varesenews.it\/wp-content\/uploads\/2020\/12\/logo_VN_colori_500.png\",\"caption\":\"Redazione VareseNews\"},\"url\":\"https:\/\/staging.varesenews.it\/persona\/redazione1\/\"}]}<\/script>\n<!-- \/ Yoast SEO plugin. -->","yoast_head_json":{"title":"Ecco il profumo della citt\u00e0 giardino","description":"In vendita dal primo dicembre l'\"Acqua di Varese\":un nuovo profumo ma anche uno strumento di marketing territoriale","robots":{"index":"noindex","follow":"follow","max-snippet":"max-snippet:-1","max-image-preview":"max-image-preview:large","max-video-preview":"max-video-preview:-1"},"og_locale":"it_IT","og_type":"article","og_title":"Ecco il profumo della citt\u00e0 giardino","og_description":"In vendita dal primo dicembre l'\"Acqua di Varese\":un nuovo profumo ma anche uno strumento di marketing territoriale","og_url":"https:\/\/staging.varesenews.it\/2007\/12\/ecco-il-profumo-della-citta-giardino\/225694\/","og_site_name":"VareseNews","article_publisher":"https:\/\/www.facebook.com\/varesenews","article_published_time":"2007-12-01T00:00:00+00:00","article_modified_time":"2015-06-26T08:44:06+00:00","og_image":[{"url":"https:\/\/www3.varesenews.it\/immagini_articoli\/200711\/acquavarese3.jpg"}],"author":"Redazione VareseNews","twitter_card":"summary_large_image","twitter_creator":"@varesenews","twitter_site":"@varesenews","twitter_misc":{"Scritto da":"Redazione VareseNews","Tempo di lettura stimato":"2 minuti"},"schema":{"@context":"https:\/\/schema.org","@graph":[{"@type":"WebPage","@id":"https:\/\/staging.varesenews.it\/2007\/12\/ecco-il-profumo-della-citta-giardino\/225694\/","url":"https:\/\/staging.varesenews.it\/2007\/12\/ecco-il-profumo-della-citta-giardino\/225694\/","name":"Ecco il profumo della citt\u00e0 giardino","isPartOf":{"@id":"https:\/\/staging.varesenews.it\/#website"},"datePublished":"2007-12-01T00:00:00+00:00","dateModified":"2015-06-26T08:44:06+00:00","author":{"@id":"https:\/\/staging.varesenews.it\/#\/schema\/person\/fb20c4da0b7b16c291707a20db73e169"},"description":"In vendita dal primo dicembre l'\"Acqua di Varese\":un nuovo profumo ma anche uno strumento di marketing territoriale","breadcrumb":{"@id":"https:\/\/staging.varesenews.it\/2007\/12\/ecco-il-profumo-della-citta-giardino\/225694\/#breadcrumb"},"inLanguage":"it-IT","potentialAction":[{"@type":"ReadAction","target":["https:\/\/staging.varesenews.it\/2007\/12\/ecco-il-profumo-della-citta-giardino\/225694\/"]}]},{"@type":"BreadcrumbList","@id":"https:\/\/staging.varesenews.it\/2007\/12\/ecco-il-profumo-della-citta-giardino\/225694\/#breadcrumb","itemListElement":[{"@type":"ListItem","position":1,"name":"Home","item":"https:\/\/www.varesenews.it\/"},{"@type":"ListItem","position":2,"name":"Ecco il profumo della citt\u00e0 giardino"}]},{"@type":"WebSite","@id":"https:\/\/staging.varesenews.it\/#website","url":"https:\/\/staging.varesenews.it\/","name":"VareseNews","description":"","potentialAction":[{"@type":"SearchAction","target":{"@type":"EntryPoint","urlTemplate":"https:\/\/staging.varesenews.it\/?s={search_term_string}"},"query-input":"required name=search_term_string"}],"inLanguage":"it-IT"},{"@type":"Person","@id":"https:\/\/staging.varesenews.it\/#\/schema\/person\/fb20c4da0b7b16c291707a20db73e169","name":"Redazione VareseNews","image":{"@type":"ImageObject","inLanguage":"it-IT","@id":"https:\/\/staging.varesenews.it\/#\/schema\/person\/image\/","url":"https:\/\/staging.varesenews.it\/wp-content\/uploads\/2020\/12\/logo_VN_colori_500.png","contentUrl":"https:\/\/staging.varesenews.it\/wp-content\/uploads\/2020\/12\/logo_VN_colori_500.png","caption":"Redazione VareseNews"},"url":"https:\/\/staging.varesenews.it\/persona\/redazione1\/"}]}},"post_meta":{"id_old":"86586","argomento":"Varese","autore_old":"Stefania Radman","_edit_lock":"1435308150:48","_edit_last":"48","ratings_users":"0","ratings_score":"0","ratings_average":"0","_category_permalink":"","wdfb_og_title":"","wdfb_og_type":"","wdfb_og_description":"","wdfb_og_images":"a:1:{i:0;s:0:\"\";}","wdfb_og_custom_name":"a:1:{i:0;s:0:\"\";}","wdfb_og_custom_value":"a:1:{i:0;s:0:\"\";}","firma-personalizzata":"Stefania Radman","_jd_twitter":"","_jd_tweet_this":"yes","foto":"464087","_yoast_wpseo_focuskw":"profumo","_yoast_wpseo_metadesc":"In vendita dal primo dicembre l'\"Acqua di Varese\":un nuovo profumo ma anche uno strumento di marketing territoriale","_yoast_wpseo_linkdex":"84"},"photos":[{"original":"https:\/\/staging.varesenews.it\/photogallery_new\/images\/2015\/06\/varie-varese-464087.jpg","full":"https:\/\/staging.varesenews.it\/photogallery_new\/images\/2015\/06\/varie-varese-464087.1024x768.jpg","large":"https:\/\/staging.varesenews.it\/photogallery_new\/images\/2015\/06\/varie-varese-464087.610x431.jpg"}],"_links":{"self":[{"href":"https:\/\/staging.varesenews.it\/swgapi\/v1\/wp\/v2\/posts\/225694"}],"collection":[{"href":"https:\/\/staging.varesenews.it\/swgapi\/v1\/wp\/v2\/posts"}],"about":[{"href":"https:\/\/staging.varesenews.it\/swgapi\/v1\/wp\/v2\/types\/post"}],"author":[{"embeddable":true,"href":"https:\/\/staging.varesenews.it\/swgapi\/v1\/wp\/v2\/users\/10"}],"replies":[{"embeddable":true,"href":"https:\/\/staging.varesenews.it\/swgapi\/v1\/wp\/v2\/comments?post=225694"}],"version-history":[{"count":0,"href":"https:\/\/staging.varesenews.it\/swgapi\/v1\/wp\/v2\/posts\/225694\/revisions"}],"wp:attachment":[{"href":"https:\/\/staging.varesenews.it\/swgapi\/v1\/wp\/v2\/media?parent=225694"}],"wp:term":[{"taxonomy":"category","embeddable":true,"href":"https:\/\/staging.varesenews.it\/swgapi\/v1\/wp\/v2\/categories?post=225694"},{"taxonomy":"post_tag","embeddable":true,"href":"https:\/\/staging.varesenews.it\/swgapi\/v1\/wp\/v2\/tags?post=225694"}],"curies":[{"name":"wp","href":"https:\/\/api.w.org\/{rel}","templated":true}]}}