{"id":226326,"date":"2007-11-30T00:00:00","date_gmt":"2007-11-30T00:00:00","guid":{"rendered":""},"modified":"2007-11-30T00:00:00","modified_gmt":"2007-11-30T00:00:00","slug":"varese-como-la-linea-esisteva-gia","status":"publish","type":"post","link":"https:\/\/staging.varesenews.it\/2007\/11\/varese-como-la-linea-esisteva-gia\/226326\/","title":{"rendered":"Varese-Como, la linea esisteva gi\u00e0"},"content":{"rendered":"<p class=\"MsoNormal\" style=\"MARGIN: 0cm 0cm 0pt\">Demolire una infrastruttura importante e ricostruirla quarant\u2019anni dopo, con una spesa di milioni di Euro: sembra un assurdo, ma \u00e8 quello che \u00e8 accaduto nelle province di Varese e Como, in un territorio che da sempre affamato di infrastrutture di trasporto. Mentre si prepara l\u2019apertura dei lavori per la nuova Arcisate-Stabio, che renderanno possibili di nuovo i collegamenti Varese-Como, vale la pena ripensare agli errori del passato. Perch\u00e9 <strong>una ferrovia, moderna, elettrificata, con una ottima penetrazione nei due centri urbani, esisteva gi\u00e0<\/strong>. I treni vi circolarono fino al 1\u00b0 agosto 1966: era la \u201ctraversata\u201d <strong>Varese-Como gestita dalle Ferrovie Nord<\/strong> . La soppressero perch\u00e9 i passeggeri erano pochi e perch\u00e9 il collegamento tra le due citt\u00e0 era pi\u00f9 economico se gestito con autobus.<\/p>\n<p class=\"MsoNormal\" style=\"MARGIN: 0cm 0cm 0pt\">Il futuro erano le \u201ccorriere\u201d che viaggiavano spedite sulla Briantea.\u00a0Oppure le autostrade. E per evitare ogni possibile ripensamento venne persino <strong>raccomandato di smantellare binari e impianti \u201ccon particolare urgenza\u201d.<\/strong>\u00a0<\/p>\n<p \/>\n<p class=\"MsoNormal\" style=\"MARGIN: 0cm 0cm 0pt\">Il binario che correva tra le due citt\u00e0 <strong>si staccava dalla Varese-Milano nella stazione di Malnate<\/strong> e\u00a0attraversava le colline di Olgiate Comasco, Lurate e altri paesi con profonde trincee e vari ponti; confluiva nella linea Milano-Como nella stazione di Grandate, proseguendo poi nel tratto di penetrazione urbana di Como. Le \u201cNord\u201d avevano elettrificato la linea solo 18 anni prima, dopo la fine della guerra. <strong><personname w:st=\"on\" productid=\"la Varese-Como\" \/>La Varese-Como<\/personname \/> fu l\u2019ultima della lista delle linee soppresse nella nostra provincia<\/strong>:<span style=\"mso-spacerun: yes\">\u00a0 <\/span>da anni ormai era chiusa ai treni passeggeri la linea \u201cdella Valmorea\u201d, che serviva i popolosi abitati della valle Olona, mentre dei tram che da Gallarate raggiungevano Milano, Lonate Pozzolo e Cassano Magnano non restava che il ricordo, dopo la chiusura totale nel 1951. La fiducia nel trasporto su gomma, la convinzione che il treno fosse un mezzo di trasporto superato fecero s\u00ec che <strong>nessuno contestasse la scelta di privarsi per sempre di una infrastruttura importante<\/strong>.Dopo la soppressione, il servizio pubblico fu preso in carico da autobus: allora la statale Briantea non era poi cos\u00ec trafficata, nonostante la sempre crescente mobilit\u00e0 privata su gomma. Gli anni passarono, il traffico \u00e8 aumentato a dismisura e gli autobus e le automobili si ritrovano in fila sulla vecchia statale.\u00a0<\/p>\n<p><span style=\"FONT-SIZE: 12pt; FONT-FAMILY: \">Una soppressione decisa dai vertici politici e accettata di buon grado dalla popolazione, ma quanto mai inopportuna, anche perch\u00e9 priv\u00f2 la fascia pedemontana di <strong>uno dei pochi tratti ferroviari con andamento est-ovest<\/strong>, in grado di intercettare almeno una parte dei flussi che, <strong>in mancanza della autostrada Pedemontana, si rovesciano oggi sulle statali<\/strong>. La legislazione europea imporrebbe oggi di mantenere sgombra la sede ferroviaria, cos\u00ec da non precludere un ritorno del treno su una tratta dismessa. In molti Paesi europei \u2013Germania in testa- fecero cos\u00ec gi\u00e0 negli anni sessanta. E oggi possono riaprirle senza investimenti milionari. <\/span><\/p>\n","protected":false},"excerpt":{"rendered":"<p>La nuova Arcisate-Stabio potrebbe risolvere anche la questione del collegamento ferroviario tra Varese e Como, soppresso e smatellato negli anni sessanta<\/p>\n","protected":false},"author":10,"featured_media":0,"comment_status":"open","ping_status":"open","sticky":false,"template":"","format":"standard","meta":{"footnotes":""},"categories":[8],"tags":[],"acf":[],"yoast_head":"<!-- This site is optimized with the Yoast SEO plugin v20.1 - https:\/\/yoast.com\/wordpress\/plugins\/seo\/ -->\n<title>Varese-Como, la linea esisteva gi\u00e0<\/title>\n<meta name=\"description\" content=\"La nuova Arcisate-Stabio potrebbe risolvere anche la questione del collegamento ferroviario tra Varese e Como, soppresso e smatellato negli anni sessanta\" \/>\n<meta name=\"robots\" content=\"noindex, follow, max-snippet:-1, max-image-preview:large, max-video-preview:-1\" \/>\n<meta property=\"og:locale\" content=\"it_IT\" \/>\n<meta property=\"og:type\" content=\"article\" \/>\n<meta property=\"og:title\" content=\"Varese-Como, la linea esisteva gi\u00e0\" \/>\n<meta property=\"og:description\" content=\"La nuova Arcisate-Stabio potrebbe risolvere anche la questione del collegamento ferroviario tra Varese e Como, soppresso e smatellato negli anni sessanta\" \/>\n<meta property=\"og:url\" content=\"https:\/\/staging.varesenews.it\/2007\/11\/varese-como-la-linea-esisteva-gia\/226326\/\" \/>\n<meta property=\"og:site_name\" content=\"VareseNews\" \/>\n<meta property=\"article:publisher\" content=\"https:\/\/www.facebook.com\/varesenews\" \/>\n<meta property=\"article:published_time\" content=\"2007-11-30T00:00:00+00:00\" \/>\n<meta name=\"author\" content=\"Redazione VareseNews\" \/>\n<meta name=\"twitter:card\" content=\"summary_large_image\" \/>\n<meta name=\"twitter:creator\" content=\"@varesenews\" \/>\n<meta name=\"twitter:site\" content=\"@varesenews\" \/>\n<meta name=\"twitter:label1\" content=\"Scritto da\" \/>\n\t<meta name=\"twitter:data1\" content=\"Redazione VareseNews\" \/>\n\t<meta name=\"twitter:label2\" content=\"Tempo di lettura stimato\" \/>\n\t<meta name=\"twitter:data2\" content=\"2 minuti\" \/>\n<script type=\"application\/ld+json\" class=\"yoast-schema-graph\">{\"@context\":\"https:\/\/schema.org\",\"@graph\":[{\"@type\":\"WebPage\",\"@id\":\"https:\/\/staging.varesenews.it\/2007\/11\/varese-como-la-linea-esisteva-gia\/226326\/\",\"url\":\"https:\/\/staging.varesenews.it\/2007\/11\/varese-como-la-linea-esisteva-gia\/226326\/\",\"name\":\"Varese-Como, la linea esisteva gi\u00e0\",\"isPartOf\":{\"@id\":\"https:\/\/staging.varesenews.it\/#website\"},\"datePublished\":\"2007-11-30T00:00:00+00:00\",\"dateModified\":\"2007-11-30T00:00:00+00:00\",\"author\":{\"@id\":\"https:\/\/staging.varesenews.it\/#\/schema\/person\/fb20c4da0b7b16c291707a20db73e169\"},\"description\":\"La nuova Arcisate-Stabio potrebbe risolvere anche la questione del collegamento ferroviario tra Varese e Como, soppresso e smatellato negli anni sessanta\",\"breadcrumb\":{\"@id\":\"https:\/\/staging.varesenews.it\/2007\/11\/varese-como-la-linea-esisteva-gia\/226326\/#breadcrumb\"},\"inLanguage\":\"it-IT\",\"potentialAction\":[{\"@type\":\"ReadAction\",\"target\":[\"https:\/\/staging.varesenews.it\/2007\/11\/varese-como-la-linea-esisteva-gia\/226326\/\"]}]},{\"@type\":\"BreadcrumbList\",\"@id\":\"https:\/\/staging.varesenews.it\/2007\/11\/varese-como-la-linea-esisteva-gia\/226326\/#breadcrumb\",\"itemListElement\":[{\"@type\":\"ListItem\",\"position\":1,\"name\":\"Home\",\"item\":\"https:\/\/www.varesenews.it\/\"},{\"@type\":\"ListItem\",\"position\":2,\"name\":\"Varese-Como, la linea esisteva gi\u00e0\"}]},{\"@type\":\"WebSite\",\"@id\":\"https:\/\/staging.varesenews.it\/#website\",\"url\":\"https:\/\/staging.varesenews.it\/\",\"name\":\"VareseNews\",\"description\":\"\",\"potentialAction\":[{\"@type\":\"SearchAction\",\"target\":{\"@type\":\"EntryPoint\",\"urlTemplate\":\"https:\/\/staging.varesenews.it\/?s={search_term_string}\"},\"query-input\":\"required name=search_term_string\"}],\"inLanguage\":\"it-IT\"},{\"@type\":\"Person\",\"@id\":\"https:\/\/staging.varesenews.it\/#\/schema\/person\/fb20c4da0b7b16c291707a20db73e169\",\"name\":\"Redazione VareseNews\",\"image\":{\"@type\":\"ImageObject\",\"inLanguage\":\"it-IT\",\"@id\":\"https:\/\/staging.varesenews.it\/#\/schema\/person\/image\/\",\"url\":\"https:\/\/staging.varesenews.it\/wp-content\/uploads\/2020\/12\/logo_VN_colori_500.png\",\"contentUrl\":\"https:\/\/staging.varesenews.it\/wp-content\/uploads\/2020\/12\/logo_VN_colori_500.png\",\"caption\":\"Redazione VareseNews\"},\"url\":\"https:\/\/staging.varesenews.it\/persona\/redazione1\/\"}]}<\/script>\n<!-- \/ Yoast SEO plugin. -->","yoast_head_json":{"title":"Varese-Como, la linea esisteva gi\u00e0","description":"La nuova Arcisate-Stabio potrebbe risolvere anche la questione del collegamento ferroviario tra Varese e Como, soppresso e smatellato negli anni sessanta","robots":{"index":"noindex","follow":"follow","max-snippet":"max-snippet:-1","max-image-preview":"max-image-preview:large","max-video-preview":"max-video-preview:-1"},"og_locale":"it_IT","og_type":"article","og_title":"Varese-Como, la linea esisteva gi\u00e0","og_description":"La nuova Arcisate-Stabio potrebbe risolvere anche la questione del collegamento ferroviario tra Varese e Como, soppresso e smatellato negli anni sessanta","og_url":"https:\/\/staging.varesenews.it\/2007\/11\/varese-como-la-linea-esisteva-gia\/226326\/","og_site_name":"VareseNews","article_publisher":"https:\/\/www.facebook.com\/varesenews","article_published_time":"2007-11-30T00:00:00+00:00","author":"Redazione VareseNews","twitter_card":"summary_large_image","twitter_creator":"@varesenews","twitter_site":"@varesenews","twitter_misc":{"Scritto da":"Redazione VareseNews","Tempo di lettura stimato":"2 minuti"},"schema":{"@context":"https:\/\/schema.org","@graph":[{"@type":"WebPage","@id":"https:\/\/staging.varesenews.it\/2007\/11\/varese-como-la-linea-esisteva-gia\/226326\/","url":"https:\/\/staging.varesenews.it\/2007\/11\/varese-como-la-linea-esisteva-gia\/226326\/","name":"Varese-Como, la linea esisteva gi\u00e0","isPartOf":{"@id":"https:\/\/staging.varesenews.it\/#website"},"datePublished":"2007-11-30T00:00:00+00:00","dateModified":"2007-11-30T00:00:00+00:00","author":{"@id":"https:\/\/staging.varesenews.it\/#\/schema\/person\/fb20c4da0b7b16c291707a20db73e169"},"description":"La nuova Arcisate-Stabio potrebbe risolvere anche la questione del collegamento ferroviario tra Varese e Como, soppresso e smatellato negli anni sessanta","breadcrumb":{"@id":"https:\/\/staging.varesenews.it\/2007\/11\/varese-como-la-linea-esisteva-gia\/226326\/#breadcrumb"},"inLanguage":"it-IT","potentialAction":[{"@type":"ReadAction","target":["https:\/\/staging.varesenews.it\/2007\/11\/varese-como-la-linea-esisteva-gia\/226326\/"]}]},{"@type":"BreadcrumbList","@id":"https:\/\/staging.varesenews.it\/2007\/11\/varese-como-la-linea-esisteva-gia\/226326\/#breadcrumb","itemListElement":[{"@type":"ListItem","position":1,"name":"Home","item":"https:\/\/www.varesenews.it\/"},{"@type":"ListItem","position":2,"name":"Varese-Como, la linea esisteva gi\u00e0"}]},{"@type":"WebSite","@id":"https:\/\/staging.varesenews.it\/#website","url":"https:\/\/staging.varesenews.it\/","name":"VareseNews","description":"","potentialAction":[{"@type":"SearchAction","target":{"@type":"EntryPoint","urlTemplate":"https:\/\/staging.varesenews.it\/?s={search_term_string}"},"query-input":"required name=search_term_string"}],"inLanguage":"it-IT"},{"@type":"Person","@id":"https:\/\/staging.varesenews.it\/#\/schema\/person\/fb20c4da0b7b16c291707a20db73e169","name":"Redazione VareseNews","image":{"@type":"ImageObject","inLanguage":"it-IT","@id":"https:\/\/staging.varesenews.it\/#\/schema\/person\/image\/","url":"https:\/\/staging.varesenews.it\/wp-content\/uploads\/2020\/12\/logo_VN_colori_500.png","contentUrl":"https:\/\/staging.varesenews.it\/wp-content\/uploads\/2020\/12\/logo_VN_colori_500.png","caption":"Redazione VareseNews"},"url":"https:\/\/staging.varesenews.it\/persona\/redazione1\/"}]}},"post_meta":{"id_old":"85727","argomento":"Varese-Como","autore_old":"R.M."},"photos":[],"_links":{"self":[{"href":"https:\/\/staging.varesenews.it\/swgapi\/v1\/wp\/v2\/posts\/226326"}],"collection":[{"href":"https:\/\/staging.varesenews.it\/swgapi\/v1\/wp\/v2\/posts"}],"about":[{"href":"https:\/\/staging.varesenews.it\/swgapi\/v1\/wp\/v2\/types\/post"}],"author":[{"embeddable":true,"href":"https:\/\/staging.varesenews.it\/swgapi\/v1\/wp\/v2\/users\/10"}],"replies":[{"embeddable":true,"href":"https:\/\/staging.varesenews.it\/swgapi\/v1\/wp\/v2\/comments?post=226326"}],"version-history":[{"count":0,"href":"https:\/\/staging.varesenews.it\/swgapi\/v1\/wp\/v2\/posts\/226326\/revisions"}],"wp:attachment":[{"href":"https:\/\/staging.varesenews.it\/swgapi\/v1\/wp\/v2\/media?parent=226326"}],"wp:term":[{"taxonomy":"category","embeddable":true,"href":"https:\/\/staging.varesenews.it\/swgapi\/v1\/wp\/v2\/categories?post=226326"},{"taxonomy":"post_tag","embeddable":true,"href":"https:\/\/staging.varesenews.it\/swgapi\/v1\/wp\/v2\/tags?post=226326"}],"curies":[{"name":"wp","href":"https:\/\/api.w.org\/{rel}","templated":true}]}}