{"id":226425,"date":"2007-11-20T00:00:00","date_gmt":"2007-11-20T00:00:00","guid":{"rendered":""},"modified":"2007-11-20T00:00:00","modified_gmt":"2007-11-20T00:00:00","slug":"sanremolab-ecco-i-finalisti","status":"publish","type":"post","link":"https:\/\/staging.varesenews.it\/2007\/11\/sanremolab-ecco-i-finalisti\/226425\/","title":{"rendered":"SanremoLab, ecco i finalisti"},"content":{"rendered":"<p><span style=\"font-family: georgia,times new roman,times,serif;\"><span style=\"font-family: arial,helvetica,sans-serif;\"><img decoding=\"async\" vspace=\"3\" hspace=\"3\" border=\"1\" align=\"left\" src=\"https:\/\/www3.varesenews.it\/immagini_articoli\/200507\/logo_sanremolab.jpg\" \/>Si sono concluse le semifinali di <span style=\"font-weight: bold;\">SanremoLab<\/span> che per tutta la scorsa settimana hanno visto impegnata la commissione artistica, presieduta da Massimo Cotto, nel selezionare<span style=\"font-weight: bold;\"> i 40 artisti che accederanno alla finale<\/span>. Parte cos\u00ec per i 40 finalisti la corsa alla conquista del Festival della Canzone Italiana: <span style=\"font-weight: bold;\">dal 2 al 5 dicembre<\/span>, infatti, si svolgeranno le selezioni che decreteranno i 12 finalisti da sottoporre alla Commissione Artistica RAI.<\/span><br style=\"font-family: arial,helvetica,sans-serif;\" \/><br style=\"font-family: arial,helvetica,sans-serif;\" \/><span style=\"font-family: arial,helvetica,sans-serif;\">\u201cSiamo arrivati alla fase finale di questa manifestazione \u2013 dice <span style=\"font-weight: bold;\">Maurizio Caridi<\/span> presidente di Sanremo Promotion \u2013 iniziata a settembre con la presenza di Pippo Baudo all\u2019inaugurazione dei corsi e che terminer\u00e0 sempre alla presenza di Baudo marted\u00ec 11 dicembre. Credo che il processo di riposizionamento di questa manifestazione stia proseguendo giorno dopo giorno. Sono soddisfatto di come stiamo procedendo sia dal punto di vista organizzativo, sia per l\u2019impegno della commissione artistica che sta lavorando in totale autonomia.\u201d<\/span><br style=\"font-family: arial,helvetica,sans-serif;\" \/><br style=\"font-family: arial,helvetica,sans-serif;\" \/><span style=\"font-family: arial,helvetica,sans-serif;\">\u201cUna Commissione \u2013 dice <span style=\"font-weight: bold;\">Massimo Cotto<\/span> &#8211;\u00a0 \u00e8 sempre una coperta corta: da qualsiasi parte la tiri, ci sar\u00e0 sempre qualcuno scontento e al freddo, per\u00f2 noi crediamo ciecamente nei 40 finalisti: hanno carattere, personalit\u00e0, valore e belle canzoni. Certo, devono ancora lavorare e molto, perch\u00e9 non tutto \u00e8 a fuoco, ma si vede netta la scintilla giusta. Siamo fiduciosi\u201d.<\/span><br style=\"font-family: arial,helvetica,sans-serif;\" \/><br style=\"font-family: arial,helvetica,sans-serif;\" \/><span style=\"font-family: arial,helvetica,sans-serif;\"><span style=\"font-weight: bold;\">Ecco i nominativi dei 40 finalisti<\/span>: Gabriele Aprile, Mattia Capitini, Alice Nichele, Consuelo, Noemi, Valeria Vaglio, Monia, Marco R\u00f2, Adriano, Federico D\u2019Annunzio, G&amp;G, Roberto Cappella, MR. White Rabbit; Andrea Vassalini, Luca Leoni, Juele, Giovanni Cossu, Daniele, Tullio Mancino, Arianna Rossetti, Sabrina Gherardi, Giancarlo Ingrassia, Nativa, Roberto Casalino, Jamilah, Alberto, Matteo Sperandio, Erika Mineo, Silvia Caracristi, Verd\u00ec, Ariel, Beppe Stanco, Silvia Falzarano, Nelio, Marco Iannone, Ordarada, Giua, Imma, Antonio Nardi, Sara Ferrini.<\/span><br \/><\/span><\/p>\n","protected":false},"excerpt":{"rendered":"<p>Sono quaranta gli artisti selezionati in vista del prossimo Festival ma solo dodici passeranno all&#8217;esame della Commissione Artistica della Rai <\/p>\n","protected":false},"author":10,"featured_media":0,"comment_status":"open","ping_status":"open","sticky":false,"template":"","format":"standard","meta":{"footnotes":""},"categories":[20],"tags":[],"acf":[],"yoast_head":"<!-- This site is optimized with the Yoast SEO plugin v20.1 - https:\/\/yoast.com\/wordpress\/plugins\/seo\/ -->\n<title>SanremoLab, ecco i finalisti<\/title>\n<meta name=\"description\" content=\"Sono quaranta gli artisti selezionati in vista del prossimo Festival ma solo dodici passeranno all&#039;esame della Commissione Artistica della Rai\" \/>\n<meta name=\"robots\" content=\"noindex, follow, max-snippet:-1, max-image-preview:large, max-video-preview:-1\" \/>\n<meta property=\"og:locale\" content=\"it_IT\" \/>\n<meta property=\"og:type\" content=\"article\" \/>\n<meta property=\"og:title\" content=\"SanremoLab, ecco i finalisti\" \/>\n<meta property=\"og:description\" content=\"Sono quaranta gli artisti selezionati in vista del prossimo Festival ma solo dodici passeranno all&#039;esame della Commissione Artistica della Rai\" \/>\n<meta property=\"og:url\" content=\"https:\/\/staging.varesenews.it\/2007\/11\/sanremolab-ecco-i-finalisti\/226425\/\" \/>\n<meta property=\"og:site_name\" content=\"VareseNews\" \/>\n<meta property=\"article:publisher\" content=\"https:\/\/www.facebook.com\/varesenews\" \/>\n<meta property=\"article:published_time\" content=\"2007-11-20T00:00:00+00:00\" \/>\n<meta property=\"og:image\" content=\"https:\/\/www3.varesenews.it\/immagini_articoli\/200507\/logo_sanremolab.jpg\" \/>\n<meta name=\"author\" content=\"Redazione VareseNews\" \/>\n<meta name=\"twitter:card\" content=\"summary_large_image\" \/>\n<meta name=\"twitter:creator\" content=\"@varesenews\" \/>\n<meta name=\"twitter:site\" content=\"@varesenews\" \/>\n<meta name=\"twitter:label1\" content=\"Scritto da\" \/>\n\t<meta name=\"twitter:data1\" content=\"Redazione VareseNews\" \/>\n\t<meta name=\"twitter:label2\" content=\"Tempo di lettura stimato\" \/>\n\t<meta name=\"twitter:data2\" content=\"1 minuto\" \/>\n<script type=\"application\/ld+json\" class=\"yoast-schema-graph\">{\"@context\":\"https:\/\/schema.org\",\"@graph\":[{\"@type\":\"WebPage\",\"@id\":\"https:\/\/staging.varesenews.it\/2007\/11\/sanremolab-ecco-i-finalisti\/226425\/\",\"url\":\"https:\/\/staging.varesenews.it\/2007\/11\/sanremolab-ecco-i-finalisti\/226425\/\",\"name\":\"SanremoLab, ecco i finalisti\",\"isPartOf\":{\"@id\":\"https:\/\/staging.varesenews.it\/#website\"},\"datePublished\":\"2007-11-20T00:00:00+00:00\",\"dateModified\":\"2007-11-20T00:00:00+00:00\",\"author\":{\"@id\":\"https:\/\/staging.varesenews.it\/#\/schema\/person\/fb20c4da0b7b16c291707a20db73e169\"},\"description\":\"Sono quaranta gli artisti selezionati in vista del prossimo Festival ma solo dodici passeranno all'esame della Commissione Artistica della Rai\",\"breadcrumb\":{\"@id\":\"https:\/\/staging.varesenews.it\/2007\/11\/sanremolab-ecco-i-finalisti\/226425\/#breadcrumb\"},\"inLanguage\":\"it-IT\",\"potentialAction\":[{\"@type\":\"ReadAction\",\"target\":[\"https:\/\/staging.varesenews.it\/2007\/11\/sanremolab-ecco-i-finalisti\/226425\/\"]}]},{\"@type\":\"BreadcrumbList\",\"@id\":\"https:\/\/staging.varesenews.it\/2007\/11\/sanremolab-ecco-i-finalisti\/226425\/#breadcrumb\",\"itemListElement\":[{\"@type\":\"ListItem\",\"position\":1,\"name\":\"Home\",\"item\":\"https:\/\/www.varesenews.it\/\"},{\"@type\":\"ListItem\",\"position\":2,\"name\":\"SanremoLab, ecco i finalisti\"}]},{\"@type\":\"WebSite\",\"@id\":\"https:\/\/staging.varesenews.it\/#website\",\"url\":\"https:\/\/staging.varesenews.it\/\",\"name\":\"VareseNews\",\"description\":\"\",\"potentialAction\":[{\"@type\":\"SearchAction\",\"target\":{\"@type\":\"EntryPoint\",\"urlTemplate\":\"https:\/\/staging.varesenews.it\/?s={search_term_string}\"},\"query-input\":\"required name=search_term_string\"}],\"inLanguage\":\"it-IT\"},{\"@type\":\"Person\",\"@id\":\"https:\/\/staging.varesenews.it\/#\/schema\/person\/fb20c4da0b7b16c291707a20db73e169\",\"name\":\"Redazione VareseNews\",\"image\":{\"@type\":\"ImageObject\",\"inLanguage\":\"it-IT\",\"@id\":\"https:\/\/staging.varesenews.it\/#\/schema\/person\/image\/\",\"url\":\"https:\/\/staging.varesenews.it\/wp-content\/uploads\/2020\/12\/logo_VN_colori_500.png\",\"contentUrl\":\"https:\/\/staging.varesenews.it\/wp-content\/uploads\/2020\/12\/logo_VN_colori_500.png\",\"caption\":\"Redazione VareseNews\"},\"url\":\"https:\/\/staging.varesenews.it\/persona\/redazione1\/\"}]}<\/script>\n<!-- \/ Yoast SEO plugin. -->","yoast_head_json":{"title":"SanremoLab, ecco i finalisti","description":"Sono quaranta gli artisti selezionati in vista del prossimo Festival ma solo dodici passeranno all'esame della Commissione Artistica della Rai","robots":{"index":"noindex","follow":"follow","max-snippet":"max-snippet:-1","max-image-preview":"max-image-preview:large","max-video-preview":"max-video-preview:-1"},"og_locale":"it_IT","og_type":"article","og_title":"SanremoLab, ecco i finalisti","og_description":"Sono quaranta gli artisti selezionati in vista del prossimo Festival ma solo dodici passeranno all'esame della Commissione Artistica della Rai","og_url":"https:\/\/staging.varesenews.it\/2007\/11\/sanremolab-ecco-i-finalisti\/226425\/","og_site_name":"VareseNews","article_publisher":"https:\/\/www.facebook.com\/varesenews","article_published_time":"2007-11-20T00:00:00+00:00","og_image":[{"url":"https:\/\/www3.varesenews.it\/immagini_articoli\/200507\/logo_sanremolab.jpg"}],"author":"Redazione VareseNews","twitter_card":"summary_large_image","twitter_creator":"@varesenews","twitter_site":"@varesenews","twitter_misc":{"Scritto da":"Redazione VareseNews","Tempo di lettura stimato":"1 minuto"},"schema":{"@context":"https:\/\/schema.org","@graph":[{"@type":"WebPage","@id":"https:\/\/staging.varesenews.it\/2007\/11\/sanremolab-ecco-i-finalisti\/226425\/","url":"https:\/\/staging.varesenews.it\/2007\/11\/sanremolab-ecco-i-finalisti\/226425\/","name":"SanremoLab, ecco i finalisti","isPartOf":{"@id":"https:\/\/staging.varesenews.it\/#website"},"datePublished":"2007-11-20T00:00:00+00:00","dateModified":"2007-11-20T00:00:00+00:00","author":{"@id":"https:\/\/staging.varesenews.it\/#\/schema\/person\/fb20c4da0b7b16c291707a20db73e169"},"description":"Sono quaranta gli artisti selezionati in vista del prossimo Festival ma solo dodici passeranno all'esame della Commissione Artistica della Rai","breadcrumb":{"@id":"https:\/\/staging.varesenews.it\/2007\/11\/sanremolab-ecco-i-finalisti\/226425\/#breadcrumb"},"inLanguage":"it-IT","potentialAction":[{"@type":"ReadAction","target":["https:\/\/staging.varesenews.it\/2007\/11\/sanremolab-ecco-i-finalisti\/226425\/"]}]},{"@type":"BreadcrumbList","@id":"https:\/\/staging.varesenews.it\/2007\/11\/sanremolab-ecco-i-finalisti\/226425\/#breadcrumb","itemListElement":[{"@type":"ListItem","position":1,"name":"Home","item":"https:\/\/www.varesenews.it\/"},{"@type":"ListItem","position":2,"name":"SanremoLab, ecco i finalisti"}]},{"@type":"WebSite","@id":"https:\/\/staging.varesenews.it\/#website","url":"https:\/\/staging.varesenews.it\/","name":"VareseNews","description":"","potentialAction":[{"@type":"SearchAction","target":{"@type":"EntryPoint","urlTemplate":"https:\/\/staging.varesenews.it\/?s={search_term_string}"},"query-input":"required name=search_term_string"}],"inLanguage":"it-IT"},{"@type":"Person","@id":"https:\/\/staging.varesenews.it\/#\/schema\/person\/fb20c4da0b7b16c291707a20db73e169","name":"Redazione VareseNews","image":{"@type":"ImageObject","inLanguage":"it-IT","@id":"https:\/\/staging.varesenews.it\/#\/schema\/person\/image\/","url":"https:\/\/staging.varesenews.it\/wp-content\/uploads\/2020\/12\/logo_VN_colori_500.png","contentUrl":"https:\/\/staging.varesenews.it\/wp-content\/uploads\/2020\/12\/logo_VN_colori_500.png","caption":"Redazione VareseNews"},"url":"https:\/\/staging.varesenews.it\/persona\/redazione1\/"}]}},"post_meta":{"id_old":"85601","argomento":"Sanremo"},"photos":[],"_links":{"self":[{"href":"https:\/\/staging.varesenews.it\/swgapi\/v1\/wp\/v2\/posts\/226425"}],"collection":[{"href":"https:\/\/staging.varesenews.it\/swgapi\/v1\/wp\/v2\/posts"}],"about":[{"href":"https:\/\/staging.varesenews.it\/swgapi\/v1\/wp\/v2\/types\/post"}],"author":[{"embeddable":true,"href":"https:\/\/staging.varesenews.it\/swgapi\/v1\/wp\/v2\/users\/10"}],"replies":[{"embeddable":true,"href":"https:\/\/staging.varesenews.it\/swgapi\/v1\/wp\/v2\/comments?post=226425"}],"version-history":[{"count":0,"href":"https:\/\/staging.varesenews.it\/swgapi\/v1\/wp\/v2\/posts\/226425\/revisions"}],"wp:attachment":[{"href":"https:\/\/staging.varesenews.it\/swgapi\/v1\/wp\/v2\/media?parent=226425"}],"wp:term":[{"taxonomy":"category","embeddable":true,"href":"https:\/\/staging.varesenews.it\/swgapi\/v1\/wp\/v2\/categories?post=226425"},{"taxonomy":"post_tag","embeddable":true,"href":"https:\/\/staging.varesenews.it\/swgapi\/v1\/wp\/v2\/tags?post=226425"}],"curies":[{"name":"wp","href":"https:\/\/api.w.org\/{rel}","templated":true}]}}