{"id":227621,"date":"2007-10-31T00:00:00","date_gmt":"2007-10-31T00:00:00","guid":{"rendered":""},"modified":"2007-10-31T00:00:00","modified_gmt":"2007-10-31T00:00:00","slug":"halloween-party-al-sancho-panza","status":"publish","type":"post","link":"https:\/\/staging.varesenews.it\/2007\/10\/halloween-party-al-sancho-panza\/227621\/","title":{"rendered":"Halloween party al Sancho Panza"},"content":{"rendered":"<p><font face=\"arial,helvetica,sans-serif\">Il 31 ottobre suonano i Porto Flamingo un gruppo che miscela rock, folk e reggae, 8 musicisti fra fisarmoniche e percussioni, musica popolare da ballare!<br \/>Il Porto Flamingo nasce nella primavera dell\u2019anno 2000 dall\u2019incontro fra la volont\u00e0 di Simone Michelacci e Alessandro Mencancini ed il vagare senza patria degli altri oramai cinque componenti che, uno ad uno, si sono aggregati attorno all\u2019idea originaria di fondare un gruppo folk.<br \/>&quot;L\u2019intento-dichiara il gruppo- \u00e8 quello di mettere in moto gambe e sorriso, e se per caso rimane il tempo di ascoltare un po&#8217; pi\u00f9 a fondo le tracce proposte, sia mai che non si scopra che tanta facilit\u00e0 non impedisce alle canzoni di avere anche una stilla di cervello&quot;.<br \/>Il Porto Flamingo propone al momento un frizzante set live della durata di un\u2019ora e mezzo circa, estensibile fino alla sfinente performance di due e passa.<br \/>Il Porto Flamingo \u00e8 composto da:<br \/>Andrea Cippa Paganelli: voce, Simon El Grizzo Michelacci: chitarra acustica e cori, Fabio Carlos Fiaschi: chitarra elettrica e cori, Alessandro Homer Mencancini: basso, Fabio Tattab\u00f9 Bonaccolta: percussioni e cori, Daniele Moschino Furcas: fisarmonica ed Enrico Rodrigo Banci: batteria.<\/p>\n<p>Venerdi 02 invece si torna al rock con un gruppo della scena<br \/>sarda che suona com i MarleneKuntz degli anni&#8217;90, presentano<br \/>il loro primo cd &quot;Estasi Pura&quot;: sono i sassaresi Primochef del cosmo. <br \/>Si tratta di una produzione Desvelos Records, quest\u2019ultima protagonista dell\u2019underground italiano attraverso gli album di Hugo Race (Nick Cave), Micevice, Santa Sangre, Marta Collica ed altri. Il disco vede la partecipazione di Giovanni Ferrario (Morgan, Scisma, Hugo Race) nelle vesti di produttore artistico, \u00e8 registrato tra gli ulivi delle campagna sassarese attraverso l\u2019ausilio di uno studio mobile, mixato a Cagliari e masterizzato da Giovanni Versari al Nautilus di Milano. La distribuzione nazionale del supporto sar\u00e0 affidata ad Audioglobe. <br \/>\u201cEstasi pura\u201d \u00e8 ancora in classifica nell\u2019Indie Music Like del MEI di Faenza del 2006, undicesimo brano al fianco di nomi ben pi\u00f9 blasonati.<br \/>Il \u201cPrimochef del cosmo\u201d nel corso degli anni si esibisce con vari rappresentanti dell\u2019 underground italiano:<br \/>Bugo, Paolo Benvegn\u00f9, Giorgio Canali, Marlene Kuntz, Marta sui tubi.<\/p>\n<p>Per chiudere sabato 03.11 suonano i nostrani SpondamagraSurfer&#8217;s, b-side degli HardDiskaunt interpretano cover-pop strafamose in versione surf, ska, reggae and roll: da non perdere! <br \/>ascoltateli su www.myspace.com\/spondamagrasurfers<\/p>\n<p>Ingresso ai concerti con tessera ElQuixote a 5 euro<br \/>inizio dei concerti ore 22.30<\/p>\n<p>Circolo Sancho Panza<br \/>bar-trattoria-eventi<br \/>via de cristoforis 5 VARESE<br \/>www.coopsanchopanza.org 0332-235458<\/font> <\/p>\n","protected":false},"excerpt":{"rendered":"<p>Tre giorni di musica dal vivo: il 31 suonano i Porto Flamingo<\/p>\n","protected":false},"author":10,"featured_media":0,"comment_status":"open","ping_status":"open","sticky":false,"template":"","format":"standard","meta":{"footnotes":""},"categories":[20],"tags":[],"acf":[],"yoast_head":"<!-- This site is optimized with the Yoast SEO plugin v20.1 - https:\/\/yoast.com\/wordpress\/plugins\/seo\/ -->\n<title>Halloween party al Sancho Panza<\/title>\n<meta name=\"description\" content=\"Tre giorni di musica dal vivo: il 31 suonano i Porto Flamingo\" \/>\n<meta name=\"robots\" content=\"noindex, follow, max-snippet:-1, max-image-preview:large, max-video-preview:-1\" \/>\n<meta property=\"og:locale\" content=\"it_IT\" \/>\n<meta property=\"og:type\" content=\"article\" \/>\n<meta property=\"og:title\" content=\"Halloween party al Sancho Panza\" \/>\n<meta property=\"og:description\" content=\"Tre giorni di musica dal vivo: il 31 suonano i Porto Flamingo\" \/>\n<meta property=\"og:url\" content=\"https:\/\/staging.varesenews.it\/2007\/10\/halloween-party-al-sancho-panza\/227621\/\" \/>\n<meta property=\"og:site_name\" content=\"VareseNews\" \/>\n<meta property=\"article:publisher\" content=\"https:\/\/www.facebook.com\/varesenews\" \/>\n<meta property=\"article:published_time\" content=\"2007-10-31T00:00:00+00:00\" \/>\n<meta name=\"author\" content=\"Redazione VareseNews\" \/>\n<meta name=\"twitter:card\" content=\"summary_large_image\" \/>\n<meta name=\"twitter:creator\" content=\"@varesenews\" \/>\n<meta name=\"twitter:site\" content=\"@varesenews\" \/>\n<meta name=\"twitter:label1\" content=\"Scritto da\" \/>\n\t<meta name=\"twitter:data1\" content=\"Redazione VareseNews\" \/>\n\t<meta name=\"twitter:label2\" content=\"Tempo di lettura stimato\" \/>\n\t<meta name=\"twitter:data2\" content=\"2 minuti\" \/>\n<script type=\"application\/ld+json\" class=\"yoast-schema-graph\">{\"@context\":\"https:\/\/schema.org\",\"@graph\":[{\"@type\":\"WebPage\",\"@id\":\"https:\/\/staging.varesenews.it\/2007\/10\/halloween-party-al-sancho-panza\/227621\/\",\"url\":\"https:\/\/staging.varesenews.it\/2007\/10\/halloween-party-al-sancho-panza\/227621\/\",\"name\":\"Halloween party al Sancho Panza\",\"isPartOf\":{\"@id\":\"https:\/\/staging.varesenews.it\/#website\"},\"datePublished\":\"2007-10-31T00:00:00+00:00\",\"dateModified\":\"2007-10-31T00:00:00+00:00\",\"author\":{\"@id\":\"https:\/\/staging.varesenews.it\/#\/schema\/person\/fb20c4da0b7b16c291707a20db73e169\"},\"description\":\"Tre giorni di musica dal vivo: il 31 suonano i Porto Flamingo\",\"breadcrumb\":{\"@id\":\"https:\/\/staging.varesenews.it\/2007\/10\/halloween-party-al-sancho-panza\/227621\/#breadcrumb\"},\"inLanguage\":\"it-IT\",\"potentialAction\":[{\"@type\":\"ReadAction\",\"target\":[\"https:\/\/staging.varesenews.it\/2007\/10\/halloween-party-al-sancho-panza\/227621\/\"]}]},{\"@type\":\"BreadcrumbList\",\"@id\":\"https:\/\/staging.varesenews.it\/2007\/10\/halloween-party-al-sancho-panza\/227621\/#breadcrumb\",\"itemListElement\":[{\"@type\":\"ListItem\",\"position\":1,\"name\":\"Home\",\"item\":\"https:\/\/www.varesenews.it\/\"},{\"@type\":\"ListItem\",\"position\":2,\"name\":\"Halloween party al Sancho Panza\"}]},{\"@type\":\"WebSite\",\"@id\":\"https:\/\/staging.varesenews.it\/#website\",\"url\":\"https:\/\/staging.varesenews.it\/\",\"name\":\"VareseNews\",\"description\":\"\",\"potentialAction\":[{\"@type\":\"SearchAction\",\"target\":{\"@type\":\"EntryPoint\",\"urlTemplate\":\"https:\/\/staging.varesenews.it\/?s={search_term_string}\"},\"query-input\":\"required name=search_term_string\"}],\"inLanguage\":\"it-IT\"},{\"@type\":\"Person\",\"@id\":\"https:\/\/staging.varesenews.it\/#\/schema\/person\/fb20c4da0b7b16c291707a20db73e169\",\"name\":\"Redazione VareseNews\",\"image\":{\"@type\":\"ImageObject\",\"inLanguage\":\"it-IT\",\"@id\":\"https:\/\/staging.varesenews.it\/#\/schema\/person\/image\/\",\"url\":\"https:\/\/staging.varesenews.it\/wp-content\/uploads\/2020\/12\/logo_VN_colori_500.png\",\"contentUrl\":\"https:\/\/staging.varesenews.it\/wp-content\/uploads\/2020\/12\/logo_VN_colori_500.png\",\"caption\":\"Redazione VareseNews\"},\"url\":\"https:\/\/staging.varesenews.it\/persona\/redazione1\/\"}]}<\/script>\n<!-- \/ Yoast SEO plugin. -->","yoast_head_json":{"title":"Halloween party al Sancho Panza","description":"Tre giorni di musica dal vivo: il 31 suonano i Porto Flamingo","robots":{"index":"noindex","follow":"follow","max-snippet":"max-snippet:-1","max-image-preview":"max-image-preview:large","max-video-preview":"max-video-preview:-1"},"og_locale":"it_IT","og_type":"article","og_title":"Halloween party al Sancho Panza","og_description":"Tre giorni di musica dal vivo: il 31 suonano i Porto Flamingo","og_url":"https:\/\/staging.varesenews.it\/2007\/10\/halloween-party-al-sancho-panza\/227621\/","og_site_name":"VareseNews","article_publisher":"https:\/\/www.facebook.com\/varesenews","article_published_time":"2007-10-31T00:00:00+00:00","author":"Redazione VareseNews","twitter_card":"summary_large_image","twitter_creator":"@varesenews","twitter_site":"@varesenews","twitter_misc":{"Scritto da":"Redazione VareseNews","Tempo di lettura stimato":"2 minuti"},"schema":{"@context":"https:\/\/schema.org","@graph":[{"@type":"WebPage","@id":"https:\/\/staging.varesenews.it\/2007\/10\/halloween-party-al-sancho-panza\/227621\/","url":"https:\/\/staging.varesenews.it\/2007\/10\/halloween-party-al-sancho-panza\/227621\/","name":"Halloween party al Sancho Panza","isPartOf":{"@id":"https:\/\/staging.varesenews.it\/#website"},"datePublished":"2007-10-31T00:00:00+00:00","dateModified":"2007-10-31T00:00:00+00:00","author":{"@id":"https:\/\/staging.varesenews.it\/#\/schema\/person\/fb20c4da0b7b16c291707a20db73e169"},"description":"Tre giorni di musica dal vivo: il 31 suonano i Porto Flamingo","breadcrumb":{"@id":"https:\/\/staging.varesenews.it\/2007\/10\/halloween-party-al-sancho-panza\/227621\/#breadcrumb"},"inLanguage":"it-IT","potentialAction":[{"@type":"ReadAction","target":["https:\/\/staging.varesenews.it\/2007\/10\/halloween-party-al-sancho-panza\/227621\/"]}]},{"@type":"BreadcrumbList","@id":"https:\/\/staging.varesenews.it\/2007\/10\/halloween-party-al-sancho-panza\/227621\/#breadcrumb","itemListElement":[{"@type":"ListItem","position":1,"name":"Home","item":"https:\/\/www.varesenews.it\/"},{"@type":"ListItem","position":2,"name":"Halloween party al Sancho Panza"}]},{"@type":"WebSite","@id":"https:\/\/staging.varesenews.it\/#website","url":"https:\/\/staging.varesenews.it\/","name":"VareseNews","description":"","potentialAction":[{"@type":"SearchAction","target":{"@type":"EntryPoint","urlTemplate":"https:\/\/staging.varesenews.it\/?s={search_term_string}"},"query-input":"required name=search_term_string"}],"inLanguage":"it-IT"},{"@type":"Person","@id":"https:\/\/staging.varesenews.it\/#\/schema\/person\/fb20c4da0b7b16c291707a20db73e169","name":"Redazione VareseNews","image":{"@type":"ImageObject","inLanguage":"it-IT","@id":"https:\/\/staging.varesenews.it\/#\/schema\/person\/image\/","url":"https:\/\/staging.varesenews.it\/wp-content\/uploads\/2020\/12\/logo_VN_colori_500.png","contentUrl":"https:\/\/staging.varesenews.it\/wp-content\/uploads\/2020\/12\/logo_VN_colori_500.png","caption":"Redazione VareseNews"},"url":"https:\/\/staging.varesenews.it\/persona\/redazione1\/"}]}},"post_meta":{"id_old":"84047","argomento":"Varese","autore_old":"Notizia inviata da un nostro lettore"},"photos":[],"_links":{"self":[{"href":"https:\/\/staging.varesenews.it\/swgapi\/v1\/wp\/v2\/posts\/227621"}],"collection":[{"href":"https:\/\/staging.varesenews.it\/swgapi\/v1\/wp\/v2\/posts"}],"about":[{"href":"https:\/\/staging.varesenews.it\/swgapi\/v1\/wp\/v2\/types\/post"}],"author":[{"embeddable":true,"href":"https:\/\/staging.varesenews.it\/swgapi\/v1\/wp\/v2\/users\/10"}],"replies":[{"embeddable":true,"href":"https:\/\/staging.varesenews.it\/swgapi\/v1\/wp\/v2\/comments?post=227621"}],"version-history":[{"count":0,"href":"https:\/\/staging.varesenews.it\/swgapi\/v1\/wp\/v2\/posts\/227621\/revisions"}],"wp:attachment":[{"href":"https:\/\/staging.varesenews.it\/swgapi\/v1\/wp\/v2\/media?parent=227621"}],"wp:term":[{"taxonomy":"category","embeddable":true,"href":"https:\/\/staging.varesenews.it\/swgapi\/v1\/wp\/v2\/categories?post=227621"},{"taxonomy":"post_tag","embeddable":true,"href":"https:\/\/staging.varesenews.it\/swgapi\/v1\/wp\/v2\/tags?post=227621"}],"curies":[{"name":"wp","href":"https:\/\/api.w.org\/{rel}","templated":true}]}}