{"id":227656,"date":"2007-10-30T00:00:00","date_gmt":"2007-10-30T00:00:00","guid":{"rendered":""},"modified":"2007-10-30T00:00:00","modified_gmt":"2007-10-30T00:00:00","slug":"l-isola-bella-e-il-parco-piu-bello-d-italia","status":"publish","type":"post","link":"https:\/\/staging.varesenews.it\/2007\/10\/l-isola-bella-e-il-parco-piu-bello-d-italia\/227656\/","title":{"rendered":"L&#8217;isola Bella \u00e8 il parco pi\u00f9 bello d&#8217;Italia"},"content":{"rendered":"<p style=\"margin-bottom: 0.0001pt; line-height: normal;\" class=\"MsoNormal\"><span style=\"font-size: 12pt; font-family: Arial;\"><span style=\"font-weight: bold;\"><img decoding=\"async\" vspace=\"3\" hspace=\"3\" border=\"0\" align=\"left\" src=\"https:\/\/www3.varesenews.it\/immagini_articoli\/200710\/ISOLA_BELLA-Giorgio-Gnemmi2.jpg\" style=\"width: 298px; height: 213px;\" \/><\/span><\/span><span style=\"font-size: 12pt; font-family: Arial;\">L\u2019Isola Bella<br \/>\nBorromeo \u00e8 il vincitore dell\u2019 edizione 2007 del premio <span style=\"font-weight: bold;\">\u201cIl Parco Pi\u00f9 Bello<br \/>\nd\u2019Italia\u201d<\/span>, selezionato da una giuria formata da noti botanici, architetti<br \/>\npaesaggisti, storici e giornalisti. <o:p \/> La premiazione si svolger\u00e0 all\u2019Isola Bella il 31 ottobre<br \/>\nalle ore 11 a cura della societ\u00e0 promotrice del premio e alla presenza dei<br \/>\nPrincipi Borromeo e delle autorit\u00e0.<o:p \/><\/span><\/p>\n<p style=\"margin-bottom: 0.0001pt; line-height: normal;\" class=\"MsoNormal\"><span style=\"font-size: 12pt; font-family: Arial;\"><span style=\"font-weight: bold;\">L\u2019Isola Bella<\/span> <o:p \/>&#8211; Agli inizi del 500 era chiamata Inferiore ed era costituita<br \/>\nessenzialmente da un grande scoglio occupato da modeste abitazioni di pescatori.<o:p \/> I primi acquisti da parte dei Borromeo risalgono alla<br \/>\nseconda met\u00e0 del 1500 con Giulio Cesare III Borromeo (1593-1638) ma sar\u00e0 poi<br \/>\nsar\u00e0 Carlo III Borromeo (1586-1652) ad incrementare stabilmente gli<br \/>\ninvestimenti familiari sull\u2019isola.<o:p \/> Oggi Palazzo Borromeo, realizzato in stile barocco, domina<br \/>\nil piccolo borgo isolano; il palazzo, completato dopo la seconda guerra<br \/>\nmondiale, con la costruzione del salone grande, \u00e8 il risultato di una lunga<br \/>\nserie di lavori iniziati nel 1630. <o:p \/><\/span><\/p>\n<p style=\"margin-bottom: 0.0001pt; line-height: normal;\" class=\"MsoNormal\"><span style=\"font-size: 12pt; font-family: Arial;\">Di grande interesse storico sono la Sala della Musica, dove<br \/>\nnell&#8217;aprile del 1935 si svolse la Conferenza di Stresa tra Mussolini, Laval e<br \/>\nMac Donald che avrebbe dovuto garantire la pace europea e la Sala di Napoleone<br \/>\nche qui soggiorn\u00f2 con la moglie Giuseppina Beauharnais nel 1797.<o:p \/> Di rara suggestione le sei grotte al piano inferiore del<br \/>\nPalazzo completamente rivestite da ciottoli, sassi bianchi e neri, schegge di<br \/>\ntufo, stucchi<span>&nbsp;<\/span>e marmi; esse furono<br \/>\nimmaginate da Vitaliano Borromeo con l&#8217;assistenza dell&#8217;architetto Cagnola come<br \/>\nluogo di frescura e diletto, dove proteggersi dalla calura estiva.<o:p \/><\/span><\/p>\n<p style=\"margin-bottom: 0.0001pt; line-height: normal;\" class=\"MsoNormal\"><span style=\"font-size: 12pt; font-family: Arial;\"><o:p>&nbsp;<\/o:p><\/span><\/p>\n<p style=\"margin-bottom: 0.0001pt; line-height: normal;\" class=\"MsoNormal\"><span style=\"font-size: 12pt; font-family: Arial;\"><span style=\"font-weight: bold;\">Il giardino<\/span><o:p \/> &#8211; Terminata la visita<span>&nbsp;<\/span>della dimora<br \/>\nsi accede ai giardini per una piacevole passeggiata. Questo singolare monumento<br \/>\nfiorito sviluppato a terrazze ornate e sovrapposte, \u00e8 un classico e inimitabile<br \/>\nesempio di &quot;giardino all&#8217;italiana&quot; seicentesco. Fra piante esotiche e<br \/>\nrare, la spettacolare fioritura \u00e8 progettata per offrire colori e profumi da<br \/>\nmarzo a ottobre.<o:p \/> Splendido e grandioso giardino barocco all&#8217;italiana \u00e8 uno degli esempi<br \/>\npi\u00f9 noti e meglio conservati in Italia. Costruito in tempi diversi, \u00e8 comunque<br \/>\nun insieme coerente di forma piramidale che culmina nella grande statua del<br \/>\nLiocorno<\/span><span style=\"font-size: 12pt; font-family: Arial;\"><img decoding=\"async\" vspace=\"3\" hspace=\"3\" border=\"0\" align=\"right\" src=\"https:\/\/www3.varesenews.it\/immagini_articoli\/200606\/isolabella.jpg\" style=\"width: 287px; height: 215px;\" \/><\/span><span style=\"font-size: 12pt; font-family: Arial;\"> cavalcato da Amore. <o:p \/> Articolato in dieci terrazze digradanti, \u00e8 abbellito da vasche, fontane,<br \/>\nprospettive architettoniche e una moltitudine di statue risalenti alla seconda<br \/>\nmet\u00e0 del Seicento rappresentanti personificazioni di fiumi, stagioni e venti.<br \/>\nMolti di questi &quot;ambienti&quot; sono delimitati da muraglie e balaustre<br \/>\nsulle quali ancor oggi si intuiscono i punti da cui sgorgavano zampilli,<br \/>\nfontane, cascatelle e giochi d&#8217;acqua. <o:p \/> Il clima, particolarmente mite, ha permesso la crescita di una<br \/>\nvegetazione ricca di variet\u00e0 e specie che qui hanno trovato il loro habitat.<br \/>\nFra azalee e rododendri, spalliere di pompelmi e arance amare, orchidee e<br \/>\npiante carnivore, spicca la sagoma di un grosso canforo di pi\u00f9 di duecento<br \/>\nanni. Le piante esotiche vengono riposte durante la stagione invernale nella<br \/>\nserra ottocentesca, inserita nel percorso di visita. Le rifiniture ricorrenti da<br \/>\nmarzo a settembre non lasciano mai il giardino privo di fascino e di colore. <o:p \/><\/span><\/p>\n<p style=\"margin-bottom: 0.0001pt;\" class=\"MsoNormal\"><span style=\"font-size: 12pt; line-height: 115%; font-family: Arial;\"><span style=\"font-weight: bold;\">La famiglia Borromeo &#8211;\u00a0<\/span> <o:p \/>E&#8217; nativa di San Miniato al Monte in<br \/>\nToscana, terra che fu costretta a lasciare in seguito alla messa al bando della<br \/>\nfamiglia nel 1370 e alla condanna a morte di Filippo, che nel 1367 aveva<br \/>\ncapeggiato la sollevazione della citt\u00e0 contro Firenze (1367). Alcuni documenti<br \/>\naccertano che i Borromeo si trasferirono a Milano e nel 1395 ne ottennero la<br \/>\ncittadinanza. Abili banchieri e uomini d\u2019affari, grazie anche ad una strategica<br \/>\npolitica di alleanza matrimoniali, divennero una delle famiglia pi\u00f9 importanti<br \/>\ndel nord Italia.<o:p \/> Fra i personaggi pi\u00f9 noti della famiglia vi sono i due<br \/>\nArcivescovi di Milano San Carlo Borromeo (1538-1584), la cui enorme statua<br \/>\nsorge ad Arona, sul lago Maggiore, ed il cugino Cardinal Federico (1564-1631).<o:p \/><\/span><\/p>\n","protected":false},"excerpt":{"rendered":"<p>Il palazzo, il giardino, la storia familiare. Il lembo di terra in mezzo al lago \u00e8 un&#8217;opera d&#8217;arte e di storia. Domani 31 ottobre la premiazione<\/p>\n","protected":false},"author":10,"featured_media":0,"comment_status":"open","ping_status":"open","sticky":false,"template":"","format":"standard","meta":{"footnotes":""},"categories":[44667],"tags":[],"acf":[],"yoast_head":"<!-- This site is optimized with the Yoast SEO plugin v20.1 - https:\/\/yoast.com\/wordpress\/plugins\/seo\/ -->\n<title>L&#039;isola Bella \u00e8 il parco pi\u00f9 bello d&#039;Italia<\/title>\n<meta name=\"description\" content=\"Il palazzo, il giardino, la storia familiare. Il lembo di terra in mezzo al lago \u00e8 un&#039;opera d&#039;arte e di storia. Domani 31 ottobre la premiazione\" \/>\n<meta name=\"robots\" content=\"noindex, follow, max-snippet:-1, max-image-preview:large, max-video-preview:-1\" \/>\n<meta property=\"og:locale\" content=\"it_IT\" \/>\n<meta property=\"og:type\" content=\"article\" \/>\n<meta property=\"og:title\" content=\"L&#039;isola Bella \u00e8 il parco pi\u00f9 bello d&#039;Italia\" \/>\n<meta property=\"og:description\" content=\"Il palazzo, il giardino, la storia familiare. Il lembo di terra in mezzo al lago \u00e8 un&#039;opera d&#039;arte e di storia. Domani 31 ottobre la premiazione\" \/>\n<meta property=\"og:url\" content=\"https:\/\/staging.varesenews.it\/2007\/10\/l-isola-bella-e-il-parco-piu-bello-d-italia\/227656\/\" \/>\n<meta property=\"og:site_name\" content=\"VareseNews\" \/>\n<meta property=\"article:publisher\" content=\"https:\/\/www.facebook.com\/varesenews\" \/>\n<meta property=\"article:published_time\" content=\"2007-10-30T00:00:00+00:00\" \/>\n<meta property=\"og:image\" content=\"https:\/\/www3.varesenews.it\/immagini_articoli\/200710\/ISOLA_BELLA-Giorgio-Gnemmi2.jpg\" \/>\n<meta name=\"author\" content=\"Redazione VareseNews\" \/>\n<meta name=\"twitter:card\" content=\"summary_large_image\" \/>\n<meta name=\"twitter:creator\" content=\"@varesenews\" \/>\n<meta name=\"twitter:site\" content=\"@varesenews\" \/>\n<meta name=\"twitter:label1\" content=\"Scritto da\" \/>\n\t<meta name=\"twitter:data1\" content=\"Redazione VareseNews\" \/>\n\t<meta name=\"twitter:label2\" content=\"Tempo di lettura stimato\" \/>\n\t<meta name=\"twitter:data2\" content=\"3 minuti\" \/>\n<script type=\"application\/ld+json\" class=\"yoast-schema-graph\">{\"@context\":\"https:\/\/schema.org\",\"@graph\":[{\"@type\":\"WebPage\",\"@id\":\"https:\/\/staging.varesenews.it\/2007\/10\/l-isola-bella-e-il-parco-piu-bello-d-italia\/227656\/\",\"url\":\"https:\/\/staging.varesenews.it\/2007\/10\/l-isola-bella-e-il-parco-piu-bello-d-italia\/227656\/\",\"name\":\"L'isola Bella \u00e8 il parco pi\u00f9 bello d'Italia\",\"isPartOf\":{\"@id\":\"https:\/\/staging.varesenews.it\/#website\"},\"datePublished\":\"2007-10-30T00:00:00+00:00\",\"dateModified\":\"2007-10-30T00:00:00+00:00\",\"author\":{\"@id\":\"https:\/\/staging.varesenews.it\/#\/schema\/person\/fb20c4da0b7b16c291707a20db73e169\"},\"description\":\"Il palazzo, il giardino, la storia familiare. Il lembo di terra in mezzo al lago \u00e8 un'opera d'arte e di storia. Domani 31 ottobre la premiazione\",\"breadcrumb\":{\"@id\":\"https:\/\/staging.varesenews.it\/2007\/10\/l-isola-bella-e-il-parco-piu-bello-d-italia\/227656\/#breadcrumb\"},\"inLanguage\":\"it-IT\",\"potentialAction\":[{\"@type\":\"ReadAction\",\"target\":[\"https:\/\/staging.varesenews.it\/2007\/10\/l-isola-bella-e-il-parco-piu-bello-d-italia\/227656\/\"]}]},{\"@type\":\"BreadcrumbList\",\"@id\":\"https:\/\/staging.varesenews.it\/2007\/10\/l-isola-bella-e-il-parco-piu-bello-d-italia\/227656\/#breadcrumb\",\"itemListElement\":[{\"@type\":\"ListItem\",\"position\":1,\"name\":\"Home\",\"item\":\"https:\/\/www.varesenews.it\/\"},{\"@type\":\"ListItem\",\"position\":2,\"name\":\"L&#8217;isola Bella \u00e8 il parco pi\u00f9 bello d&#8217;Italia\"}]},{\"@type\":\"WebSite\",\"@id\":\"https:\/\/staging.varesenews.it\/#website\",\"url\":\"https:\/\/staging.varesenews.it\/\",\"name\":\"VareseNews\",\"description\":\"\",\"potentialAction\":[{\"@type\":\"SearchAction\",\"target\":{\"@type\":\"EntryPoint\",\"urlTemplate\":\"https:\/\/staging.varesenews.it\/?s={search_term_string}\"},\"query-input\":\"required name=search_term_string\"}],\"inLanguage\":\"it-IT\"},{\"@type\":\"Person\",\"@id\":\"https:\/\/staging.varesenews.it\/#\/schema\/person\/fb20c4da0b7b16c291707a20db73e169\",\"name\":\"Redazione VareseNews\",\"image\":{\"@type\":\"ImageObject\",\"inLanguage\":\"it-IT\",\"@id\":\"https:\/\/staging.varesenews.it\/#\/schema\/person\/image\/\",\"url\":\"https:\/\/staging.varesenews.it\/wp-content\/uploads\/2020\/12\/logo_VN_colori_500.png\",\"contentUrl\":\"https:\/\/staging.varesenews.it\/wp-content\/uploads\/2020\/12\/logo_VN_colori_500.png\",\"caption\":\"Redazione VareseNews\"},\"url\":\"https:\/\/staging.varesenews.it\/persona\/redazione1\/\"}]}<\/script>\n<!-- \/ Yoast SEO plugin. -->","yoast_head_json":{"title":"L'isola Bella \u00e8 il parco pi\u00f9 bello d'Italia","description":"Il palazzo, il giardino, la storia familiare. Il lembo di terra in mezzo al lago \u00e8 un'opera d'arte e di storia. Domani 31 ottobre la premiazione","robots":{"index":"noindex","follow":"follow","max-snippet":"max-snippet:-1","max-image-preview":"max-image-preview:large","max-video-preview":"max-video-preview:-1"},"og_locale":"it_IT","og_type":"article","og_title":"L'isola Bella \u00e8 il parco pi\u00f9 bello d'Italia","og_description":"Il palazzo, il giardino, la storia familiare. Il lembo di terra in mezzo al lago \u00e8 un'opera d'arte e di storia. Domani 31 ottobre la premiazione","og_url":"https:\/\/staging.varesenews.it\/2007\/10\/l-isola-bella-e-il-parco-piu-bello-d-italia\/227656\/","og_site_name":"VareseNews","article_publisher":"https:\/\/www.facebook.com\/varesenews","article_published_time":"2007-10-30T00:00:00+00:00","og_image":[{"url":"https:\/\/www3.varesenews.it\/immagini_articoli\/200710\/ISOLA_BELLA-Giorgio-Gnemmi2.jpg"}],"author":"Redazione VareseNews","twitter_card":"summary_large_image","twitter_creator":"@varesenews","twitter_site":"@varesenews","twitter_misc":{"Scritto da":"Redazione VareseNews","Tempo di lettura stimato":"3 minuti"},"schema":{"@context":"https:\/\/schema.org","@graph":[{"@type":"WebPage","@id":"https:\/\/staging.varesenews.it\/2007\/10\/l-isola-bella-e-il-parco-piu-bello-d-italia\/227656\/","url":"https:\/\/staging.varesenews.it\/2007\/10\/l-isola-bella-e-il-parco-piu-bello-d-italia\/227656\/","name":"L'isola Bella \u00e8 il parco pi\u00f9 bello d'Italia","isPartOf":{"@id":"https:\/\/staging.varesenews.it\/#website"},"datePublished":"2007-10-30T00:00:00+00:00","dateModified":"2007-10-30T00:00:00+00:00","author":{"@id":"https:\/\/staging.varesenews.it\/#\/schema\/person\/fb20c4da0b7b16c291707a20db73e169"},"description":"Il palazzo, il giardino, la storia familiare. Il lembo di terra in mezzo al lago \u00e8 un'opera d'arte e di storia. Domani 31 ottobre la premiazione","breadcrumb":{"@id":"https:\/\/staging.varesenews.it\/2007\/10\/l-isola-bella-e-il-parco-piu-bello-d-italia\/227656\/#breadcrumb"},"inLanguage":"it-IT","potentialAction":[{"@type":"ReadAction","target":["https:\/\/staging.varesenews.it\/2007\/10\/l-isola-bella-e-il-parco-piu-bello-d-italia\/227656\/"]}]},{"@type":"BreadcrumbList","@id":"https:\/\/staging.varesenews.it\/2007\/10\/l-isola-bella-e-il-parco-piu-bello-d-italia\/227656\/#breadcrumb","itemListElement":[{"@type":"ListItem","position":1,"name":"Home","item":"https:\/\/www.varesenews.it\/"},{"@type":"ListItem","position":2,"name":"L&#8217;isola Bella \u00e8 il parco pi\u00f9 bello d&#8217;Italia"}]},{"@type":"WebSite","@id":"https:\/\/staging.varesenews.it\/#website","url":"https:\/\/staging.varesenews.it\/","name":"VareseNews","description":"","potentialAction":[{"@type":"SearchAction","target":{"@type":"EntryPoint","urlTemplate":"https:\/\/staging.varesenews.it\/?s={search_term_string}"},"query-input":"required name=search_term_string"}],"inLanguage":"it-IT"},{"@type":"Person","@id":"https:\/\/staging.varesenews.it\/#\/schema\/person\/fb20c4da0b7b16c291707a20db73e169","name":"Redazione VareseNews","image":{"@type":"ImageObject","inLanguage":"it-IT","@id":"https:\/\/staging.varesenews.it\/#\/schema\/person\/image\/","url":"https:\/\/staging.varesenews.it\/wp-content\/uploads\/2020\/12\/logo_VN_colori_500.png","contentUrl":"https:\/\/staging.varesenews.it\/wp-content\/uploads\/2020\/12\/logo_VN_colori_500.png","caption":"Redazione VareseNews"},"url":"https:\/\/staging.varesenews.it\/persona\/redazione1\/"}]}},"post_meta":{"id_old":"84001","argomento":"Lago Maggiore"},"photos":[],"_links":{"self":[{"href":"https:\/\/staging.varesenews.it\/swgapi\/v1\/wp\/v2\/posts\/227656"}],"collection":[{"href":"https:\/\/staging.varesenews.it\/swgapi\/v1\/wp\/v2\/posts"}],"about":[{"href":"https:\/\/staging.varesenews.it\/swgapi\/v1\/wp\/v2\/types\/post"}],"author":[{"embeddable":true,"href":"https:\/\/staging.varesenews.it\/swgapi\/v1\/wp\/v2\/users\/10"}],"replies":[{"embeddable":true,"href":"https:\/\/staging.varesenews.it\/swgapi\/v1\/wp\/v2\/comments?post=227656"}],"version-history":[{"count":0,"href":"https:\/\/staging.varesenews.it\/swgapi\/v1\/wp\/v2\/posts\/227656\/revisions"}],"wp:attachment":[{"href":"https:\/\/staging.varesenews.it\/swgapi\/v1\/wp\/v2\/media?parent=227656"}],"wp:term":[{"taxonomy":"category","embeddable":true,"href":"https:\/\/staging.varesenews.it\/swgapi\/v1\/wp\/v2\/categories?post=227656"},{"taxonomy":"post_tag","embeddable":true,"href":"https:\/\/staging.varesenews.it\/swgapi\/v1\/wp\/v2\/tags?post=227656"}],"curies":[{"name":"wp","href":"https:\/\/api.w.org\/{rel}","templated":true}]}}