{"id":229691,"date":"2007-09-28T00:00:00","date_gmt":"2007-09-28T00:00:00","guid":{"rendered":""},"modified":"2007-09-28T00:00:00","modified_gmt":"2007-09-28T00:00:00","slug":"lo-svincolo-distruggera-definitivamente-il-territorio","status":"publish","type":"post","link":"https:\/\/staging.varesenews.it\/2007\/09\/lo-svincolo-distruggera-definitivamente-il-territorio\/229691\/","title":{"rendered":"\u00abLo svincolo distrugger\u00e0 definitivamente il territorio\u00bb"},"content":{"rendered":"<p class=\"MsoNormal\" style=\"MARGIN: 0cm 0cm 0pt\"><i>riceviamo e pubblichiamo<\/i><\/p>\n<p \/>\n<p class=\"MsoNormal\" style=\"MARGIN: 0cm 0cm 0pt\">Mercoled\u00ec sera, 26 settembre, durante il Consiglio Comunale aperto di Uboldo, si \u00e8 consumata l\u2019ennesima presa in giro nei confronti delle nostra gente circa la realizzazione dello Svincolo A9. In netto ritardo sull\u2019orario di inizio (forse per scoraggiare i temerari che avevano sfidato il maltempo) la serata si \u00e8 sviluppata attorno all\u2019illustrazione di un progetto ormai deciso e ai fantomatici benefici per il territorio che l\u2019opera dovrebbe portare. I relatori si sono per\u00f2 dimenticati di dire che, una volta realizzato lo svincolo, a Uboldo di territorio ne rester\u00e0 ben poco. Per tutta la serata hanno richiamato la gente al dialogo. Ma quale dialogo? Quello che prevede comunque l\u2019accettazione di un\u2019opera che sconvolger\u00e0 definitivamente Uboldo e il Saronnese? \u00a0 <\/p>\n<p class=\"MsoNormal\" style=\"MARGIN: 0cm 0cm 0pt\">Ci\u00f2 che ha infastidito la gente presente \u00e8 stata soprattutto l\u2019arroganza delle istituzioni a giustificazione di decisioni calate dall\u2019alto e a difesa degli interessi forti, contrapposta all\u2019impotenza dei cittadini uboldesi ai quali non \u00e8 stato neppure consentito di decidere se lo svincolo era da farsi o meno: come sudditi devono accettare ci\u00f2 che lo Stato impone? <br \/>Abbiamo assistito ad una farsa il cui copione era gi\u00e0 scritto: l\u2019opera si deve fare perch\u00e9 gli altri 16 comuni sono favorevoli?. GRAZIE! Lo svincolo per\u00f2 \u00e8 sul territorio di Uboldo. A Saronno e Gerenzano si \u00e8 costruito in ogni angolo possibile ed ora il paradosso \u00e8 che quelle comunit\u00e0 (come Uboldo) che hanno saputo preservare il proprio territorio mantenendolo in buona parte agricolo si trovano a subire la realizzazione di un mostruoso svincolo che &#8211; contrariamente a quanto affermato dal sindaco di Saronno Gilli, da quello di Origgio Panzeri, dal Vicepresidente della Provincia e dall\u2019assessore regionale Cattaneo &#8211; porter\u00e0 ulteriore traffico in una zona ormai congestionata e al collasso. <\/p>\n<p \/>\n<p class=\"MsoNormal\" style=\"MARGIN: 0cm 0cm 0pt\">Ma perch\u00e9 Gilli, visto che ritiene questo svincolo fondamentale e vitale per la sua citt\u00e0, non fa demolire un po\u2019 di palazzoni e centri commerciali e se lo costruisce a Saronno? <br \/>Una considerazione a parte va dedicata a Guzzetti, che a pi\u00f9 riprese di \u00e8 autodefinito il Signor Sindaco. Bene: vedere tante certezze e tanta arroganza in una persona che ricopre una carica tanto importante da soli quattro mesi, nei quali non si \u00e8 mai preoccupato di capire veramente la volont\u00e0 dei suoi concittadini, fa pensare che forse il tanto auspicato rinnovamento della classe politica \u00e8 meglio che non avvenga! <\/p>\n","protected":false},"excerpt":{"rendered":"<p>L\u2019associazione \u201cDom\u00e0 Nunch\u201d spiega la propria posizione dopo l\u2019incontro in cui \u00e8 stato presentato il progetto della nuova opera<\/p>\n","protected":false},"author":10,"featured_media":0,"comment_status":"open","ping_status":"open","sticky":false,"template":"","format":"standard","meta":{"footnotes":""},"categories":[5],"tags":[],"acf":[],"yoast_head":"<!-- This site is optimized with the Yoast SEO plugin v20.1 - https:\/\/yoast.com\/wordpress\/plugins\/seo\/ -->\n<title>\u00abLo svincolo distrugger\u00e0 definitivamente il territorio\u00bb<\/title>\n<meta name=\"description\" content=\"L\u2019associazione \u201cDom\u00e0 Nunch\u201d spiega la propria posizione dopo l\u2019incontro in cui \u00e8 stato presentato il progetto della nuova opera\" \/>\n<meta name=\"robots\" content=\"noindex, follow, max-snippet:-1, max-image-preview:large, max-video-preview:-1\" \/>\n<meta property=\"og:locale\" content=\"it_IT\" \/>\n<meta property=\"og:type\" content=\"article\" \/>\n<meta property=\"og:title\" content=\"\u00abLo svincolo distrugger\u00e0 definitivamente il territorio\u00bb\" \/>\n<meta property=\"og:description\" content=\"L\u2019associazione \u201cDom\u00e0 Nunch\u201d spiega la propria posizione dopo l\u2019incontro in cui \u00e8 stato presentato il progetto della nuova opera\" \/>\n<meta property=\"og:url\" content=\"https:\/\/staging.varesenews.it\/2007\/09\/lo-svincolo-distruggera-definitivamente-il-territorio\/229691\/\" \/>\n<meta property=\"og:site_name\" content=\"VareseNews\" \/>\n<meta property=\"article:publisher\" content=\"https:\/\/www.facebook.com\/varesenews\" \/>\n<meta property=\"article:published_time\" content=\"2007-09-28T00:00:00+00:00\" \/>\n<meta name=\"author\" content=\"Redazione VareseNews\" \/>\n<meta name=\"twitter:card\" content=\"summary_large_image\" \/>\n<meta name=\"twitter:creator\" content=\"@varesenews\" \/>\n<meta name=\"twitter:site\" content=\"@varesenews\" \/>\n<meta name=\"twitter:label1\" content=\"Scritto da\" \/>\n\t<meta name=\"twitter:data1\" content=\"Redazione VareseNews\" \/>\n\t<meta name=\"twitter:label2\" content=\"Tempo di lettura stimato\" \/>\n\t<meta name=\"twitter:data2\" content=\"2 minuti\" \/>\n<script type=\"application\/ld+json\" class=\"yoast-schema-graph\">{\"@context\":\"https:\/\/schema.org\",\"@graph\":[{\"@type\":\"WebPage\",\"@id\":\"https:\/\/staging.varesenews.it\/2007\/09\/lo-svincolo-distruggera-definitivamente-il-territorio\/229691\/\",\"url\":\"https:\/\/staging.varesenews.it\/2007\/09\/lo-svincolo-distruggera-definitivamente-il-territorio\/229691\/\",\"name\":\"\u00abLo svincolo distrugger\u00e0 definitivamente il territorio\u00bb\",\"isPartOf\":{\"@id\":\"https:\/\/staging.varesenews.it\/#website\"},\"datePublished\":\"2007-09-28T00:00:00+00:00\",\"dateModified\":\"2007-09-28T00:00:00+00:00\",\"author\":{\"@id\":\"https:\/\/staging.varesenews.it\/#\/schema\/person\/fb20c4da0b7b16c291707a20db73e169\"},\"description\":\"L\u2019associazione \u201cDom\u00e0 Nunch\u201d spiega la propria posizione dopo l\u2019incontro in cui \u00e8 stato presentato il progetto della nuova opera\",\"breadcrumb\":{\"@id\":\"https:\/\/staging.varesenews.it\/2007\/09\/lo-svincolo-distruggera-definitivamente-il-territorio\/229691\/#breadcrumb\"},\"inLanguage\":\"it-IT\",\"potentialAction\":[{\"@type\":\"ReadAction\",\"target\":[\"https:\/\/staging.varesenews.it\/2007\/09\/lo-svincolo-distruggera-definitivamente-il-territorio\/229691\/\"]}]},{\"@type\":\"BreadcrumbList\",\"@id\":\"https:\/\/staging.varesenews.it\/2007\/09\/lo-svincolo-distruggera-definitivamente-il-territorio\/229691\/#breadcrumb\",\"itemListElement\":[{\"@type\":\"ListItem\",\"position\":1,\"name\":\"Home\",\"item\":\"https:\/\/www.varesenews.it\/\"},{\"@type\":\"ListItem\",\"position\":2,\"name\":\"\u00abLo svincolo distrugger\u00e0 definitivamente il territorio\u00bb\"}]},{\"@type\":\"WebSite\",\"@id\":\"https:\/\/staging.varesenews.it\/#website\",\"url\":\"https:\/\/staging.varesenews.it\/\",\"name\":\"VareseNews\",\"description\":\"\",\"potentialAction\":[{\"@type\":\"SearchAction\",\"target\":{\"@type\":\"EntryPoint\",\"urlTemplate\":\"https:\/\/staging.varesenews.it\/?s={search_term_string}\"},\"query-input\":\"required name=search_term_string\"}],\"inLanguage\":\"it-IT\"},{\"@type\":\"Person\",\"@id\":\"https:\/\/staging.varesenews.it\/#\/schema\/person\/fb20c4da0b7b16c291707a20db73e169\",\"name\":\"Redazione VareseNews\",\"image\":{\"@type\":\"ImageObject\",\"inLanguage\":\"it-IT\",\"@id\":\"https:\/\/staging.varesenews.it\/#\/schema\/person\/image\/\",\"url\":\"https:\/\/staging.varesenews.it\/wp-content\/uploads\/2020\/12\/logo_VN_colori_500.png\",\"contentUrl\":\"https:\/\/staging.varesenews.it\/wp-content\/uploads\/2020\/12\/logo_VN_colori_500.png\",\"caption\":\"Redazione VareseNews\"},\"url\":\"https:\/\/staging.varesenews.it\/persona\/redazione1\/\"}]}<\/script>\n<!-- \/ Yoast SEO plugin. -->","yoast_head_json":{"title":"\u00abLo svincolo distrugger\u00e0 definitivamente il territorio\u00bb","description":"L\u2019associazione \u201cDom\u00e0 Nunch\u201d spiega la propria posizione dopo l\u2019incontro in cui \u00e8 stato presentato il progetto della nuova opera","robots":{"index":"noindex","follow":"follow","max-snippet":"max-snippet:-1","max-image-preview":"max-image-preview:large","max-video-preview":"max-video-preview:-1"},"og_locale":"it_IT","og_type":"article","og_title":"\u00abLo svincolo distrugger\u00e0 definitivamente il territorio\u00bb","og_description":"L\u2019associazione \u201cDom\u00e0 Nunch\u201d spiega la propria posizione dopo l\u2019incontro in cui \u00e8 stato presentato il progetto della nuova opera","og_url":"https:\/\/staging.varesenews.it\/2007\/09\/lo-svincolo-distruggera-definitivamente-il-territorio\/229691\/","og_site_name":"VareseNews","article_publisher":"https:\/\/www.facebook.com\/varesenews","article_published_time":"2007-09-28T00:00:00+00:00","author":"Redazione VareseNews","twitter_card":"summary_large_image","twitter_creator":"@varesenews","twitter_site":"@varesenews","twitter_misc":{"Scritto da":"Redazione VareseNews","Tempo di lettura stimato":"2 minuti"},"schema":{"@context":"https:\/\/schema.org","@graph":[{"@type":"WebPage","@id":"https:\/\/staging.varesenews.it\/2007\/09\/lo-svincolo-distruggera-definitivamente-il-territorio\/229691\/","url":"https:\/\/staging.varesenews.it\/2007\/09\/lo-svincolo-distruggera-definitivamente-il-territorio\/229691\/","name":"\u00abLo svincolo distrugger\u00e0 definitivamente il territorio\u00bb","isPartOf":{"@id":"https:\/\/staging.varesenews.it\/#website"},"datePublished":"2007-09-28T00:00:00+00:00","dateModified":"2007-09-28T00:00:00+00:00","author":{"@id":"https:\/\/staging.varesenews.it\/#\/schema\/person\/fb20c4da0b7b16c291707a20db73e169"},"description":"L\u2019associazione \u201cDom\u00e0 Nunch\u201d spiega la propria posizione dopo l\u2019incontro in cui \u00e8 stato presentato il progetto della nuova opera","breadcrumb":{"@id":"https:\/\/staging.varesenews.it\/2007\/09\/lo-svincolo-distruggera-definitivamente-il-territorio\/229691\/#breadcrumb"},"inLanguage":"it-IT","potentialAction":[{"@type":"ReadAction","target":["https:\/\/staging.varesenews.it\/2007\/09\/lo-svincolo-distruggera-definitivamente-il-territorio\/229691\/"]}]},{"@type":"BreadcrumbList","@id":"https:\/\/staging.varesenews.it\/2007\/09\/lo-svincolo-distruggera-definitivamente-il-territorio\/229691\/#breadcrumb","itemListElement":[{"@type":"ListItem","position":1,"name":"Home","item":"https:\/\/www.varesenews.it\/"},{"@type":"ListItem","position":2,"name":"\u00abLo svincolo distrugger\u00e0 definitivamente il territorio\u00bb"}]},{"@type":"WebSite","@id":"https:\/\/staging.varesenews.it\/#website","url":"https:\/\/staging.varesenews.it\/","name":"VareseNews","description":"","potentialAction":[{"@type":"SearchAction","target":{"@type":"EntryPoint","urlTemplate":"https:\/\/staging.varesenews.it\/?s={search_term_string}"},"query-input":"required name=search_term_string"}],"inLanguage":"it-IT"},{"@type":"Person","@id":"https:\/\/staging.varesenews.it\/#\/schema\/person\/fb20c4da0b7b16c291707a20db73e169","name":"Redazione VareseNews","image":{"@type":"ImageObject","inLanguage":"it-IT","@id":"https:\/\/staging.varesenews.it\/#\/schema\/person\/image\/","url":"https:\/\/staging.varesenews.it\/wp-content\/uploads\/2020\/12\/logo_VN_colori_500.png","contentUrl":"https:\/\/staging.varesenews.it\/wp-content\/uploads\/2020\/12\/logo_VN_colori_500.png","caption":"Redazione VareseNews"},"url":"https:\/\/staging.varesenews.it\/persona\/redazione1\/"}]}},"post_meta":{"id_old":"81353","argomento":"Uboldo","autore_old":"Matteo Colaone e Sergio Parini, Associazione Dom\u00e0 Nunch"},"photos":[],"_links":{"self":[{"href":"https:\/\/staging.varesenews.it\/swgapi\/v1\/wp\/v2\/posts\/229691"}],"collection":[{"href":"https:\/\/staging.varesenews.it\/swgapi\/v1\/wp\/v2\/posts"}],"about":[{"href":"https:\/\/staging.varesenews.it\/swgapi\/v1\/wp\/v2\/types\/post"}],"author":[{"embeddable":true,"href":"https:\/\/staging.varesenews.it\/swgapi\/v1\/wp\/v2\/users\/10"}],"replies":[{"embeddable":true,"href":"https:\/\/staging.varesenews.it\/swgapi\/v1\/wp\/v2\/comments?post=229691"}],"version-history":[{"count":0,"href":"https:\/\/staging.varesenews.it\/swgapi\/v1\/wp\/v2\/posts\/229691\/revisions"}],"wp:attachment":[{"href":"https:\/\/staging.varesenews.it\/swgapi\/v1\/wp\/v2\/media?parent=229691"}],"wp:term":[{"taxonomy":"category","embeddable":true,"href":"https:\/\/staging.varesenews.it\/swgapi\/v1\/wp\/v2\/categories?post=229691"},{"taxonomy":"post_tag","embeddable":true,"href":"https:\/\/staging.varesenews.it\/swgapi\/v1\/wp\/v2\/tags?post=229691"}],"curies":[{"name":"wp","href":"https:\/\/api.w.org\/{rel}","templated":true}]}}