{"id":230887,"date":"2007-09-09T00:00:00","date_gmt":"2007-09-09T00:00:00","guid":{"rendered":""},"modified":"2007-09-09T00:00:00","modified_gmt":"2007-09-09T00:00:00","slug":"un-tracciato-mondiale-con-sfumature-rosa","status":"publish","type":"post","link":"https:\/\/staging.varesenews.it\/2007\/09\/un-tracciato-mondiale-con-sfumature-rosa\/230887\/","title":{"rendered":"Un tracciato mondiale con sfumature rosa"},"content":{"rendered":"<p><font face=\"arial,helvetica,sans-serif\">\u201cSono contento che il Mondiale durer\u00e0 un giorno in pi\u00f9, cos\u00ec anche <strong>Zanini far\u00e0 in tempo a concludere<\/strong> la corsa\u201d. E\u2019 stata una battuta d\u2019autore, <strong>firmata Gianni Bugno<\/strong>, ad aprire il dibattito ospitato da ANCHE IO sui mondiali di ciclismo del 2008. <br \/><img loading=\"lazy\" decoding=\"async\" style=\"WIDTH: 307px; HEIGHT: 220px\" height=\"220\" hspace=\"3\" src=\"https:\/\/www3.varesenews.it\/immagini_articoli\/200709\/100_4847-400.jpg\" width=\"307\" align=\"left\" vspace=\"3\" border=\"1\" \/><strong>\u201cAllacciamo i pedali\u201d,<\/strong> questo il titolo dell\u2019incontro organizzato da VareseNews, \u00e8 servito a raccontare <strong>nei dettagli il percorso di gara<\/strong> grazie ad alcuni testimonial d\u2019eccezione. Bugno, innanzitutto, ma anche i ciclisti varesini <strong>Stefano Zanini e Gabriele Colombo<\/strong> e il vicepresidente di Varese 2008, <strong>Renzo Oldani<\/strong>. <\/font><\/p>\n<p><font face=\"arial,helvetica,sans-serif\">Il patron della Binda, stuzzicato dal pubblico, non ha voluto dare anticipazioni sui prossimi appuntamenti che legheranno la Citt\u00e0 Giardino e la rassegna iridata, ma<strong> non ha neppure smentito le indiscrezioni <\/strong>che vorrebbero Varese come sede di <strong>partenza del prossimo Giro di Lombardia<\/strong> e soprattutto sede di <strong>arrivo di una tappa al Giro della primavera 2008<\/strong>. Sempre Oldani ha poi voluto regalare un\u2019anteprima sul piano infrastrutturale: il progetto di utilizzare il trenino storico della Valmorea come<strong> vettore di tifosi e spettatori provenienti dalla Svizzera<\/strong>, in un legame non solo simbolico con il Mendrisiotto che ospiter\u00e0 il Mondiale 2009. La tratta ferroviaria sar\u00e0 integrata da un servizio navetta che collegher\u00e0 Malnate all\u2019Iper e da l\u00ec al percorso di gara. Sul tracciato sono intervenuti quindi i campioni del pedale. <strong>Bugno ha fatto notare le differenze<\/strong> del circuito di Varese rispetto ad alcune edizioni recenti, quelle per intenderci che hanno portato fortuna al campione spagnolo Oscar Freire e ad altri corridori che hanno nell\u2019arrivo di gruppo il proprio colpo vincente. \u201cNon dimentichiamo \u2013 ha spiegato il due volte iridato \u2013 che <strong>il traguardo non arriva dopo una discesa o un tratto facile, bens\u00ec dopo i Ronchi.<\/strong> Quindi non sar\u00e0 cos\u00ec semplice per i velocisti e le loro squadre tenere unito il gruppo e controllare la corsa\u201d. <\/font><\/p>\n<p><font face=\"arial,helvetica,sans-serif\">Una difficolt\u00e0 ulteriore \u00e8 data dal segmento cittadino del tracciato: lo ha ricordato il moderatore dell\u2019incontro Cesare Chiericati, lo ha confermato Gabriele Colombo. <strong>\u201cMancano rettilinei e punti di riferimento:<\/strong> per chi \u00e8 davanti questo pu\u00f2 essere un vantaggio notevole perch\u00e9 il gruppo potrebbe perdere di continuo il contatto visivo\u201d. Un po\u2019 come avvenne nella \u201csua\u201d Sanremo in quel grande arrivo del \u201996. Zanini, \u201cvittima\u201d designata degli scherzi di Bugno, ha a sua volta ironizzato sulla sua presenza al Mondiale: <strong>\u201cDi sicuro non \u00e8 un arrivo per me\u201d<\/strong> dando invece manforte a Renzo Oldani sui dettagli tecnici del tracciato. \u201cSono stati tolti alcuni tratti belli ma che avrebbero portato il plotone lontano dalla zona occupata dal pubblico. La scelta di scendere da Casbeno dove di fatto ci sar\u00e0 un doppio passaggio a ogni tornata va quindi a favorire ancor di pi\u00f9 i tifosi\u201d. Chiusura per lo stesso Oldani. \u201cSe \u00e8 vero che sul tracciato ospiteremo il via del \u201cLombardia\u201d? Io ora non posso confermare, ma vi dico <strong>che stiamo pensando anche a qualcosa di pi\u00f9 grosso\u201d<\/strong>. Qualcosa, diciamo noi, con evidenti sfumature rosa.<\/font> <\/p>\n","protected":false},"excerpt":{"rendered":"<p>All&#8217;incontro su Varese 2008 trapela la possibilit\u00e0 di un arrivo di tappa del Giro. Bugno scherza: &#8220;Se il mondiale durer\u00e0 un giorno in pi\u00f9, arriver\u00e0 anche Zanini&#8221;<\/p>\n","protected":false},"author":10,"featured_media":0,"comment_status":"open","ping_status":"open","sticky":false,"template":"","format":"standard","meta":{"footnotes":""},"categories":[44667],"tags":[],"acf":[],"yoast_head":"<!-- This site is optimized with the Yoast SEO plugin v20.1 - https:\/\/yoast.com\/wordpress\/plugins\/seo\/ -->\n<title>Un tracciato mondiale con sfumature rosa<\/title>\n<meta name=\"description\" content=\"All&#039;incontro su Varese 2008 trapela la possibilit\u00e0 di un arrivo di tappa del Giro. Bugno scherza: &quot;Se il mondiale durer\u00e0 un giorno in pi\u00f9, arriver\u00e0 anche Zanini&quot;\" \/>\n<meta name=\"robots\" content=\"noindex, follow, max-snippet:-1, max-image-preview:large, max-video-preview:-1\" \/>\n<meta property=\"og:locale\" content=\"it_IT\" \/>\n<meta property=\"og:type\" content=\"article\" \/>\n<meta property=\"og:title\" content=\"Un tracciato mondiale con sfumature rosa\" \/>\n<meta property=\"og:description\" content=\"All&#039;incontro su Varese 2008 trapela la possibilit\u00e0 di un arrivo di tappa del Giro. Bugno scherza: &quot;Se il mondiale durer\u00e0 un giorno in pi\u00f9, arriver\u00e0 anche Zanini&quot;\" \/>\n<meta property=\"og:url\" content=\"https:\/\/staging.varesenews.it\/2007\/09\/un-tracciato-mondiale-con-sfumature-rosa\/230887\/\" \/>\n<meta property=\"og:site_name\" content=\"VareseNews\" \/>\n<meta property=\"article:publisher\" content=\"https:\/\/www.facebook.com\/varesenews\" \/>\n<meta property=\"article:published_time\" content=\"2007-09-09T00:00:00+00:00\" \/>\n<meta property=\"og:image\" content=\"https:\/\/www3.varesenews.it\/immagini_articoli\/200709\/100_4847-400.jpg\" \/>\n<meta name=\"author\" content=\"Redazione VareseNews\" \/>\n<meta name=\"twitter:card\" content=\"summary_large_image\" \/>\n<meta name=\"twitter:creator\" content=\"@varesenews\" \/>\n<meta name=\"twitter:site\" content=\"@varesenews\" \/>\n<meta name=\"twitter:label1\" content=\"Scritto da\" \/>\n\t<meta name=\"twitter:data1\" content=\"Redazione VareseNews\" \/>\n\t<meta name=\"twitter:label2\" content=\"Tempo di lettura stimato\" \/>\n\t<meta name=\"twitter:data2\" content=\"2 minuti\" \/>\n<script type=\"application\/ld+json\" class=\"yoast-schema-graph\">{\"@context\":\"https:\/\/schema.org\",\"@graph\":[{\"@type\":\"WebPage\",\"@id\":\"https:\/\/staging.varesenews.it\/2007\/09\/un-tracciato-mondiale-con-sfumature-rosa\/230887\/\",\"url\":\"https:\/\/staging.varesenews.it\/2007\/09\/un-tracciato-mondiale-con-sfumature-rosa\/230887\/\",\"name\":\"Un tracciato mondiale con sfumature rosa\",\"isPartOf\":{\"@id\":\"https:\/\/staging.varesenews.it\/#website\"},\"datePublished\":\"2007-09-09T00:00:00+00:00\",\"dateModified\":\"2007-09-09T00:00:00+00:00\",\"author\":{\"@id\":\"https:\/\/staging.varesenews.it\/#\/schema\/person\/fb20c4da0b7b16c291707a20db73e169\"},\"description\":\"All'incontro su Varese 2008 trapela la possibilit\u00e0 di un arrivo di tappa del Giro. Bugno scherza: \\\"Se il mondiale durer\u00e0 un giorno in pi\u00f9, arriver\u00e0 anche Zanini\\\"\",\"breadcrumb\":{\"@id\":\"https:\/\/staging.varesenews.it\/2007\/09\/un-tracciato-mondiale-con-sfumature-rosa\/230887\/#breadcrumb\"},\"inLanguage\":\"it-IT\",\"potentialAction\":[{\"@type\":\"ReadAction\",\"target\":[\"https:\/\/staging.varesenews.it\/2007\/09\/un-tracciato-mondiale-con-sfumature-rosa\/230887\/\"]}]},{\"@type\":\"BreadcrumbList\",\"@id\":\"https:\/\/staging.varesenews.it\/2007\/09\/un-tracciato-mondiale-con-sfumature-rosa\/230887\/#breadcrumb\",\"itemListElement\":[{\"@type\":\"ListItem\",\"position\":1,\"name\":\"Home\",\"item\":\"https:\/\/www.varesenews.it\/\"},{\"@type\":\"ListItem\",\"position\":2,\"name\":\"Un tracciato mondiale con sfumature rosa\"}]},{\"@type\":\"WebSite\",\"@id\":\"https:\/\/staging.varesenews.it\/#website\",\"url\":\"https:\/\/staging.varesenews.it\/\",\"name\":\"VareseNews\",\"description\":\"\",\"potentialAction\":[{\"@type\":\"SearchAction\",\"target\":{\"@type\":\"EntryPoint\",\"urlTemplate\":\"https:\/\/staging.varesenews.it\/?s={search_term_string}\"},\"query-input\":\"required name=search_term_string\"}],\"inLanguage\":\"it-IT\"},{\"@type\":\"Person\",\"@id\":\"https:\/\/staging.varesenews.it\/#\/schema\/person\/fb20c4da0b7b16c291707a20db73e169\",\"name\":\"Redazione VareseNews\",\"image\":{\"@type\":\"ImageObject\",\"inLanguage\":\"it-IT\",\"@id\":\"https:\/\/staging.varesenews.it\/#\/schema\/person\/image\/\",\"url\":\"https:\/\/staging.varesenews.it\/wp-content\/uploads\/2020\/12\/logo_VN_colori_500.png\",\"contentUrl\":\"https:\/\/staging.varesenews.it\/wp-content\/uploads\/2020\/12\/logo_VN_colori_500.png\",\"caption\":\"Redazione VareseNews\"},\"url\":\"https:\/\/staging.varesenews.it\/persona\/redazione1\/\"}]}<\/script>\n<!-- \/ Yoast SEO plugin. -->","yoast_head_json":{"title":"Un tracciato mondiale con sfumature rosa","description":"All'incontro su Varese 2008 trapela la possibilit\u00e0 di un arrivo di tappa del Giro. Bugno scherza: \"Se il mondiale durer\u00e0 un giorno in pi\u00f9, arriver\u00e0 anche Zanini\"","robots":{"index":"noindex","follow":"follow","max-snippet":"max-snippet:-1","max-image-preview":"max-image-preview:large","max-video-preview":"max-video-preview:-1"},"og_locale":"it_IT","og_type":"article","og_title":"Un tracciato mondiale con sfumature rosa","og_description":"All'incontro su Varese 2008 trapela la possibilit\u00e0 di un arrivo di tappa del Giro. Bugno scherza: \"Se il mondiale durer\u00e0 un giorno in pi\u00f9, arriver\u00e0 anche Zanini\"","og_url":"https:\/\/staging.varesenews.it\/2007\/09\/un-tracciato-mondiale-con-sfumature-rosa\/230887\/","og_site_name":"VareseNews","article_publisher":"https:\/\/www.facebook.com\/varesenews","article_published_time":"2007-09-09T00:00:00+00:00","og_image":[{"url":"https:\/\/www3.varesenews.it\/immagini_articoli\/200709\/100_4847-400.jpg"}],"author":"Redazione VareseNews","twitter_card":"summary_large_image","twitter_creator":"@varesenews","twitter_site":"@varesenews","twitter_misc":{"Scritto da":"Redazione VareseNews","Tempo di lettura stimato":"2 minuti"},"schema":{"@context":"https:\/\/schema.org","@graph":[{"@type":"WebPage","@id":"https:\/\/staging.varesenews.it\/2007\/09\/un-tracciato-mondiale-con-sfumature-rosa\/230887\/","url":"https:\/\/staging.varesenews.it\/2007\/09\/un-tracciato-mondiale-con-sfumature-rosa\/230887\/","name":"Un tracciato mondiale con sfumature rosa","isPartOf":{"@id":"https:\/\/staging.varesenews.it\/#website"},"datePublished":"2007-09-09T00:00:00+00:00","dateModified":"2007-09-09T00:00:00+00:00","author":{"@id":"https:\/\/staging.varesenews.it\/#\/schema\/person\/fb20c4da0b7b16c291707a20db73e169"},"description":"All'incontro su Varese 2008 trapela la possibilit\u00e0 di un arrivo di tappa del Giro. Bugno scherza: \"Se il mondiale durer\u00e0 un giorno in pi\u00f9, arriver\u00e0 anche Zanini\"","breadcrumb":{"@id":"https:\/\/staging.varesenews.it\/2007\/09\/un-tracciato-mondiale-con-sfumature-rosa\/230887\/#breadcrumb"},"inLanguage":"it-IT","potentialAction":[{"@type":"ReadAction","target":["https:\/\/staging.varesenews.it\/2007\/09\/un-tracciato-mondiale-con-sfumature-rosa\/230887\/"]}]},{"@type":"BreadcrumbList","@id":"https:\/\/staging.varesenews.it\/2007\/09\/un-tracciato-mondiale-con-sfumature-rosa\/230887\/#breadcrumb","itemListElement":[{"@type":"ListItem","position":1,"name":"Home","item":"https:\/\/www.varesenews.it\/"},{"@type":"ListItem","position":2,"name":"Un tracciato mondiale con sfumature rosa"}]},{"@type":"WebSite","@id":"https:\/\/staging.varesenews.it\/#website","url":"https:\/\/staging.varesenews.it\/","name":"VareseNews","description":"","potentialAction":[{"@type":"SearchAction","target":{"@type":"EntryPoint","urlTemplate":"https:\/\/staging.varesenews.it\/?s={search_term_string}"},"query-input":"required name=search_term_string"}],"inLanguage":"it-IT"},{"@type":"Person","@id":"https:\/\/staging.varesenews.it\/#\/schema\/person\/fb20c4da0b7b16c291707a20db73e169","name":"Redazione VareseNews","image":{"@type":"ImageObject","inLanguage":"it-IT","@id":"https:\/\/staging.varesenews.it\/#\/schema\/person\/image\/","url":"https:\/\/staging.varesenews.it\/wp-content\/uploads\/2020\/12\/logo_VN_colori_500.png","contentUrl":"https:\/\/staging.varesenews.it\/wp-content\/uploads\/2020\/12\/logo_VN_colori_500.png","caption":"Redazione VareseNews"},"url":"https:\/\/staging.varesenews.it\/persona\/redazione1\/"}]}},"post_meta":{"id_old":"79755","argomento":"Anche Io","autore_old":"Damiano Franzetti"},"photos":[],"_links":{"self":[{"href":"https:\/\/staging.varesenews.it\/swgapi\/v1\/wp\/v2\/posts\/230887"}],"collection":[{"href":"https:\/\/staging.varesenews.it\/swgapi\/v1\/wp\/v2\/posts"}],"about":[{"href":"https:\/\/staging.varesenews.it\/swgapi\/v1\/wp\/v2\/types\/post"}],"author":[{"embeddable":true,"href":"https:\/\/staging.varesenews.it\/swgapi\/v1\/wp\/v2\/users\/10"}],"replies":[{"embeddable":true,"href":"https:\/\/staging.varesenews.it\/swgapi\/v1\/wp\/v2\/comments?post=230887"}],"version-history":[{"count":0,"href":"https:\/\/staging.varesenews.it\/swgapi\/v1\/wp\/v2\/posts\/230887\/revisions"}],"wp:attachment":[{"href":"https:\/\/staging.varesenews.it\/swgapi\/v1\/wp\/v2\/media?parent=230887"}],"wp:term":[{"taxonomy":"category","embeddable":true,"href":"https:\/\/staging.varesenews.it\/swgapi\/v1\/wp\/v2\/categories?post=230887"},{"taxonomy":"post_tag","embeddable":true,"href":"https:\/\/staging.varesenews.it\/swgapi\/v1\/wp\/v2\/tags?post=230887"}],"curies":[{"name":"wp","href":"https:\/\/api.w.org\/{rel}","templated":true}]}}