{"id":230926,"date":"2007-09-07T00:00:00","date_gmt":"2007-09-07T00:00:00","guid":{"rendered":""},"modified":"2007-09-07T00:00:00","modified_gmt":"2007-09-07T00:00:00","slug":"ferrovia-della-valmorea-qui-la-prossima-fermata","status":"publish","type":"post","link":"https:\/\/staging.varesenews.it\/2007\/09\/ferrovia-della-valmorea-qui-la-prossima-fermata\/230926\/","title":{"rendered":"Ferrovia della Valmorea: &#8220;Qui la prossima fermata&#8221;"},"content":{"rendered":"<p align=\"justify\"><font face=\"arial,helvetica,sans-serif\"><img decoding=\"async\" hspace=\"3\" src=\"https:\/\/www3.varesenews.it\/immagini_articoli\/200709\/pesacarri%201.jpg\" align=\"left\" vspace=\"3\" border=\"0\" \/>Una piccola festa dal grande significato. Questo vuole essere, nelle intenzioni dell&#8217;amministrazione comunale di Castiglione Olona, la <strong>cerimonia per l&#8217;inaugurazione dell&#8217;antica bascula pesacarri<\/strong> lungo il tracciato della ferrovia della Valmorea (nella foto) , in programma <strong>domenica 9 settembre.<\/strong><\/font><\/p>\n<p align=\"justify\"><font face=\"arial,helvetica,sans-serif\">&quot;Il recupero della pesacarri \u00e8 per noi il punto di partenza per rendere fruibile la ferrovia della Valmorea e permettere che la prossima tratta riaperta sia quella tra Malnate e Castiglione Olona, cos\u00ec come in pi\u00f9 occasioni \u00e8 stato annunciato&quot;, ha detto questa mattina <strong>l&#8217;assessore alla tutela ambientale Enrico Vizza<\/strong> (nella foto qui sotto con le socie della Finestra di Castelseprio), nel corso della presentazione alla stampa della giornata del 9 settembre.<\/font><\/p>\n<p align=\"justify\"><font face=\"arial,helvetica,sans-serif\"><img loading=\"lazy\" decoding=\"async\" height=\"240\" hspace=\"3\" src=\"https:\/\/www3.varesenews.it\/immagini_articoli\/200709\/pesacarri2.jpg\" width=\"328\" align=\"right\" vspace=\"3\" border=\"0\" \/>Giornata che si aprir\u00e0\u00a0 con una <strong>visita guidata sul tema &quot;La forza dell&#8217;acqua e del vapore<\/strong>&quot;, che condurr\u00e0 i partecipanti alla scoperta delle antiche fabbriche della Valle, dell&#8217;archeologia industriale di cCstiglione Olona e della Ferrovia della Valmorea. Il ritrovo per la visita guidata &#8211; organizzata dall&#8217;associazione &quot;la Finestra&quot; di Castelseprio in collaborazione con l&#8217;associazione &quot;Amici della Valmorea&quot; \u00e8 fissato alle 9 di domenica 9 settembre, in piazzale Cattaneo, nell&#8217;area del complesso Mazzuchelli.<\/font><\/p>\n<p align=\"justify\"><font face=\"arial,helvetica,sans-serif\"><strong>Alle 11 \u00e8 in programma l&#8217;inaugurazione della &quot;bascula&quot; pescarri<\/strong> che si trova sul tracciato della Ferrovia, nel punto pi\u00f9 vicino all&#8217;insediamento industriale che poi si \u00e8 sviluppato nel complesso Mazzuchelli.<\/font><\/p>\n<p align=\"justify\"><font face=\"arial,helvetica,sans-serif\">Realizzato nel 1922 &#8211;\u00a0 e ora restaurato grazie alla collaborazione tra amministrazione comunale e Amici della Valmorea, con il patrocinio delle Ferrovie Nord e il contributo di diverse aziende e volontari &#8211; l&#8217;impianto per la pesatura dei vagoni ferroviari sar\u00e0 inaugurato dal sindaco di Castiglione Giuseppe Battaini e da Marco Baroni, presidente dell&#8217;associazione Amici della Valmorea.<\/font><\/p>\n<p align=\"justify\"><font face=\"arial,helvetica,sans-serif\">Subito dopo la cerimonia di inaugurazione, a tutti i presenti sar\u00e0 offerto un aperitivo curato dal\u00a0<strong>Parco Plis\u00a0Rile Tenore Olona<\/strong>.<\/font><\/p>\n","protected":false},"excerpt":{"rendered":"<p>Questa mattina l&#8217;assessore all&#8217;ambiente Enrico Vizza ha presentato la giornata per l&#8217;inaugurazione dell&#8217;antica pesacarri in programma domenica 9 settembre<\/p>\n","protected":false},"author":10,"featured_media":0,"comment_status":"open","ping_status":"open","sticky":false,"template":"","format":"standard","meta":{"footnotes":""},"categories":[5],"tags":[],"acf":[],"yoast_head":"<!-- This site is optimized with the Yoast SEO plugin v20.1 - https:\/\/yoast.com\/wordpress\/plugins\/seo\/ -->\n<title>Ferrovia della Valmorea: &quot;Qui la prossima fermata&quot;<\/title>\n<meta name=\"description\" content=\"Questa mattina l&#039;assessore all&#039;ambiente Enrico Vizza ha presentato la giornata per l&#039;inaugurazione dell&#039;antica pesacarri in programma domenica 9 settembre\" \/>\n<meta name=\"robots\" content=\"noindex, follow, max-snippet:-1, max-image-preview:large, max-video-preview:-1\" \/>\n<meta property=\"og:locale\" content=\"it_IT\" \/>\n<meta property=\"og:type\" content=\"article\" \/>\n<meta property=\"og:title\" content=\"Ferrovia della Valmorea: &quot;Qui la prossima fermata&quot;\" \/>\n<meta property=\"og:description\" content=\"Questa mattina l&#039;assessore all&#039;ambiente Enrico Vizza ha presentato la giornata per l&#039;inaugurazione dell&#039;antica pesacarri in programma domenica 9 settembre\" \/>\n<meta property=\"og:url\" content=\"https:\/\/staging.varesenews.it\/2007\/09\/ferrovia-della-valmorea-qui-la-prossima-fermata\/230926\/\" \/>\n<meta property=\"og:site_name\" content=\"VareseNews\" \/>\n<meta property=\"article:publisher\" content=\"https:\/\/www.facebook.com\/varesenews\" \/>\n<meta property=\"article:published_time\" content=\"2007-09-07T00:00:00+00:00\" \/>\n<meta property=\"og:image\" content=\"https:\/\/www3.varesenews.it\/immagini_articoli\/200709\/pesacarri%201.jpg\" \/>\n<meta name=\"author\" content=\"Redazione VareseNews\" \/>\n<meta name=\"twitter:card\" content=\"summary_large_image\" \/>\n<meta name=\"twitter:creator\" content=\"@varesenews\" \/>\n<meta name=\"twitter:site\" content=\"@varesenews\" \/>\n<meta name=\"twitter:label1\" content=\"Scritto da\" \/>\n\t<meta name=\"twitter:data1\" content=\"Redazione VareseNews\" \/>\n\t<meta name=\"twitter:label2\" content=\"Tempo di lettura stimato\" \/>\n\t<meta name=\"twitter:data2\" content=\"1 minuto\" \/>\n<script type=\"application\/ld+json\" class=\"yoast-schema-graph\">{\"@context\":\"https:\/\/schema.org\",\"@graph\":[{\"@type\":\"WebPage\",\"@id\":\"https:\/\/staging.varesenews.it\/2007\/09\/ferrovia-della-valmorea-qui-la-prossima-fermata\/230926\/\",\"url\":\"https:\/\/staging.varesenews.it\/2007\/09\/ferrovia-della-valmorea-qui-la-prossima-fermata\/230926\/\",\"name\":\"Ferrovia della Valmorea: \\\"Qui la prossima fermata\\\"\",\"isPartOf\":{\"@id\":\"https:\/\/staging.varesenews.it\/#website\"},\"datePublished\":\"2007-09-07T00:00:00+00:00\",\"dateModified\":\"2007-09-07T00:00:00+00:00\",\"author\":{\"@id\":\"https:\/\/staging.varesenews.it\/#\/schema\/person\/fb20c4da0b7b16c291707a20db73e169\"},\"description\":\"Questa mattina l'assessore all'ambiente Enrico Vizza ha presentato la giornata per l'inaugurazione dell'antica pesacarri in programma domenica 9 settembre\",\"breadcrumb\":{\"@id\":\"https:\/\/staging.varesenews.it\/2007\/09\/ferrovia-della-valmorea-qui-la-prossima-fermata\/230926\/#breadcrumb\"},\"inLanguage\":\"it-IT\",\"potentialAction\":[{\"@type\":\"ReadAction\",\"target\":[\"https:\/\/staging.varesenews.it\/2007\/09\/ferrovia-della-valmorea-qui-la-prossima-fermata\/230926\/\"]}]},{\"@type\":\"BreadcrumbList\",\"@id\":\"https:\/\/staging.varesenews.it\/2007\/09\/ferrovia-della-valmorea-qui-la-prossima-fermata\/230926\/#breadcrumb\",\"itemListElement\":[{\"@type\":\"ListItem\",\"position\":1,\"name\":\"Home\",\"item\":\"https:\/\/www.varesenews.it\/\"},{\"@type\":\"ListItem\",\"position\":2,\"name\":\"Ferrovia della Valmorea: &#8220;Qui la prossima fermata&#8221;\"}]},{\"@type\":\"WebSite\",\"@id\":\"https:\/\/staging.varesenews.it\/#website\",\"url\":\"https:\/\/staging.varesenews.it\/\",\"name\":\"VareseNews\",\"description\":\"\",\"potentialAction\":[{\"@type\":\"SearchAction\",\"target\":{\"@type\":\"EntryPoint\",\"urlTemplate\":\"https:\/\/staging.varesenews.it\/?s={search_term_string}\"},\"query-input\":\"required name=search_term_string\"}],\"inLanguage\":\"it-IT\"},{\"@type\":\"Person\",\"@id\":\"https:\/\/staging.varesenews.it\/#\/schema\/person\/fb20c4da0b7b16c291707a20db73e169\",\"name\":\"Redazione VareseNews\",\"image\":{\"@type\":\"ImageObject\",\"inLanguage\":\"it-IT\",\"@id\":\"https:\/\/staging.varesenews.it\/#\/schema\/person\/image\/\",\"url\":\"https:\/\/staging.varesenews.it\/wp-content\/uploads\/2020\/12\/logo_VN_colori_500.png\",\"contentUrl\":\"https:\/\/staging.varesenews.it\/wp-content\/uploads\/2020\/12\/logo_VN_colori_500.png\",\"caption\":\"Redazione VareseNews\"},\"url\":\"https:\/\/staging.varesenews.it\/persona\/redazione1\/\"}]}<\/script>\n<!-- \/ Yoast SEO plugin. -->","yoast_head_json":{"title":"Ferrovia della Valmorea: \"Qui la prossima fermata\"","description":"Questa mattina l'assessore all'ambiente Enrico Vizza ha presentato la giornata per l'inaugurazione dell'antica pesacarri in programma domenica 9 settembre","robots":{"index":"noindex","follow":"follow","max-snippet":"max-snippet:-1","max-image-preview":"max-image-preview:large","max-video-preview":"max-video-preview:-1"},"og_locale":"it_IT","og_type":"article","og_title":"Ferrovia della Valmorea: \"Qui la prossima fermata\"","og_description":"Questa mattina l'assessore all'ambiente Enrico Vizza ha presentato la giornata per l'inaugurazione dell'antica pesacarri in programma domenica 9 settembre","og_url":"https:\/\/staging.varesenews.it\/2007\/09\/ferrovia-della-valmorea-qui-la-prossima-fermata\/230926\/","og_site_name":"VareseNews","article_publisher":"https:\/\/www.facebook.com\/varesenews","article_published_time":"2007-09-07T00:00:00+00:00","og_image":[{"url":"https:\/\/www3.varesenews.it\/immagini_articoli\/200709\/pesacarri%201.jpg"}],"author":"Redazione VareseNews","twitter_card":"summary_large_image","twitter_creator":"@varesenews","twitter_site":"@varesenews","twitter_misc":{"Scritto da":"Redazione VareseNews","Tempo di lettura stimato":"1 minuto"},"schema":{"@context":"https:\/\/schema.org","@graph":[{"@type":"WebPage","@id":"https:\/\/staging.varesenews.it\/2007\/09\/ferrovia-della-valmorea-qui-la-prossima-fermata\/230926\/","url":"https:\/\/staging.varesenews.it\/2007\/09\/ferrovia-della-valmorea-qui-la-prossima-fermata\/230926\/","name":"Ferrovia della Valmorea: \"Qui la prossima fermata\"","isPartOf":{"@id":"https:\/\/staging.varesenews.it\/#website"},"datePublished":"2007-09-07T00:00:00+00:00","dateModified":"2007-09-07T00:00:00+00:00","author":{"@id":"https:\/\/staging.varesenews.it\/#\/schema\/person\/fb20c4da0b7b16c291707a20db73e169"},"description":"Questa mattina l'assessore all'ambiente Enrico Vizza ha presentato la giornata per l'inaugurazione dell'antica pesacarri in programma domenica 9 settembre","breadcrumb":{"@id":"https:\/\/staging.varesenews.it\/2007\/09\/ferrovia-della-valmorea-qui-la-prossima-fermata\/230926\/#breadcrumb"},"inLanguage":"it-IT","potentialAction":[{"@type":"ReadAction","target":["https:\/\/staging.varesenews.it\/2007\/09\/ferrovia-della-valmorea-qui-la-prossima-fermata\/230926\/"]}]},{"@type":"BreadcrumbList","@id":"https:\/\/staging.varesenews.it\/2007\/09\/ferrovia-della-valmorea-qui-la-prossima-fermata\/230926\/#breadcrumb","itemListElement":[{"@type":"ListItem","position":1,"name":"Home","item":"https:\/\/www.varesenews.it\/"},{"@type":"ListItem","position":2,"name":"Ferrovia della Valmorea: &#8220;Qui la prossima fermata&#8221;"}]},{"@type":"WebSite","@id":"https:\/\/staging.varesenews.it\/#website","url":"https:\/\/staging.varesenews.it\/","name":"VareseNews","description":"","potentialAction":[{"@type":"SearchAction","target":{"@type":"EntryPoint","urlTemplate":"https:\/\/staging.varesenews.it\/?s={search_term_string}"},"query-input":"required name=search_term_string"}],"inLanguage":"it-IT"},{"@type":"Person","@id":"https:\/\/staging.varesenews.it\/#\/schema\/person\/fb20c4da0b7b16c291707a20db73e169","name":"Redazione VareseNews","image":{"@type":"ImageObject","inLanguage":"it-IT","@id":"https:\/\/staging.varesenews.it\/#\/schema\/person\/image\/","url":"https:\/\/staging.varesenews.it\/wp-content\/uploads\/2020\/12\/logo_VN_colori_500.png","contentUrl":"https:\/\/staging.varesenews.it\/wp-content\/uploads\/2020\/12\/logo_VN_colori_500.png","caption":"Redazione VareseNews"},"url":"https:\/\/staging.varesenews.it\/persona\/redazione1\/"}]}},"post_meta":{"id_old":"79707","argomento":"Castiglione Olona"},"photos":[],"_links":{"self":[{"href":"https:\/\/staging.varesenews.it\/swgapi\/v1\/wp\/v2\/posts\/230926"}],"collection":[{"href":"https:\/\/staging.varesenews.it\/swgapi\/v1\/wp\/v2\/posts"}],"about":[{"href":"https:\/\/staging.varesenews.it\/swgapi\/v1\/wp\/v2\/types\/post"}],"author":[{"embeddable":true,"href":"https:\/\/staging.varesenews.it\/swgapi\/v1\/wp\/v2\/users\/10"}],"replies":[{"embeddable":true,"href":"https:\/\/staging.varesenews.it\/swgapi\/v1\/wp\/v2\/comments?post=230926"}],"version-history":[{"count":0,"href":"https:\/\/staging.varesenews.it\/swgapi\/v1\/wp\/v2\/posts\/230926\/revisions"}],"wp:attachment":[{"href":"https:\/\/staging.varesenews.it\/swgapi\/v1\/wp\/v2\/media?parent=230926"}],"wp:term":[{"taxonomy":"category","embeddable":true,"href":"https:\/\/staging.varesenews.it\/swgapi\/v1\/wp\/v2\/categories?post=230926"},{"taxonomy":"post_tag","embeddable":true,"href":"https:\/\/staging.varesenews.it\/swgapi\/v1\/wp\/v2\/tags?post=230926"}],"curies":[{"name":"wp","href":"https:\/\/api.w.org\/{rel}","templated":true}]}}