{"id":231793,"date":"2007-08-11T00:00:00","date_gmt":"2007-08-11T00:00:00","guid":{"rendered":""},"modified":"2007-08-11T00:00:00","modified_gmt":"2007-08-11T00:00:00","slug":"lo-storico-cedro-di-biumo-se-ne-va","status":"publish","type":"post","link":"https:\/\/staging.varesenews.it\/2007\/08\/lo-storico-cedro-di-biumo-se-ne-va\/231793\/","title":{"rendered":"Lo storico cedro di Biumo se ne va"},"content":{"rendered":"<p><font face=\"arial,helvetica,sans-serif\"><em>Il nostro lettore <strong>Nicola Tucci<\/strong> ci manda le foto del taglio dello storico cedro di Largo IV Novembre a Biumo\u00a0e nel suo articolo che qui pubblichiamo ci racconta qualche interessante particolare. <\/em><\/font><\/p>\n<p><font face=\"arial,helvetica,sans-serif\">Al Largo IV Novembre in Varese c&#8217;erano tre Cedri del Libano, proprio come in una storia di Paulo Coelho &quot;Il sogno dei tre cedri del Libano&quot;. Da ieri sera ne son rimasti due, uno dei Cedri del Libano di Via Scola e Largo IV Novembre \u00e8 stato tagliato ieri sera (con oltre 12 ore di lavoro) per motivi di sicurezza. <br \/>Il Cedro gi\u00e0 dall&#8217;inverno precedente cominciava a perdere rami e se ne spezzavano sempre di pi\u00f9 sotto il peso della neve e alla forza del vento. All&#8217;occhio dei meno esperti non sembrava avesse problemi di stabilit\u00e0 ma con i sui 40 metri avrebbe potuto, chiss\u00e0 a breve, fare &quot;qualche sciocchezza&quot;; d&#8217;altronde con l&#8217;et\u00e0 che avanza non si \u00e8 pi\u00f9 elastici e freschi come una volta e molti rami cadono canuti e secchi per terra pi\u00f9 spesso. <\/font><\/p>\n<p><font face=\"arial,helvetica,sans-serif\">Gi\u00e0 dalla mattina le motoseghe risuonavano fra il rumore delle auto, era un rumore particolare, spiccava perch\u00e8 solitamente \u00e8 quello che si sente a chilometri e chilometri di distanza nei boschi solitari e muti di lontane foreste. Invece l&#8217;altro giorno il rumore del taglio era a pochi metri, in un incrocio cittadino. <\/font><\/p>\n<p><font face=\"arial,helvetica,sans-serif\">A sera la caduta del fusto preceduto da un crepitio \u00e8 stato un tonfo, sordo, inusuale in un centro urbano; come di un gigante che cade a peso morto. Nell&#8217;attimo prima del suo collasso c&#8217;\u00e8 stato un silenzio irreale, \u00e8 durato un istante ma si \u00e8 notato. Sembrava un atavico e rispettoso silenzio da parte delle persone presenti, per onorare la fine di grande anziano. <\/font><\/p>\n<p><font face=\"arial,helvetica,sans-serif\">Intanto oltre oceano, amici varesotti in vacanza a New York, ricevevano in tempo reale le immagini del Cedro che lasciava un vuoto ma dava pi\u00f9 luce dove c&#8217;era stata, per quasi un secolo, una flebile ombra. <br \/>Sembra un d\u00e9j\u00e0 vu, eventi quasi da associare ad un cortometraggio di Sean Penn nel film 11\u2019 09\u201d 01 September 11. <br \/>Negli undici minuti, nove secondi ed un fotogramma, Sean Penn usa sapientemente il dolore ed il mondo privato di un anziano vedovo e l&#8217;effetto che su di lui ha la caduta delle Torri. <br \/>Nella solitudine e nel buio di un misero appartamento oscurato lontanamente dalle Torri Gemelle si svolge la quotidianit\u00e0 dell&#8217;anziano, le calze spaiate, un vestito amorevolmente steso sul letto per avere la moglie scomparsa sempre accanto e una pianta secca, per l&#8217;assenza di luce. <br \/>La mattina dell&#8217;11 settembre un&#8217;ombra scende improvvisamente scorrendo sul muro, come un sole al tramonto, facendo entrare la luce nella stanza che fa rifiorire la pianta e risveglia l&#8217;anziano uomo rivelandogli tutta la solitudine della sua piccola immensa tragedia. <br \/>Dalle Torri agli alberi, il Cedro di Largo IV Novembre sar\u00e0 presto rimpiazzato da un\u2019altra giovane pianta. <\/font><\/p>\n<p><font face=\"arial,helvetica,sans-serif\">I signori della zona davano una datazione della sua piantumazione circa dopo la prima Grande Guerra, quindi 80 anni; altre persone invece indicavano nei primi anni dell&#8217;era Fascista in cui si erano probabilmente costruite le case di via Misurina, Turati e la stazione di benzina adiacente. <\/font><\/p>\n<p><font face=\"arial,helvetica,sans-serif\">Purtroppo la conta, ad occhio nudo, degli anni di un albero cos\u00ec vecchio si fa solo un unica volta nelle sua vita. <br \/>Infatti per avere una data pi\u00f9 precisa e scientifica (dendrocronologia), basta sfogliare il &quot;diario&quot; del Cedro, ora aperto a tutti dei suoi anelli che lo compongono. <\/font><\/p>\n<p><font face=\"arial,helvetica,sans-serif\">Sfogliando i suoi anelli nei primi 20 anni \u00e8 un crescere che \u00e8 una meraviglia (un secolo fa si stava bene, non c&#8217;era l&#8217;inquinamento), dai 40 ai 60 si comincia a non crescere di molto e lo spessore degli anelli si assottiglia sempre pi\u00f9, oltre i 90 gli anelli sono quasi millimetrici fino ad arrivare ad oggi. <br \/>Solitamente gli anelli pi\u00f9 spessi corrispondono ad anni pi\u00f9 caldi, quelli pi\u00f9 sottili ad anni pi\u00f9 freddi. Lo si potrebbe studiare come &quot;centralina dell&#8217;inquinamento&quot; degli ultimi cent&#8217;anni! <\/font><\/p>\n","protected":false},"excerpt":{"rendered":"<p>\u00c8 stato abbattuto per motivi di sicurezza. Un lettore ci invia le foto e la storia dell&#8217;albero di largo IV Novembre <\/p>\n","protected":false},"author":10,"featured_media":0,"comment_status":"open","ping_status":"open","sticky":false,"template":"","format":"standard","meta":{"footnotes":""},"categories":[2],"tags":[],"acf":[],"yoast_head":"<!-- This site is optimized with the Yoast SEO plugin v20.1 - https:\/\/yoast.com\/wordpress\/plugins\/seo\/ -->\n<title>Lo storico cedro di Biumo se ne va<\/title>\n<meta name=\"description\" content=\"\u00c8 stato abbattuto per motivi di sicurezza. Un lettore ci invia le foto e la storia dell&#039;albero di largo IV Novembre\" \/>\n<meta name=\"robots\" content=\"noindex, follow, max-snippet:-1, max-image-preview:large, max-video-preview:-1\" \/>\n<meta property=\"og:locale\" content=\"it_IT\" \/>\n<meta property=\"og:type\" content=\"article\" \/>\n<meta property=\"og:title\" content=\"Lo storico cedro di Biumo se ne va\" \/>\n<meta property=\"og:description\" content=\"\u00c8 stato abbattuto per motivi di sicurezza. Un lettore ci invia le foto e la storia dell&#039;albero di largo IV Novembre\" \/>\n<meta property=\"og:url\" content=\"https:\/\/staging.varesenews.it\/2007\/08\/lo-storico-cedro-di-biumo-se-ne-va\/231793\/\" \/>\n<meta property=\"og:site_name\" content=\"VareseNews\" \/>\n<meta property=\"article:publisher\" content=\"https:\/\/www.facebook.com\/varesenews\" \/>\n<meta property=\"article:published_time\" content=\"2007-08-11T00:00:00+00:00\" \/>\n<meta name=\"author\" content=\"Redazione VareseNews\" \/>\n<meta name=\"twitter:card\" content=\"summary_large_image\" \/>\n<meta name=\"twitter:creator\" content=\"@varesenews\" \/>\n<meta name=\"twitter:site\" content=\"@varesenews\" \/>\n<meta name=\"twitter:label1\" content=\"Scritto da\" \/>\n\t<meta name=\"twitter:data1\" content=\"Redazione VareseNews\" \/>\n\t<meta name=\"twitter:label2\" content=\"Tempo di lettura stimato\" \/>\n\t<meta name=\"twitter:data2\" content=\"3 minuti\" \/>\n<script type=\"application\/ld+json\" class=\"yoast-schema-graph\">{\"@context\":\"https:\/\/schema.org\",\"@graph\":[{\"@type\":\"WebPage\",\"@id\":\"https:\/\/staging.varesenews.it\/2007\/08\/lo-storico-cedro-di-biumo-se-ne-va\/231793\/\",\"url\":\"https:\/\/staging.varesenews.it\/2007\/08\/lo-storico-cedro-di-biumo-se-ne-va\/231793\/\",\"name\":\"Lo storico cedro di Biumo se ne va\",\"isPartOf\":{\"@id\":\"https:\/\/staging.varesenews.it\/#website\"},\"datePublished\":\"2007-08-11T00:00:00+00:00\",\"dateModified\":\"2007-08-11T00:00:00+00:00\",\"author\":{\"@id\":\"https:\/\/staging.varesenews.it\/#\/schema\/person\/fb20c4da0b7b16c291707a20db73e169\"},\"description\":\"\u00c8 stato abbattuto per motivi di sicurezza. Un lettore ci invia le foto e la storia dell'albero di largo IV Novembre\",\"breadcrumb\":{\"@id\":\"https:\/\/staging.varesenews.it\/2007\/08\/lo-storico-cedro-di-biumo-se-ne-va\/231793\/#breadcrumb\"},\"inLanguage\":\"it-IT\",\"potentialAction\":[{\"@type\":\"ReadAction\",\"target\":[\"https:\/\/staging.varesenews.it\/2007\/08\/lo-storico-cedro-di-biumo-se-ne-va\/231793\/\"]}]},{\"@type\":\"BreadcrumbList\",\"@id\":\"https:\/\/staging.varesenews.it\/2007\/08\/lo-storico-cedro-di-biumo-se-ne-va\/231793\/#breadcrumb\",\"itemListElement\":[{\"@type\":\"ListItem\",\"position\":1,\"name\":\"Home\",\"item\":\"https:\/\/www.varesenews.it\/\"},{\"@type\":\"ListItem\",\"position\":2,\"name\":\"Lo storico cedro di Biumo se ne va\"}]},{\"@type\":\"WebSite\",\"@id\":\"https:\/\/staging.varesenews.it\/#website\",\"url\":\"https:\/\/staging.varesenews.it\/\",\"name\":\"VareseNews\",\"description\":\"\",\"potentialAction\":[{\"@type\":\"SearchAction\",\"target\":{\"@type\":\"EntryPoint\",\"urlTemplate\":\"https:\/\/staging.varesenews.it\/?s={search_term_string}\"},\"query-input\":\"required name=search_term_string\"}],\"inLanguage\":\"it-IT\"},{\"@type\":\"Person\",\"@id\":\"https:\/\/staging.varesenews.it\/#\/schema\/person\/fb20c4da0b7b16c291707a20db73e169\",\"name\":\"Redazione VareseNews\",\"image\":{\"@type\":\"ImageObject\",\"inLanguage\":\"it-IT\",\"@id\":\"https:\/\/staging.varesenews.it\/#\/schema\/person\/image\/\",\"url\":\"https:\/\/staging.varesenews.it\/wp-content\/uploads\/2020\/12\/logo_VN_colori_500.png\",\"contentUrl\":\"https:\/\/staging.varesenews.it\/wp-content\/uploads\/2020\/12\/logo_VN_colori_500.png\",\"caption\":\"Redazione VareseNews\"},\"url\":\"https:\/\/staging.varesenews.it\/persona\/redazione1\/\"}]}<\/script>\n<!-- \/ Yoast SEO plugin. -->","yoast_head_json":{"title":"Lo storico cedro di Biumo se ne va","description":"\u00c8 stato abbattuto per motivi di sicurezza. Un lettore ci invia le foto e la storia dell'albero di largo IV Novembre","robots":{"index":"noindex","follow":"follow","max-snippet":"max-snippet:-1","max-image-preview":"max-image-preview:large","max-video-preview":"max-video-preview:-1"},"og_locale":"it_IT","og_type":"article","og_title":"Lo storico cedro di Biumo se ne va","og_description":"\u00c8 stato abbattuto per motivi di sicurezza. Un lettore ci invia le foto e la storia dell'albero di largo IV Novembre","og_url":"https:\/\/staging.varesenews.it\/2007\/08\/lo-storico-cedro-di-biumo-se-ne-va\/231793\/","og_site_name":"VareseNews","article_publisher":"https:\/\/www.facebook.com\/varesenews","article_published_time":"2007-08-11T00:00:00+00:00","author":"Redazione VareseNews","twitter_card":"summary_large_image","twitter_creator":"@varesenews","twitter_site":"@varesenews","twitter_misc":{"Scritto da":"Redazione VareseNews","Tempo di lettura stimato":"3 minuti"},"schema":{"@context":"https:\/\/schema.org","@graph":[{"@type":"WebPage","@id":"https:\/\/staging.varesenews.it\/2007\/08\/lo-storico-cedro-di-biumo-se-ne-va\/231793\/","url":"https:\/\/staging.varesenews.it\/2007\/08\/lo-storico-cedro-di-biumo-se-ne-va\/231793\/","name":"Lo storico cedro di Biumo se ne va","isPartOf":{"@id":"https:\/\/staging.varesenews.it\/#website"},"datePublished":"2007-08-11T00:00:00+00:00","dateModified":"2007-08-11T00:00:00+00:00","author":{"@id":"https:\/\/staging.varesenews.it\/#\/schema\/person\/fb20c4da0b7b16c291707a20db73e169"},"description":"\u00c8 stato abbattuto per motivi di sicurezza. Un lettore ci invia le foto e la storia dell'albero di largo IV Novembre","breadcrumb":{"@id":"https:\/\/staging.varesenews.it\/2007\/08\/lo-storico-cedro-di-biumo-se-ne-va\/231793\/#breadcrumb"},"inLanguage":"it-IT","potentialAction":[{"@type":"ReadAction","target":["https:\/\/staging.varesenews.it\/2007\/08\/lo-storico-cedro-di-biumo-se-ne-va\/231793\/"]}]},{"@type":"BreadcrumbList","@id":"https:\/\/staging.varesenews.it\/2007\/08\/lo-storico-cedro-di-biumo-se-ne-va\/231793\/#breadcrumb","itemListElement":[{"@type":"ListItem","position":1,"name":"Home","item":"https:\/\/www.varesenews.it\/"},{"@type":"ListItem","position":2,"name":"Lo storico cedro di Biumo se ne va"}]},{"@type":"WebSite","@id":"https:\/\/staging.varesenews.it\/#website","url":"https:\/\/staging.varesenews.it\/","name":"VareseNews","description":"","potentialAction":[{"@type":"SearchAction","target":{"@type":"EntryPoint","urlTemplate":"https:\/\/staging.varesenews.it\/?s={search_term_string}"},"query-input":"required name=search_term_string"}],"inLanguage":"it-IT"},{"@type":"Person","@id":"https:\/\/staging.varesenews.it\/#\/schema\/person\/fb20c4da0b7b16c291707a20db73e169","name":"Redazione VareseNews","image":{"@type":"ImageObject","inLanguage":"it-IT","@id":"https:\/\/staging.varesenews.it\/#\/schema\/person\/image\/","url":"https:\/\/staging.varesenews.it\/wp-content\/uploads\/2020\/12\/logo_VN_colori_500.png","contentUrl":"https:\/\/staging.varesenews.it\/wp-content\/uploads\/2020\/12\/logo_VN_colori_500.png","caption":"Redazione VareseNews"},"url":"https:\/\/staging.varesenews.it\/persona\/redazione1\/"}]}},"post_meta":{"id_old":"78622","argomento":"Varese","autore_old":"Nicola Tucci","id_link_fotogallery":"312987"},"photos":[],"_links":{"self":[{"href":"https:\/\/staging.varesenews.it\/swgapi\/v1\/wp\/v2\/posts\/231793"}],"collection":[{"href":"https:\/\/staging.varesenews.it\/swgapi\/v1\/wp\/v2\/posts"}],"about":[{"href":"https:\/\/staging.varesenews.it\/swgapi\/v1\/wp\/v2\/types\/post"}],"author":[{"embeddable":true,"href":"https:\/\/staging.varesenews.it\/swgapi\/v1\/wp\/v2\/users\/10"}],"replies":[{"embeddable":true,"href":"https:\/\/staging.varesenews.it\/swgapi\/v1\/wp\/v2\/comments?post=231793"}],"version-history":[{"count":0,"href":"https:\/\/staging.varesenews.it\/swgapi\/v1\/wp\/v2\/posts\/231793\/revisions"}],"wp:attachment":[{"href":"https:\/\/staging.varesenews.it\/swgapi\/v1\/wp\/v2\/media?parent=231793"}],"wp:term":[{"taxonomy":"category","embeddable":true,"href":"https:\/\/staging.varesenews.it\/swgapi\/v1\/wp\/v2\/categories?post=231793"},{"taxonomy":"post_tag","embeddable":true,"href":"https:\/\/staging.varesenews.it\/swgapi\/v1\/wp\/v2\/tags?post=231793"}],"curies":[{"name":"wp","href":"https:\/\/api.w.org\/{rel}","templated":true}]}}