{"id":234106,"date":"2007-06-21T00:00:00","date_gmt":"2007-06-21T00:00:00","guid":{"rendered":""},"modified":"2007-06-21T00:00:00","modified_gmt":"2007-06-21T00:00:00","slug":"la-sala-eufonica-il-nuovo-gioiello-della-biblioteca","status":"publish","type":"post","link":"https:\/\/staging.varesenews.it\/2007\/06\/la-sala-eufonica-il-nuovo-gioiello-della-biblioteca\/234106\/","title":{"rendered":"La sala eufonica, il nuovo gioiello della biblioteca"},"content":{"rendered":"<p class=\"MsoNormal\" style=\"MARGIN: 0cm 0cm 0pt\"><img loading=\"lazy\" decoding=\"async\" style=\"WIDTH: 216px; HEIGHT: 237px\" height=\"237\" hspace=\"3\" src=\"https:\/\/www3.varesenews.it\/immagini_articoli\/200706\/cover.jpg\" width=\"216\" align=\"left\" vspace=\"3\" border=\"1\" \/>Il <b>sogno di ogni esperto di musica<\/b>, ma anche semplici amatori. \u00c8 il nuovo <b>gioiello della Biblioteca di Tradate<\/b>: <b>la sala eufonica<\/b>, realizzata nei mesi scorsi dopo accurati studi, che sar\u00e0 inaugurata a settembre. <b>Quattro mila watt, oltre 30 posti<\/b>, per ascoltare il <b>suono perfetto<\/b>, senza disturbare, grazie all\u2019insonorizzazione, i frequentatori della biblioteca. La sala si trova in fondo alla biblioteca e una volta era adibita a magazzino, poi la scelta dell\u2019amministrazione comunale <b>di completare il lato multimediale della struttura <\/b>con l\u2019ascolto di alta qualit\u00e0 di musica e video. <\/p>\n<p \/>\n<p class=\"MsoNormal\" style=\"MARGIN: 0cm 0cm 0pt\">\u00abL&#8217;impianto audio rappresenta il <b>sogno di ogni audiofilo <\/b>ed il risultato acustico della combinazione rivestimenti ed elettronica \u00e8 un&#8217;esperienza che procura pi\u00f9 di una emozione \u2013 spiega <b>Giuliano Bastianello audiofilo e fondatore della Elviselettronica<\/b>, l\u2019azienda di Padova che si \u00e8 occupata di realizzare la sala su commissione del C<img loading=\"lazy\" decoding=\"async\" style=\"WIDTH: 315px; HEIGHT: 234px\" height=\"234\" hspace=\"3\" src=\"https:\/\/www3.varesenews.it\/immagini_articoli\/200706\/DSCF0338.jpg\" width=\"315\" align=\"right\" vspace=\"3\" border=\"1\" \/>omune di Tradate -. Stando ai primi esperimenti anche con uditori non particolarmente allenati a questo tipo di situazioni, ha rivelato come il modo nel quale viene offerto l&#8217;ascolto musicale, <b>pu\u00f2 determinare l&#8217;insorgere di interesse per questo importante aspetto della conoscenza<\/b>. La Sala Eufonica \u00e8 stata progettata per tutte quelle situazioni nelle quali necessita un ascolto di qualit\u00e0.<\/p>\n<p \/>\n<p class=\"MsoNormal\" style=\"MARGIN: 0cm 0cm 0pt\"><b>Exhibo s.p.a.,<\/b> distributore esclusivo per l\u2019Italia di <b>Klein+Hummel<\/b>, ha fornito le apparecchiature alla <b>Elviselettronica<\/b> (<a href=\"http:\/\/www.elviselettronica.it\/\"><span style=\"COLOR: windowtext; TEXT-DECORATION: none; text-underline: none\">www.elviselettronica.it<\/span><\/a>). L\u2019obiettivo di Bastianello era <b>offrire una struttura pubblica dedicata all&#8217;ascolto in alta fedelt\u00e0 di registrazioni sonore<\/b>, siano esse musica, film, teatro. \u00abA Tradate abbiamo realizzato la prima Sala &quot;eufonica&quot; in una bilioteca pubblica \u2013 spiegano dalla Elviselettronica -. Lo speciale trattamento acustico isola l&#8217;esterno e consente ascolti, anche ad elevato volume, senza disturbare la sala lettura\u00bb. <\/p>\n<p \/>\n<p class=\"MsoNormal\" style=\"MARGIN: 0cm 0cm 0pt\"><b>Scheda tenica della Sala Eufonica<\/b>. L&#8217;impianto di riproduzione \u00e8 costituito dal sistema monitor amplificato Klein+Hummel O500C. Un vero e proprio strumento di misura del suono che non aggiunge, n\u00e8 toglie nulla, al segnale originale. Il Pre NAD M15 era il giusto complemento per questa combinazione che, grazie alla sua silenziosit\u00e0 e qualit\u00e0 dei componenti, mantiene inalterata la qualit\u00e0 della catena acustica. Un ringraziamento ad Exibo, distributore K+H, ed a Definitive Audio importatore NAD, per le condizioni vantaggiose con cui hanno messo a disposizione la strumentazione. La ditta Tecnocoop ha allestito l&#8217;insonorizzazione. Calcoli e forniture dei materiali acustici sono stati eseguito da Noisetronic.<\/p>\n","protected":false},"excerpt":{"rendered":"<p>Quattro mila watt, 30 posti, 60 metri quadri per ascotlare il suono perfetto, senza disturbare i fruitori della struttura. Inagurazione in autunno<\/p>\n","protected":false},"author":10,"featured_media":0,"comment_status":"open","ping_status":"open","sticky":false,"template":"","format":"standard","meta":{"footnotes":""},"categories":[5],"tags":[],"acf":[],"yoast_head":"<!-- This site is optimized with the Yoast SEO plugin v20.1 - https:\/\/yoast.com\/wordpress\/plugins\/seo\/ -->\n<title>La sala eufonica, il nuovo gioiello della biblioteca<\/title>\n<meta name=\"description\" content=\"Quattro mila watt, 30 posti, 60 metri quadri per ascotlare il suono perfetto, senza disturbare i fruitori della struttura. Inagurazione in autunno\" \/>\n<meta name=\"robots\" content=\"noindex, follow, max-snippet:-1, max-image-preview:large, max-video-preview:-1\" \/>\n<meta property=\"og:locale\" content=\"it_IT\" \/>\n<meta property=\"og:type\" content=\"article\" \/>\n<meta property=\"og:title\" content=\"La sala eufonica, il nuovo gioiello della biblioteca\" \/>\n<meta property=\"og:description\" content=\"Quattro mila watt, 30 posti, 60 metri quadri per ascotlare il suono perfetto, senza disturbare i fruitori della struttura. Inagurazione in autunno\" \/>\n<meta property=\"og:url\" content=\"https:\/\/staging.varesenews.it\/2007\/06\/la-sala-eufonica-il-nuovo-gioiello-della-biblioteca\/234106\/\" \/>\n<meta property=\"og:site_name\" content=\"VareseNews\" \/>\n<meta property=\"article:publisher\" content=\"https:\/\/www.facebook.com\/varesenews\" \/>\n<meta property=\"article:published_time\" content=\"2007-06-21T00:00:00+00:00\" \/>\n<meta property=\"og:image\" content=\"https:\/\/www3.varesenews.it\/immagini_articoli\/200706\/cover.jpg\" \/>\n<meta name=\"author\" content=\"Redazione VareseNews\" \/>\n<meta name=\"twitter:card\" content=\"summary_large_image\" \/>\n<meta name=\"twitter:creator\" content=\"@varesenews\" \/>\n<meta name=\"twitter:site\" content=\"@varesenews\" \/>\n<meta name=\"twitter:label1\" content=\"Scritto da\" \/>\n\t<meta name=\"twitter:data1\" content=\"Redazione VareseNews\" \/>\n\t<meta name=\"twitter:label2\" content=\"Tempo di lettura stimato\" \/>\n\t<meta name=\"twitter:data2\" content=\"2 minuti\" \/>\n<script type=\"application\/ld+json\" class=\"yoast-schema-graph\">{\"@context\":\"https:\/\/schema.org\",\"@graph\":[{\"@type\":\"WebPage\",\"@id\":\"https:\/\/staging.varesenews.it\/2007\/06\/la-sala-eufonica-il-nuovo-gioiello-della-biblioteca\/234106\/\",\"url\":\"https:\/\/staging.varesenews.it\/2007\/06\/la-sala-eufonica-il-nuovo-gioiello-della-biblioteca\/234106\/\",\"name\":\"La sala eufonica, il nuovo gioiello della biblioteca\",\"isPartOf\":{\"@id\":\"https:\/\/staging.varesenews.it\/#website\"},\"datePublished\":\"2007-06-21T00:00:00+00:00\",\"dateModified\":\"2007-06-21T00:00:00+00:00\",\"author\":{\"@id\":\"https:\/\/staging.varesenews.it\/#\/schema\/person\/fb20c4da0b7b16c291707a20db73e169\"},\"description\":\"Quattro mila watt, 30 posti, 60 metri quadri per ascotlare il suono perfetto, senza disturbare i fruitori della struttura. Inagurazione in autunno\",\"breadcrumb\":{\"@id\":\"https:\/\/staging.varesenews.it\/2007\/06\/la-sala-eufonica-il-nuovo-gioiello-della-biblioteca\/234106\/#breadcrumb\"},\"inLanguage\":\"it-IT\",\"potentialAction\":[{\"@type\":\"ReadAction\",\"target\":[\"https:\/\/staging.varesenews.it\/2007\/06\/la-sala-eufonica-il-nuovo-gioiello-della-biblioteca\/234106\/\"]}]},{\"@type\":\"BreadcrumbList\",\"@id\":\"https:\/\/staging.varesenews.it\/2007\/06\/la-sala-eufonica-il-nuovo-gioiello-della-biblioteca\/234106\/#breadcrumb\",\"itemListElement\":[{\"@type\":\"ListItem\",\"position\":1,\"name\":\"Home\",\"item\":\"https:\/\/www.varesenews.it\/\"},{\"@type\":\"ListItem\",\"position\":2,\"name\":\"La sala eufonica, il nuovo gioiello della biblioteca\"}]},{\"@type\":\"WebSite\",\"@id\":\"https:\/\/staging.varesenews.it\/#website\",\"url\":\"https:\/\/staging.varesenews.it\/\",\"name\":\"VareseNews\",\"description\":\"\",\"potentialAction\":[{\"@type\":\"SearchAction\",\"target\":{\"@type\":\"EntryPoint\",\"urlTemplate\":\"https:\/\/staging.varesenews.it\/?s={search_term_string}\"},\"query-input\":\"required name=search_term_string\"}],\"inLanguage\":\"it-IT\"},{\"@type\":\"Person\",\"@id\":\"https:\/\/staging.varesenews.it\/#\/schema\/person\/fb20c4da0b7b16c291707a20db73e169\",\"name\":\"Redazione VareseNews\",\"image\":{\"@type\":\"ImageObject\",\"inLanguage\":\"it-IT\",\"@id\":\"https:\/\/staging.varesenews.it\/#\/schema\/person\/image\/\",\"url\":\"https:\/\/staging.varesenews.it\/wp-content\/uploads\/2020\/12\/logo_VN_colori_500.png\",\"contentUrl\":\"https:\/\/staging.varesenews.it\/wp-content\/uploads\/2020\/12\/logo_VN_colori_500.png\",\"caption\":\"Redazione VareseNews\"},\"url\":\"https:\/\/staging.varesenews.it\/persona\/redazione1\/\"}]}<\/script>\n<!-- \/ Yoast SEO plugin. -->","yoast_head_json":{"title":"La sala eufonica, il nuovo gioiello della biblioteca","description":"Quattro mila watt, 30 posti, 60 metri quadri per ascotlare il suono perfetto, senza disturbare i fruitori della struttura. Inagurazione in autunno","robots":{"index":"noindex","follow":"follow","max-snippet":"max-snippet:-1","max-image-preview":"max-image-preview:large","max-video-preview":"max-video-preview:-1"},"og_locale":"it_IT","og_type":"article","og_title":"La sala eufonica, il nuovo gioiello della biblioteca","og_description":"Quattro mila watt, 30 posti, 60 metri quadri per ascotlare il suono perfetto, senza disturbare i fruitori della struttura. Inagurazione in autunno","og_url":"https:\/\/staging.varesenews.it\/2007\/06\/la-sala-eufonica-il-nuovo-gioiello-della-biblioteca\/234106\/","og_site_name":"VareseNews","article_publisher":"https:\/\/www.facebook.com\/varesenews","article_published_time":"2007-06-21T00:00:00+00:00","og_image":[{"url":"https:\/\/www3.varesenews.it\/immagini_articoli\/200706\/cover.jpg"}],"author":"Redazione VareseNews","twitter_card":"summary_large_image","twitter_creator":"@varesenews","twitter_site":"@varesenews","twitter_misc":{"Scritto da":"Redazione VareseNews","Tempo di lettura stimato":"2 minuti"},"schema":{"@context":"https:\/\/schema.org","@graph":[{"@type":"WebPage","@id":"https:\/\/staging.varesenews.it\/2007\/06\/la-sala-eufonica-il-nuovo-gioiello-della-biblioteca\/234106\/","url":"https:\/\/staging.varesenews.it\/2007\/06\/la-sala-eufonica-il-nuovo-gioiello-della-biblioteca\/234106\/","name":"La sala eufonica, il nuovo gioiello della biblioteca","isPartOf":{"@id":"https:\/\/staging.varesenews.it\/#website"},"datePublished":"2007-06-21T00:00:00+00:00","dateModified":"2007-06-21T00:00:00+00:00","author":{"@id":"https:\/\/staging.varesenews.it\/#\/schema\/person\/fb20c4da0b7b16c291707a20db73e169"},"description":"Quattro mila watt, 30 posti, 60 metri quadri per ascotlare il suono perfetto, senza disturbare i fruitori della struttura. Inagurazione in autunno","breadcrumb":{"@id":"https:\/\/staging.varesenews.it\/2007\/06\/la-sala-eufonica-il-nuovo-gioiello-della-biblioteca\/234106\/#breadcrumb"},"inLanguage":"it-IT","potentialAction":[{"@type":"ReadAction","target":["https:\/\/staging.varesenews.it\/2007\/06\/la-sala-eufonica-il-nuovo-gioiello-della-biblioteca\/234106\/"]}]},{"@type":"BreadcrumbList","@id":"https:\/\/staging.varesenews.it\/2007\/06\/la-sala-eufonica-il-nuovo-gioiello-della-biblioteca\/234106\/#breadcrumb","itemListElement":[{"@type":"ListItem","position":1,"name":"Home","item":"https:\/\/www.varesenews.it\/"},{"@type":"ListItem","position":2,"name":"La sala eufonica, il nuovo gioiello della biblioteca"}]},{"@type":"WebSite","@id":"https:\/\/staging.varesenews.it\/#website","url":"https:\/\/staging.varesenews.it\/","name":"VareseNews","description":"","potentialAction":[{"@type":"SearchAction","target":{"@type":"EntryPoint","urlTemplate":"https:\/\/staging.varesenews.it\/?s={search_term_string}"},"query-input":"required name=search_term_string"}],"inLanguage":"it-IT"},{"@type":"Person","@id":"https:\/\/staging.varesenews.it\/#\/schema\/person\/fb20c4da0b7b16c291707a20db73e169","name":"Redazione VareseNews","image":{"@type":"ImageObject","inLanguage":"it-IT","@id":"https:\/\/staging.varesenews.it\/#\/schema\/person\/image\/","url":"https:\/\/staging.varesenews.it\/wp-content\/uploads\/2020\/12\/logo_VN_colori_500.png","contentUrl":"https:\/\/staging.varesenews.it\/wp-content\/uploads\/2020\/12\/logo_VN_colori_500.png","caption":"Redazione VareseNews"},"url":"https:\/\/staging.varesenews.it\/persona\/redazione1\/"}]}},"post_meta":{"id_old":"75543","argomento":"Tradate","autore_old":"M.S.","id_link_fotogallery":"313187"},"photos":[],"_links":{"self":[{"href":"https:\/\/staging.varesenews.it\/swgapi\/v1\/wp\/v2\/posts\/234106"}],"collection":[{"href":"https:\/\/staging.varesenews.it\/swgapi\/v1\/wp\/v2\/posts"}],"about":[{"href":"https:\/\/staging.varesenews.it\/swgapi\/v1\/wp\/v2\/types\/post"}],"author":[{"embeddable":true,"href":"https:\/\/staging.varesenews.it\/swgapi\/v1\/wp\/v2\/users\/10"}],"replies":[{"embeddable":true,"href":"https:\/\/staging.varesenews.it\/swgapi\/v1\/wp\/v2\/comments?post=234106"}],"version-history":[{"count":0,"href":"https:\/\/staging.varesenews.it\/swgapi\/v1\/wp\/v2\/posts\/234106\/revisions"}],"wp:attachment":[{"href":"https:\/\/staging.varesenews.it\/swgapi\/v1\/wp\/v2\/media?parent=234106"}],"wp:term":[{"taxonomy":"category","embeddable":true,"href":"https:\/\/staging.varesenews.it\/swgapi\/v1\/wp\/v2\/categories?post=234106"},{"taxonomy":"post_tag","embeddable":true,"href":"https:\/\/staging.varesenews.it\/swgapi\/v1\/wp\/v2\/tags?post=234106"}],"curies":[{"name":"wp","href":"https:\/\/api.w.org\/{rel}","templated":true}]}}