{"id":234217,"date":"2007-06-19T00:00:00","date_gmt":"2007-06-19T00:00:00","guid":{"rendered":""},"modified":"2007-06-19T00:00:00","modified_gmt":"2007-06-19T00:00:00","slug":"giunta-vitali-buona-la-seconda","status":"publish","type":"post","link":"https:\/\/staging.varesenews.it\/2007\/06\/giunta-vitali-buona-la-seconda\/234217\/","title":{"rendered":"Giunta Vitali, buona la seconda"},"content":{"rendered":"<p><font face=\"arial,helvetica,sans-serif\"><strong><img loading=\"lazy\" decoding=\"async\" style=\"WIDTH: 250px; HEIGHT: 188px\" height=\"188\" hspace=\"3\" src=\"https:\/\/www3.varesenews.it\/immagini_articoli\/200706\/100_4241.jpg\" width=\"250\" align=\"left\" vspace=\"3\" border=\"0\" \/>Quattro pi\u00f9 due pi\u00f9 due fa nove<\/strong>: \u00e8 la nuova formula della politica legnanese. L&#8217;aveva profetizzata gi\u00e0 una settimana fa\u00a0il neosindaco Lorenzo Vitali, allora umiliato dal fallimento del primo tentativo di giungere alla composizione di una Giunta e oggi invece soddisfatto per essersi finalmente tolto questa spina. Risultato, <strong>una poltrona in pi\u00f9 per Alleanza Nazionale e tutti contenti<\/strong>.\u00a0\u00abVenti giorni di trattative, purtroppo su tavoli di livello provinciale, quando a livello cittadino avremmo risolto tutto molto prima e con meno inc&#8230;ture\u00a0da parte mia\u00bb commenta Vitali\u00a0nel presentare la sua amministrazione. La &quot;spina&quot; da togliere era l&#8217;insistenza di An, per equilibri provinciali, per avere la carica di vicesindaco, rimasta invece saldamente in ambito Lega e andata a <strong>Gianbattista Fratus<\/strong>. Questi \u00e8 stato\u00a0&quot;premiato&quot; per aver gestito con <em>savoir faire<\/em> la patata bollente dell&#8217;urbanistica dopo lo scandalo\u00a0che aveva portato\u00a0all&#8217;arresto dell&#8217;allora vicesindaco forzista Tomasello; An, dopo lunghe trattative fra il sindaco e Romano La Russa, leader provinciale del partito,<strong>\u00a0si \u00e8 dovuta &quot;accontentare&quot; di tre assessorati<\/strong>, assegnati a <strong>Rosamaria Codazzi, Massimo Colombo e\u00a0a Domenico Gangemi<\/strong>, tutti consiglieri eletti che dovranno essere rimpiazzati. In Giunta entrano anche i leader locali di Lega (Faggionato) e Forza Italia (Brignoli); fra le altre cariche <strong>spicca il ruolo dell&#8217;ex sindaco Cozzi, di fatto assessore al bilancio.<\/strong> Unico assente alla presentazione a Palazzo Malinverni, giustificato, Massimo Colombo, delegato ai servizi sociali. Dal quadro resta fuori l&#8217;Udc, che pure aveva chiesto un assessorato: ma a Vitali arrivare a una Giunta\u00a0con dieci assessori pareva davvero troppo.<\/font><\/p>\n<p><font face=\"Arial\">Ma ecco la lista completa dei nove\u00a0assessori con le rispettive deleghe:<br \/><strong>Gianbattista Fratus<\/strong> (Lega Nord): vicesindaco, assessore all&#8217;Assetto e Gestione di Territorio e Ambiente; <br \/><strong>Maurizio Cozzi<\/strong> (indipendente): assessore anziano con deleghe alle attivit\u00e0 economico-finanziarie (bilancio) e al servizio amministrativo-legale;<br \/><strong>Rosamaria Codazzi<\/strong> (Allenaza Nazionale): assessore alle attivit\u00e0 educative, pari opportunit\u00e0 e attivit\u00e0 culturali;<br \/><strong>Fiorenzo Battaglioli<\/strong> (Forza Italia): assessore alle opere pubbliche, decoro e arredo urbano;<br \/><strong>Giovanni Grassi<\/strong> (Forza Italia): assessore alle partecipazioni comunali e attivit\u00e0 produttive;<br \/><strong>Massimo Colombo<\/strong> (Alleanza Nazionale): assessore alle attivit\u00e0 socio-assistenziali;<br \/><strong>Elio Faggionato<\/strong> (Lega Nord): assessore a sicurezza, polizia locale e protezione civile;<br \/><strong>Renzo Brignoli<\/strong> (Forza Italia): assessore allo sport, turismo e tempo libero, politiche giovanili;<br \/><strong>Domenico Gangemi<\/strong> (Alleanza Nazionale): assessore alle consulte territoriali, servizi demografici, URP, formazione professionale.<\/font><\/p>\n<p><font face=\"Arial\"><br \/><\/font><\/p>\n","protected":false},"excerpt":{"rendered":"<p>Otto uomini e una donna per la Giunta Vitali, finalmente insediata: An non ottiene il vicesindaco e si deve &#8220;accontentare&#8221; di tre assessorati<\/p>\n","protected":false},"author":10,"featured_media":0,"comment_status":"open","ping_status":"open","sticky":false,"template":"","format":"standard","meta":{"footnotes":""},"categories":[4],"tags":[],"acf":[],"yoast_head":"<!-- This site is optimized with the Yoast SEO plugin v20.1 - https:\/\/yoast.com\/wordpress\/plugins\/seo\/ -->\n<title>Giunta Vitali, buona la seconda<\/title>\n<meta name=\"description\" content=\"Otto uomini e una donna per la Giunta Vitali, finalmente insediata: An non ottiene il vicesindaco e si deve &quot;accontentare&quot; di tre assessorati\" \/>\n<meta name=\"robots\" content=\"noindex, follow, max-snippet:-1, max-image-preview:large, max-video-preview:-1\" \/>\n<meta property=\"og:locale\" content=\"it_IT\" \/>\n<meta property=\"og:type\" content=\"article\" \/>\n<meta property=\"og:title\" content=\"Giunta Vitali, buona la seconda\" \/>\n<meta property=\"og:description\" content=\"Otto uomini e una donna per la Giunta Vitali, finalmente insediata: An non ottiene il vicesindaco e si deve &quot;accontentare&quot; di tre assessorati\" \/>\n<meta property=\"og:url\" content=\"https:\/\/staging.varesenews.it\/2007\/06\/giunta-vitali-buona-la-seconda\/234217\/\" \/>\n<meta property=\"og:site_name\" content=\"VareseNews\" \/>\n<meta property=\"article:publisher\" content=\"https:\/\/www.facebook.com\/varesenews\" \/>\n<meta property=\"article:published_time\" content=\"2007-06-19T00:00:00+00:00\" \/>\n<meta property=\"og:image\" content=\"https:\/\/www3.varesenews.it\/immagini_articoli\/200706\/100_4241.jpg\" \/>\n<meta name=\"author\" content=\"Redazione VareseNews\" \/>\n<meta name=\"twitter:card\" content=\"summary_large_image\" \/>\n<meta name=\"twitter:creator\" content=\"@varesenews\" \/>\n<meta name=\"twitter:site\" content=\"@varesenews\" \/>\n<meta name=\"twitter:label1\" content=\"Scritto da\" \/>\n\t<meta name=\"twitter:data1\" content=\"Redazione VareseNews\" \/>\n\t<meta name=\"twitter:label2\" content=\"Tempo di lettura stimato\" \/>\n\t<meta name=\"twitter:data2\" content=\"2 minuti\" \/>\n<script type=\"application\/ld+json\" class=\"yoast-schema-graph\">{\"@context\":\"https:\/\/schema.org\",\"@graph\":[{\"@type\":\"WebPage\",\"@id\":\"https:\/\/staging.varesenews.it\/2007\/06\/giunta-vitali-buona-la-seconda\/234217\/\",\"url\":\"https:\/\/staging.varesenews.it\/2007\/06\/giunta-vitali-buona-la-seconda\/234217\/\",\"name\":\"Giunta Vitali, buona la seconda\",\"isPartOf\":{\"@id\":\"https:\/\/staging.varesenews.it\/#website\"},\"datePublished\":\"2007-06-19T00:00:00+00:00\",\"dateModified\":\"2007-06-19T00:00:00+00:00\",\"author\":{\"@id\":\"https:\/\/staging.varesenews.it\/#\/schema\/person\/fb20c4da0b7b16c291707a20db73e169\"},\"description\":\"Otto uomini e una donna per la Giunta Vitali, finalmente insediata: An non ottiene il vicesindaco e si deve \\\"accontentare\\\" di tre assessorati\",\"breadcrumb\":{\"@id\":\"https:\/\/staging.varesenews.it\/2007\/06\/giunta-vitali-buona-la-seconda\/234217\/#breadcrumb\"},\"inLanguage\":\"it-IT\",\"potentialAction\":[{\"@type\":\"ReadAction\",\"target\":[\"https:\/\/staging.varesenews.it\/2007\/06\/giunta-vitali-buona-la-seconda\/234217\/\"]}]},{\"@type\":\"BreadcrumbList\",\"@id\":\"https:\/\/staging.varesenews.it\/2007\/06\/giunta-vitali-buona-la-seconda\/234217\/#breadcrumb\",\"itemListElement\":[{\"@type\":\"ListItem\",\"position\":1,\"name\":\"Home\",\"item\":\"https:\/\/www.varesenews.it\/\"},{\"@type\":\"ListItem\",\"position\":2,\"name\":\"Giunta Vitali, buona la seconda\"}]},{\"@type\":\"WebSite\",\"@id\":\"https:\/\/staging.varesenews.it\/#website\",\"url\":\"https:\/\/staging.varesenews.it\/\",\"name\":\"VareseNews\",\"description\":\"\",\"potentialAction\":[{\"@type\":\"SearchAction\",\"target\":{\"@type\":\"EntryPoint\",\"urlTemplate\":\"https:\/\/staging.varesenews.it\/?s={search_term_string}\"},\"query-input\":\"required name=search_term_string\"}],\"inLanguage\":\"it-IT\"},{\"@type\":\"Person\",\"@id\":\"https:\/\/staging.varesenews.it\/#\/schema\/person\/fb20c4da0b7b16c291707a20db73e169\",\"name\":\"Redazione VareseNews\",\"image\":{\"@type\":\"ImageObject\",\"inLanguage\":\"it-IT\",\"@id\":\"https:\/\/staging.varesenews.it\/#\/schema\/person\/image\/\",\"url\":\"https:\/\/staging.varesenews.it\/wp-content\/uploads\/2020\/12\/logo_VN_colori_500.png\",\"contentUrl\":\"https:\/\/staging.varesenews.it\/wp-content\/uploads\/2020\/12\/logo_VN_colori_500.png\",\"caption\":\"Redazione VareseNews\"},\"url\":\"https:\/\/staging.varesenews.it\/persona\/redazione1\/\"}]}<\/script>\n<!-- \/ Yoast SEO plugin. -->","yoast_head_json":{"title":"Giunta Vitali, buona la seconda","description":"Otto uomini e una donna per la Giunta Vitali, finalmente insediata: An non ottiene il vicesindaco e si deve \"accontentare\" di tre assessorati","robots":{"index":"noindex","follow":"follow","max-snippet":"max-snippet:-1","max-image-preview":"max-image-preview:large","max-video-preview":"max-video-preview:-1"},"og_locale":"it_IT","og_type":"article","og_title":"Giunta Vitali, buona la seconda","og_description":"Otto uomini e una donna per la Giunta Vitali, finalmente insediata: An non ottiene il vicesindaco e si deve \"accontentare\" di tre assessorati","og_url":"https:\/\/staging.varesenews.it\/2007\/06\/giunta-vitali-buona-la-seconda\/234217\/","og_site_name":"VareseNews","article_publisher":"https:\/\/www.facebook.com\/varesenews","article_published_time":"2007-06-19T00:00:00+00:00","og_image":[{"url":"https:\/\/www3.varesenews.it\/immagini_articoli\/200706\/100_4241.jpg"}],"author":"Redazione VareseNews","twitter_card":"summary_large_image","twitter_creator":"@varesenews","twitter_site":"@varesenews","twitter_misc":{"Scritto da":"Redazione VareseNews","Tempo di lettura stimato":"2 minuti"},"schema":{"@context":"https:\/\/schema.org","@graph":[{"@type":"WebPage","@id":"https:\/\/staging.varesenews.it\/2007\/06\/giunta-vitali-buona-la-seconda\/234217\/","url":"https:\/\/staging.varesenews.it\/2007\/06\/giunta-vitali-buona-la-seconda\/234217\/","name":"Giunta Vitali, buona la seconda","isPartOf":{"@id":"https:\/\/staging.varesenews.it\/#website"},"datePublished":"2007-06-19T00:00:00+00:00","dateModified":"2007-06-19T00:00:00+00:00","author":{"@id":"https:\/\/staging.varesenews.it\/#\/schema\/person\/fb20c4da0b7b16c291707a20db73e169"},"description":"Otto uomini e una donna per la Giunta Vitali, finalmente insediata: An non ottiene il vicesindaco e si deve \"accontentare\" di tre assessorati","breadcrumb":{"@id":"https:\/\/staging.varesenews.it\/2007\/06\/giunta-vitali-buona-la-seconda\/234217\/#breadcrumb"},"inLanguage":"it-IT","potentialAction":[{"@type":"ReadAction","target":["https:\/\/staging.varesenews.it\/2007\/06\/giunta-vitali-buona-la-seconda\/234217\/"]}]},{"@type":"BreadcrumbList","@id":"https:\/\/staging.varesenews.it\/2007\/06\/giunta-vitali-buona-la-seconda\/234217\/#breadcrumb","itemListElement":[{"@type":"ListItem","position":1,"name":"Home","item":"https:\/\/www.varesenews.it\/"},{"@type":"ListItem","position":2,"name":"Giunta Vitali, buona la seconda"}]},{"@type":"WebSite","@id":"https:\/\/staging.varesenews.it\/#website","url":"https:\/\/staging.varesenews.it\/","name":"VareseNews","description":"","potentialAction":[{"@type":"SearchAction","target":{"@type":"EntryPoint","urlTemplate":"https:\/\/staging.varesenews.it\/?s={search_term_string}"},"query-input":"required name=search_term_string"}],"inLanguage":"it-IT"},{"@type":"Person","@id":"https:\/\/staging.varesenews.it\/#\/schema\/person\/fb20c4da0b7b16c291707a20db73e169","name":"Redazione VareseNews","image":{"@type":"ImageObject","inLanguage":"it-IT","@id":"https:\/\/staging.varesenews.it\/#\/schema\/person\/image\/","url":"https:\/\/staging.varesenews.it\/wp-content\/uploads\/2020\/12\/logo_VN_colori_500.png","contentUrl":"https:\/\/staging.varesenews.it\/wp-content\/uploads\/2020\/12\/logo_VN_colori_500.png","caption":"Redazione VareseNews"},"url":"https:\/\/staging.varesenews.it\/persona\/redazione1\/"}]}},"post_meta":{"id_old":"75403","argomento":"Legnano","autore_old":"SdA","id_link_fotogallery":"313197"},"photos":[],"_links":{"self":[{"href":"https:\/\/staging.varesenews.it\/swgapi\/v1\/wp\/v2\/posts\/234217"}],"collection":[{"href":"https:\/\/staging.varesenews.it\/swgapi\/v1\/wp\/v2\/posts"}],"about":[{"href":"https:\/\/staging.varesenews.it\/swgapi\/v1\/wp\/v2\/types\/post"}],"author":[{"embeddable":true,"href":"https:\/\/staging.varesenews.it\/swgapi\/v1\/wp\/v2\/users\/10"}],"replies":[{"embeddable":true,"href":"https:\/\/staging.varesenews.it\/swgapi\/v1\/wp\/v2\/comments?post=234217"}],"version-history":[{"count":0,"href":"https:\/\/staging.varesenews.it\/swgapi\/v1\/wp\/v2\/posts\/234217\/revisions"}],"wp:attachment":[{"href":"https:\/\/staging.varesenews.it\/swgapi\/v1\/wp\/v2\/media?parent=234217"}],"wp:term":[{"taxonomy":"category","embeddable":true,"href":"https:\/\/staging.varesenews.it\/swgapi\/v1\/wp\/v2\/categories?post=234217"},{"taxonomy":"post_tag","embeddable":true,"href":"https:\/\/staging.varesenews.it\/swgapi\/v1\/wp\/v2\/tags?post=234217"}],"curies":[{"name":"wp","href":"https:\/\/api.w.org\/{rel}","templated":true}]}}