{"id":235462,"date":"2007-05-30T00:00:00","date_gmt":"2007-05-30T00:00:00","guid":{"rendered":""},"modified":"2007-05-30T00:00:00","modified_gmt":"2007-05-30T00:00:00","slug":"il-comune-e-la-popolare-di-bergamo-insieme-per-l-ambiente","status":"publish","type":"post","link":"https:\/\/staging.varesenews.it\/2007\/05\/il-comune-e-la-popolare-di-bergamo-insieme-per-l-ambiente\/235462\/","title":{"rendered":"Il comune e la Popolare di Bergamo insieme per l\u2019ambiente"},"content":{"rendered":"<p class=\"MsoBodyText\" style=\"MARGIN: 0cm 26.7pt 0pt 0cm; TEXT-ALIGN: justify; tab-stops: 0cm\" align=\"left\"><span style=\"FONT-SIZE: 12pt; FONT-FAMILY: Arial; mso-bidi-font-size: 10.0pt\">E\u2019 la novit\u00e0 di questo maggio 2007: un <b>protocollo d\u2019intesa <img decoding=\"async\" hspace=\"3\" src=\"https:\/\/www3.varesenews.it\/immagini_articoli\/200705\/FotoCitt\u00e0Mia.jpg\" align=\"left\" vspace=\"3\" border=\"0\" \/>tra il comune di Casorate Sempione e la Banca Popolare di Bergamo<\/b> che vede partire il progetto \u201c<b>Citt\u00e0 mia: investire nell\u2019ambiente conviene<\/b>\u201d. Un titolo significativo che mostra l\u2019intento di questa collaborazione tra amministrazione comunale e banca: sostenere insieme, con finanziamenti agevolati, i cittadini che sceglieranno di optare per pannelli solari, auto a metano o altri interventi rispettosi dell\u2019ambiente. Il protocollo d\u2019intesa \u00e8 stato firmato all\u2019inizio del mese <b>dal<\/b> <b>sindaco Giuseppina Quadrio e da Flavio Debellini<\/b>, dell\u2019Area Manager della Banca Popolare di Bergamo. Presente all\u2019incontro era anche il responsabile della <b>filiale<\/b> di Casorate Sempione, <b>Alberto Varenna<\/b>. Lo scopo dell\u2019intesa tra banca e comune, promossa dai tre assessorati al bilancio, all\u2019urbanistica e all\u2019ambiente e territorio di Casorate, \u00e8 quello di avviare un<span style=\"mso-spacerun: yes\">\u00a0 <\/span>progetto condiviso, teso a proporre ai cittadini del paese una serie di interventi per ottenere <b>un\u2019efficienza energetica migliore con<\/b> <b>finanziamenti agevolati<\/b>. L\u2019accordo con la Popolare di Bergamo, portato avanti anche dai comuni di Gallarate, Varese, Saronno e Ferno, \u00e8 un\u2019ottima opportunit\u00e0 per tutti i cittadini interessati alla tutela dell\u2019ambiente e al risparmio energetico. I finanziamenti agevolati, con tassi molto bassi paragonabili a quelli di un mutuo, permetteranno a privati, aziende e amministrazioni condominiali di acquistare pi\u00f9 agevolmente pannelli solari o convertire un\u2019auto a GPL. Una collaborazione, quindi, tra amministrazione e Banca Popolare di Bergamo, attenta a sostenere interventi di miglioramento dell\u2019efficienza energetica e di ecocompatibilit\u00e0 degli edifici, di ammodernamento degli impianti termici e sostituzione di caldaie obsolete, di smaltimento e bonifica dell\u2019amianto, di promozione delle fonti energetiche rinnovabili e contenimento dell\u2019impatto ambientale dei veicoli. Un lavoro di squadra<span style=\"mso-spacerun: yes\">\u00a0 <\/span>significativo, che <b>si rivolge a privati, amministrazioni condominiali e imprese <\/b>per migliorare la qualit\u00e0 dell\u2019ambiente e diffondere sempre pi\u00f9 la sensibilit\u00e0 allo sviluppo sostenibile.\u00a0<\/span><span style=\"FONT-SIZE: 12pt; FONT-FAMILY: Arial; mso-bidi-font-size: 10.0pt\">\u00a0<\/span><span style=\"FONT-SIZE: 12pt; FONT-FAMILY: Arial; mso-bidi-font-size: 10.0pt\">\u00a0<\/span><\/p>\n<p \/>\n<p class=\"MsoBodyText\" style=\"MARGIN: 0cm 26.7pt 0pt 0cm; TEXT-ALIGN: justify; tab-stops: 0cm\" align=\"left\"><span style=\"FONT-SIZE: 12pt; FONT-FAMILY: Arial; mso-bidi-font-size: 10.0pt\">Dal protocollo:\u00a0<\/span><\/p>\n<p class=\"MsoBodyText\" style=\"MARGIN: 0cm 26.7pt 0pt 0cm; TEXT-ALIGN: justify; tab-stops: 0cm\" align=\"left\"><span style=\"FONT-SIZE: 12pt; FONT-FAMILY: Arial; mso-bidi-font-size: 10.0pt\"><\/span><span style=\"FONT-SIZE: 12pt; FONT-FAMILY: Arial; mso-bidi-font-size: 10.0pt\"><span style=\"mso-spacerun: yes\">\u00a0<\/span><i>Il Comune di Casorate Sempione<\/i> <i style=\"mso-bidi-font-style: normal\">ha in corso iniziative di sensibilizzazione ed informazione per coinvolgere e motivare<\/i> <i>il singolo cittadino all\u2019adozione di tecnologie ed impianti che contribuiscano fattivamente al miglioramento dell\u2019ambiente in cui vive, al superamento delle limitazioni indotte dai livelli di inquinamento atmosferico, al conseguimento di risparmi sui propri consumi energetici.<\/i><\/span><i><span style=\"FONT-SIZE: 12pt; FONT-FAMILY: Arial; mso-bidi-font-size: 10.0pt\"><\/span><\/i><\/p>\n<p \/>\n<p class=\"MsoBodyText\" style=\"MARGIN: 0cm 26.7pt 0pt 0cm; TEXT-ALIGN: justify; tab-stops: 0cm\" align=\"left\"><i><span style=\"FONT-SIZE: 12pt; FONT-FAMILY: Arial; mso-bidi-font-size: 10.0pt\">La Banca Popolare di Bergamo \u00e8 banca locale, tradizionalmente partecipe o promotrice di iniziative di interesse per la comunit\u00e0 civile ed economica nella quale \u00e8 storicamente inserita.<span style=\"mso-spacerun: yes\">\u00a0 <\/span>In un\u2019ottica di responsabilit\u00e0 sociale d\u2019impresa, contemperando la propria attivit\u00e0 bancaria tipica con le attese e gli interessi collettivi, ha manifestato il proprio interesse e la propria disponibilit\u00e0<span style=\"mso-spacerun: yes\">\u00a0 <\/span>a supportare un progetto orientato allo sviluppo armonico della Comunit\u00e0 Locale<\/span><\/i><span style=\"FONT-SIZE: 12pt; FONT-FAMILY: Arial; mso-bidi-font-size: 10.0pt\">.<\/span><\/p>\n","protected":false},"excerpt":{"rendered":"<p>Siglato il protocollo d\u2019intesa tra amministrazione comunale e Banca Popolare di Bergamo, parte il progetto \u201cCitt\u00e0 mia: Investire nell\u2019ambiente conviene\u201d<\/p>\n","protected":false},"author":10,"featured_media":0,"comment_status":"open","ping_status":"open","sticky":false,"template":"","format":"standard","meta":{"footnotes":""},"categories":[3],"tags":[],"acf":[],"yoast_head":"<!-- This site is optimized with the Yoast SEO plugin v20.1 - https:\/\/yoast.com\/wordpress\/plugins\/seo\/ -->\n<title>Il comune e la Popolare di Bergamo insieme per l\u2019ambiente<\/title>\n<meta name=\"description\" content=\"Siglato il protocollo d\u2019intesa tra amministrazione comunale e Banca Popolare di Bergamo, parte il progetto \u201cCitt\u00e0 mia: Investire nell\u2019ambiente conviene\u201d\" \/>\n<meta name=\"robots\" content=\"noindex, follow, max-snippet:-1, max-image-preview:large, max-video-preview:-1\" \/>\n<meta property=\"og:locale\" content=\"it_IT\" \/>\n<meta property=\"og:type\" content=\"article\" \/>\n<meta property=\"og:title\" content=\"Il comune e la Popolare di Bergamo insieme per l\u2019ambiente\" \/>\n<meta property=\"og:description\" content=\"Siglato il protocollo d\u2019intesa tra amministrazione comunale e Banca Popolare di Bergamo, parte il progetto \u201cCitt\u00e0 mia: Investire nell\u2019ambiente conviene\u201d\" \/>\n<meta property=\"og:url\" content=\"https:\/\/staging.varesenews.it\/2007\/05\/il-comune-e-la-popolare-di-bergamo-insieme-per-l-ambiente\/235462\/\" \/>\n<meta property=\"og:site_name\" content=\"VareseNews\" \/>\n<meta property=\"article:publisher\" content=\"https:\/\/www.facebook.com\/varesenews\" \/>\n<meta property=\"article:published_time\" content=\"2007-05-30T00:00:00+00:00\" \/>\n<meta name=\"author\" content=\"Redazione VareseNews\" \/>\n<meta name=\"twitter:card\" content=\"summary_large_image\" \/>\n<meta name=\"twitter:creator\" content=\"@varesenews\" \/>\n<meta name=\"twitter:site\" content=\"@varesenews\" \/>\n<meta name=\"twitter:label1\" content=\"Scritto da\" \/>\n\t<meta name=\"twitter:data1\" content=\"Redazione VareseNews\" \/>\n\t<meta name=\"twitter:label2\" content=\"Tempo di lettura stimato\" \/>\n\t<meta name=\"twitter:data2\" content=\"2 minuti\" \/>\n<script type=\"application\/ld+json\" class=\"yoast-schema-graph\">{\"@context\":\"https:\/\/schema.org\",\"@graph\":[{\"@type\":\"WebPage\",\"@id\":\"https:\/\/staging.varesenews.it\/2007\/05\/il-comune-e-la-popolare-di-bergamo-insieme-per-l-ambiente\/235462\/\",\"url\":\"https:\/\/staging.varesenews.it\/2007\/05\/il-comune-e-la-popolare-di-bergamo-insieme-per-l-ambiente\/235462\/\",\"name\":\"Il comune e la Popolare di Bergamo insieme per l\u2019ambiente\",\"isPartOf\":{\"@id\":\"https:\/\/staging.varesenews.it\/#website\"},\"datePublished\":\"2007-05-30T00:00:00+00:00\",\"dateModified\":\"2007-05-30T00:00:00+00:00\",\"author\":{\"@id\":\"https:\/\/staging.varesenews.it\/#\/schema\/person\/fb20c4da0b7b16c291707a20db73e169\"},\"description\":\"Siglato il protocollo d\u2019intesa tra amministrazione comunale e Banca Popolare di Bergamo, parte il progetto \u201cCitt\u00e0 mia: Investire nell\u2019ambiente conviene\u201d\",\"breadcrumb\":{\"@id\":\"https:\/\/staging.varesenews.it\/2007\/05\/il-comune-e-la-popolare-di-bergamo-insieme-per-l-ambiente\/235462\/#breadcrumb\"},\"inLanguage\":\"it-IT\",\"potentialAction\":[{\"@type\":\"ReadAction\",\"target\":[\"https:\/\/staging.varesenews.it\/2007\/05\/il-comune-e-la-popolare-di-bergamo-insieme-per-l-ambiente\/235462\/\"]}]},{\"@type\":\"BreadcrumbList\",\"@id\":\"https:\/\/staging.varesenews.it\/2007\/05\/il-comune-e-la-popolare-di-bergamo-insieme-per-l-ambiente\/235462\/#breadcrumb\",\"itemListElement\":[{\"@type\":\"ListItem\",\"position\":1,\"name\":\"Home\",\"item\":\"https:\/\/www.varesenews.it\/\"},{\"@type\":\"ListItem\",\"position\":2,\"name\":\"Il comune e la Popolare di Bergamo insieme per l\u2019ambiente\"}]},{\"@type\":\"WebSite\",\"@id\":\"https:\/\/staging.varesenews.it\/#website\",\"url\":\"https:\/\/staging.varesenews.it\/\",\"name\":\"VareseNews\",\"description\":\"\",\"potentialAction\":[{\"@type\":\"SearchAction\",\"target\":{\"@type\":\"EntryPoint\",\"urlTemplate\":\"https:\/\/staging.varesenews.it\/?s={search_term_string}\"},\"query-input\":\"required name=search_term_string\"}],\"inLanguage\":\"it-IT\"},{\"@type\":\"Person\",\"@id\":\"https:\/\/staging.varesenews.it\/#\/schema\/person\/fb20c4da0b7b16c291707a20db73e169\",\"name\":\"Redazione VareseNews\",\"image\":{\"@type\":\"ImageObject\",\"inLanguage\":\"it-IT\",\"@id\":\"https:\/\/staging.varesenews.it\/#\/schema\/person\/image\/\",\"url\":\"https:\/\/staging.varesenews.it\/wp-content\/uploads\/2020\/12\/logo_VN_colori_500.png\",\"contentUrl\":\"https:\/\/staging.varesenews.it\/wp-content\/uploads\/2020\/12\/logo_VN_colori_500.png\",\"caption\":\"Redazione VareseNews\"},\"url\":\"https:\/\/staging.varesenews.it\/persona\/redazione1\/\"}]}<\/script>\n<!-- \/ Yoast SEO plugin. -->","yoast_head_json":{"title":"Il comune e la Popolare di Bergamo insieme per l\u2019ambiente","description":"Siglato il protocollo d\u2019intesa tra amministrazione comunale e Banca Popolare di Bergamo, parte il progetto \u201cCitt\u00e0 mia: Investire nell\u2019ambiente conviene\u201d","robots":{"index":"noindex","follow":"follow","max-snippet":"max-snippet:-1","max-image-preview":"max-image-preview:large","max-video-preview":"max-video-preview:-1"},"og_locale":"it_IT","og_type":"article","og_title":"Il comune e la Popolare di Bergamo insieme per l\u2019ambiente","og_description":"Siglato il protocollo d\u2019intesa tra amministrazione comunale e Banca Popolare di Bergamo, parte il progetto \u201cCitt\u00e0 mia: Investire nell\u2019ambiente conviene\u201d","og_url":"https:\/\/staging.varesenews.it\/2007\/05\/il-comune-e-la-popolare-di-bergamo-insieme-per-l-ambiente\/235462\/","og_site_name":"VareseNews","article_publisher":"https:\/\/www.facebook.com\/varesenews","article_published_time":"2007-05-30T00:00:00+00:00","author":"Redazione VareseNews","twitter_card":"summary_large_image","twitter_creator":"@varesenews","twitter_site":"@varesenews","twitter_misc":{"Scritto da":"Redazione VareseNews","Tempo di lettura stimato":"2 minuti"},"schema":{"@context":"https:\/\/schema.org","@graph":[{"@type":"WebPage","@id":"https:\/\/staging.varesenews.it\/2007\/05\/il-comune-e-la-popolare-di-bergamo-insieme-per-l-ambiente\/235462\/","url":"https:\/\/staging.varesenews.it\/2007\/05\/il-comune-e-la-popolare-di-bergamo-insieme-per-l-ambiente\/235462\/","name":"Il comune e la Popolare di Bergamo insieme per l\u2019ambiente","isPartOf":{"@id":"https:\/\/staging.varesenews.it\/#website"},"datePublished":"2007-05-30T00:00:00+00:00","dateModified":"2007-05-30T00:00:00+00:00","author":{"@id":"https:\/\/staging.varesenews.it\/#\/schema\/person\/fb20c4da0b7b16c291707a20db73e169"},"description":"Siglato il protocollo d\u2019intesa tra amministrazione comunale e Banca Popolare di Bergamo, parte il progetto \u201cCitt\u00e0 mia: Investire nell\u2019ambiente conviene\u201d","breadcrumb":{"@id":"https:\/\/staging.varesenews.it\/2007\/05\/il-comune-e-la-popolare-di-bergamo-insieme-per-l-ambiente\/235462\/#breadcrumb"},"inLanguage":"it-IT","potentialAction":[{"@type":"ReadAction","target":["https:\/\/staging.varesenews.it\/2007\/05\/il-comune-e-la-popolare-di-bergamo-insieme-per-l-ambiente\/235462\/"]}]},{"@type":"BreadcrumbList","@id":"https:\/\/staging.varesenews.it\/2007\/05\/il-comune-e-la-popolare-di-bergamo-insieme-per-l-ambiente\/235462\/#breadcrumb","itemListElement":[{"@type":"ListItem","position":1,"name":"Home","item":"https:\/\/www.varesenews.it\/"},{"@type":"ListItem","position":2,"name":"Il comune e la Popolare di Bergamo insieme per l\u2019ambiente"}]},{"@type":"WebSite","@id":"https:\/\/staging.varesenews.it\/#website","url":"https:\/\/staging.varesenews.it\/","name":"VareseNews","description":"","potentialAction":[{"@type":"SearchAction","target":{"@type":"EntryPoint","urlTemplate":"https:\/\/staging.varesenews.it\/?s={search_term_string}"},"query-input":"required name=search_term_string"}],"inLanguage":"it-IT"},{"@type":"Person","@id":"https:\/\/staging.varesenews.it\/#\/schema\/person\/fb20c4da0b7b16c291707a20db73e169","name":"Redazione VareseNews","image":{"@type":"ImageObject","inLanguage":"it-IT","@id":"https:\/\/staging.varesenews.it\/#\/schema\/person\/image\/","url":"https:\/\/staging.varesenews.it\/wp-content\/uploads\/2020\/12\/logo_VN_colori_500.png","contentUrl":"https:\/\/staging.varesenews.it\/wp-content\/uploads\/2020\/12\/logo_VN_colori_500.png","caption":"Redazione VareseNews"},"url":"https:\/\/staging.varesenews.it\/persona\/redazione1\/"}]}},"post_meta":{"id_old":"73753","argomento":"Casorate Sempione","autore_old":"s.d."},"photos":[],"_links":{"self":[{"href":"https:\/\/staging.varesenews.it\/swgapi\/v1\/wp\/v2\/posts\/235462"}],"collection":[{"href":"https:\/\/staging.varesenews.it\/swgapi\/v1\/wp\/v2\/posts"}],"about":[{"href":"https:\/\/staging.varesenews.it\/swgapi\/v1\/wp\/v2\/types\/post"}],"author":[{"embeddable":true,"href":"https:\/\/staging.varesenews.it\/swgapi\/v1\/wp\/v2\/users\/10"}],"replies":[{"embeddable":true,"href":"https:\/\/staging.varesenews.it\/swgapi\/v1\/wp\/v2\/comments?post=235462"}],"version-history":[{"count":0,"href":"https:\/\/staging.varesenews.it\/swgapi\/v1\/wp\/v2\/posts\/235462\/revisions"}],"wp:attachment":[{"href":"https:\/\/staging.varesenews.it\/swgapi\/v1\/wp\/v2\/media?parent=235462"}],"wp:term":[{"taxonomy":"category","embeddable":true,"href":"https:\/\/staging.varesenews.it\/swgapi\/v1\/wp\/v2\/categories?post=235462"},{"taxonomy":"post_tag","embeddable":true,"href":"https:\/\/staging.varesenews.it\/swgapi\/v1\/wp\/v2\/tags?post=235462"}],"curies":[{"name":"wp","href":"https:\/\/api.w.org\/{rel}","templated":true}]}}