{"id":237092,"date":"2007-05-05T00:00:00","date_gmt":"2007-05-05T00:00:00","guid":{"rendered":""},"modified":"2007-05-05T00:00:00","modified_gmt":"2007-05-05T00:00:00","slug":"sette-laghi-e-un-cuore-sportivo","status":"publish","type":"post","link":"https:\/\/staging.varesenews.it\/2007\/05\/sette-laghi-e-un-cuore-sportivo\/237092\/","title":{"rendered":"Sette laghi e un cuore sportivo"},"content":{"rendered":"<p><font face=\"arial,helvetica,sans-serif\"><img loading=\"lazy\" decoding=\"async\" height=\"220\" hspace=\"3\" src=\"https:\/\/www3.varesenews.it\/immagini_articoli\/200704\/Montagnaaliante300.jpg\" width=\"290\" align=\"left\" vspace=\"3\" border=\"1\" \/>Un territorio che tra sabato e domenica mette in mostra tutte le sue bellezze paesaggistiche e naturalistiche, ma anche un\u2019anima sportiva fatta di passione per la competizione e grandi talenti a cui dare i natali. In barba alla pioggia, al vento e all\u2019improvviso ritorno dell\u2019<a href=\"http:\/\/www.astrogeo.va.it\/meteo.htm\" target=\"_blank\">aria fredda<\/a>.\u00a0 Accade in provincia questo fine settimana: curiosi di conoscere quali e quanti campioni si sfideranno in singolar tenzone? Seguiteci\u00a0allora nel nostro viaggio a Varese\u2026 terra di sport!<\/font><\/p>\n<p><font face=\"arial,helvetica,sans-serif\"><strong>Sport in primo piano <br \/><\/strong>Dunque, il cuore sportivo di Varese questo fine settimana sfida tutto e tutti e apre strade e impianti agli appassionati di tutta Italia. A cominciare da quelli di <a href=\"\/sport\/articolo.php?id=71186\" target=\"_blank\">tiro con l\u2019arco<\/a> riuniti all\u2019<strong>Ippodromo<\/strong> \u201cLe Bettole\u201d per la seconda tappa di Coppa del Mondo, valida anche come prima prova dei Grand Prix Europei. Una manifestazione che ha portato in provincia un vero e proprio esercito di arcieri e che, in occasione della finale di sabato pomeriggio, tra frecce e bersagli vedr\u00e0 anche l\u2019arrivo, direttamente dal cielo, dei paracadutisti della Sezione di Varese. <\/font><font face=\"arial,helvetica,sans-serif\"><strong>Calcinate del Pesce<\/strong> chiama invece a raduno alianti e piloti per i <a href=\"\/sport\/articolo.php?id=70937\">Campionati italiani di volo a vela<\/a> classe libera e 15 metri, che si svolgeranno all&#8217;aeroclub &quot;Adele Orsi&quot; dal 5 al 13 maggio. <\/font><font face=\"arial,helvetica,sans-serif\">Un evento che, oltre alle gare, prevede anche appuntamenti <a href=\"http:\/\/www.acao.it\/files\/Vari%20documenti\/pieghevole%20copia.pdf\" target=\"_blank\">culturali e gastronomici<\/a>. Che <\/font><font face=\"arial,helvetica,sans-serif\">dire poi della <a href=\"\/sport\/articolo.php?id=71414\" target=\"_blank\">Coppa dei Tre Laghi e Varese\/Campo dei Fiori<\/a>, rievocazione della mitica gara che rese celebre la nostra terra nel mondo, dal 1931 al 1960, in dieci fortunate edizioni? Sono tante le regine della rievocazione, in programma tra sabato e domenica: Ferrari, Jaguar, Posche. Dodici Lancia, una Citroen Ds, omaggio a Flaminio Bertoni. E poi ancora Matra Bonnet, Morgan, Austin Healey ed una rara e bolscevica Moscovic. <\/font><font face=\"arial,helvetica,sans-serif\">La festa dello sport continua sabato sera al <a href=\"\/sport\/articolo.php?id=71088\" target=\"_blank\">Palaghiaccio di Varese<\/a> dove si celebra il successo dei Pattinatori Ghiaccio Varese in compagnia di Gianluca Genoni e Elia Luini, campioni dello sport, nonch\u00e9 varesini doc. <\/font><font face=\"arial,helvetica,sans-serif\">Da ultimi il trofeo Bisterzo di pugilato in programma sabato a <a href=\"\/sport\/articolo.php?id=71382\" target=\"_blank\">Busto <\/a><\/font><font face=\"arial,helvetica,sans-serif\">e il moto raduno che domenica passer\u00e0 per le strade della Valcuvia con base a <a href=\"\/varese\/articolo.php?id=71283\" target=\"_blank\">Gemonio<\/a>. I centauri non si fermano con la pioggia: la festa si terr\u00e0 comunque, anche in caso di maltempo. <\/font><\/p>\n<p><font face=\"arial,helvetica,sans-serif\"><strong>Naturalmente <\/strong><br \/>Ma sport fa rima con natura e allora ecco che anche nel fine settimana in arrivo non mancano gli appuntamenti \u201cecologicamente\u201d corretti. Si comincia da due giornate ecologiche: una al Campo dei Fiori (ritrovo alle ore 8.30 al bivio S.Monte\u2013Campo dei Fiori) e l\u2019atra nelle <a href=\"\/varese\/articolo.php?id=71242\" target=\"_blank\">Valli del Luinese<\/a>. <\/font><font face=\"arial,helvetica,sans-serif\">Per chi ha voglia di scarpinare domenica a Germignana c\u2019\u00e8 la 28esima edizione della <a href=\"\/varese\/articolo.php?id=70986\" target=\"_blank\">\u201cCamminata Alto Verbano\u201d<\/a>. La manifestazione \u00e8 a carattere non competitivo e a passo libero; in pratica \u00e8 consentito correre, marciare oppure camminare in tutta tranquillit\u00e0, senza l\u2019assillo del cronometro o della classifica. <\/font><font face=\"arial,helvetica,sans-serif\">Per gli appuntamenti sportivi di campionato <a href=\"\/sport\/articolo.php?id=71420\" target=\"_blank\">cliccate qui<\/a>.<\/font><\/p>\n<p><font face=\"arial,helvetica,sans-serif\"><strong>Musica <br \/><\/strong>Che musica maestro! A volte \u00e8 proprio il caso di dirlo. Capita pi\u00f9 spesso d\u2019estate con i concerti all\u2019aria aperta e la voglia di svago, ma questo fine settimana la provincia di Varese sa il fatto suo anche in campo musicale. Che prende in via venerd\u00ec sera quando il <a href=\"\/busto\/articolo.php?id=71362\" target=\"_blank\">Festival Chitarristico Internazionale Bustese<\/a> ospita una leggenda della chitarra, e cio\u00e8 David Starobin.\u00a0 <\/font><font face=\"arial,helvetica,sans-serif\">Per continuare con la grande musica c\u2019\u00e8 la <a href=\"\/musica\/articolo.php?id=71240\" target=\"_blank\">Premiata Forneria Marconi<\/a>, che passer\u00e0 al Teatro di Varese sabato 5 maggio. E per i veri fan non finisce qui: oltre al concerto, infatti, sempre per sabato, alle 16:30, la band sar\u00e0 ospite del Media World di Varese, dove incontrer\u00e0 il suo pubblico. <\/font><br \/><font face=\"arial,helvetica,sans-serif\">Melodie zitane domenica sera a <a href=\"\/gallarate_malpensa\/articolo.php?id=71449\">Cardano al Campo<\/a> dove il Festival del Ticino torna, con una seconda tappa, a celebrare l\u2019incontro tra la musica classica e quella zingara. <\/font><font face=\"arial,helvetica,sans-serif\">Sinfonie calienti domenica sera a <a href=\"\/gallarate_malpensa\/articolo.php?id=71335\" target=\"_blank\">Gallarate<\/a>: qui la Camerata dei Laghi si esibir\u00e0 in un concerto dedicato al Maestro Spagnolo Luis De Pablo. <\/font><font face=\"arial,helvetica,sans-serif\">Infine a <a href=\"\/musica\/articolo.php?id=71169\" target=\"_blank\">Maccagno<\/a> tornano i concerti ospitati nella sale del museo Parisi-Valle. Primo appuntamento per il 5 maggio alle 21 con il Quintetto di ottoni e percussioni &quot;Elite&quot; che eseguir\u00e0 musiche di alcuni importanti film. Titolo della serata sar\u00e0 infatti &quot;Le musiche nello spettacolo&quot;. <\/font><\/p>\n<p><font face=\"arial,helvetica,sans-serif\"><strong>A cena con l\u2019autore<br \/><\/strong>Al ristorante con Luca Goldoni, giornalista e scrittore, che prima presenta \u201cChiaro e Tondo\u201d, il suo ultimo romanzo, e poi vi aspetta a cena. E\u2019 quanto propone <a href=\"\/busto\/articolo.php?id=71365\" target=\"_blank\">\u201cBA Book-Libri in citt\u00e0\u201d<\/a>, manifestazione dedicata alla lettura che fino al 19 maggio porter\u00e0 a Busto i pi\u00f9 bei nomi della letteratura italiana. Sabato dunque appuntamento con Goldoni. <\/font><font face=\"arial,helvetica,sans-serif\">Sempre per sabato sono altri due gli eventi da segnalare: alle 17.00 nella sala della pasticceria Sartorelli di Malnate la presentazione del libro \u201cLapides molares\u201d, che ripercorre le antiche glorie della pietra molera, <\/font><font face=\"arial,helvetica,sans-serif\">e la Lectura Dantis al castello di San Vito di Somma Lombardo. Alle 21.00 Alessandro Sorrentino, gi\u00e0 \u201cPremio il Lauro dantesco\u201d nel 2003, la chitarra di Mario Cerri e la voce soave di Maricia Cerri vi aspettano. E\u2019 in provincia di Novara, ma non potete perdere l\u2019ultimo appuntamento che vi segnaliamo soprattutto se avete amato la penetrazione psicologica e la profondit\u00e0 d\u2019analisi della societ\u00e0 odierna di \u201cMare delle verit\u00e0\u201d. <strong>Andrea del Carlo<\/strong>, uno degli scrittori pi\u00f9 letti in Italia negli ultimi decenni, sabato sera sar\u00e0 ospite di <a href=\"\/insubria\/articolo.php?id=71241\" target=\"_blank\">\u201cScrittori&amp;Giovani\u201d<\/a> il festival internazionale della letteratura promosso dalla Provincia di Novara. Per l\u2019appuntamento novarese De Carlo ha scelto di mettere a nudo quella che insieme con la letteratura, \u00e8 la sua grande passione, cio\u00e8 la musica. Suona chitarra e mandolino e proporr\u00e0 al pubblico l\u2019evento \u201cMare delle verit\u00e0, tra suoni e parole\u201d accompagnato da Arud Kanti Das alle percussioni.<\/font><\/p>\n<p><font face=\"arial,helvetica,sans-serif\"><strong>Mostre<br \/><\/strong>Quattro\u00a0le mostre che vi consigliamo questo fine settimana. Allo spazio<strong> Cesare da Sesto a Sesto Calende<\/strong> sabato 5 maggio alle ore 17 e 30 si inaugura la mostra &quot;Trenta&quot;. Il tema \u00e8 l&#8217;autoritratto e al progetto hanno aderito, appunto, trenta artisti.<br \/>Al Castello di Monteruzzo di Castiglione Olona la mostra personale di <a href=\"\/saronno_tradate\/articolo.php?id=71299\" target=\"_blank\">Ettore Liuzzi<\/a>, 81enne acquerellista, dalla lunga carriera pittorica costellata di successi. <\/font><font face=\"arial,helvetica,sans-serif\">Al <a href=\"\/varese\/articolo.php?id=71412\" target=\"_blank\">Museo Museo Archeologico di Villa Mirabello<\/a> la mostra &quot;CARTE D&#8217;ARTE \u2013 72 libri d&#8217;artista delle Edizioni Colophon&quot; che espone 72 preziosi libri a tiratura limitatissima (poche decine di copie) contenenti opere di alcuni dei pi\u00f9 prestigiosi artisti del Novecento, da Enrico Baj ad Arnaldo e Gi\u00f2 Pomodoro, da Piero Dorazio a Mimmo Paladino. Sabato sera il museo rester\u00e0 aperto fino alle 22.00 con possibilit\u00e0 di visite guidate gratuite con i curatori della mostra. <\/font><font face=\"arial,helvetica,sans-serif\">Infine si inaugura sabato a Villa Truffini di Tradate una personale di <a href=\"\/saronno_tradate\/articolo.php?id=70952\" target=\"_blank\">Giovanni Gallo<\/a>, economista e pittore.<\/font><\/p>\n<p><font face=\"arial,helvetica,sans-serif\"><strong>Sagre e feste<br \/><\/strong>Naturalmente ricco, data la stagione, il contenitore della sagre e delle feste. Dunque domenica piazze in festa a <a href=\"\/tempo_libero\/articolo.php?id=71403\" target=\"_blank\">Varese<\/a>, con l\u2019Antico Mercato Bosino e la sfilata di apertura del Palio cittadino. <\/font><br \/><font face=\"arial,helvetica,sans-serif\">A <a href=\"http:\/\/www.comune.vedano-olona.va.it\/uploads\/news\/4\/a_colori_per_sito_2007.pdf\" target=\"_blank\">Vedano Olona<\/a> <\/font><font face=\"arial,helvetica,sans-serif\">e a <a href=\"\/gallarate_malpensa\/articolo.php?id=71324\" target=\"_blank\">Gallarate<\/a>\u00a0<\/font><font face=\"arial,helvetica,sans-serif\">con le tradizionali\u00a0feste\u00a0di primavera.<br \/><a href=\"\/saronno_tradate\/articolo.php?id=71293\">Cislago<\/a> propone una giornata tra natura, gastronomia e tradizioni alla Cascina Viscontea, <\/font><font face=\"arial,helvetica,sans-serif\">mentre sono 12 i comuni del Varesotto che hanno aderito a la <a href=\"\/gallarate_malpensa\/articolo.php?id=71439\" target=\"_blank\">\u201cPiccola Grande Italia\u201d<\/a>, manifestazione organizzata da Legambiente per valorizzare i piccoli comuni italiani. <\/font><font face=\"arial,helvetica,sans-serif\">Continua infine \u201cTerra, arte e radici\u201d, che questo fine settimana fa tappa a <a href=\"\/gallarate_malpensa\/articolo.php?id=71385\" target=\"_blank\">Cavaria con Premezzo<\/a>. <\/font><\/p>\n<p><font face=\"arial,helvetica,sans-serif\">Naturalmente, in Provincia c&#8217;\u00e8 molto di pi\u00f9: date un&#8217;occhiata per questo alla nostra <a href=\"http:\/\/agenda.varesenews.it\/index.php?getdate=20070505\" target=\"_blank\">agenda degli appuntamenti<\/a>. <\/font><font face=\"arial,helvetica,sans-serif\">Se invece la vostra intenzione \u00e8 quella di vedervi un buon film consultate il nostro <a href=\"\/cinema\/\">canale<\/a> tutto dedicato al cinema e alla programmazione delle sale a Varese e provincia. <\/font><\/p>\n","protected":false},"excerpt":{"rendered":"<p>A bordo strada o col naso all\u2019ins\u00f9, all\u2019Ippodromo come allo stadio: \u00e8 da vivere a tutto sport il fine settimana in arrivo. Con i campionati italiani di volo a vela e la World Cup di tiro con l\u2019arco. Senza dimenticare la rievocazione della mitica Coppa Tre Laghi<\/p>\n","protected":false},"author":10,"featured_media":0,"comment_status":"open","ping_status":"open","sticky":false,"template":"","format":"standard","meta":{"footnotes":""},"categories":[21],"tags":[],"acf":[],"yoast_head":"<!-- This site is optimized with the Yoast SEO plugin v20.1 - https:\/\/yoast.com\/wordpress\/plugins\/seo\/ -->\n<title>Sette laghi e un cuore sportivo<\/title>\n<meta name=\"description\" content=\"A bordo strada o col naso all\u2019ins\u00f9, all\u2019Ippodromo come allo stadio: \u00e8 da vivere a tutto sport il fine settimana in arrivo. Con i campionati italiani di volo a vela e la World Cup di tiro con l\u2019arco. Senza dimenticare la rievocazione della mitica Coppa Tre Laghi\" \/>\n<meta name=\"robots\" content=\"noindex, follow, max-snippet:-1, max-image-preview:large, max-video-preview:-1\" \/>\n<meta property=\"og:locale\" content=\"it_IT\" \/>\n<meta property=\"og:type\" content=\"article\" \/>\n<meta property=\"og:title\" content=\"Sette laghi e un cuore sportivo\" \/>\n<meta property=\"og:description\" content=\"A bordo strada o col naso all\u2019ins\u00f9, all\u2019Ippodromo come allo stadio: \u00e8 da vivere a tutto sport il fine settimana in arrivo. Con i campionati italiani di volo a vela e la World Cup di tiro con l\u2019arco. Senza dimenticare la rievocazione della mitica Coppa Tre Laghi\" \/>\n<meta property=\"og:url\" content=\"https:\/\/staging.varesenews.it\/2007\/05\/sette-laghi-e-un-cuore-sportivo\/237092\/\" \/>\n<meta property=\"og:site_name\" content=\"VareseNews\" \/>\n<meta property=\"article:publisher\" content=\"https:\/\/www.facebook.com\/varesenews\" \/>\n<meta property=\"article:published_time\" content=\"2007-05-05T00:00:00+00:00\" \/>\n<meta property=\"og:image\" content=\"https:\/\/www3.varesenews.it\/immagini_articoli\/200704\/Montagnaaliante300.jpg\" \/>\n<meta name=\"author\" content=\"Redazione VareseNews\" \/>\n<meta name=\"twitter:card\" content=\"summary_large_image\" \/>\n<meta name=\"twitter:creator\" content=\"@varesenews\" \/>\n<meta name=\"twitter:site\" content=\"@varesenews\" \/>\n<meta name=\"twitter:label1\" content=\"Scritto da\" \/>\n\t<meta name=\"twitter:data1\" content=\"Redazione VareseNews\" \/>\n\t<meta name=\"twitter:label2\" content=\"Tempo di lettura stimato\" \/>\n\t<meta name=\"twitter:data2\" content=\"6 minuti\" \/>\n<script type=\"application\/ld+json\" class=\"yoast-schema-graph\">{\"@context\":\"https:\/\/schema.org\",\"@graph\":[{\"@type\":\"WebPage\",\"@id\":\"https:\/\/staging.varesenews.it\/2007\/05\/sette-laghi-e-un-cuore-sportivo\/237092\/\",\"url\":\"https:\/\/staging.varesenews.it\/2007\/05\/sette-laghi-e-un-cuore-sportivo\/237092\/\",\"name\":\"Sette laghi e un cuore sportivo\",\"isPartOf\":{\"@id\":\"https:\/\/staging.varesenews.it\/#website\"},\"datePublished\":\"2007-05-05T00:00:00+00:00\",\"dateModified\":\"2007-05-05T00:00:00+00:00\",\"author\":{\"@id\":\"https:\/\/staging.varesenews.it\/#\/schema\/person\/fb20c4da0b7b16c291707a20db73e169\"},\"description\":\"A bordo strada o col naso all\u2019ins\u00f9, all\u2019Ippodromo come allo stadio: \u00e8 da vivere a tutto sport il fine settimana in arrivo. Con i campionati italiani di volo a vela e la World Cup di tiro con l\u2019arco. Senza dimenticare la rievocazione della mitica Coppa Tre Laghi\",\"breadcrumb\":{\"@id\":\"https:\/\/staging.varesenews.it\/2007\/05\/sette-laghi-e-un-cuore-sportivo\/237092\/#breadcrumb\"},\"inLanguage\":\"it-IT\",\"potentialAction\":[{\"@type\":\"ReadAction\",\"target\":[\"https:\/\/staging.varesenews.it\/2007\/05\/sette-laghi-e-un-cuore-sportivo\/237092\/\"]}]},{\"@type\":\"BreadcrumbList\",\"@id\":\"https:\/\/staging.varesenews.it\/2007\/05\/sette-laghi-e-un-cuore-sportivo\/237092\/#breadcrumb\",\"itemListElement\":[{\"@type\":\"ListItem\",\"position\":1,\"name\":\"Home\",\"item\":\"https:\/\/www.varesenews.it\/\"},{\"@type\":\"ListItem\",\"position\":2,\"name\":\"Sette laghi e un cuore sportivo\"}]},{\"@type\":\"WebSite\",\"@id\":\"https:\/\/staging.varesenews.it\/#website\",\"url\":\"https:\/\/staging.varesenews.it\/\",\"name\":\"VareseNews\",\"description\":\"\",\"potentialAction\":[{\"@type\":\"SearchAction\",\"target\":{\"@type\":\"EntryPoint\",\"urlTemplate\":\"https:\/\/staging.varesenews.it\/?s={search_term_string}\"},\"query-input\":\"required name=search_term_string\"}],\"inLanguage\":\"it-IT\"},{\"@type\":\"Person\",\"@id\":\"https:\/\/staging.varesenews.it\/#\/schema\/person\/fb20c4da0b7b16c291707a20db73e169\",\"name\":\"Redazione VareseNews\",\"image\":{\"@type\":\"ImageObject\",\"inLanguage\":\"it-IT\",\"@id\":\"https:\/\/staging.varesenews.it\/#\/schema\/person\/image\/\",\"url\":\"https:\/\/staging.varesenews.it\/wp-content\/uploads\/2020\/12\/logo_VN_colori_500.png\",\"contentUrl\":\"https:\/\/staging.varesenews.it\/wp-content\/uploads\/2020\/12\/logo_VN_colori_500.png\",\"caption\":\"Redazione VareseNews\"},\"url\":\"https:\/\/staging.varesenews.it\/persona\/redazione1\/\"}]}<\/script>\n<!-- \/ Yoast SEO plugin. -->","yoast_head_json":{"title":"Sette laghi e un cuore sportivo","description":"A bordo strada o col naso all\u2019ins\u00f9, all\u2019Ippodromo come allo stadio: \u00e8 da vivere a tutto sport il fine settimana in arrivo. Con i campionati italiani di volo a vela e la World Cup di tiro con l\u2019arco. Senza dimenticare la rievocazione della mitica Coppa Tre Laghi","robots":{"index":"noindex","follow":"follow","max-snippet":"max-snippet:-1","max-image-preview":"max-image-preview:large","max-video-preview":"max-video-preview:-1"},"og_locale":"it_IT","og_type":"article","og_title":"Sette laghi e un cuore sportivo","og_description":"A bordo strada o col naso all\u2019ins\u00f9, all\u2019Ippodromo come allo stadio: \u00e8 da vivere a tutto sport il fine settimana in arrivo. Con i campionati italiani di volo a vela e la World Cup di tiro con l\u2019arco. Senza dimenticare la rievocazione della mitica Coppa Tre Laghi","og_url":"https:\/\/staging.varesenews.it\/2007\/05\/sette-laghi-e-un-cuore-sportivo\/237092\/","og_site_name":"VareseNews","article_publisher":"https:\/\/www.facebook.com\/varesenews","article_published_time":"2007-05-05T00:00:00+00:00","og_image":[{"url":"https:\/\/www3.varesenews.it\/immagini_articoli\/200704\/Montagnaaliante300.jpg"}],"author":"Redazione VareseNews","twitter_card":"summary_large_image","twitter_creator":"@varesenews","twitter_site":"@varesenews","twitter_misc":{"Scritto da":"Redazione VareseNews","Tempo di lettura stimato":"6 minuti"},"schema":{"@context":"https:\/\/schema.org","@graph":[{"@type":"WebPage","@id":"https:\/\/staging.varesenews.it\/2007\/05\/sette-laghi-e-un-cuore-sportivo\/237092\/","url":"https:\/\/staging.varesenews.it\/2007\/05\/sette-laghi-e-un-cuore-sportivo\/237092\/","name":"Sette laghi e un cuore sportivo","isPartOf":{"@id":"https:\/\/staging.varesenews.it\/#website"},"datePublished":"2007-05-05T00:00:00+00:00","dateModified":"2007-05-05T00:00:00+00:00","author":{"@id":"https:\/\/staging.varesenews.it\/#\/schema\/person\/fb20c4da0b7b16c291707a20db73e169"},"description":"A bordo strada o col naso all\u2019ins\u00f9, all\u2019Ippodromo come allo stadio: \u00e8 da vivere a tutto sport il fine settimana in arrivo. Con i campionati italiani di volo a vela e la World Cup di tiro con l\u2019arco. Senza dimenticare la rievocazione della mitica Coppa Tre Laghi","breadcrumb":{"@id":"https:\/\/staging.varesenews.it\/2007\/05\/sette-laghi-e-un-cuore-sportivo\/237092\/#breadcrumb"},"inLanguage":"it-IT","potentialAction":[{"@type":"ReadAction","target":["https:\/\/staging.varesenews.it\/2007\/05\/sette-laghi-e-un-cuore-sportivo\/237092\/"]}]},{"@type":"BreadcrumbList","@id":"https:\/\/staging.varesenews.it\/2007\/05\/sette-laghi-e-un-cuore-sportivo\/237092\/#breadcrumb","itemListElement":[{"@type":"ListItem","position":1,"name":"Home","item":"https:\/\/www.varesenews.it\/"},{"@type":"ListItem","position":2,"name":"Sette laghi e un cuore sportivo"}]},{"@type":"WebSite","@id":"https:\/\/staging.varesenews.it\/#website","url":"https:\/\/staging.varesenews.it\/","name":"VareseNews","description":"","potentialAction":[{"@type":"SearchAction","target":{"@type":"EntryPoint","urlTemplate":"https:\/\/staging.varesenews.it\/?s={search_term_string}"},"query-input":"required name=search_term_string"}],"inLanguage":"it-IT"},{"@type":"Person","@id":"https:\/\/staging.varesenews.it\/#\/schema\/person\/fb20c4da0b7b16c291707a20db73e169","name":"Redazione VareseNews","image":{"@type":"ImageObject","inLanguage":"it-IT","@id":"https:\/\/staging.varesenews.it\/#\/schema\/person\/image\/","url":"https:\/\/staging.varesenews.it\/wp-content\/uploads\/2020\/12\/logo_VN_colori_500.png","contentUrl":"https:\/\/staging.varesenews.it\/wp-content\/uploads\/2020\/12\/logo_VN_colori_500.png","caption":"Redazione VareseNews"},"url":"https:\/\/staging.varesenews.it\/persona\/redazione1\/"}]}},"post_meta":{"id_old":"71487","argomento":"Cosa fare nel weekend","autore_old":"A.P.","id_link_fotogallery":"313397"},"photos":[],"_links":{"self":[{"href":"https:\/\/staging.varesenews.it\/swgapi\/v1\/wp\/v2\/posts\/237092"}],"collection":[{"href":"https:\/\/staging.varesenews.it\/swgapi\/v1\/wp\/v2\/posts"}],"about":[{"href":"https:\/\/staging.varesenews.it\/swgapi\/v1\/wp\/v2\/types\/post"}],"author":[{"embeddable":true,"href":"https:\/\/staging.varesenews.it\/swgapi\/v1\/wp\/v2\/users\/10"}],"replies":[{"embeddable":true,"href":"https:\/\/staging.varesenews.it\/swgapi\/v1\/wp\/v2\/comments?post=237092"}],"version-history":[{"count":0,"href":"https:\/\/staging.varesenews.it\/swgapi\/v1\/wp\/v2\/posts\/237092\/revisions"}],"wp:attachment":[{"href":"https:\/\/staging.varesenews.it\/swgapi\/v1\/wp\/v2\/media?parent=237092"}],"wp:term":[{"taxonomy":"category","embeddable":true,"href":"https:\/\/staging.varesenews.it\/swgapi\/v1\/wp\/v2\/categories?post=237092"},{"taxonomy":"post_tag","embeddable":true,"href":"https:\/\/staging.varesenews.it\/swgapi\/v1\/wp\/v2\/tags?post=237092"}],"curies":[{"name":"wp","href":"https:\/\/api.w.org\/{rel}","templated":true}]}}