{"id":237594,"date":"2007-04-24T00:00:00","date_gmt":"2007-04-24T00:00:00","guid":{"rendered":""},"modified":"2007-04-24T00:00:00","modified_gmt":"2007-04-24T00:00:00","slug":"infortunio-sul-lavoro-operaio-all-ospedale","status":"publish","type":"post","link":"https:\/\/staging.varesenews.it\/2007\/04\/infortunio-sul-lavoro-operaio-all-ospedale\/237594\/","title":{"rendered":"Infortunio sul lavoro, operaio all\u2019ospedale"},"content":{"rendered":"<p class=\"MsoNormal\" style=\"MARGIN: 0cm 0cm 0pt\"><span style=\"FONT-FAMILY: Arial\">Infortunio sul lavoro questo pomeriggio, 24 aprile attorno alle 15.30. Un uomo \u00e8 caduto dall\u2019altezza di circa due metri da un ponteggio mentre era al lavoro ad una ristrutturazione. L\u2019uomo, di nazionalit\u00e0 albanese, \u00e8 stato trasportato all\u2019ospedale di Varese. Secondo i sanitari, il muratore ha sub\u00ecto un trauma lombare senza gravi conseguenze: la mobilit\u00e0 degli arti non \u00e8 stata compromessa. Non \u00e8 in pericolo di vita.<\/p>\n<p \/><\/span><\/p>\n","protected":false},"excerpt":{"rendered":"<p>L\u2019uomo caduto da due metri d\u2019altezza. Non \u00e8 in pericolo di vita<\/p>\n","protected":false},"author":10,"featured_media":0,"comment_status":"open","ping_status":"open","sticky":false,"template":"","format":"standard","meta":{"footnotes":""},"categories":[2],"tags":[],"acf":[],"yoast_head":"<!-- This site is optimized with the Yoast SEO plugin v20.1 - https:\/\/yoast.com\/wordpress\/plugins\/seo\/ -->\n<title>Infortunio sul lavoro, operaio all\u2019ospedale<\/title>\n<meta name=\"description\" content=\"L\u2019uomo caduto da due metri d\u2019altezza. Non \u00e8 in pericolo di vita\" \/>\n<meta name=\"robots\" content=\"noindex, follow, max-snippet:-1, max-image-preview:large, max-video-preview:-1\" \/>\n<meta property=\"og:locale\" content=\"it_IT\" \/>\n<meta property=\"og:type\" content=\"article\" \/>\n<meta property=\"og:title\" content=\"Infortunio sul lavoro, operaio all\u2019ospedale\" \/>\n<meta property=\"og:description\" content=\"L\u2019uomo caduto da due metri d\u2019altezza. Non \u00e8 in pericolo di vita\" \/>\n<meta property=\"og:url\" content=\"https:\/\/staging.varesenews.it\/2007\/04\/infortunio-sul-lavoro-operaio-all-ospedale\/237594\/\" \/>\n<meta property=\"og:site_name\" content=\"VareseNews\" \/>\n<meta property=\"article:publisher\" content=\"https:\/\/www.facebook.com\/varesenews\" \/>\n<meta property=\"article:published_time\" content=\"2007-04-24T00:00:00+00:00\" \/>\n<meta name=\"author\" content=\"Redazione VareseNews\" \/>\n<meta name=\"twitter:card\" content=\"summary_large_image\" \/>\n<meta name=\"twitter:creator\" content=\"@varesenews\" \/>\n<meta name=\"twitter:site\" content=\"@varesenews\" \/>\n<meta name=\"twitter:label1\" content=\"Scritto da\" \/>\n\t<meta name=\"twitter:data1\" content=\"Redazione VareseNews\" \/>\n<script type=\"application\/ld+json\" class=\"yoast-schema-graph\">{\"@context\":\"https:\/\/schema.org\",\"@graph\":[{\"@type\":\"WebPage\",\"@id\":\"https:\/\/staging.varesenews.it\/2007\/04\/infortunio-sul-lavoro-operaio-all-ospedale\/237594\/\",\"url\":\"https:\/\/staging.varesenews.it\/2007\/04\/infortunio-sul-lavoro-operaio-all-ospedale\/237594\/\",\"name\":\"Infortunio sul lavoro, operaio all\u2019ospedale\",\"isPartOf\":{\"@id\":\"https:\/\/staging.varesenews.it\/#website\"},\"datePublished\":\"2007-04-24T00:00:00+00:00\",\"dateModified\":\"2007-04-24T00:00:00+00:00\",\"author\":{\"@id\":\"https:\/\/staging.varesenews.it\/#\/schema\/person\/fb20c4da0b7b16c291707a20db73e169\"},\"description\":\"L\u2019uomo caduto da due metri d\u2019altezza. Non \u00e8 in pericolo di vita\",\"breadcrumb\":{\"@id\":\"https:\/\/staging.varesenews.it\/2007\/04\/infortunio-sul-lavoro-operaio-all-ospedale\/237594\/#breadcrumb\"},\"inLanguage\":\"it-IT\",\"potentialAction\":[{\"@type\":\"ReadAction\",\"target\":[\"https:\/\/staging.varesenews.it\/2007\/04\/infortunio-sul-lavoro-operaio-all-ospedale\/237594\/\"]}]},{\"@type\":\"BreadcrumbList\",\"@id\":\"https:\/\/staging.varesenews.it\/2007\/04\/infortunio-sul-lavoro-operaio-all-ospedale\/237594\/#breadcrumb\",\"itemListElement\":[{\"@type\":\"ListItem\",\"position\":1,\"name\":\"Home\",\"item\":\"https:\/\/www.varesenews.it\/\"},{\"@type\":\"ListItem\",\"position\":2,\"name\":\"Infortunio sul lavoro, operaio all\u2019ospedale\"}]},{\"@type\":\"WebSite\",\"@id\":\"https:\/\/staging.varesenews.it\/#website\",\"url\":\"https:\/\/staging.varesenews.it\/\",\"name\":\"VareseNews\",\"description\":\"\",\"potentialAction\":[{\"@type\":\"SearchAction\",\"target\":{\"@type\":\"EntryPoint\",\"urlTemplate\":\"https:\/\/staging.varesenews.it\/?s={search_term_string}\"},\"query-input\":\"required name=search_term_string\"}],\"inLanguage\":\"it-IT\"},{\"@type\":\"Person\",\"@id\":\"https:\/\/staging.varesenews.it\/#\/schema\/person\/fb20c4da0b7b16c291707a20db73e169\",\"name\":\"Redazione VareseNews\",\"image\":{\"@type\":\"ImageObject\",\"inLanguage\":\"it-IT\",\"@id\":\"https:\/\/staging.varesenews.it\/#\/schema\/person\/image\/\",\"url\":\"https:\/\/staging.varesenews.it\/wp-content\/uploads\/2020\/12\/logo_VN_colori_500.png\",\"contentUrl\":\"https:\/\/staging.varesenews.it\/wp-content\/uploads\/2020\/12\/logo_VN_colori_500.png\",\"caption\":\"Redazione VareseNews\"},\"url\":\"https:\/\/staging.varesenews.it\/persona\/redazione1\/\"}]}<\/script>\n<!-- \/ Yoast SEO plugin. -->","yoast_head_json":{"title":"Infortunio sul lavoro, operaio all\u2019ospedale","description":"L\u2019uomo caduto da due metri d\u2019altezza. Non \u00e8 in pericolo di vita","robots":{"index":"noindex","follow":"follow","max-snippet":"max-snippet:-1","max-image-preview":"max-image-preview:large","max-video-preview":"max-video-preview:-1"},"og_locale":"it_IT","og_type":"article","og_title":"Infortunio sul lavoro, operaio all\u2019ospedale","og_description":"L\u2019uomo caduto da due metri d\u2019altezza. Non \u00e8 in pericolo di vita","og_url":"https:\/\/staging.varesenews.it\/2007\/04\/infortunio-sul-lavoro-operaio-all-ospedale\/237594\/","og_site_name":"VareseNews","article_publisher":"https:\/\/www.facebook.com\/varesenews","article_published_time":"2007-04-24T00:00:00+00:00","author":"Redazione VareseNews","twitter_card":"summary_large_image","twitter_creator":"@varesenews","twitter_site":"@varesenews","twitter_misc":{"Scritto da":"Redazione VareseNews"},"schema":{"@context":"https:\/\/schema.org","@graph":[{"@type":"WebPage","@id":"https:\/\/staging.varesenews.it\/2007\/04\/infortunio-sul-lavoro-operaio-all-ospedale\/237594\/","url":"https:\/\/staging.varesenews.it\/2007\/04\/infortunio-sul-lavoro-operaio-all-ospedale\/237594\/","name":"Infortunio sul lavoro, operaio all\u2019ospedale","isPartOf":{"@id":"https:\/\/staging.varesenews.it\/#website"},"datePublished":"2007-04-24T00:00:00+00:00","dateModified":"2007-04-24T00:00:00+00:00","author":{"@id":"https:\/\/staging.varesenews.it\/#\/schema\/person\/fb20c4da0b7b16c291707a20db73e169"},"description":"L\u2019uomo caduto da due metri d\u2019altezza. Non \u00e8 in pericolo di vita","breadcrumb":{"@id":"https:\/\/staging.varesenews.it\/2007\/04\/infortunio-sul-lavoro-operaio-all-ospedale\/237594\/#breadcrumb"},"inLanguage":"it-IT","potentialAction":[{"@type":"ReadAction","target":["https:\/\/staging.varesenews.it\/2007\/04\/infortunio-sul-lavoro-operaio-all-ospedale\/237594\/"]}]},{"@type":"BreadcrumbList","@id":"https:\/\/staging.varesenews.it\/2007\/04\/infortunio-sul-lavoro-operaio-all-ospedale\/237594\/#breadcrumb","itemListElement":[{"@type":"ListItem","position":1,"name":"Home","item":"https:\/\/www.varesenews.it\/"},{"@type":"ListItem","position":2,"name":"Infortunio sul lavoro, operaio all\u2019ospedale"}]},{"@type":"WebSite","@id":"https:\/\/staging.varesenews.it\/#website","url":"https:\/\/staging.varesenews.it\/","name":"VareseNews","description":"","potentialAction":[{"@type":"SearchAction","target":{"@type":"EntryPoint","urlTemplate":"https:\/\/staging.varesenews.it\/?s={search_term_string}"},"query-input":"required name=search_term_string"}],"inLanguage":"it-IT"},{"@type":"Person","@id":"https:\/\/staging.varesenews.it\/#\/schema\/person\/fb20c4da0b7b16c291707a20db73e169","name":"Redazione VareseNews","image":{"@type":"ImageObject","inLanguage":"it-IT","@id":"https:\/\/staging.varesenews.it\/#\/schema\/person\/image\/","url":"https:\/\/staging.varesenews.it\/wp-content\/uploads\/2020\/12\/logo_VN_colori_500.png","contentUrl":"https:\/\/staging.varesenews.it\/wp-content\/uploads\/2020\/12\/logo_VN_colori_500.png","caption":"Redazione VareseNews"},"url":"https:\/\/staging.varesenews.it\/persona\/redazione1\/"}]}},"post_meta":{"id_old":"70804","argomento":"Malnate"},"photos":[],"_links":{"self":[{"href":"https:\/\/staging.varesenews.it\/swgapi\/v1\/wp\/v2\/posts\/237594"}],"collection":[{"href":"https:\/\/staging.varesenews.it\/swgapi\/v1\/wp\/v2\/posts"}],"about":[{"href":"https:\/\/staging.varesenews.it\/swgapi\/v1\/wp\/v2\/types\/post"}],"author":[{"embeddable":true,"href":"https:\/\/staging.varesenews.it\/swgapi\/v1\/wp\/v2\/users\/10"}],"replies":[{"embeddable":true,"href":"https:\/\/staging.varesenews.it\/swgapi\/v1\/wp\/v2\/comments?post=237594"}],"version-history":[{"count":0,"href":"https:\/\/staging.varesenews.it\/swgapi\/v1\/wp\/v2\/posts\/237594\/revisions"}],"wp:attachment":[{"href":"https:\/\/staging.varesenews.it\/swgapi\/v1\/wp\/v2\/media?parent=237594"}],"wp:term":[{"taxonomy":"category","embeddable":true,"href":"https:\/\/staging.varesenews.it\/swgapi\/v1\/wp\/v2\/categories?post=237594"},{"taxonomy":"post_tag","embeddable":true,"href":"https:\/\/staging.varesenews.it\/swgapi\/v1\/wp\/v2\/tags?post=237594"}],"curies":[{"name":"wp","href":"https:\/\/api.w.org\/{rel}","templated":true}]}}