{"id":237599,"date":"2007-04-24T00:00:00","date_gmt":"2007-04-24T00:00:00","guid":{"rendered":""},"modified":"2007-04-24T00:00:00","modified_gmt":"2007-04-24T00:00:00","slug":"la-resistenza-il-fiore-meraviglioso-dell-anpi","status":"publish","type":"post","link":"https:\/\/staging.varesenews.it\/2007\/04\/la-resistenza-il-fiore-meraviglioso-dell-anpi\/237599\/","title":{"rendered":"La Resistenza, il fiore meraviglioso dell\u2019Anpi"},"content":{"rendered":"<p align=\"left\"><img decoding=\"async\" hspace=\"0\" src=\"https:\/\/www3.varesenews.it\/immagini_articoli\/200504\/25aprile.jpg\" align=\"left\" border=\"0\" \/><\/p>\n<p><font face=\"arial,helvetica,sans-serif\">La Resistenza \u00e8 un fiore meraviglioso, che va annaffiato e curato per non perderne la memoria e renderne sempre vivi i valori pi\u00f9 preziosi. Cos\u00ec, anche quest\u2019anno, il Circolo culturale <strong>ANPI di Ispra<\/strong> riserva all\u2019anniversario della Liberazione molti appuntamenti. Presentazione di libri, musica, teatro e dibattiti compongono la rassegna che si svolger\u00e0 dal <strong>25 aprile al 1\u00b0 giugno nella sede dell\u2019ANPI in via Luigi Banetti 1,<\/strong> a Ispra (Varese). <\/font><\/p>\n<p><font face=\"arial,helvetica,sans-serif\">Il programma sar\u00e0 inaugurato da un evento molto speciale: si tratta della presentazione, <strong>mercoled\u00ec 25 aprile alle ore 16<\/strong>, de \u201cIl fiore meraviglioso\u201d, il libro che d\u00e0 il nome all\u2019intera rassegna. Realizzato dal Circolo culturale dell\u2019ANPI di Ispra, esso raccoglie i percorsi resistenti degli ultimi partigiani ancora viventi della \u201csponda magra\u201d del lago Maggiore. Proprio per questo rappresenta un importante contributo alla storia locale della Resistenza. A tutti gli intervistati, i curatori dell\u2019opera hanno chiesto di raccontare il percorso personale che li ha portati alla scelta della lotta armata o al sostegno alla Resistenza partigiana. Dalle interviste che vi si leggono emergono anche le testimonianze legate al periodo del dopoguerra e una riflessione sul ruolo che deve assumere oggi l\u2019ANPI. Da alcuni anni infatti l\u2019associazione ha cambiato il suo statuto prevedendo il naturale subentro delle nuove generazioni che ora chiedono agli ultimi partigiani &#8211; come appunto succede ne \u201cIl fiore meraviglioso\u201d- un\u2019indicazione sul cammino da seguire per portare avanti i valori della Resistenza nella societ\u00e0 attuale. <\/font><\/p>\n<p><font face=\"arial,helvetica,sans-serif\">A comporre l\u2019opera, che \u00e8 preceduta dalla prefazione dello storico e studioso di tradizioni popolari italiane <strong>Cesare Bermani<\/strong>, sono tredici interviste a partigiani e partigiane che risiedono quasi tutti sulla \u201csponda magra\u201d del lago Maggiore. Allegato al testo esce anche il cd \u201cIl fiore meraviglioso\u201d dei Friser. <\/font><font face=\"arial,helvetica,sans-serif\">Realizzato appositamente per il libro da <strong>Suoni Sonori Studios<\/strong> di Milano, esso comprende una raccolta di canti della Resistenza partigiana che si conclude con una canzone davvero inedita, \u201cI ribelli della cascina Gera\u201d, che Angela Bianchi, una partigiana intervistata nel libro, ha cantato nel corso delle interviste e chiesto agli autori di tramandare. Il cd sar\u00e0 presentato nel circolo isprese dell\u2019ANPI <strong>venerd\u00ec 27 aprile<\/strong> alle ore 21 con il concerto dei Friser. Il programma delle iniziative prosegue venerd\u00ec 4 maggio alle ore 21 con Renato Sarti che eseguir\u00e0 una lettura scenica del suo testo \u201cMai morti\u201d. <\/font><\/p>\n<p><font face=\"arial,helvetica,sans-serif\"><strong>Venerd\u00ec 11 maggio<\/strong> la storia di Radio Varese rivive in via Banetti insieme a Marco Brolpito che presenter\u00e0 il libro dedicato all\u2019ormai storica radio di Varese. Un classico della saggistica sul periodo delle contestazioni in Italia sar\u00e0 il protagonista della serata in programma il <strong>14 maggio<\/strong> alle ore 21, quando si parler\u00e0 del \u201cL\u2019orda d\u2019oro\u201d di Nanni Balestrini e Primo Moroni. Nella stessa occasione l\u2019Archivio Primo Moroni presenter\u00e0 il libro \u201cDa Don Lisander alla Calusca. Autobiografia di<strong>\u00a0\u00a0Primo Moroni<\/strong>\u201d. <\/font><font face=\"arial,helvetica,sans-serif\">Concluder\u00e0 la serata la lettura scenica tratta da \u201cL\u2019editore\u201d di Nanni Balestrini con Vladimir Todisco Grande, Fausto Bernardinello, Suso, Carlo Rizzi, Luca Gambacorta e curato da Ino Lucia. <\/font><\/p>\n<p><font face=\"arial,helvetica,sans-serif\">L\u2019acqua sar\u00e0 invece il tema della serata di <strong>luned\u00ec 21 maggio<\/strong> alle ore 21 in cui il Cast, Centro per un appropriato sviluppo tecnologico di Laveno M., oltre a delineare la situazione attuale su questa risorsa, presenter\u00e0 il progetto di cooperazione allo sviluppo che sta realizzando in Tanzania. <strong>Venerd\u00ec 25 maggio<\/strong>, sempre alle 21, Renato Curcio presenter\u00e0 il suo libro \u201cLa trappola etica\u201d. Introduce la serata Federico De Ambrosis coordinatore editoriale della rivista Contest. <strong>Luned\u00ec 28 maggio<\/strong> alle ore 21 Claudio Gagliano, progettista di impianti, parler\u00e0 di energie alternative e risparmio energetico. La rassegna si concluder\u00e0 venerd\u00ec 1\u00b0 giugno con la presentazione, alle ore 21, del libro \u201cImbarazzismi\u201d di Kossi Komla-Ebri. Il curioso libro dedicato ai \u201cquotidiani imbarazzi della differenza\u201d sar\u00e0 illustrato dallo stesso autore, mentre introdurr\u00e0 l\u2019argomento<strong> Jacques Amani<\/strong>, responsabile del Coordinamento immigrati della Cgil. Per informazioni su tutte le iniziative \u00e8 possibile contattare Ino Lucia 348.8104625 e Roberta Montagnini 328.0040139, oppure consultare il sito <a href=\"http:\/\/www.puntaemazzetta.net\/\">www.puntaemazzetta.net<\/a>. <\/font><\/p>\n","protected":false},"excerpt":{"rendered":"<p>Libri, musica e teatro, ricca rassegna di iniziative per il 25 Aprile<\/p>\n","protected":false},"author":10,"featured_media":0,"comment_status":"open","ping_status":"open","sticky":false,"template":"","format":"standard","meta":{"footnotes":""},"categories":[2],"tags":[],"acf":[],"yoast_head":"<!-- This site is optimized with the Yoast SEO plugin v20.1 - https:\/\/yoast.com\/wordpress\/plugins\/seo\/ -->\n<title>La Resistenza, il fiore meraviglioso dell\u2019Anpi<\/title>\n<meta name=\"description\" content=\"Libri, musica e teatro, ricca rassegna di iniziative per il 25 Aprile\" \/>\n<meta name=\"robots\" content=\"noindex, follow, max-snippet:-1, max-image-preview:large, max-video-preview:-1\" \/>\n<meta property=\"og:locale\" content=\"it_IT\" \/>\n<meta property=\"og:type\" content=\"article\" \/>\n<meta property=\"og:title\" content=\"La Resistenza, il fiore meraviglioso dell\u2019Anpi\" \/>\n<meta property=\"og:description\" content=\"Libri, musica e teatro, ricca rassegna di iniziative per il 25 Aprile\" \/>\n<meta property=\"og:url\" content=\"https:\/\/staging.varesenews.it\/2007\/04\/la-resistenza-il-fiore-meraviglioso-dell-anpi\/237599\/\" \/>\n<meta property=\"og:site_name\" content=\"VareseNews\" \/>\n<meta property=\"article:publisher\" content=\"https:\/\/www.facebook.com\/varesenews\" \/>\n<meta property=\"article:published_time\" content=\"2007-04-24T00:00:00+00:00\" \/>\n<meta property=\"og:image\" content=\"https:\/\/www3.varesenews.it\/immagini_articoli\/200504\/25aprile.jpg\" \/>\n<meta name=\"author\" content=\"Redazione VareseNews\" \/>\n<meta name=\"twitter:card\" content=\"summary_large_image\" \/>\n<meta name=\"twitter:creator\" content=\"@varesenews\" \/>\n<meta name=\"twitter:site\" content=\"@varesenews\" \/>\n<meta name=\"twitter:label1\" content=\"Scritto da\" \/>\n\t<meta name=\"twitter:data1\" content=\"Redazione VareseNews\" \/>\n\t<meta name=\"twitter:label2\" content=\"Tempo di lettura stimato\" \/>\n\t<meta name=\"twitter:data2\" content=\"3 minuti\" \/>\n<script type=\"application\/ld+json\" class=\"yoast-schema-graph\">{\"@context\":\"https:\/\/schema.org\",\"@graph\":[{\"@type\":\"WebPage\",\"@id\":\"https:\/\/staging.varesenews.it\/2007\/04\/la-resistenza-il-fiore-meraviglioso-dell-anpi\/237599\/\",\"url\":\"https:\/\/staging.varesenews.it\/2007\/04\/la-resistenza-il-fiore-meraviglioso-dell-anpi\/237599\/\",\"name\":\"La Resistenza, il fiore meraviglioso dell\u2019Anpi\",\"isPartOf\":{\"@id\":\"https:\/\/staging.varesenews.it\/#website\"},\"datePublished\":\"2007-04-24T00:00:00+00:00\",\"dateModified\":\"2007-04-24T00:00:00+00:00\",\"author\":{\"@id\":\"https:\/\/staging.varesenews.it\/#\/schema\/person\/fb20c4da0b7b16c291707a20db73e169\"},\"description\":\"Libri, musica e teatro, ricca rassegna di iniziative per il 25 Aprile\",\"breadcrumb\":{\"@id\":\"https:\/\/staging.varesenews.it\/2007\/04\/la-resistenza-il-fiore-meraviglioso-dell-anpi\/237599\/#breadcrumb\"},\"inLanguage\":\"it-IT\",\"potentialAction\":[{\"@type\":\"ReadAction\",\"target\":[\"https:\/\/staging.varesenews.it\/2007\/04\/la-resistenza-il-fiore-meraviglioso-dell-anpi\/237599\/\"]}]},{\"@type\":\"BreadcrumbList\",\"@id\":\"https:\/\/staging.varesenews.it\/2007\/04\/la-resistenza-il-fiore-meraviglioso-dell-anpi\/237599\/#breadcrumb\",\"itemListElement\":[{\"@type\":\"ListItem\",\"position\":1,\"name\":\"Home\",\"item\":\"https:\/\/www.varesenews.it\/\"},{\"@type\":\"ListItem\",\"position\":2,\"name\":\"La Resistenza, il fiore meraviglioso dell\u2019Anpi\"}]},{\"@type\":\"WebSite\",\"@id\":\"https:\/\/staging.varesenews.it\/#website\",\"url\":\"https:\/\/staging.varesenews.it\/\",\"name\":\"VareseNews\",\"description\":\"\",\"potentialAction\":[{\"@type\":\"SearchAction\",\"target\":{\"@type\":\"EntryPoint\",\"urlTemplate\":\"https:\/\/staging.varesenews.it\/?s={search_term_string}\"},\"query-input\":\"required name=search_term_string\"}],\"inLanguage\":\"it-IT\"},{\"@type\":\"Person\",\"@id\":\"https:\/\/staging.varesenews.it\/#\/schema\/person\/fb20c4da0b7b16c291707a20db73e169\",\"name\":\"Redazione VareseNews\",\"image\":{\"@type\":\"ImageObject\",\"inLanguage\":\"it-IT\",\"@id\":\"https:\/\/staging.varesenews.it\/#\/schema\/person\/image\/\",\"url\":\"https:\/\/staging.varesenews.it\/wp-content\/uploads\/2020\/12\/logo_VN_colori_500.png\",\"contentUrl\":\"https:\/\/staging.varesenews.it\/wp-content\/uploads\/2020\/12\/logo_VN_colori_500.png\",\"caption\":\"Redazione VareseNews\"},\"url\":\"https:\/\/staging.varesenews.it\/persona\/redazione1\/\"}]}<\/script>\n<!-- \/ Yoast SEO plugin. -->","yoast_head_json":{"title":"La Resistenza, il fiore meraviglioso dell\u2019Anpi","description":"Libri, musica e teatro, ricca rassegna di iniziative per il 25 Aprile","robots":{"index":"noindex","follow":"follow","max-snippet":"max-snippet:-1","max-image-preview":"max-image-preview:large","max-video-preview":"max-video-preview:-1"},"og_locale":"it_IT","og_type":"article","og_title":"La Resistenza, il fiore meraviglioso dell\u2019Anpi","og_description":"Libri, musica e teatro, ricca rassegna di iniziative per il 25 Aprile","og_url":"https:\/\/staging.varesenews.it\/2007\/04\/la-resistenza-il-fiore-meraviglioso-dell-anpi\/237599\/","og_site_name":"VareseNews","article_publisher":"https:\/\/www.facebook.com\/varesenews","article_published_time":"2007-04-24T00:00:00+00:00","og_image":[{"url":"https:\/\/www3.varesenews.it\/immagini_articoli\/200504\/25aprile.jpg"}],"author":"Redazione VareseNews","twitter_card":"summary_large_image","twitter_creator":"@varesenews","twitter_site":"@varesenews","twitter_misc":{"Scritto da":"Redazione VareseNews","Tempo di lettura stimato":"3 minuti"},"schema":{"@context":"https:\/\/schema.org","@graph":[{"@type":"WebPage","@id":"https:\/\/staging.varesenews.it\/2007\/04\/la-resistenza-il-fiore-meraviglioso-dell-anpi\/237599\/","url":"https:\/\/staging.varesenews.it\/2007\/04\/la-resistenza-il-fiore-meraviglioso-dell-anpi\/237599\/","name":"La Resistenza, il fiore meraviglioso dell\u2019Anpi","isPartOf":{"@id":"https:\/\/staging.varesenews.it\/#website"},"datePublished":"2007-04-24T00:00:00+00:00","dateModified":"2007-04-24T00:00:00+00:00","author":{"@id":"https:\/\/staging.varesenews.it\/#\/schema\/person\/fb20c4da0b7b16c291707a20db73e169"},"description":"Libri, musica e teatro, ricca rassegna di iniziative per il 25 Aprile","breadcrumb":{"@id":"https:\/\/staging.varesenews.it\/2007\/04\/la-resistenza-il-fiore-meraviglioso-dell-anpi\/237599\/#breadcrumb"},"inLanguage":"it-IT","potentialAction":[{"@type":"ReadAction","target":["https:\/\/staging.varesenews.it\/2007\/04\/la-resistenza-il-fiore-meraviglioso-dell-anpi\/237599\/"]}]},{"@type":"BreadcrumbList","@id":"https:\/\/staging.varesenews.it\/2007\/04\/la-resistenza-il-fiore-meraviglioso-dell-anpi\/237599\/#breadcrumb","itemListElement":[{"@type":"ListItem","position":1,"name":"Home","item":"https:\/\/www.varesenews.it\/"},{"@type":"ListItem","position":2,"name":"La Resistenza, il fiore meraviglioso dell\u2019Anpi"}]},{"@type":"WebSite","@id":"https:\/\/staging.varesenews.it\/#website","url":"https:\/\/staging.varesenews.it\/","name":"VareseNews","description":"","potentialAction":[{"@type":"SearchAction","target":{"@type":"EntryPoint","urlTemplate":"https:\/\/staging.varesenews.it\/?s={search_term_string}"},"query-input":"required name=search_term_string"}],"inLanguage":"it-IT"},{"@type":"Person","@id":"https:\/\/staging.varesenews.it\/#\/schema\/person\/fb20c4da0b7b16c291707a20db73e169","name":"Redazione VareseNews","image":{"@type":"ImageObject","inLanguage":"it-IT","@id":"https:\/\/staging.varesenews.it\/#\/schema\/person\/image\/","url":"https:\/\/staging.varesenews.it\/wp-content\/uploads\/2020\/12\/logo_VN_colori_500.png","contentUrl":"https:\/\/staging.varesenews.it\/wp-content\/uploads\/2020\/12\/logo_VN_colori_500.png","caption":"Redazione VareseNews"},"url":"https:\/\/staging.varesenews.it\/persona\/redazione1\/"}]}},"post_meta":{"id_old":"70799","argomento":"Ispra","autore_old":"Catia Spagnolo"},"photos":[],"_links":{"self":[{"href":"https:\/\/staging.varesenews.it\/swgapi\/v1\/wp\/v2\/posts\/237599"}],"collection":[{"href":"https:\/\/staging.varesenews.it\/swgapi\/v1\/wp\/v2\/posts"}],"about":[{"href":"https:\/\/staging.varesenews.it\/swgapi\/v1\/wp\/v2\/types\/post"}],"author":[{"embeddable":true,"href":"https:\/\/staging.varesenews.it\/swgapi\/v1\/wp\/v2\/users\/10"}],"replies":[{"embeddable":true,"href":"https:\/\/staging.varesenews.it\/swgapi\/v1\/wp\/v2\/comments?post=237599"}],"version-history":[{"count":0,"href":"https:\/\/staging.varesenews.it\/swgapi\/v1\/wp\/v2\/posts\/237599\/revisions"}],"wp:attachment":[{"href":"https:\/\/staging.varesenews.it\/swgapi\/v1\/wp\/v2\/media?parent=237599"}],"wp:term":[{"taxonomy":"category","embeddable":true,"href":"https:\/\/staging.varesenews.it\/swgapi\/v1\/wp\/v2\/categories?post=237599"},{"taxonomy":"post_tag","embeddable":true,"href":"https:\/\/staging.varesenews.it\/swgapi\/v1\/wp\/v2\/tags?post=237599"}],"curies":[{"name":"wp","href":"https:\/\/api.w.org\/{rel}","templated":true}]}}