{"id":237623,"date":"2007-04-24T00:00:00","date_gmt":"2007-04-24T00:00:00","guid":{"rendered":""},"modified":"2007-04-24T00:00:00","modified_gmt":"2007-04-24T00:00:00","slug":"25-aprile-tutte-le-celebrazioni","status":"publish","type":"post","link":"https:\/\/staging.varesenews.it\/2007\/04\/25-aprile-tutte-le-celebrazioni\/237623\/","title":{"rendered":"25 Aprile: tutte le celebrazioni"},"content":{"rendered":"<p class=\"MsoNormal\" style=\"MARGIN: 0cm 0cm 0pt\"><font face=\"arial,helvetica,sans-serif\">25 aprile 1945: grazie agli sforzi congiunti di partigiani e Alleati, l\u2019Italia si libera dall\u2019invasione nazista. Per questo motivo questo mercoled\u00ec, <strong>25 aprile<\/strong>, sar\u00e0 una festa nazionale. Questa festa \u00e8 con ogni probabilit\u00e0 una delle ricorrenze pi\u00f9 importanti dal punto di vista civile, segnando la fine di un\u2019epoca e ricordandoci che la libert\u00e0 \u00e8 un valore fondamentale, ma non scontato.<\/p>\n<p>Come sempre, saranno molte le iniziative in tutta la provincia, per celebrare con onore questa giornata. Queste si rivolgono a chi di voi non opter\u00e0 per la<strong> gita fuoriporta<\/strong>, un progetto <a href=\"\/lombardia\/articolo.php?id=70690\">pianificato da circa 626mila famiglie<\/a>. <\/p>\n<p>Iniziamo dal <strong>Comune di Varese<\/strong>, che avvier\u00e0 il suo programma alle 8:30, nella Basilica di San Vittore, con una Santa Messa in suffragio di tutti i partigiani defunti. Alle 9:30 partir\u00e0 un corteo per le vie cittadine, cos\u00ec strutturato: piazza San Vittore, Arco Mera (deposizione corona), corso Matteotti, Largo Resistenza (deposizione corona al Monumento alla Resistenza), via Cavour, Piazza Repubblica (deposizione corona al Monumento ai Caduti), Teatro Apollonio. Sar\u00e0 presente la Banda Musicale \u201cGiuseppe Verdi\u201d di Capolago. Alle 10 si terr\u00e0 una cerimonia commemorativa al Teatro Apollonio, che prevede la consegna del \u201cPremio scolastico XXV Aprile\u201d agli alunni delle classi 3\u00b0, 4\u00b0 e 5\u00b0 delle scuole primarie cittadine. Saranno presenti il sindaco Attilio Fontana, il prefetto Roberto Aragno e l\u2019onorevole Daniele Marantelli che si occuper\u00e0 della celebrazione ufficiale, a nome della Federazione Associazioni Partigiane. Nel corso della cerimonia Luca Maciacchini condurr\u00e0 un intervento poetico-narrativo. <\/p>\n<p>Alle 13 sar\u00e0 disponibile anche un autobus della cooperativa Biumo-Belforte, che permetter\u00e0 a chi vuole di unirsi alla manifestazione nazionale di Milano. Per informazioni su questo servizio contattate lo 0332-334407, dalle 9 alle 11:30. <\/p>\n<p>Passiamo a <strong>Gallarate<\/strong> che presenta un programma particolarmente ricco che inizier\u00e0 alle 9, con il ritrovo presso il cimitero di viale Milano e la celebrazione della S. Messa al Sacrario dei Caduti, alle 9:15. Ovviamente \u00e8 previsto anche un corteo, mentre l\u2019Anpi di Gallarate consegner\u00e0 al rappresentante dei Licei un riconoscimento per l\u2019attivit\u00e0 di sensibilizzazione sulla storia della Resistenza svolta negli ultimi anni. Trovate tutti i dettagli sulle celebrazioni gallaratesi in <a href=\"\/gallarate_malpensa\/articolo.php?id=70398\">questo articolo<\/a>. <\/p>\n<p><strong>Busto Arsizio<\/strong> ha il suo primo impegno alle 9:30, con una celebrazione della Santa Messa al Tempio Civico Sant\u2019Anna. Seguir\u00e0 la deposizione delle corone al Tempio Civico e al Monumento alla Resistenza e Deportazione. Questo il percorso del corteo: Via Fratelli D\u2019Italia, P.zza Garibaldi, Via Milano, P.zza S. Giovanni, Via Tettamanti, P.zza Vittorio Emanuele II (deposizione corone al Monumento ai Caduti), Via Borroni, Via Zappellini, Piazza C. Colombo e Via Volta. Successivamente, alle 11, si terr\u00e0 un interessante dibattito nella sala conferenze del Museo del Tessile. Saranno presenti il Sindaco e Camillo Massimo Fiori, della Federazione Italiana Volontari della Libert\u00e0. Seguiranno cori di alpini, eseguiti dal gruppo \u201cCoro Monterosa\u201d. <\/font><\/p>\n<p><font face=\"arial,helvetica,sans-serif\"><strong>Campione d&#8217;Italia<\/strong> &#8211; Sar\u00e0 presentato mercoled\u00ec 25 aprile alle ore 11 alla sala Auditorium sar\u00e0 presentato il libro <a href=\"\/insubria\/articolo.php?id=70811\"><strong>&quot;L&#8217;ombra degli americani sulla Resistenza&quot; di Franco Giannantoni.<\/strong><\/a><\/font><span style=\"FONT-SIZE: 12pt; FONT-FAMILY: \"><font face=\"arial,helvetica,sans-serif\"><strong><\/strong><\/font><\/span><\/p>\n<p><span style=\"FONT-SIZE: 12pt; FONT-FAMILY: \"><font face=\"arial,helvetica,sans-serif\"><strong>Ispra<\/strong> &#8211; Ricco programma di iniziative da aprile fino a giugno. Il cartellone prevede presentazione di libri, musica e film. <br \/><a href=\"\/varese\/articolo.php?id=70799\"><strong>leggi l&#8217;articolo<\/strong><\/a>.<\/font><\/span><\/p>\n<p class=\"MsoNormal\" style=\"MARGIN: 0cm 0cm 0pt\" \/>\n<p class=\"MsoNormal\" style=\"MARGIN: 0cm 0cm 0pt\"><span style=\"FONT-SIZE: 12pt; FONT-FAMILY: \"><font face=\"arial,helvetica,sans-serif\"><\/font><\/span><\/p>\n<p class=\"MsoNormal\" style=\"MARGIN: 0cm 0cm 0pt\"><span style=\"FONT-SIZE: 12pt; FONT-FAMILY: \"><font face=\"arial,helvetica,sans-serif\"><strong><\/strong><\/font><\/span><\/p>\n<p class=\"MsoNormal\" style=\"MARGIN: 0cm 0cm 0pt\"><span style=\"FONT-SIZE: 12pt; FONT-FAMILY: \"><font face=\"arial,helvetica,sans-serif\"><strong>Monvalle<\/strong> &#8211; Festa della Liberazione organizzata dal circolo cooperativo, in collaborazione con la biblioteca comunale, la scuola primaria, l&#8217;amministrazione comunale. Il <strong>25 aprile<\/strong> alle ore <strong>11<\/strong>, presso la Sala consiliare &quot;<strong>Amedeo Papini&quot;<\/strong>, celebrazione commemorativa, <strong>ore 12<\/strong> pranzo presso il circolo Gal de Fer (per prenotare <strong>0332 799685<\/strong>), <strong>ore 16<\/strong> apertura mostra elaborati dei bambini delle primarie, ore 17 riflessioni sulla libert\u00e0 con i poeti della Resistenza, <strong>ore 20 e 30 <\/strong>pace e guerra recital dei bambini, ore <strong>21 e 30<\/strong> concerto &quot;Le storie di ieri&quot; con <strong>Renato Franchi<\/strong> e l&#8217;orchestrina del suonatore Jones.<\/font><\/span><\/p>\n<p class=\"MsoNormal\" style=\"MARGIN: 0cm 0cm 0pt\"><span style=\"FONT-SIZE: 12pt; FONT-FAMILY: \"><font face=\"Arial\"><\/font><\/span><\/p>\n<p class=\"MsoNormal\" style=\"MARGIN: 0cm 0cm 0pt\"><span style=\"FONT-SIZE: 12pt; FONT-FAMILY: \"><font face=\"arial,helvetica,sans-serif\">A <strong>Saronno<\/strong> appuntamento alle 9:30 in piazza della Libert\u00e0, con alzabandiera e S. Messa presso la prepositurale dei Santi Pietro e Paolo. Alle 11 partir\u00e0 il corteo verso il Parco Salvo D\u2019Acquisto, dove sar\u00e0 depositata la corona, e quindi verso la piazza dei Caduti Saronnesi, dove \u00e8 previsto un discorso del Sindaco e delle autorit\u00e0.<\/font><\/span><\/p>\n<p class=\"MsoNormal\" style=\"MARGIN: 0cm 0cm 0pt\"><font face=\"arial,helvetica,sans-serif\"><span style=\"FONT-SIZE: 12pt; FONT-FAMILY: \"><\/span><br \/>A <strong>Samarate<\/strong>, zona Verghera, ci sar\u00e0 una Santa Messa alle 10, e poi un raduno nel piazzale del municipio, per poi partire con il corteo alla Lapide in memoria del comandante Mauri, alla villa Montevecchio e quello al cimitero per rendere omaggio ai caduti, con commemorazione di Maurizio Ampollini. <a href=\"\/gallarate_malpensa\/articolo.php?id=70706\">Qui i dettagli<\/a>. Anche Cassano Magnago, Cavaria con Premezzo, Cardano al Campo e Lonate Pozzolo ricorderanno la Liberazione.<\/p>\n<p>A <strong>Luino<\/strong>, questa volta, il tradizionale corteo organizzato da Anpi si svolger\u00e0 parallelamente al mercato cittadino. Questo grazie a un <a href=\"\/varese\/articolo.php?id=70412\">accordo stretto pochi giorni fa<\/a>. <br \/><\/font><\/p>\n<p class=\"MsoNormal\" style=\"MARGIN: 0cm 0cm 0pt\"><font face=\"arial,helvetica,sans-serif\">A <strong>Cislago<\/strong> il ritrovo \u00e8 previsto per le 9:30 presso il Palazzo Municipale, da dove partir\u00e0 un corteo per le vie cittadine. Alle 10 sar\u00e0 reso onore ai caduti davanti al monumento, mentre alle 10:30 si celebrer\u00e0 la Santa Messa. <\/font><\/p>\n<p class=\"MsoNormal\" style=\"MARGIN: 0cm 0cm 0pt\"><font face=\"arial,helvetica,sans-serif\"><br \/>Sono previsti cortei anche in altre citt\u00e0, come Tradate e Gavirate che seguiranno il percorso tradizionale, oltre ai vari comuni di piccole dimensioni. In caso di comunicazioni da parte delle amministrazioni aggiorneremo questo stesso articolo.<\/font><\/p>\n","protected":false},"excerpt":{"rendered":"<p>Ecco le manifestazioni che si svolgeranno in tutta la provincia per celebrare la Festa della Liberazione<\/p>\n","protected":false},"author":10,"featured_media":0,"comment_status":"open","ping_status":"open","sticky":false,"template":"","format":"standard","meta":{"footnotes":""},"categories":[7],"tags":[],"acf":[],"yoast_head":"<!-- This site is optimized with the Yoast SEO plugin v20.1 - https:\/\/yoast.com\/wordpress\/plugins\/seo\/ -->\n<title>25 Aprile: tutte le celebrazioni<\/title>\n<meta name=\"description\" content=\"Ecco le manifestazioni che si svolgeranno in tutta la provincia per celebrare la Festa della Liberazione\" \/>\n<meta name=\"robots\" content=\"noindex, follow, max-snippet:-1, max-image-preview:large, max-video-preview:-1\" \/>\n<meta property=\"og:locale\" content=\"it_IT\" \/>\n<meta property=\"og:type\" content=\"article\" \/>\n<meta property=\"og:title\" content=\"25 Aprile: tutte le celebrazioni\" \/>\n<meta property=\"og:description\" content=\"Ecco le manifestazioni che si svolgeranno in tutta la provincia per celebrare la Festa della Liberazione\" \/>\n<meta property=\"og:url\" content=\"https:\/\/staging.varesenews.it\/2007\/04\/25-aprile-tutte-le-celebrazioni\/237623\/\" \/>\n<meta property=\"og:site_name\" content=\"VareseNews\" \/>\n<meta property=\"article:publisher\" content=\"https:\/\/www.facebook.com\/varesenews\" \/>\n<meta property=\"article:published_time\" content=\"2007-04-24T00:00:00+00:00\" \/>\n<meta name=\"author\" content=\"Redazione VareseNews\" \/>\n<meta name=\"twitter:card\" content=\"summary_large_image\" \/>\n<meta name=\"twitter:creator\" content=\"@varesenews\" \/>\n<meta name=\"twitter:site\" content=\"@varesenews\" \/>\n<meta name=\"twitter:label1\" content=\"Scritto da\" \/>\n\t<meta name=\"twitter:data1\" content=\"Redazione VareseNews\" \/>\n\t<meta name=\"twitter:label2\" content=\"Tempo di lettura stimato\" \/>\n\t<meta name=\"twitter:data2\" content=\"4 minuti\" \/>\n<script type=\"application\/ld+json\" class=\"yoast-schema-graph\">{\"@context\":\"https:\/\/schema.org\",\"@graph\":[{\"@type\":\"WebPage\",\"@id\":\"https:\/\/staging.varesenews.it\/2007\/04\/25-aprile-tutte-le-celebrazioni\/237623\/\",\"url\":\"https:\/\/staging.varesenews.it\/2007\/04\/25-aprile-tutte-le-celebrazioni\/237623\/\",\"name\":\"25 Aprile: tutte le celebrazioni\",\"isPartOf\":{\"@id\":\"https:\/\/staging.varesenews.it\/#website\"},\"datePublished\":\"2007-04-24T00:00:00+00:00\",\"dateModified\":\"2007-04-24T00:00:00+00:00\",\"author\":{\"@id\":\"https:\/\/staging.varesenews.it\/#\/schema\/person\/fb20c4da0b7b16c291707a20db73e169\"},\"description\":\"Ecco le manifestazioni che si svolgeranno in tutta la provincia per celebrare la Festa della Liberazione\",\"breadcrumb\":{\"@id\":\"https:\/\/staging.varesenews.it\/2007\/04\/25-aprile-tutte-le-celebrazioni\/237623\/#breadcrumb\"},\"inLanguage\":\"it-IT\",\"potentialAction\":[{\"@type\":\"ReadAction\",\"target\":[\"https:\/\/staging.varesenews.it\/2007\/04\/25-aprile-tutte-le-celebrazioni\/237623\/\"]}]},{\"@type\":\"BreadcrumbList\",\"@id\":\"https:\/\/staging.varesenews.it\/2007\/04\/25-aprile-tutte-le-celebrazioni\/237623\/#breadcrumb\",\"itemListElement\":[{\"@type\":\"ListItem\",\"position\":1,\"name\":\"Home\",\"item\":\"https:\/\/www.varesenews.it\/\"},{\"@type\":\"ListItem\",\"position\":2,\"name\":\"25 Aprile: tutte le celebrazioni\"}]},{\"@type\":\"WebSite\",\"@id\":\"https:\/\/staging.varesenews.it\/#website\",\"url\":\"https:\/\/staging.varesenews.it\/\",\"name\":\"VareseNews\",\"description\":\"\",\"potentialAction\":[{\"@type\":\"SearchAction\",\"target\":{\"@type\":\"EntryPoint\",\"urlTemplate\":\"https:\/\/staging.varesenews.it\/?s={search_term_string}\"},\"query-input\":\"required name=search_term_string\"}],\"inLanguage\":\"it-IT\"},{\"@type\":\"Person\",\"@id\":\"https:\/\/staging.varesenews.it\/#\/schema\/person\/fb20c4da0b7b16c291707a20db73e169\",\"name\":\"Redazione VareseNews\",\"image\":{\"@type\":\"ImageObject\",\"inLanguage\":\"it-IT\",\"@id\":\"https:\/\/staging.varesenews.it\/#\/schema\/person\/image\/\",\"url\":\"https:\/\/staging.varesenews.it\/wp-content\/uploads\/2020\/12\/logo_VN_colori_500.png\",\"contentUrl\":\"https:\/\/staging.varesenews.it\/wp-content\/uploads\/2020\/12\/logo_VN_colori_500.png\",\"caption\":\"Redazione VareseNews\"},\"url\":\"https:\/\/staging.varesenews.it\/persona\/redazione1\/\"}]}<\/script>\n<!-- \/ Yoast SEO plugin. -->","yoast_head_json":{"title":"25 Aprile: tutte le celebrazioni","description":"Ecco le manifestazioni che si svolgeranno in tutta la provincia per celebrare la Festa della Liberazione","robots":{"index":"noindex","follow":"follow","max-snippet":"max-snippet:-1","max-image-preview":"max-image-preview:large","max-video-preview":"max-video-preview:-1"},"og_locale":"it_IT","og_type":"article","og_title":"25 Aprile: tutte le celebrazioni","og_description":"Ecco le manifestazioni che si svolgeranno in tutta la provincia per celebrare la Festa della Liberazione","og_url":"https:\/\/staging.varesenews.it\/2007\/04\/25-aprile-tutte-le-celebrazioni\/237623\/","og_site_name":"VareseNews","article_publisher":"https:\/\/www.facebook.com\/varesenews","article_published_time":"2007-04-24T00:00:00+00:00","author":"Redazione VareseNews","twitter_card":"summary_large_image","twitter_creator":"@varesenews","twitter_site":"@varesenews","twitter_misc":{"Scritto da":"Redazione VareseNews","Tempo di lettura stimato":"4 minuti"},"schema":{"@context":"https:\/\/schema.org","@graph":[{"@type":"WebPage","@id":"https:\/\/staging.varesenews.it\/2007\/04\/25-aprile-tutte-le-celebrazioni\/237623\/","url":"https:\/\/staging.varesenews.it\/2007\/04\/25-aprile-tutte-le-celebrazioni\/237623\/","name":"25 Aprile: tutte le celebrazioni","isPartOf":{"@id":"https:\/\/staging.varesenews.it\/#website"},"datePublished":"2007-04-24T00:00:00+00:00","dateModified":"2007-04-24T00:00:00+00:00","author":{"@id":"https:\/\/staging.varesenews.it\/#\/schema\/person\/fb20c4da0b7b16c291707a20db73e169"},"description":"Ecco le manifestazioni che si svolgeranno in tutta la provincia per celebrare la Festa della Liberazione","breadcrumb":{"@id":"https:\/\/staging.varesenews.it\/2007\/04\/25-aprile-tutte-le-celebrazioni\/237623\/#breadcrumb"},"inLanguage":"it-IT","potentialAction":[{"@type":"ReadAction","target":["https:\/\/staging.varesenews.it\/2007\/04\/25-aprile-tutte-le-celebrazioni\/237623\/"]}]},{"@type":"BreadcrumbList","@id":"https:\/\/staging.varesenews.it\/2007\/04\/25-aprile-tutte-le-celebrazioni\/237623\/#breadcrumb","itemListElement":[{"@type":"ListItem","position":1,"name":"Home","item":"https:\/\/www.varesenews.it\/"},{"@type":"ListItem","position":2,"name":"25 Aprile: tutte le celebrazioni"}]},{"@type":"WebSite","@id":"https:\/\/staging.varesenews.it\/#website","url":"https:\/\/staging.varesenews.it\/","name":"VareseNews","description":"","potentialAction":[{"@type":"SearchAction","target":{"@type":"EntryPoint","urlTemplate":"https:\/\/staging.varesenews.it\/?s={search_term_string}"},"query-input":"required name=search_term_string"}],"inLanguage":"it-IT"},{"@type":"Person","@id":"https:\/\/staging.varesenews.it\/#\/schema\/person\/fb20c4da0b7b16c291707a20db73e169","name":"Redazione VareseNews","image":{"@type":"ImageObject","inLanguage":"it-IT","@id":"https:\/\/staging.varesenews.it\/#\/schema\/person\/image\/","url":"https:\/\/staging.varesenews.it\/wp-content\/uploads\/2020\/12\/logo_VN_colori_500.png","contentUrl":"https:\/\/staging.varesenews.it\/wp-content\/uploads\/2020\/12\/logo_VN_colori_500.png","caption":"Redazione VareseNews"},"url":"https:\/\/staging.varesenews.it\/persona\/redazione1\/"}]}},"post_meta":{"id_old":"70766","argomento":"Tempo libero"},"photos":[],"_links":{"self":[{"href":"https:\/\/staging.varesenews.it\/swgapi\/v1\/wp\/v2\/posts\/237623"}],"collection":[{"href":"https:\/\/staging.varesenews.it\/swgapi\/v1\/wp\/v2\/posts"}],"about":[{"href":"https:\/\/staging.varesenews.it\/swgapi\/v1\/wp\/v2\/types\/post"}],"author":[{"embeddable":true,"href":"https:\/\/staging.varesenews.it\/swgapi\/v1\/wp\/v2\/users\/10"}],"replies":[{"embeddable":true,"href":"https:\/\/staging.varesenews.it\/swgapi\/v1\/wp\/v2\/comments?post=237623"}],"version-history":[{"count":0,"href":"https:\/\/staging.varesenews.it\/swgapi\/v1\/wp\/v2\/posts\/237623\/revisions"}],"wp:attachment":[{"href":"https:\/\/staging.varesenews.it\/swgapi\/v1\/wp\/v2\/media?parent=237623"}],"wp:term":[{"taxonomy":"category","embeddable":true,"href":"https:\/\/staging.varesenews.it\/swgapi\/v1\/wp\/v2\/categories?post=237623"},{"taxonomy":"post_tag","embeddable":true,"href":"https:\/\/staging.varesenews.it\/swgapi\/v1\/wp\/v2\/tags?post=237623"}],"curies":[{"name":"wp","href":"https:\/\/api.w.org\/{rel}","templated":true}]}}