{"id":238578,"date":"2007-04-08T00:00:00","date_gmt":"2007-04-08T00:00:00","guid":{"rendered":""},"modified":"2007-04-08T00:00:00","modified_gmt":"2007-04-08T00:00:00","slug":"caccia-partiamo-dal-rapporto-diretto-con-la-gente","status":"publish","type":"post","link":"https:\/\/staging.varesenews.it\/2007\/04\/caccia-partiamo-dal-rapporto-diretto-con-la-gente\/238578\/","title":{"rendered":"Caccia: &#8220;Partiamo dal rapporto diretto con la gente&#8221;"},"content":{"rendered":"<p class=\"MsoBodyText\"><font face=\"arial,helvetica,sans-serif\"><span><img decoding=\"async\" hspace=\"3\" src=\"https:\/\/www3.varesenews.it\/immagini_articoli\/200703\/caccia3.jpg\" align=\"left\" vspace=\"3\" border=\"0\" \/>Ad agosto del 2006 \u00e8 nata l\u2019Associazione Polo Civico di Centro, presieduta da Paolo Caccia, ex parlamentare democristiano. Sembrava un\u2019esperienza come tante, nell\u2019ambito della galassia post democristiana. Poi, in questi mesi, si \u00e8 assistito ad una\u00a0continua crescita <span class=\"GramE\">di <\/span>adesioni ed anche ad un interesse sempre pi\u00f9 spiccato da parte dei mezzi di informazione. Oggi, in tutte le analisi politiche di carattere provinciale, il Polo Civico di Centro <span class=\"GramE\">viene <\/span>citato come interlocutore. <\/p>\n<p><strong>I vostri critici per\u00f2 vi considerano dei nostalgici democristiani. Lei come risponde?<\/strong> <br \/>\u00ab<\/span><\/font><font face=\"arial,helvetica,sans-serif\">Nel Polo Civico di Centro sono confluite varie esperienze. Non siamo nostalgici democristiani, ma riteniamo che i valori della tradizione cattolica democratica: rispetto e diritto alla vita, moderazione, economia sociale di mercato, atlantismo, considerazione del singolo individuo come persona unica ed <span class=\"GramE\">irripetibile <\/span>siano fondamentali, quindi miglior accettazione dei doveri e difesa dei diritti dei cittadini, molte volte calpestati. In ogni caso il nostro \u00e8 un movimento nuovo e quindi <span class=\"GramE\">ci <\/span>interessa guardare al futuro, ai suoi mutamenti per governarli, pi\u00f9 che al passato. Noi non vogliamo riportare indietro l\u2019orologio della storia, ma ricordare che ogni giorno l\u2019orologio segna un nuovo presente. Per prima cosa noi vogliamo modificare l\u2019attuale sistema bipolare e la sua legge elettorale voluta dai pi\u00f9 grandi partiti, sistema che riteniamo negativo per il Paese perch\u00e8 portatore di una lite cronica, dannosa\u00a0e fine a se stessa tra i due schieramenti destra-sinistra\u00bb. <\/font><\/p>\n<p class=\"MsoBodyText\"><font face=\"Arial\"><strong>Ci confessi, volete rifare la democrazia cristiana?<br \/><\/strong>\u00ab<\/font><font face=\"arial,helvetica,sans-serif\">Non scherziamo.\u00a0<span style=\"mso-spacerun: yes\">\u00a0<\/span>Noi lavoriamo per rafforzare il \u201ccentro\u201d inteso non in una <span class=\"GramE\">collocazione <\/span>geo-politica, <span style=\"mso-spacerun: yes\">\u00a0 <\/span>ma inteso come luogo dell\u2019equilibrio cio\u00e8 come progetto in cui si perseguono gli interessi generali del Paese e non si privilegiano dei pur legittimi interessi di un gruppo di potere o <span style=\"mso-spacerun: yes\">\u00a0 <\/span>classe sociale\u00bb. <\/font><\/p>\n<p class=\"MsoBodyText\"><font face=\"Arial\"><strong>Molti aspirano a occupare il centro. Voi in cosa sareste diversi?<br \/><\/strong><\/font><font face=\"arial,helvetica,sans-serif\">\u00abCi riteniamo diversi sotto l\u2019aspetto sostanziale. <span class=\"GramE\">Infatti <\/span>se si crede davvero nel centro, bisogna avere la coerenza di chiamarsi fuori dai due schieramenti di destra e di sinistra. Il centro, per esistere, deve dimostrare di <span class=\"GramE\"><span style=\"mso-spacerun: yes\">\u00a0 <\/span><\/span>camminare con le proprie gambe. Siamo ben consapevoli del\u00a0<span class=\"GramE\"><span style=\"mso-spacerun: yes\">&nbsp;<\/span><\/span>fatto che scegliere di uscire dagli schieramenti destra-sinistra rappresenti\u00a0<span style=\"mso-spacerun: yes\">\u00a0<\/span>decisione coraggiosa, mentre per gli apatici o indifferenti sembri un\u2019utopia,\u00a0<span style=\"mso-spacerun: yes\">\u00a0<\/span>ma \u00e8 certo che se non si compie fino in fondo questo passo, se si parla di centro restando al riparo nella <span style=\"mso-spacerun: yes\">\u00a0 <\/span>proprio gi\u00e0 vecchio condominio, alla fine non si approder\u00e0 al cambiamento\u00bb. <\/font><\/p>\n<p class=\"MsoBodyText\"><font face=\"Arial\"><strong>A quale cambiamento?<br \/><\/strong>\u00ab<\/font><font face=\"arial,helvetica,sans-serif\">Noi vogliamo cambiare l\u2019attuale sistema bipolare, nel quale hanno troppo\u00a0<span class=\"GramE\"><span style=\"mso-spacerun: yes\">\u00a0<\/span><\/span>potere le\u00a0<span style=\"mso-spacerun: yes\">\u00a0<\/span>ali pi\u00f9 radicali delle due coalizioni e la forza autocratica del leader. <span style=\"mso-spacerun: yes\">\u00a0 <\/span>Noi pensiamo che non abbia alcun senso ad esempio che, ad ogni cambio di maggioranza, il Parlamento <span class=\"GramE\">passi <personname productid=\"la Legislatura\" w:st=\"on\">la Legislatura <\/personname>a distru <\/span>ggere ci\u00f2 che era stato fatto dall\u2019altra coalizione nella Legislatura precedente. Questa assurdit\u00e0 <span class=\"GramE\">si verifica <\/span>perch\u00e8 il centro \u00e8 troppo debole. Noi vogliamo dargli pi\u00f9 forza e siamo convinti che questo lavoro sia utile al bene del Paese e soprattutto alla sua gente\u00bb. <\/font><\/p>\n<p class=\"MsoBodyText\"><font face=\"Arial\"><strong>Lei per\u00f2 gode dell&#8217;appoggio di alcuni partiti come l&#8217;Udeur, Italia futura, Partito democratico cristiano, Democrazia cristiana e Italia di mezzo&#8230;<br \/><\/strong>\u00ab<\/font><font face=\"arial,helvetica,sans-serif\">Si \u00e8 vero ed anzi colgo l\u2019occasione per ringraziarli della fiducia che mi hanno dimostrato. I Partiti che Lei ha citato, hanno capito che un esperimento di laboratorio fatto dal vivo, <span class=\"GramE\"><span style=\"mso-spacerun: yes\">\u00a0 <\/span><\/span>hanno quindi creduto nel progetto al punto che hanno accettato di uscire dalle coalizioni destra-sinistra ed associarsi per supportare una candidatura come la mia che \u00e8 unicamente di centro. L\u2019appoggio di questi partiti dimostra nei fatti che il centro ha una <span class=\"GramE\">grande <\/span>forza aggregante. Bisogna avere il coraggio di metterla in campo. Aggiungo anche un grazie ai tanti cittadini che hanno voluto, per la prima volta, impegnarsi in <span class=\"GramE\">prima <\/span>persona\u00bb. <\/font><\/p>\n<p class=\"MsoBodyText\"><font face=\"Arial\"><strong>Perch\u00e9 alla sua et\u00e0 ha sentito la voglia di candidarsi in una battaglia elettorale difficile se non impossibile?<br \/>\u00ab<\/strong><\/font><font face=\"arial,helvetica,sans-serif\">La risposta sta in gran parte nei ragionamenti che abbiamo fatto fino ad ora. Poi io credo di pi\u00f9 al motto <span class=\"SpellE\">Kennediano <\/span>J CARE piuttosto che al ME NE FREGO. Se si crede in un progetto <span class=\"GramE\">politico <\/span>bisogna avere il coraggio di mettersi in gioco anche personalmente. E poi <span class=\"GramE\">le confesso <\/span>che, a mio parere e senza disprezzare il lavoro altrui, <span style=\"mso-spacerun: yes\">\u00a0 <\/span><personname productid=\"la Provincia\" w:st=\"on\">la Provincia <\/personname>di Varese merita un salto di prospettiva verso il futuro pi\u00f9 di quanto lo sia stato fatto in questi anni. Io penso che in Provincia di Varese ci sia una <span class=\"GramE\">carenza <\/span>pesantissima sotto l\u2019aspetto delle infrastrutture. <span style=\"mso-spacerun: yes\">\u00a0 <\/span>In questo settore <personname productid=\"la Provincia\" w:st=\"on\">la Provincia <\/personname>di Varese <span class=\"GramE\">era all\u2019avanguardia in Italia, oggi la situazione \u00e8 <\/span>disastrosa. Le strade sono rimaste le stesse di 20 anni fa. In questi ultimi anni <span class=\"GramE\"><span style=\"mso-spacerun: yes\">\u00a0 <\/span><\/span>l\u2019unica <span style=\"mso-spacerun: yes\">\u00a0 <\/span>novit\u00e0 intervenuta nei collegamenti trasversali est-ovest \u00e8 stata la chiusura della linea delle Ferrovie Nord tra Varese e Como e ci\u00f2 con il paradossale <span style=\"mso-spacerun: yes\">\u00a0 <\/span>risultato che attualmente il mezzo pi\u00f9 veloce per collegare i due capoluoghi \u00e8 l\u2019autostrada svizzera\u00bb. <\/font><\/p>\n<p class=\"MsoBodyText\"><font face=\"arial,helvetica,sans-serif\"><span><strong>Ma \u00e8 vero che lei propone di costruire una metropolitana? <br \/>\u00ab<\/strong><\/span><\/font><font face=\"arial,helvetica,sans-serif\">Io per ora propongo di creare una commissione che studi subito e seriamente la fattibilit\u00e0 del progetto. Progetto che <span class=\"GramE\">ha avuto <\/span>il plauso di moltissimi cittadini. Si parla tanto <span class=\"GramE\">di <\/span>inquinamento e di traffico, <span style=\"mso-spacerun: yes\">\u00a0 <\/span>ma io non vedo proposte concrete per risolvere il problema. Mi rendo conto del fatto che i costi di costruzione sarebbero ingenti, <span class=\"GramE\"><span style=\"mso-spacerun: yes\">\u00a0 <\/span><\/span>per\u00f2 sono consapevole anche del fatto che una metropolitana di collegamento tra Varese, <span class=\"SpellE\">Gallarate <\/span>, Busto Arsizio, <span class=\"SpellE\">Malpensa <\/span>, Legnano e Milano risolverebbe in gran parte i problemi <span style=\"mso-spacerun: yes\">\u00a0 <\/span>del traffico e dell\u2019inquinamento e darebbe indirettamente una risposta ai gravi problemi di salute sia psicologica che fisica ai pendolari ed agli abitanti. Recenti studi dimostrano che potenzialmente gli utenti ci sarebbero. <span class=\"GramE\">Quindi <\/span>con la collaborazione dei privati e con gli introiti dei biglietti l\u2019opera potrebbe mantenersi e pagarsi. <span class=\"SpellE\">Eppoi <\/span>vale di pi\u00f9 la vita del cittadino od il problema finanziario. <span class=\"SpellE\"><span class=\"GramE\">Qual\u2019 <\/span><\/span>\u00e8 dunque il valore primario: una vita vivibile od una vita <span class=\"SpellE\">invivibile <\/span>? <span style=\"mso-spacerun: yes\">\u00a0 <\/span>In conclusione io non voglio vendere utopie, per\u00f2 <span class=\"GramE\">mi <\/span>impegno a studiare la fattibilit\u00e0 di questo progetto con grande seriet\u00e0\u00bb. <span style=\"mso-spacerun: yes\">\u00a0\u00a0 <\/span><\/font><\/p>\n<p class=\"MsoBodyText\"><font face=\"arial,helvetica,sans-serif\"><span><strong>Cosa propone ancora per la nostra provincia? <br \/>\u00ab<\/strong><\/span><\/font><font face=\"arial,helvetica,sans-serif\">Propongo di sfruttare meglio l\u2019indotto portato dall\u2019aeroporto di <span class=\"SpellE\">Malpensa<\/span>, di mettere in risalto maggiormente la vocazione turistica della nostra Provincia con i suoi monti ed i suoi laghi bellissimi, di aiutare il commercio soprattutto nelle zone in cui la <span class=\"GramE\">grande <\/span>distribuzione ha calpestato i negozi, di portare anche da noi delle grandi mostre d\u2019arte, di essere vicini al mondo delle sport e della musica a tutti i livelli, dal livello amatoriale fino a quel pezzo di storia provinciale che \u00e8 rappresentato dalla squadra di basket Varese, <span style=\"mso-spacerun: yes\">\u00a0 <\/span>di tenere aperto un tavolo permanente di dialogo e di sostegno al mondo produttivo, di essere interlocutori seri del mondo sindacale, delle imprese <span style=\"mso-spacerun: yes\">\u00a0 <\/span>e di tutte le associazioni di categoria e poi di garantire un impegno maggiore sul fronte dell\u2019universit\u00e0, della scuola e dell\u2019innovazione tecnologica, chiamando anche a raccolta le aziende, <span style=\"mso-spacerun: yes\">\u00a0 <\/span>gli enti locali, i centri di ricerca (es. CCR di Ispra). Ci sarebbe molto altro da aggiungere, ma lo spazio non sarebbe sufficiente\u00bb.<\/font><\/p>\n<p class=\"MsoBodyText\"><font face=\"arial,helvetica,sans-serif\"><strong>In due parole\u00a0qual \u00e8 il messaggio che intende\u00a0trasmettere ai cittadini, agli elettori?\u00a0<br \/>\u00ab<\/strong><\/font><font face=\"arial,helvetica,sans-serif\">In due parole \u00e8 difficile, ma ci provo. I pi\u00f9 brevi versi della letteratura americana non furono scritti da un poeta, ma dal pugile <span class=\"SpellE\">Muhammad <\/span><span class=\"SpellE\">Al\u00ec <\/span>e letta per la prima volta all\u2019Universit\u00e0 di <span class=\"SpellE\">Harvad <\/span>. Essa \u00e8 appunto di due parole: <span class=\"GramE\"><span style=\"mso-spacerun: yes\">\u00a0 <\/span><\/span>\u201c <span class=\"SpellE\">me-we <\/span>\u201d, \u201cio-noi\u201d. Questo \u201ccomponimento\u201d \u00e8 forse la sintesi del nostro progetto politico, che non \u00e8 calato dall\u2019alto, non \u00e8 comandato dal leader, ma nasce dal rapporto diretto e trasparente con i cittadini\u00bb. <\/font><\/p>\n","protected":false},"excerpt":{"rendered":"<p>Da Muhammad Al\u00ec all&#8217;epopea kennediana i pensieri del candidato del Polo civico di centro alle prossime elezioni provinciali<\/p>\n","protected":false},"author":10,"featured_media":0,"comment_status":"open","ping_status":"open","sticky":false,"template":"","format":"standard","meta":{"footnotes":""},"categories":[2],"tags":[],"acf":[],"yoast_head":"<!-- This site is optimized with the Yoast SEO plugin v20.1 - https:\/\/yoast.com\/wordpress\/plugins\/seo\/ -->\n<title>Caccia: &quot;Partiamo dal rapporto diretto con la gente&quot;<\/title>\n<meta name=\"description\" content=\"Da Muhammad Al\u00ec all&#039;epopea kennediana i pensieri del candidato del Polo civico di centro alle prossime elezioni provinciali\" \/>\n<meta name=\"robots\" content=\"noindex, follow, max-snippet:-1, max-image-preview:large, max-video-preview:-1\" \/>\n<meta property=\"og:locale\" content=\"it_IT\" \/>\n<meta property=\"og:type\" content=\"article\" \/>\n<meta property=\"og:title\" content=\"Caccia: &quot;Partiamo dal rapporto diretto con la gente&quot;\" \/>\n<meta property=\"og:description\" content=\"Da Muhammad Al\u00ec all&#039;epopea kennediana i pensieri del candidato del Polo civico di centro alle prossime elezioni provinciali\" \/>\n<meta property=\"og:url\" content=\"https:\/\/staging.varesenews.it\/2007\/04\/caccia-partiamo-dal-rapporto-diretto-con-la-gente\/238578\/\" \/>\n<meta property=\"og:site_name\" content=\"VareseNews\" \/>\n<meta property=\"article:publisher\" content=\"https:\/\/www.facebook.com\/varesenews\" \/>\n<meta property=\"article:published_time\" content=\"2007-04-08T00:00:00+00:00\" \/>\n<meta property=\"og:image\" content=\"https:\/\/www3.varesenews.it\/immagini_articoli\/200703\/caccia3.jpg\" \/>\n<meta name=\"author\" content=\"Redazione VareseNews\" \/>\n<meta name=\"twitter:card\" content=\"summary_large_image\" \/>\n<meta name=\"twitter:creator\" content=\"@varesenews\" \/>\n<meta name=\"twitter:site\" content=\"@varesenews\" \/>\n<meta name=\"twitter:label1\" content=\"Scritto da\" \/>\n\t<meta name=\"twitter:data1\" content=\"Redazione VareseNews\" \/>\n\t<meta name=\"twitter:label2\" content=\"Tempo di lettura stimato\" \/>\n\t<meta name=\"twitter:data2\" content=\"6 minuti\" \/>\n<script type=\"application\/ld+json\" class=\"yoast-schema-graph\">{\"@context\":\"https:\/\/schema.org\",\"@graph\":[{\"@type\":\"WebPage\",\"@id\":\"https:\/\/staging.varesenews.it\/2007\/04\/caccia-partiamo-dal-rapporto-diretto-con-la-gente\/238578\/\",\"url\":\"https:\/\/staging.varesenews.it\/2007\/04\/caccia-partiamo-dal-rapporto-diretto-con-la-gente\/238578\/\",\"name\":\"Caccia: \\\"Partiamo dal rapporto diretto con la gente\\\"\",\"isPartOf\":{\"@id\":\"https:\/\/staging.varesenews.it\/#website\"},\"datePublished\":\"2007-04-08T00:00:00+00:00\",\"dateModified\":\"2007-04-08T00:00:00+00:00\",\"author\":{\"@id\":\"https:\/\/staging.varesenews.it\/#\/schema\/person\/fb20c4da0b7b16c291707a20db73e169\"},\"description\":\"Da Muhammad Al\u00ec all'epopea kennediana i pensieri del candidato del Polo civico di centro alle prossime elezioni provinciali\",\"breadcrumb\":{\"@id\":\"https:\/\/staging.varesenews.it\/2007\/04\/caccia-partiamo-dal-rapporto-diretto-con-la-gente\/238578\/#breadcrumb\"},\"inLanguage\":\"it-IT\",\"potentialAction\":[{\"@type\":\"ReadAction\",\"target\":[\"https:\/\/staging.varesenews.it\/2007\/04\/caccia-partiamo-dal-rapporto-diretto-con-la-gente\/238578\/\"]}]},{\"@type\":\"BreadcrumbList\",\"@id\":\"https:\/\/staging.varesenews.it\/2007\/04\/caccia-partiamo-dal-rapporto-diretto-con-la-gente\/238578\/#breadcrumb\",\"itemListElement\":[{\"@type\":\"ListItem\",\"position\":1,\"name\":\"Home\",\"item\":\"https:\/\/www.varesenews.it\/\"},{\"@type\":\"ListItem\",\"position\":2,\"name\":\"Caccia: &#8220;Partiamo dal rapporto diretto con la gente&#8221;\"}]},{\"@type\":\"WebSite\",\"@id\":\"https:\/\/staging.varesenews.it\/#website\",\"url\":\"https:\/\/staging.varesenews.it\/\",\"name\":\"VareseNews\",\"description\":\"\",\"potentialAction\":[{\"@type\":\"SearchAction\",\"target\":{\"@type\":\"EntryPoint\",\"urlTemplate\":\"https:\/\/staging.varesenews.it\/?s={search_term_string}\"},\"query-input\":\"required name=search_term_string\"}],\"inLanguage\":\"it-IT\"},{\"@type\":\"Person\",\"@id\":\"https:\/\/staging.varesenews.it\/#\/schema\/person\/fb20c4da0b7b16c291707a20db73e169\",\"name\":\"Redazione VareseNews\",\"image\":{\"@type\":\"ImageObject\",\"inLanguage\":\"it-IT\",\"@id\":\"https:\/\/staging.varesenews.it\/#\/schema\/person\/image\/\",\"url\":\"https:\/\/staging.varesenews.it\/wp-content\/uploads\/2020\/12\/logo_VN_colori_500.png\",\"contentUrl\":\"https:\/\/staging.varesenews.it\/wp-content\/uploads\/2020\/12\/logo_VN_colori_500.png\",\"caption\":\"Redazione VareseNews\"},\"url\":\"https:\/\/staging.varesenews.it\/persona\/redazione1\/\"}]}<\/script>\n<!-- \/ Yoast SEO plugin. -->","yoast_head_json":{"title":"Caccia: \"Partiamo dal rapporto diretto con la gente\"","description":"Da Muhammad Al\u00ec all'epopea kennediana i pensieri del candidato del Polo civico di centro alle prossime elezioni provinciali","robots":{"index":"noindex","follow":"follow","max-snippet":"max-snippet:-1","max-image-preview":"max-image-preview:large","max-video-preview":"max-video-preview:-1"},"og_locale":"it_IT","og_type":"article","og_title":"Caccia: \"Partiamo dal rapporto diretto con la gente\"","og_description":"Da Muhammad Al\u00ec all'epopea kennediana i pensieri del candidato del Polo civico di centro alle prossime elezioni provinciali","og_url":"https:\/\/staging.varesenews.it\/2007\/04\/caccia-partiamo-dal-rapporto-diretto-con-la-gente\/238578\/","og_site_name":"VareseNews","article_publisher":"https:\/\/www.facebook.com\/varesenews","article_published_time":"2007-04-08T00:00:00+00:00","og_image":[{"url":"https:\/\/www3.varesenews.it\/immagini_articoli\/200703\/caccia3.jpg"}],"author":"Redazione VareseNews","twitter_card":"summary_large_image","twitter_creator":"@varesenews","twitter_site":"@varesenews","twitter_misc":{"Scritto da":"Redazione VareseNews","Tempo di lettura stimato":"6 minuti"},"schema":{"@context":"https:\/\/schema.org","@graph":[{"@type":"WebPage","@id":"https:\/\/staging.varesenews.it\/2007\/04\/caccia-partiamo-dal-rapporto-diretto-con-la-gente\/238578\/","url":"https:\/\/staging.varesenews.it\/2007\/04\/caccia-partiamo-dal-rapporto-diretto-con-la-gente\/238578\/","name":"Caccia: \"Partiamo dal rapporto diretto con la gente\"","isPartOf":{"@id":"https:\/\/staging.varesenews.it\/#website"},"datePublished":"2007-04-08T00:00:00+00:00","dateModified":"2007-04-08T00:00:00+00:00","author":{"@id":"https:\/\/staging.varesenews.it\/#\/schema\/person\/fb20c4da0b7b16c291707a20db73e169"},"description":"Da Muhammad Al\u00ec all'epopea kennediana i pensieri del candidato del Polo civico di centro alle prossime elezioni provinciali","breadcrumb":{"@id":"https:\/\/staging.varesenews.it\/2007\/04\/caccia-partiamo-dal-rapporto-diretto-con-la-gente\/238578\/#breadcrumb"},"inLanguage":"it-IT","potentialAction":[{"@type":"ReadAction","target":["https:\/\/staging.varesenews.it\/2007\/04\/caccia-partiamo-dal-rapporto-diretto-con-la-gente\/238578\/"]}]},{"@type":"BreadcrumbList","@id":"https:\/\/staging.varesenews.it\/2007\/04\/caccia-partiamo-dal-rapporto-diretto-con-la-gente\/238578\/#breadcrumb","itemListElement":[{"@type":"ListItem","position":1,"name":"Home","item":"https:\/\/www.varesenews.it\/"},{"@type":"ListItem","position":2,"name":"Caccia: &#8220;Partiamo dal rapporto diretto con la gente&#8221;"}]},{"@type":"WebSite","@id":"https:\/\/staging.varesenews.it\/#website","url":"https:\/\/staging.varesenews.it\/","name":"VareseNews","description":"","potentialAction":[{"@type":"SearchAction","target":{"@type":"EntryPoint","urlTemplate":"https:\/\/staging.varesenews.it\/?s={search_term_string}"},"query-input":"required name=search_term_string"}],"inLanguage":"it-IT"},{"@type":"Person","@id":"https:\/\/staging.varesenews.it\/#\/schema\/person\/fb20c4da0b7b16c291707a20db73e169","name":"Redazione VareseNews","image":{"@type":"ImageObject","inLanguage":"it-IT","@id":"https:\/\/staging.varesenews.it\/#\/schema\/person\/image\/","url":"https:\/\/staging.varesenews.it\/wp-content\/uploads\/2020\/12\/logo_VN_colori_500.png","contentUrl":"https:\/\/staging.varesenews.it\/wp-content\/uploads\/2020\/12\/logo_VN_colori_500.png","caption":"Redazione VareseNews"},"url":"https:\/\/staging.varesenews.it\/persona\/redazione1\/"}]}},"post_meta":{"id_old":"69532","argomento":"Politica","autore_old":"D.P."},"photos":[],"_links":{"self":[{"href":"https:\/\/staging.varesenews.it\/swgapi\/v1\/wp\/v2\/posts\/238578"}],"collection":[{"href":"https:\/\/staging.varesenews.it\/swgapi\/v1\/wp\/v2\/posts"}],"about":[{"href":"https:\/\/staging.varesenews.it\/swgapi\/v1\/wp\/v2\/types\/post"}],"author":[{"embeddable":true,"href":"https:\/\/staging.varesenews.it\/swgapi\/v1\/wp\/v2\/users\/10"}],"replies":[{"embeddable":true,"href":"https:\/\/staging.varesenews.it\/swgapi\/v1\/wp\/v2\/comments?post=238578"}],"version-history":[{"count":0,"href":"https:\/\/staging.varesenews.it\/swgapi\/v1\/wp\/v2\/posts\/238578\/revisions"}],"wp:attachment":[{"href":"https:\/\/staging.varesenews.it\/swgapi\/v1\/wp\/v2\/media?parent=238578"}],"wp:term":[{"taxonomy":"category","embeddable":true,"href":"https:\/\/staging.varesenews.it\/swgapi\/v1\/wp\/v2\/categories?post=238578"},{"taxonomy":"post_tag","embeddable":true,"href":"https:\/\/staging.varesenews.it\/swgapi\/v1\/wp\/v2\/tags?post=238578"}],"curies":[{"name":"wp","href":"https:\/\/api.w.org\/{rel}","templated":true}]}}