{"id":238956,"date":"2007-03-31T00:00:00","date_gmt":"2007-03-31T00:00:00","guid":{"rendered":""},"modified":"2007-03-31T00:00:00","modified_gmt":"2007-03-31T00:00:00","slug":"marelli-gli-aumenti-sono-dati-di-fatto-non-giustificabili","status":"publish","type":"post","link":"https:\/\/staging.varesenews.it\/2007\/03\/marelli-gli-aumenti-sono-dati-di-fatto-non-giustificabili\/238956\/","title":{"rendered":"Marelli: &#8220;Gli aumenti sono dati di fatto non giustificabili&#8221;"},"content":{"rendered":"<p class=\"MsoBodyText\" style=\"MARGIN: 0cm 0cm 0pt\"><span style=\"FONT-FAMILY: \">Riceviamo e pubblichiamo\u00a0<\/span><span style=\"FONT-FAMILY: \">\u00a0<\/span><\/p>\n<p \/>\n<p class=\"MsoBodyText\" style=\"MARGIN: 0cm 0cm 0pt\"><span style=\"FONT-FAMILY: \">Confesso che questa polemica concernente l\u2019aumento delle indennit\u00e0 di carica degli amministratori di Cavaria con Premezzo non mi appassiona. In ogni caso, dopo aver letto il secondo attacco portato dal Sindaco ai Consiglieri Comunali della minoranza, mi \u00e8 impossibile non rispondere.<\/span><\/p>\n<p class=\"MsoBodyText\" style=\"MARGIN: 0cm 0cm 0pt\"><span style=\"FONT-FAMILY: \"><\/span><\/p>\n<p class=\"MsoBodyText\" style=\"MARGIN: 0cm 0cm 0pt\"><span style=\"FONT-FAMILY: \"><\/span><span style=\"FONT-FAMILY: \">Noi consiglieri di minoranza veniamo accusati di scorrettezza per avere creato una \u201ccorrelazione\u201d tra l\u2019aumento dell\u2019addizionale Irpef e il raddoppio dei compensi degli amministratori comunali.<span style=\"mso-spacerun: yes\">\u00a0 <\/span>Francamente non vedo dove stia la scorrettezza: a mio parere \u00e8 gi\u00e0 in s\u00e8 poco etico che un\u2019amministrazione comunale si raddoppi le indennit\u00e0 di carica, lo \u00e8 ancor di pi\u00f9 in un contesto nel quale vengono richiesti sacrifici ai cittadini con aumenti delle imposte locali.<span style=\"mso-spacerun: yes\">\u00a0 <\/span>In altre parole delle due l\u2019una: o il Comune di Cavaria con Premezzo ritiene di avere entrate abbondanti e si concede il \u201clusso\u201d di aumenti del<span style=\"mso-spacerun: yes\">\u00a0 <\/span>150% le indennit\u00e0 di carica degli assessori, oppure si trova in difficolt\u00e0 ed \u00e8 costretto a<span style=\"mso-spacerun: yes\">\u00a0 <\/span>chiedere sacrifici ai cittadini del Paese. In questo caso, a mio parere, \u00e8 scorretto politicamente porre in essere aumenti dei compensi di questo tenore.<\/span><\/p>\n<p class=\"MsoBodyText\" style=\"MARGIN: 0cm 0cm 0pt\"><span style=\"FONT-FAMILY: \"><\/span><\/p>\n<p class=\"MsoBodyText\" style=\"MARGIN: 0cm 0cm 0pt\"><span style=\"FONT-FAMILY: \"><\/span><span style=\"FONT-FAMILY: \">Noi consiglieri di minoranza veniamo accusati di non tener conto del fatto che il Comune di Cavaria con Premezzo abbia superato la soglia dei 5000 abitanti (ora infatti siamo giunti a \u201cben\u201d 5.200 circa).<span style=\"mso-spacerun: yes\">\u00a0 <\/span>Questa accusa che ci viene rivolta \u00e8 francamente \u00e8 debolissima.<span style=\"mso-spacerun: yes\">\u00a0 <\/span>Infatti,<span style=\"mso-spacerun: yes\">\u00a0 <\/span>se un Comune raddoppia i propri<span style=\"mso-spacerun: yes\">\u00a0 <\/span>abitanti<span style=\"mso-spacerun: yes\">\u00a0 <\/span>pu\u00f2<span style=\"mso-spacerun: yes\">\u00a0 <\/span>al limite pensare di raddoppiare le indennit\u00e0 di carica degli assessori, ma se un comune in un anno aumenta i residenti di 100 unit\u00e0 o poco pi\u00f9, \u00e8 francamente difficile sostenere che abbia senso logico il raddoppio degli emolumenti;<\/span><\/p>\n<p class=\"MsoBodyText\" style=\"MARGIN: 0cm 0cm 0pt\"><span style=\"FONT-FAMILY: \"><\/span><\/p>\n<p class=\"MsoBodyText\" style=\"MARGIN: 0cm 0cm 0pt\"><span style=\"FONT-FAMILY: \"><\/span><span style=\"FONT-FAMILY: \">Noi consiglieri di minoranza veniamo accusati di non tener conto del fatto che Sindaco e assessori lavorano a tempo pieno. Ammesso che ci\u00f2 sia vero e non ne sono sicuro, resta il fatto che questo argomento pu\u00f2 forse avere un fondamento<span style=\"mso-spacerun: yes\">\u00a0 <\/span>per il Sindaco, ma a mio parere non certo per gli assessori.<\/span><\/p>\n<p class=\"MsoBodyText\" style=\"MARGIN: 0cm 0cm 0pt\"><span style=\"FONT-FAMILY: \"><\/span><\/p>\n<p class=\"MsoBodyText\" style=\"MARGIN: 0cm 0cm 0pt\"><span style=\"FONT-FAMILY: \"><\/span><span style=\"FONT-FAMILY: \">Noi consiglieri di minoranza veniamo accusati di avere usato toni da<span style=\"mso-spacerun: yes\">\u00a0 <\/span>\u201cscandalo\u201d. Ci\u00f2 non \u00e8 affatto vero.<span style=\"mso-spacerun: yes\">\u00a0 <\/span>Infatti il documento sottoscritto da tutti i 5 consiglieri di minoranza \u00e8 molto pacato. A fare scandalo evidentemente sono le percentuali di aumento e non certo i toni della<span style=\"mso-spacerun: yes\">\u00a0 <\/span>nostra lettera. A mio parere invece di difendere ad oltranza una decisione sbagliata,<span style=\"mso-spacerun: yes\">\u00a0 <\/span>sarebbe stato meglio che la maggioranza dimostrasse maggiore umilt\u00e0 ed ascoltasse anche il parere dell\u2019opposizione. Quest\u2019ultima tra l\u2019altro non si sarebbe opposta ad un aumento equo dei compensi di Sindaco e Giunta,<span style=\"mso-spacerun: yes\">\u00a0 <\/span>ma non poteva accettare aumenti nella misura approvata<span style=\"mso-spacerun: yes\">\u00a0 <\/span>(circa:<span style=\"mso-spacerun: yes\">\u00a0 <\/span>20% per il Sindaco \u2013 100% per il Vice Sindaco \u2013 e 150% per gli Assessori)<\/span><\/p>\n<p class=\"MsoBodyText\" style=\"MARGIN: 0cm 0cm 0pt\"><span style=\"FONT-FAMILY: \"><\/span><\/p>\n<p class=\"MsoBodyText\" style=\"MARGIN: 0cm 0cm 0pt\"><span style=\"FONT-FAMILY: \">I<\/span><span style=\"FONT-FAMILY: \">nfine si auspica almeno che questo aumento nel bilancio 2007<span style=\"mso-spacerun: yes\">\u00a0 <\/span>delle imposte locali e delle indennit\u00e0 non sia una semplice mossa nel solco della<span style=\"mso-spacerun: yes\">\u00a0 <\/span>\u201cvecchia politica\u201d. A Cavaria con Premezzo infatti di andr\u00e0 alle urne tra due anni: quest\u2019anno l\u2019amministrazione comunale ha approvato la stangata a carico dei cittadini,<span style=\"mso-spacerun: yes\">\u00a0 <\/span>poi l\u2019anno prossimo, cio\u00e8<span style=\"mso-spacerun: yes\">\u00a0 <\/span>nell\u2019imminenza della campagna elettorale,<span style=\"mso-spacerun: yes\">\u00a0 <\/span>ascolteremo magari la Giunta spiegare che, nel bilancio 2008,<span style=\"mso-spacerun: yes\">\u00a0 <\/span>le tasse locali restano immutate.<span style=\"mso-spacerun: yes\">\u00a0 <\/span>Orbene, dopo la sequele di rincari nel bilancio 2007, si spera almeno che nel 2008 ai cittadini di Cavaria con Premezzo verr\u00e0 \u201cRISPARMIATA\u201d<span style=\"mso-spacerun: yes\">\u00a0 <\/span>la suddetta sceneggiata.<\/span><span style=\"FONT-FAMILY: \"><span style=\"mso-spacerun: yes\">\u00a0\u00a0\u00a0\u00a0\u00a0\u00a0<\/span><span style=\"mso-tab-count: 2\">\u00a0\u00a0\u00a0\u00a0\u00a0\u00a0\u00a0\u00a0\u00a0\u00a0\u00a0\u00a0\u00a0\u00a0\u00a0\u00a0\u00a0\u00a0<\/span><span style=\"mso-tab-count: 2\">\u00a0\u00a0\u00a0\u00a0\u00a0\u00a0\u00a0\u00a0\u00a0\u00a0\u00a0\u00a0\u00a0\u00a0\u00a0\u00a0\u00a0\u00a0\u00a0\u00a0\u00a0\u00a0\u00a0\u00a0<\/span><span style=\"mso-tab-count: 2\">\u00a0\u00a0\u00a0\u00a0\u00a0\u00a0\u00a0\u00a0\u00a0\u00a0\u00a0\u00a0\u00a0\u00a0\u00a0\u00a0\u00a0\u00a0\u00a0\u00a0\u00a0\u00a0\u00a0\u00a0<\/span><span style=\"mso-tab-count: 2\">\u00a0\u00a0\u00a0\u00a0\u00a0\u00a0\u00a0\u00a0\u00a0\u00a0\u00a0\u00a0\u00a0\u00a0\u00a0\u00a0\u00a0\u00a0\u00a0\u00a0\u00a0\u00a0\u00a0\u00a0<\/span><span style=\"mso-tab-count: 1\">\u00a0\u00a0\u00a0\u00a0\u00a0\u00a0\u00a0\u00a0\u00a0\u00a0\u00a0\u00a0<\/span><span style=\"mso-tab-count: 1\">\u00a0\u00a0\u00a0\u00a0\u00a0\u00a0\u00a0\u00a0\u00a0\u00a0\u00a0<\/span><\/span><\/p>\n<p class=\"MsoBodyText\" style=\"MARGIN: 0cm 0cm 0pt\"><span style=\"FONT-FAMILY: \"><span style=\"mso-tab-count: 1\"><\/span><\/span><span style=\"FONT-FAMILY: \">Claudio Marelli, c<\/span><span style=\"FONT-FAMILY: \">onsigliere Comunale a Cavaria con Premezzo<\/span><\/p>\n","protected":false},"excerpt":{"rendered":"<p>Riceviamo e pubblichiamo l&#8217;intervento del consigliere comunale di minoranza sulla questione degli aumenti agli emolumenti si sindaco e assessori<\/p>\n","protected":false},"author":10,"featured_media":0,"comment_status":"open","ping_status":"open","sticky":false,"template":"","format":"standard","meta":{"footnotes":""},"categories":[3],"tags":[],"acf":[],"yoast_head":"<!-- This site is optimized with the Yoast SEO plugin v20.1 - https:\/\/yoast.com\/wordpress\/plugins\/seo\/ -->\n<title>Marelli: &quot;Gli aumenti sono dati di fatto non giustificabili&quot;<\/title>\n<meta name=\"description\" content=\"Riceviamo e pubblichiamo l&#039;intervento del consigliere comunale di minoranza sulla questione degli aumenti agli emolumenti si sindaco e assessori\" \/>\n<meta name=\"robots\" content=\"noindex, follow, max-snippet:-1, max-image-preview:large, max-video-preview:-1\" \/>\n<meta property=\"og:locale\" content=\"it_IT\" \/>\n<meta property=\"og:type\" content=\"article\" \/>\n<meta property=\"og:title\" content=\"Marelli: &quot;Gli aumenti sono dati di fatto non giustificabili&quot;\" \/>\n<meta property=\"og:description\" content=\"Riceviamo e pubblichiamo l&#039;intervento del consigliere comunale di minoranza sulla questione degli aumenti agli emolumenti si sindaco e assessori\" \/>\n<meta property=\"og:url\" content=\"https:\/\/staging.varesenews.it\/2007\/03\/marelli-gli-aumenti-sono-dati-di-fatto-non-giustificabili\/238956\/\" \/>\n<meta property=\"og:site_name\" content=\"VareseNews\" \/>\n<meta property=\"article:publisher\" content=\"https:\/\/www.facebook.com\/varesenews\" \/>\n<meta property=\"article:published_time\" content=\"2007-03-31T00:00:00+00:00\" \/>\n<meta name=\"author\" content=\"Redazione VareseNews\" \/>\n<meta name=\"twitter:card\" content=\"summary_large_image\" \/>\n<meta name=\"twitter:creator\" content=\"@varesenews\" \/>\n<meta name=\"twitter:site\" content=\"@varesenews\" \/>\n<meta name=\"twitter:label1\" content=\"Scritto da\" \/>\n\t<meta name=\"twitter:data1\" content=\"Redazione VareseNews\" \/>\n\t<meta name=\"twitter:label2\" content=\"Tempo di lettura stimato\" \/>\n\t<meta name=\"twitter:data2\" content=\"3 minuti\" \/>\n<script type=\"application\/ld+json\" class=\"yoast-schema-graph\">{\"@context\":\"https:\/\/schema.org\",\"@graph\":[{\"@type\":\"WebPage\",\"@id\":\"https:\/\/staging.varesenews.it\/2007\/03\/marelli-gli-aumenti-sono-dati-di-fatto-non-giustificabili\/238956\/\",\"url\":\"https:\/\/staging.varesenews.it\/2007\/03\/marelli-gli-aumenti-sono-dati-di-fatto-non-giustificabili\/238956\/\",\"name\":\"Marelli: \\\"Gli aumenti sono dati di fatto non giustificabili\\\"\",\"isPartOf\":{\"@id\":\"https:\/\/staging.varesenews.it\/#website\"},\"datePublished\":\"2007-03-31T00:00:00+00:00\",\"dateModified\":\"2007-03-31T00:00:00+00:00\",\"author\":{\"@id\":\"https:\/\/staging.varesenews.it\/#\/schema\/person\/fb20c4da0b7b16c291707a20db73e169\"},\"description\":\"Riceviamo e pubblichiamo l'intervento del consigliere comunale di minoranza sulla questione degli aumenti agli emolumenti si sindaco e assessori\",\"breadcrumb\":{\"@id\":\"https:\/\/staging.varesenews.it\/2007\/03\/marelli-gli-aumenti-sono-dati-di-fatto-non-giustificabili\/238956\/#breadcrumb\"},\"inLanguage\":\"it-IT\",\"potentialAction\":[{\"@type\":\"ReadAction\",\"target\":[\"https:\/\/staging.varesenews.it\/2007\/03\/marelli-gli-aumenti-sono-dati-di-fatto-non-giustificabili\/238956\/\"]}]},{\"@type\":\"BreadcrumbList\",\"@id\":\"https:\/\/staging.varesenews.it\/2007\/03\/marelli-gli-aumenti-sono-dati-di-fatto-non-giustificabili\/238956\/#breadcrumb\",\"itemListElement\":[{\"@type\":\"ListItem\",\"position\":1,\"name\":\"Home\",\"item\":\"https:\/\/www.varesenews.it\/\"},{\"@type\":\"ListItem\",\"position\":2,\"name\":\"Marelli: &#8220;Gli aumenti sono dati di fatto non giustificabili&#8221;\"}]},{\"@type\":\"WebSite\",\"@id\":\"https:\/\/staging.varesenews.it\/#website\",\"url\":\"https:\/\/staging.varesenews.it\/\",\"name\":\"VareseNews\",\"description\":\"\",\"potentialAction\":[{\"@type\":\"SearchAction\",\"target\":{\"@type\":\"EntryPoint\",\"urlTemplate\":\"https:\/\/staging.varesenews.it\/?s={search_term_string}\"},\"query-input\":\"required name=search_term_string\"}],\"inLanguage\":\"it-IT\"},{\"@type\":\"Person\",\"@id\":\"https:\/\/staging.varesenews.it\/#\/schema\/person\/fb20c4da0b7b16c291707a20db73e169\",\"name\":\"Redazione VareseNews\",\"image\":{\"@type\":\"ImageObject\",\"inLanguage\":\"it-IT\",\"@id\":\"https:\/\/staging.varesenews.it\/#\/schema\/person\/image\/\",\"url\":\"https:\/\/staging.varesenews.it\/wp-content\/uploads\/2020\/12\/logo_VN_colori_500.png\",\"contentUrl\":\"https:\/\/staging.varesenews.it\/wp-content\/uploads\/2020\/12\/logo_VN_colori_500.png\",\"caption\":\"Redazione VareseNews\"},\"url\":\"https:\/\/staging.varesenews.it\/persona\/redazione1\/\"}]}<\/script>\n<!-- \/ Yoast SEO plugin. -->","yoast_head_json":{"title":"Marelli: \"Gli aumenti sono dati di fatto non giustificabili\"","description":"Riceviamo e pubblichiamo l'intervento del consigliere comunale di minoranza sulla questione degli aumenti agli emolumenti si sindaco e assessori","robots":{"index":"noindex","follow":"follow","max-snippet":"max-snippet:-1","max-image-preview":"max-image-preview:large","max-video-preview":"max-video-preview:-1"},"og_locale":"it_IT","og_type":"article","og_title":"Marelli: \"Gli aumenti sono dati di fatto non giustificabili\"","og_description":"Riceviamo e pubblichiamo l'intervento del consigliere comunale di minoranza sulla questione degli aumenti agli emolumenti si sindaco e assessori","og_url":"https:\/\/staging.varesenews.it\/2007\/03\/marelli-gli-aumenti-sono-dati-di-fatto-non-giustificabili\/238956\/","og_site_name":"VareseNews","article_publisher":"https:\/\/www.facebook.com\/varesenews","article_published_time":"2007-03-31T00:00:00+00:00","author":"Redazione VareseNews","twitter_card":"summary_large_image","twitter_creator":"@varesenews","twitter_site":"@varesenews","twitter_misc":{"Scritto da":"Redazione VareseNews","Tempo di lettura stimato":"3 minuti"},"schema":{"@context":"https:\/\/schema.org","@graph":[{"@type":"WebPage","@id":"https:\/\/staging.varesenews.it\/2007\/03\/marelli-gli-aumenti-sono-dati-di-fatto-non-giustificabili\/238956\/","url":"https:\/\/staging.varesenews.it\/2007\/03\/marelli-gli-aumenti-sono-dati-di-fatto-non-giustificabili\/238956\/","name":"Marelli: \"Gli aumenti sono dati di fatto non giustificabili\"","isPartOf":{"@id":"https:\/\/staging.varesenews.it\/#website"},"datePublished":"2007-03-31T00:00:00+00:00","dateModified":"2007-03-31T00:00:00+00:00","author":{"@id":"https:\/\/staging.varesenews.it\/#\/schema\/person\/fb20c4da0b7b16c291707a20db73e169"},"description":"Riceviamo e pubblichiamo l'intervento del consigliere comunale di minoranza sulla questione degli aumenti agli emolumenti si sindaco e assessori","breadcrumb":{"@id":"https:\/\/staging.varesenews.it\/2007\/03\/marelli-gli-aumenti-sono-dati-di-fatto-non-giustificabili\/238956\/#breadcrumb"},"inLanguage":"it-IT","potentialAction":[{"@type":"ReadAction","target":["https:\/\/staging.varesenews.it\/2007\/03\/marelli-gli-aumenti-sono-dati-di-fatto-non-giustificabili\/238956\/"]}]},{"@type":"BreadcrumbList","@id":"https:\/\/staging.varesenews.it\/2007\/03\/marelli-gli-aumenti-sono-dati-di-fatto-non-giustificabili\/238956\/#breadcrumb","itemListElement":[{"@type":"ListItem","position":1,"name":"Home","item":"https:\/\/www.varesenews.it\/"},{"@type":"ListItem","position":2,"name":"Marelli: &#8220;Gli aumenti sono dati di fatto non giustificabili&#8221;"}]},{"@type":"WebSite","@id":"https:\/\/staging.varesenews.it\/#website","url":"https:\/\/staging.varesenews.it\/","name":"VareseNews","description":"","potentialAction":[{"@type":"SearchAction","target":{"@type":"EntryPoint","urlTemplate":"https:\/\/staging.varesenews.it\/?s={search_term_string}"},"query-input":"required name=search_term_string"}],"inLanguage":"it-IT"},{"@type":"Person","@id":"https:\/\/staging.varesenews.it\/#\/schema\/person\/fb20c4da0b7b16c291707a20db73e169","name":"Redazione VareseNews","image":{"@type":"ImageObject","inLanguage":"it-IT","@id":"https:\/\/staging.varesenews.it\/#\/schema\/person\/image\/","url":"https:\/\/staging.varesenews.it\/wp-content\/uploads\/2020\/12\/logo_VN_colori_500.png","contentUrl":"https:\/\/staging.varesenews.it\/wp-content\/uploads\/2020\/12\/logo_VN_colori_500.png","caption":"Redazione VareseNews"},"url":"https:\/\/staging.varesenews.it\/persona\/redazione1\/"}]}},"post_meta":{"id_old":"69057","argomento":"Cavaria con Premezzo"},"photos":[],"_links":{"self":[{"href":"https:\/\/staging.varesenews.it\/swgapi\/v1\/wp\/v2\/posts\/238956"}],"collection":[{"href":"https:\/\/staging.varesenews.it\/swgapi\/v1\/wp\/v2\/posts"}],"about":[{"href":"https:\/\/staging.varesenews.it\/swgapi\/v1\/wp\/v2\/types\/post"}],"author":[{"embeddable":true,"href":"https:\/\/staging.varesenews.it\/swgapi\/v1\/wp\/v2\/users\/10"}],"replies":[{"embeddable":true,"href":"https:\/\/staging.varesenews.it\/swgapi\/v1\/wp\/v2\/comments?post=238956"}],"version-history":[{"count":0,"href":"https:\/\/staging.varesenews.it\/swgapi\/v1\/wp\/v2\/posts\/238956\/revisions"}],"wp:attachment":[{"href":"https:\/\/staging.varesenews.it\/swgapi\/v1\/wp\/v2\/media?parent=238956"}],"wp:term":[{"taxonomy":"category","embeddable":true,"href":"https:\/\/staging.varesenews.it\/swgapi\/v1\/wp\/v2\/categories?post=238956"},{"taxonomy":"post_tag","embeddable":true,"href":"https:\/\/staging.varesenews.it\/swgapi\/v1\/wp\/v2\/tags?post=238956"}],"curies":[{"name":"wp","href":"https:\/\/api.w.org\/{rel}","templated":true}]}}