{"id":239839,"date":"2007-03-18T00:00:00","date_gmt":"2007-03-18T00:00:00","guid":{"rendered":""},"modified":"2007-03-18T00:00:00","modified_gmt":"2007-03-18T00:00:00","slug":"anche-varese-crede-alle-fate","status":"publish","type":"post","link":"https:\/\/staging.varesenews.it\/2007\/03\/anche-varese-crede-alle-fate\/239839\/","title":{"rendered":"Anche Varese crede alle fate"},"content":{"rendered":"<p align=\"justify\"><span style=\"FONT-FAMILY: arial,helvetica,sans-serif\"><img decoding=\"async\" hspace=\"3\" src=\"https:\/\/www3.varesenews.it\/immagini_articoli\/200703\/peterpanmusical.jpg\" align=\"left\" vspace=\"3\" border=\"0\" \/>Prendete una favola eterna, che sa parlare ai bambini cos\u00ec come ai grandi. Rispettatela in tutta la sua atmosfera da cartoon: con un san bernardo nel ruolo di una tata, una fatina che brilla sul palcoscenico e, ovviamente, la possibilit\u00e0 di volare sui cieli di Londra. Poi aggiungete una piccola, grande, novit\u00e0: questa favola fatela parlare italiano, ma per davvero, grazie ai brani di un disco cult per i genitori. Ecco i tre ingredienti principali di un successo, quello che sta vivendo in questi giorni il palcoscenico del <a href=\"http:\/\/www.teatrodivarese.it\/\"><span style=\"FONT-WEIGHT: bold\">Teatro di Varese<\/span><\/a> con <span style=\"FONT-WEIGHT: bold\">&quot;Peter Pan, il musical&quot;<\/span>.<\/span><br style=\"FONT-FAMILY: arial,helvetica,sans-serif\" \/><br style=\"FONT-FAMILY: arial,helvetica,sans-serif\" \/><span style=\"FONT-FAMILY: arial,helvetica,sans-serif\">Le prime due rappresentazioni, quelle di sabato pomeriggio e di sabato sera, non solo hanno registrato il tutto esaurito, ma hanno risposto bene all&#8217;aspettativa che ci <a href=\"\/tempo_libero\/articolo.php?id=67825\">aveva rivelato pochi giorni fa<\/a> l&#8217;interprete principale, <span style=\"FONT-WEIGHT: bold\">Manuel Frattini<\/span>: avere in sala un pubblico trasversale, composto da piccoli e grandi. Una platea varia, che questo spettacolo ha saputo far volare e sognare.<\/span><br style=\"FONT-FAMILY: arial,helvetica,sans-serif\" \/><br style=\"FONT-FAMILY: arial,helvetica,sans-serif\" \/><span style=\"FONT-FAMILY: arial,helvetica,sans-serif\"><img decoding=\"async\" hspace=\"3\" src=\"https:\/\/www3.varesenews.it\/immagini_articoli\/200703\/101_0091.jpg\" align=\"right\" vspace=\"3\" border=\"0\" \/>I pi\u00f9 piccoli hanno potuto godersi, finalmente, <span style=\"FONT-WEIGHT: bold\">una vera favola dall&#8217;inconfondibile atmosfera disneyana<\/span>, nella quale nessuno vuole fare il grande o salvare il mondo ma, anzi, vuole giocare ai pirati e rimanere piccolo per sempre. E allora in questo caso era necessario non farsi mancare nulla: Peter Pan vola davvero sul palcoscenico, Trilly lo segue (sotto forma di raggio laser), il coccodrillo \u00e8 un pupazzo gigante che cammina tra il pubblico. Tutta la storia si \u00e8 dipanata tra molte scenografie, tutte curate nei particolari, grandiose e arricchite di effetti speciali. Anche se a Varese \u00e8 stato necessario ridurle leggermente, per problemi tecnici, l&#8217;impressione \u00e8 rimasta quella di essere di fronte a una <span style=\"FONT-WEIGHT: bold\">grande produzione<\/span>, e spesso anche i grandi, non solo i bambini, sono stati sorpresi da chi scrive a fare &quot;ooooh&quot;. <\/span><br style=\"FONT-FAMILY: arial,helvetica,sans-serif\" \/><br style=\"FONT-FAMILY: arial,helvetica,sans-serif\" \/><span style=\"FONT-FAMILY: arial,helvetica,sans-serif\">Ma vero motivo di gioia per i genitori, oltre alla favola che non guasta mai, \u00e8 stata la colonna sonora. Sicuramente \u00e8 singolare, ma con risultati riuscitissimi, vedere finalmente un Peter Pan che intona i brani di<span style=\"FONT-WEIGHT: bold\"> &quot;Sono solo canzonette&quot;<\/span>, il concept album di <span style=\"FONT-WEIGHT: bold\">Edoardo Bennato<\/span>. Il progetto risale al 1980 ma cos\u00ec come le belle favole, anche la bella musica non passa di moda, e questa nuova veste da musical gli ha donato una seconda giovinezza. Senza poi contare la sensazione, positiva, di vedere finalmente un musical che pur sognando Broadway ha realmente<span style=\"FONT-WEIGHT: bold\"> un respiro culturale tutto italiano<\/span>, tipico dei nostri cantautori. Merito anche della capacit\u00e0 di trasformare le canzoni in &quot;parti&quot; di tutti gli interpreti, che come <a href=\"\/tempo_libero\/articolo.php?id=67827\">ci aveva anticipato<\/a> il fantastico<span style=\"FONT-WEIGHT: bold\"> Claudio Castrogiovanni <\/span>(nel ruolo di un Capitan Uncino quasi schizofrenico), costituiscono un cast completo in tutte le tre componenti del musical. Divertente e originale la Wendy interpretata da <span style=\"FONT-WEIGHT: bold\">Alice Mistroni<\/span>, quasi comica nel rappresentare la parlantina eccessiva del suo personaggio. Praticamente identico, anche fisicamente, alla versione disneyana lo Spugna di <span style=\"FONT-WEIGHT: bold\">Riccardo Peroni<\/span>, che ovviamente ha interpretato &quot;Dopo il liceo che potevo far&quot;. Bella, e potente, la voce di <span style=\"FONT-WEIGHT: bold\">Loredana Fadda<\/span>, cio\u00e8 Giglio Tigrato. Ma tutti (i tantissimi) interpreti sono stati all&#8217;altezza di questa grande produzione, compresi i dolcissimi bimbi sperduti.<\/span><br style=\"FONT-FAMILY: arial,helvetica,sans-serif\" \/><br style=\"FONT-FAMILY: arial,helvetica,sans-serif\" \/><span style=\"FONT-FAMILY: arial,helvetica,sans-serif\"><img decoding=\"async\" hspace=\"3\" src=\"https:\/\/www3.varesenews.it\/immagini_articoli\/200703\/Untitled-1_8634.jpg\" align=\"left\" vspace=\"3\" border=\"0\" \/>E poi, ovviamente, c&#8217;era <a href=\"\/tempo_libero\/articolo.php?id=67825\"><span style=\"FONT-WEIGHT: bold\">Manuel Frattini<\/span><\/a>, nel ruolo di Peter. Aveva proprio ragione: questo per lui non \u00e8 solo un personaggio, ma un aspetto della sua personalit\u00e0, che avevamo gi\u00e0 conosciuto <a href=\"\/tempo_libero\/articolo.php?id=46927\">un anno fa con Toc Toc<\/a>, altro musical tagliato su misura per lui. Ha saputo interpretare il ruolo con eleganza, riuscendo a coinvolgere tutti fino al punto da far alzare in piedi la sala, per urlare &quot;Io credo alle fate&quot;. Un momento emozionante, che equivale a una dichiarazione di fiducia nella fantasia, un bene irrinunciabile.<\/span><br style=\"FONT-FAMILY: arial,helvetica,sans-serif\" \/><br style=\"FONT-FAMILY: arial,helvetica,sans-serif\" \/><span style=\"FONT-FAMILY: arial,helvetica,sans-serif\">Per fortuna oltre alle streghette sempre alla moda, e ai topi investigatori, anche a teatro alcune favole dei tempi di chi scrive resistono. Soprattutto se chi le porta sul palcoscenico non le stravolge, ma le rispetta nel suo primo e unico scopo: far sognare. Come prevedibile <strong>Peter Pan non ha deluso<\/strong>, ed una folla di fan ha aspettato fuori dal teatro l&#8217;interprete principale. Che, con un sorriso e quella strana capigliatura bionda (che \u00e8 una tinta, non una parrucca) ha continuato a farli volare anche senza effetti speciali. Peter Pan sar\u00e0 in replica anche domenica, pomeriggio e sera. E per chi se lo perder\u00e0 niente paura: la produzione ha gi\u00e0 annunciato l&#8217;intenzione di affrontare un ricco tour estivo.<\/span> <\/p>\n","protected":false},"excerpt":{"rendered":"<p>Grande successo, tra piccoli e grandi, per il musical Peter Pan con Manuel Frattini. Che ha fatto sognare l&#8217;Apollonio<\/p>\n","protected":false},"author":10,"featured_media":0,"comment_status":"open","ping_status":"open","sticky":false,"template":"","format":"standard","meta":{"footnotes":""},"categories":[21],"tags":[],"acf":[],"yoast_head":"<!-- This site is optimized with the Yoast SEO plugin v20.1 - https:\/\/yoast.com\/wordpress\/plugins\/seo\/ -->\n<title>Anche Varese crede alle fate<\/title>\n<meta name=\"description\" content=\"Grande successo, tra piccoli e grandi, per il musical Peter Pan con Manuel Frattini. Che ha fatto sognare l&#039;Apollonio\" \/>\n<meta name=\"robots\" content=\"noindex, follow, max-snippet:-1, max-image-preview:large, max-video-preview:-1\" \/>\n<meta property=\"og:locale\" content=\"it_IT\" \/>\n<meta property=\"og:type\" content=\"article\" \/>\n<meta property=\"og:title\" content=\"Anche Varese crede alle fate\" \/>\n<meta property=\"og:description\" content=\"Grande successo, tra piccoli e grandi, per il musical Peter Pan con Manuel Frattini. Che ha fatto sognare l&#039;Apollonio\" \/>\n<meta property=\"og:url\" content=\"https:\/\/staging.varesenews.it\/2007\/03\/anche-varese-crede-alle-fate\/239839\/\" \/>\n<meta property=\"og:site_name\" content=\"VareseNews\" \/>\n<meta property=\"article:publisher\" content=\"https:\/\/www.facebook.com\/varesenews\" \/>\n<meta property=\"article:published_time\" content=\"2007-03-18T00:00:00+00:00\" \/>\n<meta property=\"og:image\" content=\"https:\/\/www3.varesenews.it\/immagini_articoli\/200703\/peterpanmusical.jpg\" \/>\n<meta name=\"author\" content=\"Redazione VareseNews\" \/>\n<meta name=\"twitter:card\" content=\"summary_large_image\" \/>\n<meta name=\"twitter:creator\" content=\"@varesenews\" \/>\n<meta name=\"twitter:site\" content=\"@varesenews\" \/>\n<meta name=\"twitter:label1\" content=\"Scritto da\" \/>\n\t<meta name=\"twitter:data1\" content=\"Redazione VareseNews\" \/>\n\t<meta name=\"twitter:label2\" content=\"Tempo di lettura stimato\" \/>\n\t<meta name=\"twitter:data2\" content=\"4 minuti\" \/>\n<script type=\"application\/ld+json\" class=\"yoast-schema-graph\">{\"@context\":\"https:\/\/schema.org\",\"@graph\":[{\"@type\":\"WebPage\",\"@id\":\"https:\/\/staging.varesenews.it\/2007\/03\/anche-varese-crede-alle-fate\/239839\/\",\"url\":\"https:\/\/staging.varesenews.it\/2007\/03\/anche-varese-crede-alle-fate\/239839\/\",\"name\":\"Anche Varese crede alle fate\",\"isPartOf\":{\"@id\":\"https:\/\/staging.varesenews.it\/#website\"},\"datePublished\":\"2007-03-18T00:00:00+00:00\",\"dateModified\":\"2007-03-18T00:00:00+00:00\",\"author\":{\"@id\":\"https:\/\/staging.varesenews.it\/#\/schema\/person\/fb20c4da0b7b16c291707a20db73e169\"},\"description\":\"Grande successo, tra piccoli e grandi, per il musical Peter Pan con Manuel Frattini. Che ha fatto sognare l'Apollonio\",\"breadcrumb\":{\"@id\":\"https:\/\/staging.varesenews.it\/2007\/03\/anche-varese-crede-alle-fate\/239839\/#breadcrumb\"},\"inLanguage\":\"it-IT\",\"potentialAction\":[{\"@type\":\"ReadAction\",\"target\":[\"https:\/\/staging.varesenews.it\/2007\/03\/anche-varese-crede-alle-fate\/239839\/\"]}]},{\"@type\":\"BreadcrumbList\",\"@id\":\"https:\/\/staging.varesenews.it\/2007\/03\/anche-varese-crede-alle-fate\/239839\/#breadcrumb\",\"itemListElement\":[{\"@type\":\"ListItem\",\"position\":1,\"name\":\"Home\",\"item\":\"https:\/\/www.varesenews.it\/\"},{\"@type\":\"ListItem\",\"position\":2,\"name\":\"Anche Varese crede alle fate\"}]},{\"@type\":\"WebSite\",\"@id\":\"https:\/\/staging.varesenews.it\/#website\",\"url\":\"https:\/\/staging.varesenews.it\/\",\"name\":\"VareseNews\",\"description\":\"\",\"potentialAction\":[{\"@type\":\"SearchAction\",\"target\":{\"@type\":\"EntryPoint\",\"urlTemplate\":\"https:\/\/staging.varesenews.it\/?s={search_term_string}\"},\"query-input\":\"required name=search_term_string\"}],\"inLanguage\":\"it-IT\"},{\"@type\":\"Person\",\"@id\":\"https:\/\/staging.varesenews.it\/#\/schema\/person\/fb20c4da0b7b16c291707a20db73e169\",\"name\":\"Redazione VareseNews\",\"image\":{\"@type\":\"ImageObject\",\"inLanguage\":\"it-IT\",\"@id\":\"https:\/\/staging.varesenews.it\/#\/schema\/person\/image\/\",\"url\":\"https:\/\/staging.varesenews.it\/wp-content\/uploads\/2020\/12\/logo_VN_colori_500.png\",\"contentUrl\":\"https:\/\/staging.varesenews.it\/wp-content\/uploads\/2020\/12\/logo_VN_colori_500.png\",\"caption\":\"Redazione VareseNews\"},\"url\":\"https:\/\/staging.varesenews.it\/persona\/redazione1\/\"}]}<\/script>\n<!-- \/ Yoast SEO plugin. -->","yoast_head_json":{"title":"Anche Varese crede alle fate","description":"Grande successo, tra piccoli e grandi, per il musical Peter Pan con Manuel Frattini. Che ha fatto sognare l'Apollonio","robots":{"index":"noindex","follow":"follow","max-snippet":"max-snippet:-1","max-image-preview":"max-image-preview:large","max-video-preview":"max-video-preview:-1"},"og_locale":"it_IT","og_type":"article","og_title":"Anche Varese crede alle fate","og_description":"Grande successo, tra piccoli e grandi, per il musical Peter Pan con Manuel Frattini. Che ha fatto sognare l'Apollonio","og_url":"https:\/\/staging.varesenews.it\/2007\/03\/anche-varese-crede-alle-fate\/239839\/","og_site_name":"VareseNews","article_publisher":"https:\/\/www.facebook.com\/varesenews","article_published_time":"2007-03-18T00:00:00+00:00","og_image":[{"url":"https:\/\/www3.varesenews.it\/immagini_articoli\/200703\/peterpanmusical.jpg"}],"author":"Redazione VareseNews","twitter_card":"summary_large_image","twitter_creator":"@varesenews","twitter_site":"@varesenews","twitter_misc":{"Scritto da":"Redazione VareseNews","Tempo di lettura stimato":"4 minuti"},"schema":{"@context":"https:\/\/schema.org","@graph":[{"@type":"WebPage","@id":"https:\/\/staging.varesenews.it\/2007\/03\/anche-varese-crede-alle-fate\/239839\/","url":"https:\/\/staging.varesenews.it\/2007\/03\/anche-varese-crede-alle-fate\/239839\/","name":"Anche Varese crede alle fate","isPartOf":{"@id":"https:\/\/staging.varesenews.it\/#website"},"datePublished":"2007-03-18T00:00:00+00:00","dateModified":"2007-03-18T00:00:00+00:00","author":{"@id":"https:\/\/staging.varesenews.it\/#\/schema\/person\/fb20c4da0b7b16c291707a20db73e169"},"description":"Grande successo, tra piccoli e grandi, per il musical Peter Pan con Manuel Frattini. Che ha fatto sognare l'Apollonio","breadcrumb":{"@id":"https:\/\/staging.varesenews.it\/2007\/03\/anche-varese-crede-alle-fate\/239839\/#breadcrumb"},"inLanguage":"it-IT","potentialAction":[{"@type":"ReadAction","target":["https:\/\/staging.varesenews.it\/2007\/03\/anche-varese-crede-alle-fate\/239839\/"]}]},{"@type":"BreadcrumbList","@id":"https:\/\/staging.varesenews.it\/2007\/03\/anche-varese-crede-alle-fate\/239839\/#breadcrumb","itemListElement":[{"@type":"ListItem","position":1,"name":"Home","item":"https:\/\/www.varesenews.it\/"},{"@type":"ListItem","position":2,"name":"Anche Varese crede alle fate"}]},{"@type":"WebSite","@id":"https:\/\/staging.varesenews.it\/#website","url":"https:\/\/staging.varesenews.it\/","name":"VareseNews","description":"","potentialAction":[{"@type":"SearchAction","target":{"@type":"EntryPoint","urlTemplate":"https:\/\/staging.varesenews.it\/?s={search_term_string}"},"query-input":"required name=search_term_string"}],"inLanguage":"it-IT"},{"@type":"Person","@id":"https:\/\/staging.varesenews.it\/#\/schema\/person\/fb20c4da0b7b16c291707a20db73e169","name":"Redazione VareseNews","image":{"@type":"ImageObject","inLanguage":"it-IT","@id":"https:\/\/staging.varesenews.it\/#\/schema\/person\/image\/","url":"https:\/\/staging.varesenews.it\/wp-content\/uploads\/2020\/12\/logo_VN_colori_500.png","contentUrl":"https:\/\/staging.varesenews.it\/wp-content\/uploads\/2020\/12\/logo_VN_colori_500.png","caption":"Redazione VareseNews"},"url":"https:\/\/staging.varesenews.it\/persona\/redazione1\/"}]}},"post_meta":{"id_old":"67929","argomento":"Recensione","autore_old":"Simone Gambirasio"},"photos":[],"_links":{"self":[{"href":"https:\/\/staging.varesenews.it\/swgapi\/v1\/wp\/v2\/posts\/239839"}],"collection":[{"href":"https:\/\/staging.varesenews.it\/swgapi\/v1\/wp\/v2\/posts"}],"about":[{"href":"https:\/\/staging.varesenews.it\/swgapi\/v1\/wp\/v2\/types\/post"}],"author":[{"embeddable":true,"href":"https:\/\/staging.varesenews.it\/swgapi\/v1\/wp\/v2\/users\/10"}],"replies":[{"embeddable":true,"href":"https:\/\/staging.varesenews.it\/swgapi\/v1\/wp\/v2\/comments?post=239839"}],"version-history":[{"count":0,"href":"https:\/\/staging.varesenews.it\/swgapi\/v1\/wp\/v2\/posts\/239839\/revisions"}],"wp:attachment":[{"href":"https:\/\/staging.varesenews.it\/swgapi\/v1\/wp\/v2\/media?parent=239839"}],"wp:term":[{"taxonomy":"category","embeddable":true,"href":"https:\/\/staging.varesenews.it\/swgapi\/v1\/wp\/v2\/categories?post=239839"},{"taxonomy":"post_tag","embeddable":true,"href":"https:\/\/staging.varesenews.it\/swgapi\/v1\/wp\/v2\/tags?post=239839"}],"curies":[{"name":"wp","href":"https:\/\/api.w.org\/{rel}","templated":true}]}}