{"id":239973,"date":"2007-03-15T00:00:00","date_gmt":"2007-03-15T00:00:00","guid":{"rendered":""},"modified":"2007-03-15T00:00:00","modified_gmt":"2007-03-15T00:00:00","slug":"la-yumba-tango-tra-narrazione-e-musica","status":"publish","type":"post","link":"https:\/\/staging.varesenews.it\/2007\/03\/la-yumba-tango-tra-narrazione-e-musica\/239973\/","title":{"rendered":"&#8220;La Yumba&#8221;, tango tra narrazione e musica"},"content":{"rendered":"<p><font face=\"arial,helvetica,sans-serif\"><img loading=\"lazy\" decoding=\"async\" style=\"WIDTH: 235px; HEIGHT: 227px\" height=\"227\" hspace=\"3\" src=\"https:\/\/www3.varesenews.it\/immagini_articoli\/200703\/ali.jpg\" width=\"235\" align=\"left\" vspace=\"3\" border=\"1\" \/><\/font><font face=\"arial,helvetica,sans-serif\">Il tango, che nasce come espressione di sensualit\u00e0 passione e slancio vitale nei quartieri malfamati degli immigrati italiani di Buenos Aires, dal colorato quartiere degli immigrati genovesi della Boca sino al porto vecchio, ballato nelle strade oltre che nelle caratteristiche milonghe, grazie al ritmo coinvolgente, alla sua forza dirompente e ad interpreti eccezionali come il grande Carlos Gardel, da ballo \u201cproibito\u201d, diviene in breve tempo il simbolo di una popolazione appassionata e generosa e di una giovane nazione che ne fa il suo portabandiera nel mondo. <\/font><font face=\"arial,helvetica,sans-serif\">Con un linguaggio che trae le sue radici dai dialetti degli immigrati italiani e dalle storie e dai ricordi della patria da poco abbandonata il tango entra poco alla volta nel cuore degli argentini.<\/p>\n<p \/>\n<p class=\"MsoNormal\" style=\"MARGIN: 0cm 0cm 0pt\"><font face=\"arial,helvetica,sans-serif\"><strong><img decoding=\"async\" hspace=\"3\" src=\"https:\/\/www3.varesenews.it\/immagini_articoli\/200703\/elbarrio.jpg\" align=\"left\" vspace=\"3\" border=\"1\" \/>\u201cLa Yumba\u201d<\/strong>, il prossimo spettacolo della\u00a0<a href=\"\/tempo_libero\/articolo.php?id=67185\">rassegna &quot;Ali&quot;<\/a> del <a href=\"http:\/\/www.teatroblu.it\/\">Teatro Blu<\/a> <font size=\"2\"><strong>(vedi\u00a0sopra la locandina)<\/strong><\/font>\u00a0\u00e8 un viaggio nell\u2019essenza di questo ballo, nella sua sensualit\u00e0 e nella sua malinconia, nell\u2019incontro-scontro tra uomo e donna; le note della musica ci avvolgono e ci trascinano insieme ai ballerini in un viaggio fatto di gesti repentini, carezze e graffi, passione e desiderio, erotismo e fierezza, un fuoco vitale che non pu\u00f2 lasciarci indifferenti.<\/font><\/p>\n<p \/>\n<p class=\"MsoNormal\" style=\"MARGIN: 0cm 0cm 0pt\"><font face=\"arial,helvetica,sans-serif\">Attori ballerini e pubblico si fondono in un corpo unico pulsante passione e sensualit\u00e0. Lo spettacolo \u00e8 una miscela di narrazione e musica, ballo e storia del tango. Questo \u00e8 il tango, questa \u00e8<span style=\"mso-spacerun: yes\">\u00a0 <\/span>la sua magia.\u00a0<\/font><font face=\"arial,helvetica,sans-serif\">\u00a0<\/font><\/p>\n<p \/>\n<p class=\"MsoNormal\" style=\"MARGIN: 0cm 0cm 0pt\"><font size=\"2\"><strong><font face=\"arial,helvetica,sans-serif\">LA COMPAGNIA\u00a0<\/font><font face=\"arial,helvetica,sans-serif\">EL BARRIO<\/font><\/strong><\/font><font face=\"arial,helvetica,sans-serif\"><font size=\"2\">\u00a0<\/font><\/font><\/p>\n<p \/>\n<p class=\"MsoNormal\" style=\"MARGIN: 0cm 0cm 0pt\"><font face=\"arial,helvetica,sans-serif\"><font size=\"2\">La Compagnia El Barrio nasce dall\u2019 incontro fra Alejandro Angelica (Buenos Aires), noto ballerino di tango argentino che da vari anni si esibisce nelle migliori milonghe internazionali e il Teatro Blu di Varese che da sempre indirizza il suo lavoro sulla ricerca e lo studio di nuovi linguaggi artistici.<\/font><\/font><\/p>\n<p \/>\n<p class=\"MsoNormal\" style=\"MARGIN: 0cm 0cm 0pt\"><font face=\"arial,helvetica,sans-serif\"><font size=\"2\">Teatro e danza, una miscela che cerca nuove forme di comunicazione attraverso l\u2019 uso del corpo, del movimento, dell\u2019 espressione corporea, della danza e della voce. La forza della parola trasmessa attraverso le lettere del tango, viene cos\u00ec ad affiancarsi alla sensualit\u00e0 e alla fierezza di un ballo che esprime la filosofia di un intero popolo.<\/font><\/font><\/p>\n<p \/>\n<p class=\"MsoNormal\" style=\"MARGIN: 0cm 0cm 0pt\"><font face=\"arial,helvetica,sans-serif\"><font size=\"2\">La compagnia \u00e8 formata da due attori e due ballerini tutti provenienti da educazioni artistiche, culture e parti del mondo differenti.<\/font><\/font><\/p>\n<p \/>\n<p class=\"MsoNormal\" style=\"MARGIN: 0cm 0cm 0pt\"><font face=\"arial,helvetica,sans-serif\"><font size=\"2\">Alejandro Angelica &#8211;<span style=\"mso-spacerun: yes\">\u00a0 <\/span>Argentina <br \/><\/font><\/font><font face=\"arial,helvetica,sans-serif\"><font size=\"2\">Ballerino di tango argentino<span style=\"mso-spacerun: yes\">\u00a0\u00a0<\/span><\/font><\/font><font face=\"arial,helvetica,sans-serif\"><font size=\"2\">\u00a0<\/font><\/font><\/p>\n<p \/>\n<p class=\"MsoNormal\" style=\"MARGIN: 0cm 0cm 0pt\"><font face=\"arial,helvetica,sans-serif\"><font size=\"2\">Tali Gon \u2013 Israele <br \/><\/font><\/font><font face=\"arial,helvetica,sans-serif\"><font size=\"2\">Ballerina di Tango argentino<\/font><\/font><font face=\"arial,helvetica,sans-serif\"><font size=\"2\"><span style=\"mso-spacerun: yes\">\u00a0 <\/span><\/font><\/font><\/p>\n<p \/>\n<p class=\"MsoNormal\" style=\"MARGIN: 0cm 0cm 0pt\"><font face=\"arial,helvetica,sans-serif\"><font size=\"2\">Roberto Gerbol\u00e8s \u2013 Argentina <br \/><\/font><\/font><font face=\"arial,helvetica,sans-serif\"><font size=\"2\">Attore proviene dalla Scuola Dimitri di Verscio- CH\u00a0<\/font><\/font><font face=\"arial,helvetica,sans-serif\"><font size=\"2\">\u00a0<\/font><\/font><\/p>\n<p \/>\n<p class=\"MsoNormal\" style=\"MARGIN: 0cm 0cm 0pt\"><font face=\"arial,helvetica,sans-serif\"><font size=\"2\">Silvia Priori \u2013 Italia<span style=\"mso-spacerun: yes\">\u00a0 <br \/><\/span><\/font><\/font><font face=\"arial,helvetica,sans-serif\" size=\"2\">Attrice, proviene dalla Scuola d\u2019 Arte Drammatica Paolo Grassi di Milano<\/font><\/p>\n<p><\/font><\/p>\n","protected":false},"excerpt":{"rendered":"<p>Venerd\u00ec 16 marzo al Teatro Camilliani andr\u00e0 in scena la Compagnia El Barrio, in collaborazione con il Teatro Blu<\/p>\n","protected":false},"author":10,"featured_media":0,"comment_status":"open","ping_status":"open","sticky":false,"template":"","format":"standard","meta":{"footnotes":""},"categories":[21],"tags":[],"acf":[],"yoast_head":"<!-- This site is optimized with the Yoast SEO plugin v20.1 - https:\/\/yoast.com\/wordpress\/plugins\/seo\/ -->\n<title>&quot;La Yumba&quot;, tango tra narrazione e musica<\/title>\n<meta name=\"description\" content=\"Venerd\u00ec 16 marzo al Teatro Camilliani andr\u00e0 in scena la Compagnia El Barrio, in collaborazione con il Teatro Blu\" \/>\n<meta name=\"robots\" content=\"noindex, follow, max-snippet:-1, max-image-preview:large, max-video-preview:-1\" \/>\n<meta property=\"og:locale\" content=\"it_IT\" \/>\n<meta property=\"og:type\" content=\"article\" \/>\n<meta property=\"og:title\" content=\"&quot;La Yumba&quot;, tango tra narrazione e musica\" \/>\n<meta property=\"og:description\" content=\"Venerd\u00ec 16 marzo al Teatro Camilliani andr\u00e0 in scena la Compagnia El Barrio, in collaborazione con il Teatro Blu\" \/>\n<meta property=\"og:url\" content=\"https:\/\/staging.varesenews.it\/2007\/03\/la-yumba-tango-tra-narrazione-e-musica\/239973\/\" \/>\n<meta property=\"og:site_name\" content=\"VareseNews\" \/>\n<meta property=\"article:publisher\" content=\"https:\/\/www.facebook.com\/varesenews\" \/>\n<meta property=\"article:published_time\" content=\"2007-03-15T00:00:00+00:00\" \/>\n<meta property=\"og:image\" content=\"https:\/\/www3.varesenews.it\/immagini_articoli\/200703\/ali.jpg\" \/>\n<meta name=\"author\" content=\"Redazione VareseNews\" \/>\n<meta name=\"twitter:card\" content=\"summary_large_image\" \/>\n<meta name=\"twitter:creator\" content=\"@varesenews\" \/>\n<meta name=\"twitter:site\" content=\"@varesenews\" \/>\n<meta name=\"twitter:label1\" content=\"Scritto da\" \/>\n\t<meta name=\"twitter:data1\" content=\"Redazione VareseNews\" \/>\n\t<meta name=\"twitter:label2\" content=\"Tempo di lettura stimato\" \/>\n\t<meta name=\"twitter:data2\" content=\"2 minuti\" \/>\n<script type=\"application\/ld+json\" class=\"yoast-schema-graph\">{\"@context\":\"https:\/\/schema.org\",\"@graph\":[{\"@type\":\"WebPage\",\"@id\":\"https:\/\/staging.varesenews.it\/2007\/03\/la-yumba-tango-tra-narrazione-e-musica\/239973\/\",\"url\":\"https:\/\/staging.varesenews.it\/2007\/03\/la-yumba-tango-tra-narrazione-e-musica\/239973\/\",\"name\":\"\\\"La Yumba\\\", tango tra narrazione e musica\",\"isPartOf\":{\"@id\":\"https:\/\/staging.varesenews.it\/#website\"},\"datePublished\":\"2007-03-15T00:00:00+00:00\",\"dateModified\":\"2007-03-15T00:00:00+00:00\",\"author\":{\"@id\":\"https:\/\/staging.varesenews.it\/#\/schema\/person\/fb20c4da0b7b16c291707a20db73e169\"},\"description\":\"Venerd\u00ec 16 marzo al Teatro Camilliani andr\u00e0 in scena la Compagnia El Barrio, in collaborazione con il Teatro Blu\",\"breadcrumb\":{\"@id\":\"https:\/\/staging.varesenews.it\/2007\/03\/la-yumba-tango-tra-narrazione-e-musica\/239973\/#breadcrumb\"},\"inLanguage\":\"it-IT\",\"potentialAction\":[{\"@type\":\"ReadAction\",\"target\":[\"https:\/\/staging.varesenews.it\/2007\/03\/la-yumba-tango-tra-narrazione-e-musica\/239973\/\"]}]},{\"@type\":\"BreadcrumbList\",\"@id\":\"https:\/\/staging.varesenews.it\/2007\/03\/la-yumba-tango-tra-narrazione-e-musica\/239973\/#breadcrumb\",\"itemListElement\":[{\"@type\":\"ListItem\",\"position\":1,\"name\":\"Home\",\"item\":\"https:\/\/www.varesenews.it\/\"},{\"@type\":\"ListItem\",\"position\":2,\"name\":\"&#8220;La Yumba&#8221;, tango tra narrazione e musica\"}]},{\"@type\":\"WebSite\",\"@id\":\"https:\/\/staging.varesenews.it\/#website\",\"url\":\"https:\/\/staging.varesenews.it\/\",\"name\":\"VareseNews\",\"description\":\"\",\"potentialAction\":[{\"@type\":\"SearchAction\",\"target\":{\"@type\":\"EntryPoint\",\"urlTemplate\":\"https:\/\/staging.varesenews.it\/?s={search_term_string}\"},\"query-input\":\"required name=search_term_string\"}],\"inLanguage\":\"it-IT\"},{\"@type\":\"Person\",\"@id\":\"https:\/\/staging.varesenews.it\/#\/schema\/person\/fb20c4da0b7b16c291707a20db73e169\",\"name\":\"Redazione VareseNews\",\"image\":{\"@type\":\"ImageObject\",\"inLanguage\":\"it-IT\",\"@id\":\"https:\/\/staging.varesenews.it\/#\/schema\/person\/image\/\",\"url\":\"https:\/\/staging.varesenews.it\/wp-content\/uploads\/2020\/12\/logo_VN_colori_500.png\",\"contentUrl\":\"https:\/\/staging.varesenews.it\/wp-content\/uploads\/2020\/12\/logo_VN_colori_500.png\",\"caption\":\"Redazione VareseNews\"},\"url\":\"https:\/\/staging.varesenews.it\/persona\/redazione1\/\"}]}<\/script>\n<!-- \/ Yoast SEO plugin. -->","yoast_head_json":{"title":"\"La Yumba\", tango tra narrazione e musica","description":"Venerd\u00ec 16 marzo al Teatro Camilliani andr\u00e0 in scena la Compagnia El Barrio, in collaborazione con il Teatro Blu","robots":{"index":"noindex","follow":"follow","max-snippet":"max-snippet:-1","max-image-preview":"max-image-preview:large","max-video-preview":"max-video-preview:-1"},"og_locale":"it_IT","og_type":"article","og_title":"\"La Yumba\", tango tra narrazione e musica","og_description":"Venerd\u00ec 16 marzo al Teatro Camilliani andr\u00e0 in scena la Compagnia El Barrio, in collaborazione con il Teatro Blu","og_url":"https:\/\/staging.varesenews.it\/2007\/03\/la-yumba-tango-tra-narrazione-e-musica\/239973\/","og_site_name":"VareseNews","article_publisher":"https:\/\/www.facebook.com\/varesenews","article_published_time":"2007-03-15T00:00:00+00:00","og_image":[{"url":"https:\/\/www3.varesenews.it\/immagini_articoli\/200703\/ali.jpg"}],"author":"Redazione VareseNews","twitter_card":"summary_large_image","twitter_creator":"@varesenews","twitter_site":"@varesenews","twitter_misc":{"Scritto da":"Redazione VareseNews","Tempo di lettura stimato":"2 minuti"},"schema":{"@context":"https:\/\/schema.org","@graph":[{"@type":"WebPage","@id":"https:\/\/staging.varesenews.it\/2007\/03\/la-yumba-tango-tra-narrazione-e-musica\/239973\/","url":"https:\/\/staging.varesenews.it\/2007\/03\/la-yumba-tango-tra-narrazione-e-musica\/239973\/","name":"\"La Yumba\", tango tra narrazione e musica","isPartOf":{"@id":"https:\/\/staging.varesenews.it\/#website"},"datePublished":"2007-03-15T00:00:00+00:00","dateModified":"2007-03-15T00:00:00+00:00","author":{"@id":"https:\/\/staging.varesenews.it\/#\/schema\/person\/fb20c4da0b7b16c291707a20db73e169"},"description":"Venerd\u00ec 16 marzo al Teatro Camilliani andr\u00e0 in scena la Compagnia El Barrio, in collaborazione con il Teatro Blu","breadcrumb":{"@id":"https:\/\/staging.varesenews.it\/2007\/03\/la-yumba-tango-tra-narrazione-e-musica\/239973\/#breadcrumb"},"inLanguage":"it-IT","potentialAction":[{"@type":"ReadAction","target":["https:\/\/staging.varesenews.it\/2007\/03\/la-yumba-tango-tra-narrazione-e-musica\/239973\/"]}]},{"@type":"BreadcrumbList","@id":"https:\/\/staging.varesenews.it\/2007\/03\/la-yumba-tango-tra-narrazione-e-musica\/239973\/#breadcrumb","itemListElement":[{"@type":"ListItem","position":1,"name":"Home","item":"https:\/\/www.varesenews.it\/"},{"@type":"ListItem","position":2,"name":"&#8220;La Yumba&#8221;, tango tra narrazione e musica"}]},{"@type":"WebSite","@id":"https:\/\/staging.varesenews.it\/#website","url":"https:\/\/staging.varesenews.it\/","name":"VareseNews","description":"","potentialAction":[{"@type":"SearchAction","target":{"@type":"EntryPoint","urlTemplate":"https:\/\/staging.varesenews.it\/?s={search_term_string}"},"query-input":"required name=search_term_string"}],"inLanguage":"it-IT"},{"@type":"Person","@id":"https:\/\/staging.varesenews.it\/#\/schema\/person\/fb20c4da0b7b16c291707a20db73e169","name":"Redazione VareseNews","image":{"@type":"ImageObject","inLanguage":"it-IT","@id":"https:\/\/staging.varesenews.it\/#\/schema\/person\/image\/","url":"https:\/\/staging.varesenews.it\/wp-content\/uploads\/2020\/12\/logo_VN_colori_500.png","contentUrl":"https:\/\/staging.varesenews.it\/wp-content\/uploads\/2020\/12\/logo_VN_colori_500.png","caption":"Redazione VareseNews"},"url":"https:\/\/staging.varesenews.it\/persona\/redazione1\/"}]}},"post_meta":{"id_old":"67758","argomento":"Marchirolo"},"photos":[],"_links":{"self":[{"href":"https:\/\/staging.varesenews.it\/swgapi\/v1\/wp\/v2\/posts\/239973"}],"collection":[{"href":"https:\/\/staging.varesenews.it\/swgapi\/v1\/wp\/v2\/posts"}],"about":[{"href":"https:\/\/staging.varesenews.it\/swgapi\/v1\/wp\/v2\/types\/post"}],"author":[{"embeddable":true,"href":"https:\/\/staging.varesenews.it\/swgapi\/v1\/wp\/v2\/users\/10"}],"replies":[{"embeddable":true,"href":"https:\/\/staging.varesenews.it\/swgapi\/v1\/wp\/v2\/comments?post=239973"}],"version-history":[{"count":0,"href":"https:\/\/staging.varesenews.it\/swgapi\/v1\/wp\/v2\/posts\/239973\/revisions"}],"wp:attachment":[{"href":"https:\/\/staging.varesenews.it\/swgapi\/v1\/wp\/v2\/media?parent=239973"}],"wp:term":[{"taxonomy":"category","embeddable":true,"href":"https:\/\/staging.varesenews.it\/swgapi\/v1\/wp\/v2\/categories?post=239973"},{"taxonomy":"post_tag","embeddable":true,"href":"https:\/\/staging.varesenews.it\/swgapi\/v1\/wp\/v2\/tags?post=239973"}],"curies":[{"name":"wp","href":"https:\/\/api.w.org\/{rel}","templated":true}]}}