{"id":240529,"date":"2007-03-09T00:00:00","date_gmt":"2007-03-09T00:00:00","guid":{"rendered":""},"modified":"2007-03-09T00:00:00","modified_gmt":"2007-03-09T00:00:00","slug":"tornano-le-palafitte-lumbard-sul-lago","status":"publish","type":"post","link":"https:\/\/staging.varesenews.it\/2007\/03\/tornano-le-palafitte-lumbard-sul-lago\/240529\/","title":{"rendered":"Tornano le palafitte lumbard sul lago"},"content":{"rendered":"<p align=\"left\"><span style=\"FONT-FAMILY: Arial\"><strong>Un nuovo villaggio di palafitte\u00a0sul lago di Varese, alla Schiranna, a ridosso dell\u2019acqua<\/strong>. Come qualche milione di anni fa. La scuola bosina ci riprova, e dopo l&#8217;incendio che\u00a0l&#8217;anno scorso distrusse un insediamento che <span style=\"FONT-FAMILY: Arial\"><img decoding=\"async\" hspace=\"3\" src=\"https:\/\/www3.varesenews.it\/immagini_articoli\/200703\/palafitta1.jpg\" align=\"left\" vspace=\"3\" border=\"0\" \/><\/span>raffigurava le prime palafitte preistoriche lacustri, un\u2019associazione vicina all&#8217;istituto fondato dalla Lega ha presentato un nuovo progetto per rifare l&#8217;insediamento preistorico, in un terreno comunale al termine del parco Zanzi. <\/span><\/p>\n<p align=\"left\"><span style=\"FONT-FAMILY: Arial\"><strong>I disegni presentati a palazzo estense (nella foto) prevedono due palafitte molto suggestive in legno e paglia\u00a0e un lungo pontile in legno che porter\u00e0 fino al lago<\/strong>, dove l&#8217;associazione <i>La magnifica badia<\/i> prevede di insediare delle <img decoding=\"async\" hspace=\"3\" src=\"https:\/\/www3.varesenews.it\/immagini_articoli\/200703\/palafitta2.jpg\" align=\"left\" vspace=\"3\" border=\"0\" \/>piroghe sul modello di quella preistorica conservata nei musei di villa Mirabello. Con queste imbarcazioni primitive si potr\u00e0\u00a0poi arrivare anche all&#8217;isolino Virginia. <br \/>La costruzione del villaggio avr\u00e0 interesse didattico e scientifico. Come si diceva, sar\u00e0 utilizzato dagli alunni della scuola bosina, che con i suoi 150 iscritti \u00e8 uno degli istituti parificati varesini che sta crescendo di pi\u00f9 in provincia, tanto che l&#8217;anno prossimo si prevedono 200 iscritti e nel 2009 potrebbe gi\u00e0 mettere a disposizione 300 posti dalle materne fino\u00a0alle medie.<\/p>\n<p>\u201d<strong>L\u2019idea del villaggio palafitticolo l&#8217;abbiamo ereditata dalla precedente amministrazione<\/strong> e penso che nascesse da un accordo fatto direttamente tra il sindaco Fumagalli e la moglie di Umberto Bossi &#8211; dice l&#8217;assessore al territorio Gladiseo Zagatto &#8211; dopo gli atti di vandalismo dell&#8217;anno scorso avevamo lasciato una porta aperta alla scuola bosina, nel caso avesse voluto ripresentarci un progetto per ricostruire le palafitte. La nostra intenzione \u00e8 di rispondere in modo positivo e aggiungo che\u00a0sarebbe bello in futuro renderle utilizzabile da tutti&quot;.<\/p>\n<p><strong>La costruzione della palafitte sar\u00e0 a carico dell&#8217;associazione<\/strong>, che si occuper\u00e0 dei costi e della realizzazione. <i>La magnifica badia<\/i>, tra l&#8217;altro, ha chiesto di poter gestire in proprio il rapporto con i media fino alla realizzazione dell&#8217;opera: registrer\u00e0 idee e documenti con un proprio copyright, il resto sar\u00e0 regolato da una convenzione.<br \/>Rimane\u00a0da capire un punto e cio\u00e8\u00a0per quanto tempo l&#8217;associazione, e quindi la\u00a0scuola bosina, usufruir\u00e0 in esclusiva della struttura. Secondo i promotori, l&#8217;idea sarebbe quella di poter usare il villaggio palafitticolo a fini didattici\u00a0aprendolo\u00a0successivamente a tutte le scuole della citt\u00e0. Sar\u00e0 per\u00f2 l&#8217;amministrazione\u00a0a decidere su questo punto\u00a0dato che\u00a0il progetto, a breve, sar\u00e0 esaminato dalla giunta<\/span><\/p>\n","protected":false},"excerpt":{"rendered":"<p>Le costruir\u00e0 un&#8217;associazione vicina alla scuola bosina e le metter\u00e0 a disposizione degli alunni. Il terreno \u00e8 comunale<\/p>\n","protected":false},"author":10,"featured_media":0,"comment_status":"open","ping_status":"open","sticky":false,"template":"","format":"standard","meta":{"footnotes":""},"categories":[2],"tags":[],"acf":[],"yoast_head":"<!-- This site is optimized with the Yoast SEO plugin v20.1 - https:\/\/yoast.com\/wordpress\/plugins\/seo\/ -->\n<title>Tornano le palafitte lumbard sul lago<\/title>\n<meta name=\"description\" content=\"Le costruir\u00e0 un&#039;associazione vicina alla scuola bosina e le metter\u00e0 a disposizione degli alunni. Il terreno \u00e8 comunale\" \/>\n<meta name=\"robots\" content=\"noindex, follow, max-snippet:-1, max-image-preview:large, max-video-preview:-1\" \/>\n<meta property=\"og:locale\" content=\"it_IT\" \/>\n<meta property=\"og:type\" content=\"article\" \/>\n<meta property=\"og:title\" content=\"Tornano le palafitte lumbard sul lago\" \/>\n<meta property=\"og:description\" content=\"Le costruir\u00e0 un&#039;associazione vicina alla scuola bosina e le metter\u00e0 a disposizione degli alunni. Il terreno \u00e8 comunale\" \/>\n<meta property=\"og:url\" content=\"https:\/\/staging.varesenews.it\/2007\/03\/tornano-le-palafitte-lumbard-sul-lago\/240529\/\" \/>\n<meta property=\"og:site_name\" content=\"VareseNews\" \/>\n<meta property=\"article:publisher\" content=\"https:\/\/www.facebook.com\/varesenews\" \/>\n<meta property=\"article:published_time\" content=\"2007-03-09T00:00:00+00:00\" \/>\n<meta property=\"og:image\" content=\"https:\/\/www3.varesenews.it\/immagini_articoli\/200703\/palafitta1.jpg\" \/>\n<meta name=\"author\" content=\"Redazione VareseNews\" \/>\n<meta name=\"twitter:card\" content=\"summary_large_image\" \/>\n<meta name=\"twitter:creator\" content=\"@varesenews\" \/>\n<meta name=\"twitter:site\" content=\"@varesenews\" \/>\n<meta name=\"twitter:label1\" content=\"Scritto da\" \/>\n\t<meta name=\"twitter:data1\" content=\"Redazione VareseNews\" \/>\n\t<meta name=\"twitter:label2\" content=\"Tempo di lettura stimato\" \/>\n\t<meta name=\"twitter:data2\" content=\"2 minuti\" \/>\n<script type=\"application\/ld+json\" class=\"yoast-schema-graph\">{\"@context\":\"https:\/\/schema.org\",\"@graph\":[{\"@type\":\"WebPage\",\"@id\":\"https:\/\/staging.varesenews.it\/2007\/03\/tornano-le-palafitte-lumbard-sul-lago\/240529\/\",\"url\":\"https:\/\/staging.varesenews.it\/2007\/03\/tornano-le-palafitte-lumbard-sul-lago\/240529\/\",\"name\":\"Tornano le palafitte lumbard sul lago\",\"isPartOf\":{\"@id\":\"https:\/\/staging.varesenews.it\/#website\"},\"datePublished\":\"2007-03-09T00:00:00+00:00\",\"dateModified\":\"2007-03-09T00:00:00+00:00\",\"author\":{\"@id\":\"https:\/\/staging.varesenews.it\/#\/schema\/person\/fb20c4da0b7b16c291707a20db73e169\"},\"description\":\"Le costruir\u00e0 un'associazione vicina alla scuola bosina e le metter\u00e0 a disposizione degli alunni. Il terreno \u00e8 comunale\",\"breadcrumb\":{\"@id\":\"https:\/\/staging.varesenews.it\/2007\/03\/tornano-le-palafitte-lumbard-sul-lago\/240529\/#breadcrumb\"},\"inLanguage\":\"it-IT\",\"potentialAction\":[{\"@type\":\"ReadAction\",\"target\":[\"https:\/\/staging.varesenews.it\/2007\/03\/tornano-le-palafitte-lumbard-sul-lago\/240529\/\"]}]},{\"@type\":\"BreadcrumbList\",\"@id\":\"https:\/\/staging.varesenews.it\/2007\/03\/tornano-le-palafitte-lumbard-sul-lago\/240529\/#breadcrumb\",\"itemListElement\":[{\"@type\":\"ListItem\",\"position\":1,\"name\":\"Home\",\"item\":\"https:\/\/www.varesenews.it\/\"},{\"@type\":\"ListItem\",\"position\":2,\"name\":\"Tornano le palafitte lumbard sul lago\"}]},{\"@type\":\"WebSite\",\"@id\":\"https:\/\/staging.varesenews.it\/#website\",\"url\":\"https:\/\/staging.varesenews.it\/\",\"name\":\"VareseNews\",\"description\":\"\",\"potentialAction\":[{\"@type\":\"SearchAction\",\"target\":{\"@type\":\"EntryPoint\",\"urlTemplate\":\"https:\/\/staging.varesenews.it\/?s={search_term_string}\"},\"query-input\":\"required name=search_term_string\"}],\"inLanguage\":\"it-IT\"},{\"@type\":\"Person\",\"@id\":\"https:\/\/staging.varesenews.it\/#\/schema\/person\/fb20c4da0b7b16c291707a20db73e169\",\"name\":\"Redazione VareseNews\",\"image\":{\"@type\":\"ImageObject\",\"inLanguage\":\"it-IT\",\"@id\":\"https:\/\/staging.varesenews.it\/#\/schema\/person\/image\/\",\"url\":\"https:\/\/staging.varesenews.it\/wp-content\/uploads\/2020\/12\/logo_VN_colori_500.png\",\"contentUrl\":\"https:\/\/staging.varesenews.it\/wp-content\/uploads\/2020\/12\/logo_VN_colori_500.png\",\"caption\":\"Redazione VareseNews\"},\"url\":\"https:\/\/staging.varesenews.it\/persona\/redazione1\/\"}]}<\/script>\n<!-- \/ Yoast SEO plugin. -->","yoast_head_json":{"title":"Tornano le palafitte lumbard sul lago","description":"Le costruir\u00e0 un'associazione vicina alla scuola bosina e le metter\u00e0 a disposizione degli alunni. Il terreno \u00e8 comunale","robots":{"index":"noindex","follow":"follow","max-snippet":"max-snippet:-1","max-image-preview":"max-image-preview:large","max-video-preview":"max-video-preview:-1"},"og_locale":"it_IT","og_type":"article","og_title":"Tornano le palafitte lumbard sul lago","og_description":"Le costruir\u00e0 un'associazione vicina alla scuola bosina e le metter\u00e0 a disposizione degli alunni. Il terreno \u00e8 comunale","og_url":"https:\/\/staging.varesenews.it\/2007\/03\/tornano-le-palafitte-lumbard-sul-lago\/240529\/","og_site_name":"VareseNews","article_publisher":"https:\/\/www.facebook.com\/varesenews","article_published_time":"2007-03-09T00:00:00+00:00","og_image":[{"url":"https:\/\/www3.varesenews.it\/immagini_articoli\/200703\/palafitta1.jpg"}],"author":"Redazione VareseNews","twitter_card":"summary_large_image","twitter_creator":"@varesenews","twitter_site":"@varesenews","twitter_misc":{"Scritto da":"Redazione VareseNews","Tempo di lettura stimato":"2 minuti"},"schema":{"@context":"https:\/\/schema.org","@graph":[{"@type":"WebPage","@id":"https:\/\/staging.varesenews.it\/2007\/03\/tornano-le-palafitte-lumbard-sul-lago\/240529\/","url":"https:\/\/staging.varesenews.it\/2007\/03\/tornano-le-palafitte-lumbard-sul-lago\/240529\/","name":"Tornano le palafitte lumbard sul lago","isPartOf":{"@id":"https:\/\/staging.varesenews.it\/#website"},"datePublished":"2007-03-09T00:00:00+00:00","dateModified":"2007-03-09T00:00:00+00:00","author":{"@id":"https:\/\/staging.varesenews.it\/#\/schema\/person\/fb20c4da0b7b16c291707a20db73e169"},"description":"Le costruir\u00e0 un'associazione vicina alla scuola bosina e le metter\u00e0 a disposizione degli alunni. Il terreno \u00e8 comunale","breadcrumb":{"@id":"https:\/\/staging.varesenews.it\/2007\/03\/tornano-le-palafitte-lumbard-sul-lago\/240529\/#breadcrumb"},"inLanguage":"it-IT","potentialAction":[{"@type":"ReadAction","target":["https:\/\/staging.varesenews.it\/2007\/03\/tornano-le-palafitte-lumbard-sul-lago\/240529\/"]}]},{"@type":"BreadcrumbList","@id":"https:\/\/staging.varesenews.it\/2007\/03\/tornano-le-palafitte-lumbard-sul-lago\/240529\/#breadcrumb","itemListElement":[{"@type":"ListItem","position":1,"name":"Home","item":"https:\/\/www.varesenews.it\/"},{"@type":"ListItem","position":2,"name":"Tornano le palafitte lumbard sul lago"}]},{"@type":"WebSite","@id":"https:\/\/staging.varesenews.it\/#website","url":"https:\/\/staging.varesenews.it\/","name":"VareseNews","description":"","potentialAction":[{"@type":"SearchAction","target":{"@type":"EntryPoint","urlTemplate":"https:\/\/staging.varesenews.it\/?s={search_term_string}"},"query-input":"required name=search_term_string"}],"inLanguage":"it-IT"},{"@type":"Person","@id":"https:\/\/staging.varesenews.it\/#\/schema\/person\/fb20c4da0b7b16c291707a20db73e169","name":"Redazione VareseNews","image":{"@type":"ImageObject","inLanguage":"it-IT","@id":"https:\/\/staging.varesenews.it\/#\/schema\/person\/image\/","url":"https:\/\/staging.varesenews.it\/wp-content\/uploads\/2020\/12\/logo_VN_colori_500.png","contentUrl":"https:\/\/staging.varesenews.it\/wp-content\/uploads\/2020\/12\/logo_VN_colori_500.png","caption":"Redazione VareseNews"},"url":"https:\/\/staging.varesenews.it\/persona\/redazione1\/"}]}},"post_meta":{"id_old":"67039","argomento":"Varese","autore_old":"Roberto Rotondo","id_link_fotogallery":"313621","id_leggi_anche":"767206"},"photos":[],"_links":{"self":[{"href":"https:\/\/staging.varesenews.it\/swgapi\/v1\/wp\/v2\/posts\/240529"}],"collection":[{"href":"https:\/\/staging.varesenews.it\/swgapi\/v1\/wp\/v2\/posts"}],"about":[{"href":"https:\/\/staging.varesenews.it\/swgapi\/v1\/wp\/v2\/types\/post"}],"author":[{"embeddable":true,"href":"https:\/\/staging.varesenews.it\/swgapi\/v1\/wp\/v2\/users\/10"}],"replies":[{"embeddable":true,"href":"https:\/\/staging.varesenews.it\/swgapi\/v1\/wp\/v2\/comments?post=240529"}],"version-history":[{"count":0,"href":"https:\/\/staging.varesenews.it\/swgapi\/v1\/wp\/v2\/posts\/240529\/revisions"}],"wp:attachment":[{"href":"https:\/\/staging.varesenews.it\/swgapi\/v1\/wp\/v2\/media?parent=240529"}],"wp:term":[{"taxonomy":"category","embeddable":true,"href":"https:\/\/staging.varesenews.it\/swgapi\/v1\/wp\/v2\/categories?post=240529"},{"taxonomy":"post_tag","embeddable":true,"href":"https:\/\/staging.varesenews.it\/swgapi\/v1\/wp\/v2\/tags?post=240529"}],"curies":[{"name":"wp","href":"https:\/\/api.w.org\/{rel}","templated":true}]}}