{"id":240756,"date":"2007-03-02T00:00:00","date_gmt":"2007-03-02T00:00:00","guid":{"rendered":""},"modified":"2007-03-02T00:00:00","modified_gmt":"2007-03-02T00:00:00","slug":"lettere-lumaca-le-poste-miglioreremo-la-qualita-del-servizio","status":"publish","type":"post","link":"https:\/\/staging.varesenews.it\/2007\/03\/lettere-lumaca-le-poste-miglioreremo-la-qualita-del-servizio\/240756\/","title":{"rendered":"Lettere lumaca, le Poste: \u201cMiglioreremo la qualit\u00e0 del servizio\u201d"},"content":{"rendered":"<p class=\"MsoBodyText2\" style=\"MARGIN: 0cm 0cm 0pt\"><font face=\"Arial\">Mantenere tutti gli Uffici postali esistenti in Lombardia e diminuire drasticamente i disservizi. Questi, in estrema sintesi, gli impegni assunti dal massimo responsabile di Poste Italiane Spa in Lombardia dott. Frastalli, nel corso dell\u2019incontro svoltosi a Milano con ANCI Lombardia, Legautonomie e Uncem.<\/font><\/p>\n<p class=\"MsoNormal\" style=\"MARGIN: 0cm 0cm 0pt; TEXT-ALIGN: left; tab-stops: 28.0pt 56.0pt 84.0pt 112.0pt 140.0pt 168.0pt 196.0pt 224.0pt 252.0pt 280.0pt 308.0pt 336.0pt; mso-pagination: none; mso-layout-grid-align: none\" align=\"left\"><span style=\"FONT-FAMILY: Arial; mso-bidi-font-size: 12.0pt\">In apertura il Presidente di ANCI Lombardia Lorenzo Guerini ha illustrato le motivazioni per cui si \u00e8 reso necessario organizzare l&#8217;incontro, visto i crescenti problemi che si sono verificati un po\u2019 in tutte le province lombarde, rispetto a un servizio che invece per definizione dovrebbe essere \u201cuniversale\u201d. Ha quindi ricostruito la storia dei rapporti degli scorsi anni fra Anci e Poste illustrando il precedente protocollo di intesa.<\/p>\n<p \/><\/span><\/p>\n<p class=\"MsoNormal\" style=\"MARGIN: 0cm 0cm 0pt; TEXT-ALIGN: left; tab-stops: 28.0pt 56.0pt 84.0pt 112.0pt 140.0pt 168.0pt 196.0pt 224.0pt 252.0pt 280.0pt 308.0pt 336.0pt; mso-pagination: none; mso-layout-grid-align: none\" align=\"left\"><span style=\"FONT-FAMILY: Arial; mso-bidi-font-size: 12.0pt\">Licia Vigan\u00f2, sindaco di Orsenigo e rappresentante di Anci Lombardia, ha nel suo intervento confermato le preoccupazioni degli Amministratori circa i disservizi che negli ultimi anni si sono registrati. In particolare ha evidenziato le problematiche legate alla discontinuit\u00e0 dei servizi di recapito rimarcando il fatto che vengono cos\u00ec a crearsi danni concreti alle imprese e alle pubbliche amministrazioni. Ha inoltre sottolineato la necessit\u00e0 di salvaguardare dal piano di razionalizzazione estiva gli sportelli dei Comuni a vocazione turistica e nel contempo ha chiesto di valutare non solo il dato demografico dei Comuni ma anche la presenza di imprese commerciali e produttive.<\/p>\n<p \/><\/span><\/p>\n<p class=\"MsoBodyText\" style=\"MARGIN: 0cm 0cm 0pt; TEXT-ALIGN: left\" align=\"left\"><span style=\"FONT-SIZE: 12pt; COLOR: windowtext; FONT-FAMILY: Arial\">Pifferi, in rappresentanza di Uncem Lombardia, ha poi illustrato le preoccupazioni degli Amministratori delle Comunit\u00e0 Montane, mentre Feraboli, rappresentante di Legautonomie, quelle legate ai territori della Pianura Cremonese e Lodigiana. <\/p>\n<p \/><\/span><\/p>\n<p class=\"MsoBodyText\" style=\"MARGIN: 0cm 0cm 0pt; TEXT-ALIGN: left\" align=\"left\"><span style=\"FONT-SIZE: 12pt; COLOR: windowtext; FONT-FAMILY: Arial\">Il Direttore Frastalli ha raccolto tutte le segnalazioni e, oltre a manifestare l&#8217;impegno di Poste Italiane per diminuire i disservizi,<span style=\"mso-spacerun: yes\">\u00a0 <\/span>ha assunto l\u2019impegno di mantenere comunque operativi tutti gli uffici esistenti prevedendo solo una razionalizzazione degli orari di apertura per quegli uffici che effettuano meno di 50 operazioni al giorno.<\/p>\n<p \/><\/span><\/p>\n<p class=\"MsoBodyText\" style=\"MARGIN: 0cm 0cm 0pt; TEXT-ALIGN: left\" align=\"left\"><span style=\"FONT-SIZE: 12pt; COLOR: windowtext; FONT-FAMILY: Arial\">Nei 1982 uffici, attualmente operativi in Lombardia, 1033 sono situati in Comuni con meno di 5000 abitanti. Di questi \u2013 ha evidenziato il dottor Frastalli \u2013 sono oggi 193 quelli che effettuano aperture a giorni alterni o orari ridotti. Secondo Poste Italiane complessivamente sono 390 gli uffici che necessitano di una razionalizzazione, in quanto effettuano meno di 50 operazioni giornaliere, rappresentando problemi di economicit\u00e0 per l&#8217;Azienda. <\/p>\n<p \/><\/span><\/p>\n<p><span style=\"FONT-SIZE: 12pt; FONT-FAMILY: Arial; mso-fareast-font-family: \"Times New Roman\"; mso-ansi-language: IT; mso-fareast-language: IT; mso-bidi-language: AR-SA\">Il presidente di ANCI LOMBARDIA Lorenzo Guerini a chiusura dell\u2019incontro ha ringraziato il country-manager di Poste italiane Frastalli per \u201cla disponibilit\u00e0 a studiare insieme ad Anci Lombardia tutte le possibili sinergie per il comune obiettivo di mantenimento del servizio e di miglioramento della qualit\u00e0. L\u2019impegno assunto \u00e8 dunque quello che Anci Lombardia, Uncem e Legautonomie istituiscano con Poste Italiane un tavolo tecnico per predisporre un protocollo di intesa aggiornato alle attuali esigenze sia degli Enti locali Lombardi, sia di Poste Italiane\u201d. <\/span><\/p>\n","protected":false},"excerpt":{"rendered":"<p>La promessa dell\u2019azienda all\u2019incontro con ANCI Lombardia, Legautonomie e Uncem  <\/p>\n","protected":false},"author":10,"featured_media":0,"comment_status":"open","ping_status":"open","sticky":false,"template":"","format":"standard","meta":{"footnotes":""},"categories":[7],"tags":[],"acf":[],"yoast_head":"<!-- This site is optimized with the Yoast SEO plugin v20.1 - https:\/\/yoast.com\/wordpress\/plugins\/seo\/ -->\n<title>Lettere lumaca, le Poste: \u201cMiglioreremo la qualit\u00e0 del servizio\u201d<\/title>\n<meta name=\"description\" content=\"La promessa dell\u2019azienda all\u2019incontro con ANCI Lombardia, Legautonomie e Uncem\" \/>\n<meta name=\"robots\" content=\"noindex, follow, max-snippet:-1, max-image-preview:large, max-video-preview:-1\" \/>\n<meta property=\"og:locale\" content=\"it_IT\" \/>\n<meta property=\"og:type\" content=\"article\" \/>\n<meta property=\"og:title\" content=\"Lettere lumaca, le Poste: \u201cMiglioreremo la qualit\u00e0 del servizio\u201d\" \/>\n<meta property=\"og:description\" content=\"La promessa dell\u2019azienda all\u2019incontro con ANCI Lombardia, Legautonomie e Uncem\" \/>\n<meta property=\"og:url\" content=\"https:\/\/staging.varesenews.it\/2007\/03\/lettere-lumaca-le-poste-miglioreremo-la-qualita-del-servizio\/240756\/\" \/>\n<meta property=\"og:site_name\" content=\"VareseNews\" \/>\n<meta property=\"article:publisher\" content=\"https:\/\/www.facebook.com\/varesenews\" \/>\n<meta property=\"article:published_time\" content=\"2007-03-02T00:00:00+00:00\" \/>\n<meta name=\"author\" content=\"Redazione VareseNews\" \/>\n<meta name=\"twitter:card\" content=\"summary_large_image\" \/>\n<meta name=\"twitter:creator\" content=\"@varesenews\" \/>\n<meta name=\"twitter:site\" content=\"@varesenews\" \/>\n<meta name=\"twitter:label1\" content=\"Scritto da\" \/>\n\t<meta name=\"twitter:data1\" content=\"Redazione VareseNews\" \/>\n\t<meta name=\"twitter:label2\" content=\"Tempo di lettura stimato\" \/>\n\t<meta name=\"twitter:data2\" content=\"2 minuti\" \/>\n<script type=\"application\/ld+json\" class=\"yoast-schema-graph\">{\"@context\":\"https:\/\/schema.org\",\"@graph\":[{\"@type\":\"WebPage\",\"@id\":\"https:\/\/staging.varesenews.it\/2007\/03\/lettere-lumaca-le-poste-miglioreremo-la-qualita-del-servizio\/240756\/\",\"url\":\"https:\/\/staging.varesenews.it\/2007\/03\/lettere-lumaca-le-poste-miglioreremo-la-qualita-del-servizio\/240756\/\",\"name\":\"Lettere lumaca, le Poste: \u201cMiglioreremo la qualit\u00e0 del servizio\u201d\",\"isPartOf\":{\"@id\":\"https:\/\/staging.varesenews.it\/#website\"},\"datePublished\":\"2007-03-02T00:00:00+00:00\",\"dateModified\":\"2007-03-02T00:00:00+00:00\",\"author\":{\"@id\":\"https:\/\/staging.varesenews.it\/#\/schema\/person\/fb20c4da0b7b16c291707a20db73e169\"},\"description\":\"La promessa dell\u2019azienda all\u2019incontro con ANCI Lombardia, Legautonomie e Uncem\",\"breadcrumb\":{\"@id\":\"https:\/\/staging.varesenews.it\/2007\/03\/lettere-lumaca-le-poste-miglioreremo-la-qualita-del-servizio\/240756\/#breadcrumb\"},\"inLanguage\":\"it-IT\",\"potentialAction\":[{\"@type\":\"ReadAction\",\"target\":[\"https:\/\/staging.varesenews.it\/2007\/03\/lettere-lumaca-le-poste-miglioreremo-la-qualita-del-servizio\/240756\/\"]}]},{\"@type\":\"BreadcrumbList\",\"@id\":\"https:\/\/staging.varesenews.it\/2007\/03\/lettere-lumaca-le-poste-miglioreremo-la-qualita-del-servizio\/240756\/#breadcrumb\",\"itemListElement\":[{\"@type\":\"ListItem\",\"position\":1,\"name\":\"Home\",\"item\":\"https:\/\/www.varesenews.it\/\"},{\"@type\":\"ListItem\",\"position\":2,\"name\":\"Lettere lumaca, le Poste: \u201cMiglioreremo la qualit\u00e0 del servizio\u201d\"}]},{\"@type\":\"WebSite\",\"@id\":\"https:\/\/staging.varesenews.it\/#website\",\"url\":\"https:\/\/staging.varesenews.it\/\",\"name\":\"VareseNews\",\"description\":\"\",\"potentialAction\":[{\"@type\":\"SearchAction\",\"target\":{\"@type\":\"EntryPoint\",\"urlTemplate\":\"https:\/\/staging.varesenews.it\/?s={search_term_string}\"},\"query-input\":\"required name=search_term_string\"}],\"inLanguage\":\"it-IT\"},{\"@type\":\"Person\",\"@id\":\"https:\/\/staging.varesenews.it\/#\/schema\/person\/fb20c4da0b7b16c291707a20db73e169\",\"name\":\"Redazione VareseNews\",\"image\":{\"@type\":\"ImageObject\",\"inLanguage\":\"it-IT\",\"@id\":\"https:\/\/staging.varesenews.it\/#\/schema\/person\/image\/\",\"url\":\"https:\/\/staging.varesenews.it\/wp-content\/uploads\/2020\/12\/logo_VN_colori_500.png\",\"contentUrl\":\"https:\/\/staging.varesenews.it\/wp-content\/uploads\/2020\/12\/logo_VN_colori_500.png\",\"caption\":\"Redazione VareseNews\"},\"url\":\"https:\/\/staging.varesenews.it\/persona\/redazione1\/\"}]}<\/script>\n<!-- \/ Yoast SEO plugin. -->","yoast_head_json":{"title":"Lettere lumaca, le Poste: \u201cMiglioreremo la qualit\u00e0 del servizio\u201d","description":"La promessa dell\u2019azienda all\u2019incontro con ANCI Lombardia, Legautonomie e Uncem","robots":{"index":"noindex","follow":"follow","max-snippet":"max-snippet:-1","max-image-preview":"max-image-preview:large","max-video-preview":"max-video-preview:-1"},"og_locale":"it_IT","og_type":"article","og_title":"Lettere lumaca, le Poste: \u201cMiglioreremo la qualit\u00e0 del servizio\u201d","og_description":"La promessa dell\u2019azienda all\u2019incontro con ANCI Lombardia, Legautonomie e Uncem","og_url":"https:\/\/staging.varesenews.it\/2007\/03\/lettere-lumaca-le-poste-miglioreremo-la-qualita-del-servizio\/240756\/","og_site_name":"VareseNews","article_publisher":"https:\/\/www.facebook.com\/varesenews","article_published_time":"2007-03-02T00:00:00+00:00","author":"Redazione VareseNews","twitter_card":"summary_large_image","twitter_creator":"@varesenews","twitter_site":"@varesenews","twitter_misc":{"Scritto da":"Redazione VareseNews","Tempo di lettura stimato":"2 minuti"},"schema":{"@context":"https:\/\/schema.org","@graph":[{"@type":"WebPage","@id":"https:\/\/staging.varesenews.it\/2007\/03\/lettere-lumaca-le-poste-miglioreremo-la-qualita-del-servizio\/240756\/","url":"https:\/\/staging.varesenews.it\/2007\/03\/lettere-lumaca-le-poste-miglioreremo-la-qualita-del-servizio\/240756\/","name":"Lettere lumaca, le Poste: \u201cMiglioreremo la qualit\u00e0 del servizio\u201d","isPartOf":{"@id":"https:\/\/staging.varesenews.it\/#website"},"datePublished":"2007-03-02T00:00:00+00:00","dateModified":"2007-03-02T00:00:00+00:00","author":{"@id":"https:\/\/staging.varesenews.it\/#\/schema\/person\/fb20c4da0b7b16c291707a20db73e169"},"description":"La promessa dell\u2019azienda all\u2019incontro con ANCI Lombardia, Legautonomie e Uncem","breadcrumb":{"@id":"https:\/\/staging.varesenews.it\/2007\/03\/lettere-lumaca-le-poste-miglioreremo-la-qualita-del-servizio\/240756\/#breadcrumb"},"inLanguage":"it-IT","potentialAction":[{"@type":"ReadAction","target":["https:\/\/staging.varesenews.it\/2007\/03\/lettere-lumaca-le-poste-miglioreremo-la-qualita-del-servizio\/240756\/"]}]},{"@type":"BreadcrumbList","@id":"https:\/\/staging.varesenews.it\/2007\/03\/lettere-lumaca-le-poste-miglioreremo-la-qualita-del-servizio\/240756\/#breadcrumb","itemListElement":[{"@type":"ListItem","position":1,"name":"Home","item":"https:\/\/www.varesenews.it\/"},{"@type":"ListItem","position":2,"name":"Lettere lumaca, le Poste: \u201cMiglioreremo la qualit\u00e0 del servizio\u201d"}]},{"@type":"WebSite","@id":"https:\/\/staging.varesenews.it\/#website","url":"https:\/\/staging.varesenews.it\/","name":"VareseNews","description":"","potentialAction":[{"@type":"SearchAction","target":{"@type":"EntryPoint","urlTemplate":"https:\/\/staging.varesenews.it\/?s={search_term_string}"},"query-input":"required name=search_term_string"}],"inLanguage":"it-IT"},{"@type":"Person","@id":"https:\/\/staging.varesenews.it\/#\/schema\/person\/fb20c4da0b7b16c291707a20db73e169","name":"Redazione VareseNews","image":{"@type":"ImageObject","inLanguage":"it-IT","@id":"https:\/\/staging.varesenews.it\/#\/schema\/person\/image\/","url":"https:\/\/staging.varesenews.it\/wp-content\/uploads\/2020\/12\/logo_VN_colori_500.png","contentUrl":"https:\/\/staging.varesenews.it\/wp-content\/uploads\/2020\/12\/logo_VN_colori_500.png","caption":"Redazione VareseNews"},"url":"https:\/\/staging.varesenews.it\/persona\/redazione1\/"}]}},"post_meta":{"id_old":"66747","argomento":"Milano","autore_old":"a cura di Anci Lombardia"},"photos":[],"_links":{"self":[{"href":"https:\/\/staging.varesenews.it\/swgapi\/v1\/wp\/v2\/posts\/240756"}],"collection":[{"href":"https:\/\/staging.varesenews.it\/swgapi\/v1\/wp\/v2\/posts"}],"about":[{"href":"https:\/\/staging.varesenews.it\/swgapi\/v1\/wp\/v2\/types\/post"}],"author":[{"embeddable":true,"href":"https:\/\/staging.varesenews.it\/swgapi\/v1\/wp\/v2\/users\/10"}],"replies":[{"embeddable":true,"href":"https:\/\/staging.varesenews.it\/swgapi\/v1\/wp\/v2\/comments?post=240756"}],"version-history":[{"count":0,"href":"https:\/\/staging.varesenews.it\/swgapi\/v1\/wp\/v2\/posts\/240756\/revisions"}],"wp:attachment":[{"href":"https:\/\/staging.varesenews.it\/swgapi\/v1\/wp\/v2\/media?parent=240756"}],"wp:term":[{"taxonomy":"category","embeddable":true,"href":"https:\/\/staging.varesenews.it\/swgapi\/v1\/wp\/v2\/categories?post=240756"},{"taxonomy":"post_tag","embeddable":true,"href":"https:\/\/staging.varesenews.it\/swgapi\/v1\/wp\/v2\/tags?post=240756"}],"curies":[{"name":"wp","href":"https:\/\/api.w.org\/{rel}","templated":true}]}}