{"id":240834,"date":"2007-03-01T00:00:00","date_gmt":"2007-03-01T00:00:00","guid":{"rendered":""},"modified":"2007-03-01T00:00:00","modified_gmt":"2007-03-01T00:00:00","slug":"si-apre-abilmente-2007-vera-festa-della-manualita-creativa","status":"publish","type":"post","link":"https:\/\/staging.varesenews.it\/2007\/03\/si-apre-abilmente-2007-vera-festa-della-manualita-creativa\/240834\/","title":{"rendered":"Si apre &#8220;Abilmente 2007&#8221;, vera festa della manualit\u00e0 creativa"},"content":{"rendered":"<p align=\"justify\"><font face=\"arial,helvetica,sans-serif\">Si apre oggi alla Fiera di Vicenza <a href=\"http:\/\/www.abilmente.org\/index.html\">&quot;Abilmente 2007&quot;,<\/a> edizione primaverile di una delle pi\u00f9 interessanti rassegne del <strong>settore hobby e arti creative.<\/strong><\/font><\/p>\n<p align=\"justify\"><font face=\"arial,helvetica,sans-serif\"><img decoding=\"async\" hspace=\"3\" src=\"https:\/\/www3.varesenews.it\/immagini_articoli\/200703\/anilmente%202007%20logo.jpg\" align=\"left\" vspace=\"3\" border=\"0\" \/>Il salone del bricolage e delle arti manuali\u00a0 proseguir\u00e0 <strong>fino a domenica 4 marzo<\/strong>, offrendo sempre pi\u00f9 ricca area espositiva e un&#8217;infinit\u00e0 di iniziative originali ed eventi speciali. <br \/>Oltre 100 gli espositori provenienti da tutta Italia che presenteranno in Fiera le novit\u00e0 e le tendenze dell\u2019hobbistica creativa ed animeranno il Salone con <strong>corsi e dimostrazioni<\/strong>, per lo pi\u00f9 gratuite, su tutte le tecniche decorative (decoupage, scrapbooking, stencil, perline, ricamo, uncinetto, ecc.): oltre 800\u00a0proposte per sperimentare in prima persona tecniche e materiali, che\u00a0rappresentano uno dei punti di forza della manifestazione.<\/font><\/p>\n<p align=\"justify\"><font face=\"arial,helvetica,sans-serif\"><img decoding=\"async\" hspace=\"3\" src=\"https:\/\/www3.varesenews.it\/immagini_articoli\/200703\/abilmente%201.jpg\" align=\"right\" vspace=\"3\" border=\"0\" \/>Nelle quattro giornate della rassegna le hobbiste potranno trovare tantissimi spunti e suggerimenti sugli hobby creativi, da quelli pi\u00f9 tradizionali alle ultime novit\u00e0 del settore. <strong>Ricamo, patchwork, decoupage, ma anche scrapbooking, telaio, manualit\u00e0 per i pi\u00f9 piccoli o con materiali riciclati.<\/strong>\u00a0 Grandi protagonisti dell\u2019edizione di primavera saranno ago e filo declinati attraverso il ricamo, l\u2019uncinetto, la maglia ed il patchwork. Negli \u201catelier del ricamo\u201d ed \u201catelier del patchwork\u201d, infatti, ampio spazio a corsi, dimostrazioni ed incontri con le massime esponenti di queste affascinanti tecniche. Nell\u2019ambito di quest\u2019area verr\u00e0 organizzata <strong>una mostra-concorso dedicata alle borse<\/strong> ed agli accessori-moda.<\/font><\/p>\n<p align=\"justify\"><font face=\"arial,helvetica,sans-serif\"><strong>Tra gli espositori, anche una ditta varesina<\/strong>, la <a href=\"http:\/\/www.filincanto.it\/negozio.html\">Filincanto<\/a> di Busto Arsizio, specializzata a in materiali e forniture per bigiotteria, presente in fiera con un grande spazio.<\/font><\/p>\n<p align=\"justify\"><font face=\"arial,helvetica,sans-serif\">\u00abConcept della manifestazione \u00e8 la <strong>manualit\u00e0 creativa, declinata come hobby, come didattica e come terapia<\/strong> &#8211; spiegano gli organizzatori &#8211; nella consapevolezza che liberare la creativit\u00e0 non costituisce solo un momento di pausa e relax, ma uno stimolo per imparare-crescere ed <strong>un mezzo per nutrire-curare la mente<\/strong>\u00bb.<\/font><\/p>\n<p align=\"justify\"><font face=\"arial,helvetica,sans-serif\">Nei quattro giorni della manifestazione ci sar\u00e0 infatti spazio anche per un convegno\u00a0 nazionale e\u00a0 quattro workshop sull\u2019arteterapia, dedicati in particolare agli operatori del sociale. Durante il convegno, sul tema\u00a0<strong> &quot;Scenari del disagio giovanile &#8211; Condotte trasgressive e spazi di operativit\u00e0 per l&#8217;arteterapia&quot;<\/strong> si svolger\u00e0 venerd\u00ec 2 e sabato 3 marzo, si spazier\u00e0 dal significato dei gesti trasgressivi degli adolescenti, sempre pi\u00f9 spesso violenti e provocatori, ad aspetti pi\u00f9 marcatamente psicopatologici, la cui matrice \u00e8 legata al mondo dell\u2019immaginario, determinante nella formazione del pensiero emozionale del giovane.<\/font><\/p>\n<p align=\"justify\"><font face=\"arial,helvetica,sans-serif\"><strong>Elemento centrale del convegno sar\u00e0 la trasgressione autolesiva<\/strong> (tossicodipendenza, disturbi del comportamento alimentare, aggressivit\u00e0 sessuale) fino ad arrivare agli aspetti pi\u00f9 violenti che possono sfociare in delinquenza. I partecipanti potranno poi seguire quattro Workshop proposti da <a href=\"http:\/\/www.arteterapia.it\/\">ArTeA<\/a> basati su una metodologia interattiva che intende favorire nei partecipanti un approccio diverso ai materiali e alle tecniche normalmente usate nei laboratori di arteterapia.<\/font><\/p>\n<p align=\"justify\"><font face=\"Arial\">Tutte le informazioni sulla manifestazione sono sul sito internet <a href=\"http:\/\/www.abilmente.org\/\">www.abilmente.org<\/a><\/font><font face=\"Arial\"><\/font><\/p>\n","protected":false},"excerpt":{"rendered":"<p>Dal 1\u00b0 al 4 marzo alla Fiera di Vicenza, oltre 100 espositori, atelier, laboratori per grandi e piccini e tutte le novit\u00e0 per chi ama le arti manuali, ma anche un convegno su disagio giovanile e arteterapia<\/p>\n","protected":false},"author":10,"featured_media":0,"comment_status":"open","ping_status":"open","sticky":false,"template":"","format":"standard","meta":{"footnotes":""},"categories":[9],"tags":[],"acf":[],"yoast_head":"<!-- This site is optimized with the Yoast SEO plugin v20.1 - https:\/\/yoast.com\/wordpress\/plugins\/seo\/ -->\n<title>Si apre &quot;Abilmente 2007&quot;, vera festa della manualit\u00e0 creativa<\/title>\n<meta name=\"description\" content=\"Dal 1\u00b0 al 4 marzo alla Fiera di Vicenza, oltre 100 espositori, atelier, laboratori per grandi e piccini e tutte le novit\u00e0 per chi ama le arti manuali, ma anche un convegno su disagio giovanile e arteterapia\" \/>\n<meta name=\"robots\" content=\"noindex, follow, max-snippet:-1, max-image-preview:large, max-video-preview:-1\" \/>\n<meta property=\"og:locale\" content=\"it_IT\" \/>\n<meta property=\"og:type\" content=\"article\" \/>\n<meta property=\"og:title\" content=\"Si apre &quot;Abilmente 2007&quot;, vera festa della manualit\u00e0 creativa\" \/>\n<meta property=\"og:description\" content=\"Dal 1\u00b0 al 4 marzo alla Fiera di Vicenza, oltre 100 espositori, atelier, laboratori per grandi e piccini e tutte le novit\u00e0 per chi ama le arti manuali, ma anche un convegno su disagio giovanile e arteterapia\" \/>\n<meta property=\"og:url\" content=\"https:\/\/staging.varesenews.it\/2007\/03\/si-apre-abilmente-2007-vera-festa-della-manualita-creativa\/240834\/\" \/>\n<meta property=\"og:site_name\" content=\"VareseNews\" \/>\n<meta property=\"article:publisher\" content=\"https:\/\/www.facebook.com\/varesenews\" \/>\n<meta property=\"article:published_time\" content=\"2007-03-01T00:00:00+00:00\" \/>\n<meta property=\"og:image\" content=\"https:\/\/www3.varesenews.it\/immagini_articoli\/200703\/anilmente%202007%20logo.jpg\" \/>\n<meta name=\"author\" content=\"Redazione VareseNews\" \/>\n<meta name=\"twitter:card\" content=\"summary_large_image\" \/>\n<meta name=\"twitter:creator\" content=\"@varesenews\" \/>\n<meta name=\"twitter:site\" content=\"@varesenews\" \/>\n<meta name=\"twitter:label1\" content=\"Scritto da\" \/>\n\t<meta name=\"twitter:data1\" content=\"Redazione VareseNews\" \/>\n\t<meta name=\"twitter:label2\" content=\"Tempo di lettura stimato\" \/>\n\t<meta name=\"twitter:data2\" content=\"2 minuti\" \/>\n<script type=\"application\/ld+json\" class=\"yoast-schema-graph\">{\"@context\":\"https:\/\/schema.org\",\"@graph\":[{\"@type\":\"WebPage\",\"@id\":\"https:\/\/staging.varesenews.it\/2007\/03\/si-apre-abilmente-2007-vera-festa-della-manualita-creativa\/240834\/\",\"url\":\"https:\/\/staging.varesenews.it\/2007\/03\/si-apre-abilmente-2007-vera-festa-della-manualita-creativa\/240834\/\",\"name\":\"Si apre \\\"Abilmente 2007\\\", vera festa della manualit\u00e0 creativa\",\"isPartOf\":{\"@id\":\"https:\/\/staging.varesenews.it\/#website\"},\"datePublished\":\"2007-03-01T00:00:00+00:00\",\"dateModified\":\"2007-03-01T00:00:00+00:00\",\"author\":{\"@id\":\"https:\/\/staging.varesenews.it\/#\/schema\/person\/fb20c4da0b7b16c291707a20db73e169\"},\"description\":\"Dal 1\u00b0 al 4 marzo alla Fiera di Vicenza, oltre 100 espositori, atelier, laboratori per grandi e piccini e tutte le novit\u00e0 per chi ama le arti manuali, ma anche un convegno su disagio giovanile e arteterapia\",\"breadcrumb\":{\"@id\":\"https:\/\/staging.varesenews.it\/2007\/03\/si-apre-abilmente-2007-vera-festa-della-manualita-creativa\/240834\/#breadcrumb\"},\"inLanguage\":\"it-IT\",\"potentialAction\":[{\"@type\":\"ReadAction\",\"target\":[\"https:\/\/staging.varesenews.it\/2007\/03\/si-apre-abilmente-2007-vera-festa-della-manualita-creativa\/240834\/\"]}]},{\"@type\":\"BreadcrumbList\",\"@id\":\"https:\/\/staging.varesenews.it\/2007\/03\/si-apre-abilmente-2007-vera-festa-della-manualita-creativa\/240834\/#breadcrumb\",\"itemListElement\":[{\"@type\":\"ListItem\",\"position\":1,\"name\":\"Home\",\"item\":\"https:\/\/www.varesenews.it\/\"},{\"@type\":\"ListItem\",\"position\":2,\"name\":\"Si apre &#8220;Abilmente 2007&#8221;, vera festa della manualit\u00e0 creativa\"}]},{\"@type\":\"WebSite\",\"@id\":\"https:\/\/staging.varesenews.it\/#website\",\"url\":\"https:\/\/staging.varesenews.it\/\",\"name\":\"VareseNews\",\"description\":\"\",\"potentialAction\":[{\"@type\":\"SearchAction\",\"target\":{\"@type\":\"EntryPoint\",\"urlTemplate\":\"https:\/\/staging.varesenews.it\/?s={search_term_string}\"},\"query-input\":\"required name=search_term_string\"}],\"inLanguage\":\"it-IT\"},{\"@type\":\"Person\",\"@id\":\"https:\/\/staging.varesenews.it\/#\/schema\/person\/fb20c4da0b7b16c291707a20db73e169\",\"name\":\"Redazione VareseNews\",\"image\":{\"@type\":\"ImageObject\",\"inLanguage\":\"it-IT\",\"@id\":\"https:\/\/staging.varesenews.it\/#\/schema\/person\/image\/\",\"url\":\"https:\/\/staging.varesenews.it\/wp-content\/uploads\/2020\/12\/logo_VN_colori_500.png\",\"contentUrl\":\"https:\/\/staging.varesenews.it\/wp-content\/uploads\/2020\/12\/logo_VN_colori_500.png\",\"caption\":\"Redazione VareseNews\"},\"url\":\"https:\/\/staging.varesenews.it\/persona\/redazione1\/\"}]}<\/script>\n<!-- \/ Yoast SEO plugin. -->","yoast_head_json":{"title":"Si apre \"Abilmente 2007\", vera festa della manualit\u00e0 creativa","description":"Dal 1\u00b0 al 4 marzo alla Fiera di Vicenza, oltre 100 espositori, atelier, laboratori per grandi e piccini e tutte le novit\u00e0 per chi ama le arti manuali, ma anche un convegno su disagio giovanile e arteterapia","robots":{"index":"noindex","follow":"follow","max-snippet":"max-snippet:-1","max-image-preview":"max-image-preview:large","max-video-preview":"max-video-preview:-1"},"og_locale":"it_IT","og_type":"article","og_title":"Si apre \"Abilmente 2007\", vera festa della manualit\u00e0 creativa","og_description":"Dal 1\u00b0 al 4 marzo alla Fiera di Vicenza, oltre 100 espositori, atelier, laboratori per grandi e piccini e tutte le novit\u00e0 per chi ama le arti manuali, ma anche un convegno su disagio giovanile e arteterapia","og_url":"https:\/\/staging.varesenews.it\/2007\/03\/si-apre-abilmente-2007-vera-festa-della-manualita-creativa\/240834\/","og_site_name":"VareseNews","article_publisher":"https:\/\/www.facebook.com\/varesenews","article_published_time":"2007-03-01T00:00:00+00:00","og_image":[{"url":"https:\/\/www3.varesenews.it\/immagini_articoli\/200703\/anilmente%202007%20logo.jpg"}],"author":"Redazione VareseNews","twitter_card":"summary_large_image","twitter_creator":"@varesenews","twitter_site":"@varesenews","twitter_misc":{"Scritto da":"Redazione VareseNews","Tempo di lettura stimato":"2 minuti"},"schema":{"@context":"https:\/\/schema.org","@graph":[{"@type":"WebPage","@id":"https:\/\/staging.varesenews.it\/2007\/03\/si-apre-abilmente-2007-vera-festa-della-manualita-creativa\/240834\/","url":"https:\/\/staging.varesenews.it\/2007\/03\/si-apre-abilmente-2007-vera-festa-della-manualita-creativa\/240834\/","name":"Si apre \"Abilmente 2007\", vera festa della manualit\u00e0 creativa","isPartOf":{"@id":"https:\/\/staging.varesenews.it\/#website"},"datePublished":"2007-03-01T00:00:00+00:00","dateModified":"2007-03-01T00:00:00+00:00","author":{"@id":"https:\/\/staging.varesenews.it\/#\/schema\/person\/fb20c4da0b7b16c291707a20db73e169"},"description":"Dal 1\u00b0 al 4 marzo alla Fiera di Vicenza, oltre 100 espositori, atelier, laboratori per grandi e piccini e tutte le novit\u00e0 per chi ama le arti manuali, ma anche un convegno su disagio giovanile e arteterapia","breadcrumb":{"@id":"https:\/\/staging.varesenews.it\/2007\/03\/si-apre-abilmente-2007-vera-festa-della-manualita-creativa\/240834\/#breadcrumb"},"inLanguage":"it-IT","potentialAction":[{"@type":"ReadAction","target":["https:\/\/staging.varesenews.it\/2007\/03\/si-apre-abilmente-2007-vera-festa-della-manualita-creativa\/240834\/"]}]},{"@type":"BreadcrumbList","@id":"https:\/\/staging.varesenews.it\/2007\/03\/si-apre-abilmente-2007-vera-festa-della-manualita-creativa\/240834\/#breadcrumb","itemListElement":[{"@type":"ListItem","position":1,"name":"Home","item":"https:\/\/www.varesenews.it\/"},{"@type":"ListItem","position":2,"name":"Si apre &#8220;Abilmente 2007&#8221;, vera festa della manualit\u00e0 creativa"}]},{"@type":"WebSite","@id":"https:\/\/staging.varesenews.it\/#website","url":"https:\/\/staging.varesenews.it\/","name":"VareseNews","description":"","potentialAction":[{"@type":"SearchAction","target":{"@type":"EntryPoint","urlTemplate":"https:\/\/staging.varesenews.it\/?s={search_term_string}"},"query-input":"required name=search_term_string"}],"inLanguage":"it-IT"},{"@type":"Person","@id":"https:\/\/staging.varesenews.it\/#\/schema\/person\/fb20c4da0b7b16c291707a20db73e169","name":"Redazione VareseNews","image":{"@type":"ImageObject","inLanguage":"it-IT","@id":"https:\/\/staging.varesenews.it\/#\/schema\/person\/image\/","url":"https:\/\/staging.varesenews.it\/wp-content\/uploads\/2020\/12\/logo_VN_colori_500.png","contentUrl":"https:\/\/staging.varesenews.it\/wp-content\/uploads\/2020\/12\/logo_VN_colori_500.png","caption":"Redazione VareseNews"},"url":"https:\/\/staging.varesenews.it\/persona\/redazione1\/"}]}},"post_meta":{"id_old":"66634","argomento":"Vicenza","autore_old":"Mariangela Gerletti"},"photos":[],"_links":{"self":[{"href":"https:\/\/staging.varesenews.it\/swgapi\/v1\/wp\/v2\/posts\/240834"}],"collection":[{"href":"https:\/\/staging.varesenews.it\/swgapi\/v1\/wp\/v2\/posts"}],"about":[{"href":"https:\/\/staging.varesenews.it\/swgapi\/v1\/wp\/v2\/types\/post"}],"author":[{"embeddable":true,"href":"https:\/\/staging.varesenews.it\/swgapi\/v1\/wp\/v2\/users\/10"}],"replies":[{"embeddable":true,"href":"https:\/\/staging.varesenews.it\/swgapi\/v1\/wp\/v2\/comments?post=240834"}],"version-history":[{"count":0,"href":"https:\/\/staging.varesenews.it\/swgapi\/v1\/wp\/v2\/posts\/240834\/revisions"}],"wp:attachment":[{"href":"https:\/\/staging.varesenews.it\/swgapi\/v1\/wp\/v2\/media?parent=240834"}],"wp:term":[{"taxonomy":"category","embeddable":true,"href":"https:\/\/staging.varesenews.it\/swgapi\/v1\/wp\/v2\/categories?post=240834"},{"taxonomy":"post_tag","embeddable":true,"href":"https:\/\/staging.varesenews.it\/swgapi\/v1\/wp\/v2\/tags?post=240834"}],"curies":[{"name":"wp","href":"https:\/\/api.w.org\/{rel}","templated":true}]}}