{"id":241984,"date":"2007-02-08T00:00:00","date_gmt":"2007-02-08T00:00:00","guid":{"rendered":""},"modified":"2007-02-08T00:00:00","modified_gmt":"2007-02-08T00:00:00","slug":"la-pro-loco-saluta-angelo-carugati","status":"publish","type":"post","link":"https:\/\/staging.varesenews.it\/2007\/02\/la-pro-loco-saluta-angelo-carugati\/241984\/","title":{"rendered":"La Pro loco saluta Angelo Carugati"},"content":{"rendered":"<p align=\"justify\"><font face=\"arial,helvetica,sans-serif\"><img decoding=\"async\" hspace=\"3\" src=\"https:\/\/www3.varesenews.it\/immagini_articoli\/200702\/carugati-comes.jpg\" align=\"left\" vspace=\"3\" border=\"0\" \/>E&#8217; scomparso nei giorni scorsi a Gerenzano <strong>Angelo Carugati <\/strong><font size=\"2\">(nella foto, tratta dal sito <a href=\"http:\/\/www.gerenzanoforum.it\/\">Gerenzanoforum<\/a>)<\/font><strong>, presidente dell&#8217;Associazione Comes<\/strong>, personaggio tra i pi\u00f9 attivi nella vita associazionistica cittadina.<\/font><\/p>\n<p align=\"justify\"><font face=\"arial,helvetica,sans-serif\"><strong>Bernardina Tavella, presidente della Pro Loco<\/strong> lo ricorda con molto affetto: \u00abNoi della Pro Loco siamo molto addolorati per la scomparsa dell\u2019 amico Carugati, Presidente\u00a0 dei Comes di Gerenzano. Per molti anni abbiamo collaborato con lui nell\u2019organizzazione di eventi, che in paese sicuramente hanno lasciato un segno. Ci mancher\u00e0 la sua\u00a0 competenza, la sua coinvolgente voglia di fare a favore degli altri\u00bb.<\/font><\/p>\n<p align=\"justify\"><font face=\"arial,helvetica,sans-serif\">\u00abPersone come lui &#8211; conclude la presidente della Pro Loco &#8211; meritano di essere ricordate per la loro disponibilit\u00e0, per la loro determinazione, per la cortesia e professionalit\u00e0\u00a0 che lo hanno distinto nell\u2019impegno sociale e per l\u2019amicizia che ha saputo donare a tutti coloro che, a vario titolo, hanno operato con lui, con l\u2019unico intento di rendere pi\u00f9 vivibile e dignitoso il nostro paese. Ci consola sapere che ci\u00f2 che da lui abbiamo appreso, e ci\u00f2 che lui ha fatto, rimarranno indelebili nella storia sociale del nostro paese e soprattutto nei nostri cuori\u00bb.<\/font><\/p>\n","protected":false},"excerpt":{"rendered":"<p>Le associazioni cittadine partecipano al cordoglio per la scomparsa del presidente dei Comes<\/p>\n","protected":false},"author":10,"featured_media":0,"comment_status":"open","ping_status":"open","sticky":false,"template":"","format":"standard","meta":{"footnotes":""},"categories":[5],"tags":[],"acf":[],"yoast_head":"<!-- This site is optimized with the Yoast SEO plugin v20.1 - https:\/\/yoast.com\/wordpress\/plugins\/seo\/ -->\n<title>La Pro loco saluta Angelo Carugati<\/title>\n<meta name=\"description\" content=\"Le associazioni cittadine partecipano al cordoglio per la scomparsa del presidente dei Comes\" \/>\n<meta name=\"robots\" content=\"noindex, follow, max-snippet:-1, max-image-preview:large, max-video-preview:-1\" \/>\n<meta property=\"og:locale\" content=\"it_IT\" \/>\n<meta property=\"og:type\" content=\"article\" \/>\n<meta property=\"og:title\" content=\"La Pro loco saluta Angelo Carugati\" \/>\n<meta property=\"og:description\" content=\"Le associazioni cittadine partecipano al cordoglio per la scomparsa del presidente dei Comes\" \/>\n<meta property=\"og:url\" content=\"https:\/\/staging.varesenews.it\/2007\/02\/la-pro-loco-saluta-angelo-carugati\/241984\/\" \/>\n<meta property=\"og:site_name\" content=\"VareseNews\" \/>\n<meta property=\"article:publisher\" content=\"https:\/\/www.facebook.com\/varesenews\" \/>\n<meta property=\"article:published_time\" content=\"2007-02-08T00:00:00+00:00\" \/>\n<meta property=\"og:image\" content=\"https:\/\/www3.varesenews.it\/immagini_articoli\/200702\/carugati-comes.jpg\" \/>\n<meta name=\"author\" content=\"Redazione VareseNews\" \/>\n<meta name=\"twitter:card\" content=\"summary_large_image\" \/>\n<meta name=\"twitter:creator\" content=\"@varesenews\" \/>\n<meta name=\"twitter:site\" content=\"@varesenews\" \/>\n<meta name=\"twitter:label1\" content=\"Scritto da\" \/>\n\t<meta name=\"twitter:data1\" content=\"Redazione VareseNews\" \/>\n\t<meta name=\"twitter:label2\" content=\"Tempo di lettura stimato\" \/>\n\t<meta name=\"twitter:data2\" content=\"1 minuto\" \/>\n<script type=\"application\/ld+json\" class=\"yoast-schema-graph\">{\"@context\":\"https:\/\/schema.org\",\"@graph\":[{\"@type\":\"WebPage\",\"@id\":\"https:\/\/staging.varesenews.it\/2007\/02\/la-pro-loco-saluta-angelo-carugati\/241984\/\",\"url\":\"https:\/\/staging.varesenews.it\/2007\/02\/la-pro-loco-saluta-angelo-carugati\/241984\/\",\"name\":\"La Pro loco saluta Angelo Carugati\",\"isPartOf\":{\"@id\":\"https:\/\/staging.varesenews.it\/#website\"},\"datePublished\":\"2007-02-08T00:00:00+00:00\",\"dateModified\":\"2007-02-08T00:00:00+00:00\",\"author\":{\"@id\":\"https:\/\/staging.varesenews.it\/#\/schema\/person\/fb20c4da0b7b16c291707a20db73e169\"},\"description\":\"Le associazioni cittadine partecipano al cordoglio per la scomparsa del presidente dei Comes\",\"breadcrumb\":{\"@id\":\"https:\/\/staging.varesenews.it\/2007\/02\/la-pro-loco-saluta-angelo-carugati\/241984\/#breadcrumb\"},\"inLanguage\":\"it-IT\",\"potentialAction\":[{\"@type\":\"ReadAction\",\"target\":[\"https:\/\/staging.varesenews.it\/2007\/02\/la-pro-loco-saluta-angelo-carugati\/241984\/\"]}]},{\"@type\":\"BreadcrumbList\",\"@id\":\"https:\/\/staging.varesenews.it\/2007\/02\/la-pro-loco-saluta-angelo-carugati\/241984\/#breadcrumb\",\"itemListElement\":[{\"@type\":\"ListItem\",\"position\":1,\"name\":\"Home\",\"item\":\"https:\/\/www.varesenews.it\/\"},{\"@type\":\"ListItem\",\"position\":2,\"name\":\"La Pro loco saluta Angelo Carugati\"}]},{\"@type\":\"WebSite\",\"@id\":\"https:\/\/staging.varesenews.it\/#website\",\"url\":\"https:\/\/staging.varesenews.it\/\",\"name\":\"VareseNews\",\"description\":\"\",\"potentialAction\":[{\"@type\":\"SearchAction\",\"target\":{\"@type\":\"EntryPoint\",\"urlTemplate\":\"https:\/\/staging.varesenews.it\/?s={search_term_string}\"},\"query-input\":\"required name=search_term_string\"}],\"inLanguage\":\"it-IT\"},{\"@type\":\"Person\",\"@id\":\"https:\/\/staging.varesenews.it\/#\/schema\/person\/fb20c4da0b7b16c291707a20db73e169\",\"name\":\"Redazione VareseNews\",\"image\":{\"@type\":\"ImageObject\",\"inLanguage\":\"it-IT\",\"@id\":\"https:\/\/staging.varesenews.it\/#\/schema\/person\/image\/\",\"url\":\"https:\/\/staging.varesenews.it\/wp-content\/uploads\/2020\/12\/logo_VN_colori_500.png\",\"contentUrl\":\"https:\/\/staging.varesenews.it\/wp-content\/uploads\/2020\/12\/logo_VN_colori_500.png\",\"caption\":\"Redazione VareseNews\"},\"url\":\"https:\/\/staging.varesenews.it\/persona\/redazione1\/\"}]}<\/script>\n<!-- \/ Yoast SEO plugin. -->","yoast_head_json":{"title":"La Pro loco saluta Angelo Carugati","description":"Le associazioni cittadine partecipano al cordoglio per la scomparsa del presidente dei Comes","robots":{"index":"noindex","follow":"follow","max-snippet":"max-snippet:-1","max-image-preview":"max-image-preview:large","max-video-preview":"max-video-preview:-1"},"og_locale":"it_IT","og_type":"article","og_title":"La Pro loco saluta Angelo Carugati","og_description":"Le associazioni cittadine partecipano al cordoglio per la scomparsa del presidente dei Comes","og_url":"https:\/\/staging.varesenews.it\/2007\/02\/la-pro-loco-saluta-angelo-carugati\/241984\/","og_site_name":"VareseNews","article_publisher":"https:\/\/www.facebook.com\/varesenews","article_published_time":"2007-02-08T00:00:00+00:00","og_image":[{"url":"https:\/\/www3.varesenews.it\/immagini_articoli\/200702\/carugati-comes.jpg"}],"author":"Redazione VareseNews","twitter_card":"summary_large_image","twitter_creator":"@varesenews","twitter_site":"@varesenews","twitter_misc":{"Scritto da":"Redazione VareseNews","Tempo di lettura stimato":"1 minuto"},"schema":{"@context":"https:\/\/schema.org","@graph":[{"@type":"WebPage","@id":"https:\/\/staging.varesenews.it\/2007\/02\/la-pro-loco-saluta-angelo-carugati\/241984\/","url":"https:\/\/staging.varesenews.it\/2007\/02\/la-pro-loco-saluta-angelo-carugati\/241984\/","name":"La Pro loco saluta Angelo Carugati","isPartOf":{"@id":"https:\/\/staging.varesenews.it\/#website"},"datePublished":"2007-02-08T00:00:00+00:00","dateModified":"2007-02-08T00:00:00+00:00","author":{"@id":"https:\/\/staging.varesenews.it\/#\/schema\/person\/fb20c4da0b7b16c291707a20db73e169"},"description":"Le associazioni cittadine partecipano al cordoglio per la scomparsa del presidente dei Comes","breadcrumb":{"@id":"https:\/\/staging.varesenews.it\/2007\/02\/la-pro-loco-saluta-angelo-carugati\/241984\/#breadcrumb"},"inLanguage":"it-IT","potentialAction":[{"@type":"ReadAction","target":["https:\/\/staging.varesenews.it\/2007\/02\/la-pro-loco-saluta-angelo-carugati\/241984\/"]}]},{"@type":"BreadcrumbList","@id":"https:\/\/staging.varesenews.it\/2007\/02\/la-pro-loco-saluta-angelo-carugati\/241984\/#breadcrumb","itemListElement":[{"@type":"ListItem","position":1,"name":"Home","item":"https:\/\/www.varesenews.it\/"},{"@type":"ListItem","position":2,"name":"La Pro loco saluta Angelo Carugati"}]},{"@type":"WebSite","@id":"https:\/\/staging.varesenews.it\/#website","url":"https:\/\/staging.varesenews.it\/","name":"VareseNews","description":"","potentialAction":[{"@type":"SearchAction","target":{"@type":"EntryPoint","urlTemplate":"https:\/\/staging.varesenews.it\/?s={search_term_string}"},"query-input":"required name=search_term_string"}],"inLanguage":"it-IT"},{"@type":"Person","@id":"https:\/\/staging.varesenews.it\/#\/schema\/person\/fb20c4da0b7b16c291707a20db73e169","name":"Redazione VareseNews","image":{"@type":"ImageObject","inLanguage":"it-IT","@id":"https:\/\/staging.varesenews.it\/#\/schema\/person\/image\/","url":"https:\/\/staging.varesenews.it\/wp-content\/uploads\/2020\/12\/logo_VN_colori_500.png","contentUrl":"https:\/\/staging.varesenews.it\/wp-content\/uploads\/2020\/12\/logo_VN_colori_500.png","caption":"Redazione VareseNews"},"url":"https:\/\/staging.varesenews.it\/persona\/redazione1\/"}]}},"post_meta":{"id_old":"65179","argomento":"Gerenzano","autore_old":"ma.ge."},"photos":[],"_links":{"self":[{"href":"https:\/\/staging.varesenews.it\/swgapi\/v1\/wp\/v2\/posts\/241984"}],"collection":[{"href":"https:\/\/staging.varesenews.it\/swgapi\/v1\/wp\/v2\/posts"}],"about":[{"href":"https:\/\/staging.varesenews.it\/swgapi\/v1\/wp\/v2\/types\/post"}],"author":[{"embeddable":true,"href":"https:\/\/staging.varesenews.it\/swgapi\/v1\/wp\/v2\/users\/10"}],"replies":[{"embeddable":true,"href":"https:\/\/staging.varesenews.it\/swgapi\/v1\/wp\/v2\/comments?post=241984"}],"version-history":[{"count":0,"href":"https:\/\/staging.varesenews.it\/swgapi\/v1\/wp\/v2\/posts\/241984\/revisions"}],"wp:attachment":[{"href":"https:\/\/staging.varesenews.it\/swgapi\/v1\/wp\/v2\/media?parent=241984"}],"wp:term":[{"taxonomy":"category","embeddable":true,"href":"https:\/\/staging.varesenews.it\/swgapi\/v1\/wp\/v2\/categories?post=241984"},{"taxonomy":"post_tag","embeddable":true,"href":"https:\/\/staging.varesenews.it\/swgapi\/v1\/wp\/v2\/tags?post=241984"}],"curies":[{"name":"wp","href":"https:\/\/api.w.org\/{rel}","templated":true}]}}