{"id":248542,"date":"2006-09-27T00:00:00","date_gmt":"2006-09-27T00:00:00","guid":{"rendered":""},"modified":"2006-09-27T00:00:00","modified_gmt":"2006-09-27T00:00:00","slug":"confesercenti-parla-ai-giovani-con-le-voci-di-baldini-e-zazzaroni","status":"publish","type":"post","link":"https:\/\/staging.varesenews.it\/2006\/09\/confesercenti-parla-ai-giovani-con-le-voci-di-baldini-e-zazzaroni\/248542\/","title":{"rendered":"Confesercenti parla ai giovani. Con le voci di Baldini e Zazzaroni"},"content":{"rendered":"<p><img decoding=\"async\" vspace=\"3\" hspace=\"3\" border=\"0\" align=\"left\" src=\"https:\/\/www3.varesenews.it\/immagini_articoli\/200609\/confesercenti.jpg\" \/><br \/>\nMarco Baldini, Carlo Ancelotti, Francesco Moser, Ivan Zazzaroni: con nomi cos\u00ec, come minimo c&#8217;\u00e8 da aspettarsi una perfomrance in stile controcampo sulle opportunit\u00e0 dello sport oppure una serata evento dedicata alla radio.<br \/>E invece i personaggi elencati saranno protagonisti dell&#8217;assemblea generale 2006 di Confesercenti, prevista a a Varese presso le ville Ponti a partire dalle 17  di luned\u00ec 2 ottobre e dal titolo &quot;Il coraggio di competere: l&#8217;impresa come progetto e sfida per i giovani&quot;. <\/p>\n<p>Un cartello di ospiti davvero originale per una associazione di categoria, ma alla quale in fondo in fondo Confesercenti aveva gi\u00e0 abituato: con l&#8217;assemblea 2005, che aveva come ospite niente meno che monsignor <a href=\"http:\/\/www3.varesenews.it\/varese\/articolo.php?id=29292\">Ersilio Tonini<\/a>. E che schiaccia l&#8217;acceleratore, con un&#8217;idea fuori degli schemi, sul dialogo tra il mondo del commercio e i giovani, &quot;risorsa&quot;  incompresa per ogni futuro imprenditoriale.<\/p>\n<p>\u00abSui giovani si sfornano principalmente luoghi comuni: che vogliono solo divertirsi, che rifiutano i sacrifici &#8211; Commenta Gianni Lucchina, direttore di Confesercenti &#8211;  discorsi che a dire il vero sentivo trent\u2019anni fa e non sono cambiati, anche se i giovani hanno cambiato molte volte metodo di comunicazione. Il messaggio che vuole dare Confesercenti \u00e8 che noi non condividiamo questi stereotipi e vogliamo lanciare un messaggio di fiducia\u00bb.<\/p>\n<p>Fiducia concreta, con messaggi pratici, come il sostegno alle nuove imprese, che sar\u00e0 uno degli argomenti della serata. \u00abper poter essere concretamente vicini ai giovani e dar loro strumenti concreti\u00bb ha sottolineato il prersidente di Confesercenti Cesare Lorenzini. Non prima per\u00f2 di avere avviato un dibattito pi\u00f9 generale sulle scelte per il futuro del commercio, da affrontare con chi sar\u00e0 protagonista di questo futuro: cio\u00e8 i giovani.<\/p>\n<p>\u00abPer questo abbiamo scelto come testimoni dell\u2019assemblea, dedicata quest\u2019anno al mondo dei giovani, persone come Baldini o <a href=\"http:\/\/zazza.blog.deejay.it\/\">Zazzaroni<\/a>, gente che fa professioni molto desiderate dai giovani &#8211; ha continuato Lucchina &#8211; . Ma che possono dire come oltre a queste ci siano altre sfide desiderabili per s\u00e8: come l\u2019essere imprenditori, mettere in campo progetti nuovi\u00bb. <\/p>\n<p>Mauro d\u2019Errico, 30 anni, presidente di Confesercenti Laveno e gestore di un bar \u00e8 uno di loro: \u00abDalla mia ho avuto la fortuna di avere genitori commercianti, che non hanno ostacolato la mia scelta \u2013 racconta d\u2019Errico \u2013 ma loro sono gioiellieri, niente a che vedere con quello che desideravo io, che era un bar serale. Come ho fatto? Ho girato il mondo come dipendente di locali, cos\u00ec ho imparato tutto l\u2019imparabile. Quello che consiglio a chi ci vuole provare, che deve armarsi anche di professionalit\u00e0 e di una punta di incoscienza: cio\u00e8 di quel coraggio di buttarsi indispensabile per diventare imprenditore\u00bb<\/p>\n","protected":false},"excerpt":{"rendered":"<p>Il conduttore radiofonico e il giornalista con delega a Dee Jay sono tra i protagonisti della loro assemblea di luned\u00ec 2<\/p>\n","protected":false},"author":10,"featured_media":0,"comment_status":"open","ping_status":"open","sticky":false,"template":"","format":"standard","meta":{"footnotes":""},"categories":[15],"tags":[],"acf":[],"yoast_head":"<!-- This site is optimized with the Yoast SEO plugin v20.1 - https:\/\/yoast.com\/wordpress\/plugins\/seo\/ -->\n<title>Confesercenti parla ai giovani. Con le voci di Baldini e Zazzaroni<\/title>\n<meta name=\"description\" content=\"Il conduttore radiofonico e il giornalista con delega a Dee Jay sono tra i protagonisti della loro assemblea di luned\u00ec 2\" \/>\n<meta name=\"robots\" content=\"noindex, follow, max-snippet:-1, max-image-preview:large, max-video-preview:-1\" \/>\n<meta property=\"og:locale\" content=\"it_IT\" \/>\n<meta property=\"og:type\" content=\"article\" \/>\n<meta property=\"og:title\" content=\"Confesercenti parla ai giovani. Con le voci di Baldini e Zazzaroni\" \/>\n<meta property=\"og:description\" content=\"Il conduttore radiofonico e il giornalista con delega a Dee Jay sono tra i protagonisti della loro assemblea di luned\u00ec 2\" \/>\n<meta property=\"og:url\" content=\"https:\/\/staging.varesenews.it\/2006\/09\/confesercenti-parla-ai-giovani-con-le-voci-di-baldini-e-zazzaroni\/248542\/\" \/>\n<meta property=\"og:site_name\" content=\"VareseNews\" \/>\n<meta property=\"article:publisher\" content=\"https:\/\/www.facebook.com\/varesenews\" \/>\n<meta property=\"article:published_time\" content=\"2006-09-27T00:00:00+00:00\" \/>\n<meta property=\"og:image\" content=\"https:\/\/www3.varesenews.it\/immagini_articoli\/200609\/confesercenti.jpg\" \/>\n<meta name=\"author\" content=\"Redazione VareseNews\" \/>\n<meta name=\"twitter:card\" content=\"summary_large_image\" \/>\n<meta name=\"twitter:creator\" content=\"@varesenews\" \/>\n<meta name=\"twitter:site\" content=\"@varesenews\" \/>\n<meta name=\"twitter:label1\" content=\"Scritto da\" \/>\n\t<meta name=\"twitter:data1\" content=\"Redazione VareseNews\" \/>\n\t<meta name=\"twitter:label2\" content=\"Tempo di lettura stimato\" \/>\n\t<meta name=\"twitter:data2\" content=\"2 minuti\" \/>\n<script type=\"application\/ld+json\" class=\"yoast-schema-graph\">{\"@context\":\"https:\/\/schema.org\",\"@graph\":[{\"@type\":\"WebPage\",\"@id\":\"https:\/\/staging.varesenews.it\/2006\/09\/confesercenti-parla-ai-giovani-con-le-voci-di-baldini-e-zazzaroni\/248542\/\",\"url\":\"https:\/\/staging.varesenews.it\/2006\/09\/confesercenti-parla-ai-giovani-con-le-voci-di-baldini-e-zazzaroni\/248542\/\",\"name\":\"Confesercenti parla ai giovani. Con le voci di Baldini e Zazzaroni\",\"isPartOf\":{\"@id\":\"https:\/\/staging.varesenews.it\/#website\"},\"datePublished\":\"2006-09-27T00:00:00+00:00\",\"dateModified\":\"2006-09-27T00:00:00+00:00\",\"author\":{\"@id\":\"https:\/\/staging.varesenews.it\/#\/schema\/person\/fb20c4da0b7b16c291707a20db73e169\"},\"description\":\"Il conduttore radiofonico e il giornalista con delega a Dee Jay sono tra i protagonisti della loro assemblea di luned\u00ec 2\",\"breadcrumb\":{\"@id\":\"https:\/\/staging.varesenews.it\/2006\/09\/confesercenti-parla-ai-giovani-con-le-voci-di-baldini-e-zazzaroni\/248542\/#breadcrumb\"},\"inLanguage\":\"it-IT\",\"potentialAction\":[{\"@type\":\"ReadAction\",\"target\":[\"https:\/\/staging.varesenews.it\/2006\/09\/confesercenti-parla-ai-giovani-con-le-voci-di-baldini-e-zazzaroni\/248542\/\"]}]},{\"@type\":\"BreadcrumbList\",\"@id\":\"https:\/\/staging.varesenews.it\/2006\/09\/confesercenti-parla-ai-giovani-con-le-voci-di-baldini-e-zazzaroni\/248542\/#breadcrumb\",\"itemListElement\":[{\"@type\":\"ListItem\",\"position\":1,\"name\":\"Home\",\"item\":\"https:\/\/www.varesenews.it\/\"},{\"@type\":\"ListItem\",\"position\":2,\"name\":\"Confesercenti parla ai giovani. Con le voci di Baldini e Zazzaroni\"}]},{\"@type\":\"WebSite\",\"@id\":\"https:\/\/staging.varesenews.it\/#website\",\"url\":\"https:\/\/staging.varesenews.it\/\",\"name\":\"VareseNews\",\"description\":\"\",\"potentialAction\":[{\"@type\":\"SearchAction\",\"target\":{\"@type\":\"EntryPoint\",\"urlTemplate\":\"https:\/\/staging.varesenews.it\/?s={search_term_string}\"},\"query-input\":\"required name=search_term_string\"}],\"inLanguage\":\"it-IT\"},{\"@type\":\"Person\",\"@id\":\"https:\/\/staging.varesenews.it\/#\/schema\/person\/fb20c4da0b7b16c291707a20db73e169\",\"name\":\"Redazione VareseNews\",\"image\":{\"@type\":\"ImageObject\",\"inLanguage\":\"it-IT\",\"@id\":\"https:\/\/staging.varesenews.it\/#\/schema\/person\/image\/\",\"url\":\"https:\/\/staging.varesenews.it\/wp-content\/uploads\/2020\/12\/logo_VN_colori_500.png\",\"contentUrl\":\"https:\/\/staging.varesenews.it\/wp-content\/uploads\/2020\/12\/logo_VN_colori_500.png\",\"caption\":\"Redazione VareseNews\"},\"url\":\"https:\/\/staging.varesenews.it\/persona\/redazione1\/\"}]}<\/script>\n<!-- \/ Yoast SEO plugin. -->","yoast_head_json":{"title":"Confesercenti parla ai giovani. Con le voci di Baldini e Zazzaroni","description":"Il conduttore radiofonico e il giornalista con delega a Dee Jay sono tra i protagonisti della loro assemblea di luned\u00ec 2","robots":{"index":"noindex","follow":"follow","max-snippet":"max-snippet:-1","max-image-preview":"max-image-preview:large","max-video-preview":"max-video-preview:-1"},"og_locale":"it_IT","og_type":"article","og_title":"Confesercenti parla ai giovani. Con le voci di Baldini e Zazzaroni","og_description":"Il conduttore radiofonico e il giornalista con delega a Dee Jay sono tra i protagonisti della loro assemblea di luned\u00ec 2","og_url":"https:\/\/staging.varesenews.it\/2006\/09\/confesercenti-parla-ai-giovani-con-le-voci-di-baldini-e-zazzaroni\/248542\/","og_site_name":"VareseNews","article_publisher":"https:\/\/www.facebook.com\/varesenews","article_published_time":"2006-09-27T00:00:00+00:00","og_image":[{"url":"https:\/\/www3.varesenews.it\/immagini_articoli\/200609\/confesercenti.jpg"}],"author":"Redazione VareseNews","twitter_card":"summary_large_image","twitter_creator":"@varesenews","twitter_site":"@varesenews","twitter_misc":{"Scritto da":"Redazione VareseNews","Tempo di lettura stimato":"2 minuti"},"schema":{"@context":"https:\/\/schema.org","@graph":[{"@type":"WebPage","@id":"https:\/\/staging.varesenews.it\/2006\/09\/confesercenti-parla-ai-giovani-con-le-voci-di-baldini-e-zazzaroni\/248542\/","url":"https:\/\/staging.varesenews.it\/2006\/09\/confesercenti-parla-ai-giovani-con-le-voci-di-baldini-e-zazzaroni\/248542\/","name":"Confesercenti parla ai giovani. Con le voci di Baldini e Zazzaroni","isPartOf":{"@id":"https:\/\/staging.varesenews.it\/#website"},"datePublished":"2006-09-27T00:00:00+00:00","dateModified":"2006-09-27T00:00:00+00:00","author":{"@id":"https:\/\/staging.varesenews.it\/#\/schema\/person\/fb20c4da0b7b16c291707a20db73e169"},"description":"Il conduttore radiofonico e il giornalista con delega a Dee Jay sono tra i protagonisti della loro assemblea di luned\u00ec 2","breadcrumb":{"@id":"https:\/\/staging.varesenews.it\/2006\/09\/confesercenti-parla-ai-giovani-con-le-voci-di-baldini-e-zazzaroni\/248542\/#breadcrumb"},"inLanguage":"it-IT","potentialAction":[{"@type":"ReadAction","target":["https:\/\/staging.varesenews.it\/2006\/09\/confesercenti-parla-ai-giovani-con-le-voci-di-baldini-e-zazzaroni\/248542\/"]}]},{"@type":"BreadcrumbList","@id":"https:\/\/staging.varesenews.it\/2006\/09\/confesercenti-parla-ai-giovani-con-le-voci-di-baldini-e-zazzaroni\/248542\/#breadcrumb","itemListElement":[{"@type":"ListItem","position":1,"name":"Home","item":"https:\/\/www.varesenews.it\/"},{"@type":"ListItem","position":2,"name":"Confesercenti parla ai giovani. Con le voci di Baldini e Zazzaroni"}]},{"@type":"WebSite","@id":"https:\/\/staging.varesenews.it\/#website","url":"https:\/\/staging.varesenews.it\/","name":"VareseNews","description":"","potentialAction":[{"@type":"SearchAction","target":{"@type":"EntryPoint","urlTemplate":"https:\/\/staging.varesenews.it\/?s={search_term_string}"},"query-input":"required name=search_term_string"}],"inLanguage":"it-IT"},{"@type":"Person","@id":"https:\/\/staging.varesenews.it\/#\/schema\/person\/fb20c4da0b7b16c291707a20db73e169","name":"Redazione VareseNews","image":{"@type":"ImageObject","inLanguage":"it-IT","@id":"https:\/\/staging.varesenews.it\/#\/schema\/person\/image\/","url":"https:\/\/staging.varesenews.it\/wp-content\/uploads\/2020\/12\/logo_VN_colori_500.png","contentUrl":"https:\/\/staging.varesenews.it\/wp-content\/uploads\/2020\/12\/logo_VN_colori_500.png","caption":"Redazione VareseNews"},"url":"https:\/\/staging.varesenews.it\/persona\/redazione1\/"}]}},"post_meta":{"id_old":"56597","argomento":"Varese","autore_old":"Stefania Radman"},"photos":[],"_links":{"self":[{"href":"https:\/\/staging.varesenews.it\/swgapi\/v1\/wp\/v2\/posts\/248542"}],"collection":[{"href":"https:\/\/staging.varesenews.it\/swgapi\/v1\/wp\/v2\/posts"}],"about":[{"href":"https:\/\/staging.varesenews.it\/swgapi\/v1\/wp\/v2\/types\/post"}],"author":[{"embeddable":true,"href":"https:\/\/staging.varesenews.it\/swgapi\/v1\/wp\/v2\/users\/10"}],"replies":[{"embeddable":true,"href":"https:\/\/staging.varesenews.it\/swgapi\/v1\/wp\/v2\/comments?post=248542"}],"version-history":[{"count":0,"href":"https:\/\/staging.varesenews.it\/swgapi\/v1\/wp\/v2\/posts\/248542\/revisions"}],"wp:attachment":[{"href":"https:\/\/staging.varesenews.it\/swgapi\/v1\/wp\/v2\/media?parent=248542"}],"wp:term":[{"taxonomy":"category","embeddable":true,"href":"https:\/\/staging.varesenews.it\/swgapi\/v1\/wp\/v2\/categories?post=248542"},{"taxonomy":"post_tag","embeddable":true,"href":"https:\/\/staging.varesenews.it\/swgapi\/v1\/wp\/v2\/tags?post=248542"}],"curies":[{"name":"wp","href":"https:\/\/api.w.org\/{rel}","templated":true}]}}