{"id":248689,"date":"2006-09-24T00:00:00","date_gmt":"2006-09-24T00:00:00","guid":{"rendered":""},"modified":"2006-09-24T00:00:00","modified_gmt":"2006-09-24T00:00:00","slug":"a-cazzago-la-ciclabile-si-fa-bici-in-spalla","status":"publish","type":"post","link":"https:\/\/staging.varesenews.it\/2006\/09\/a-cazzago-la-ciclabile-si-fa-bici-in-spalla\/248689\/","title":{"rendered":"A Cazzago la ciclabile si fa bici in spalla"},"content":{"rendered":"<p><span style=\"FONT-FAMILY: Arial\">Ce lo aveva gi\u00e0 segnalato qualche lettore: a <strong>Cazzago Brabbia<\/strong> la pista ciclabile si fa solo&#8230;a piedi. Bici in spalla, passeggini a braccio (sedie a rotelle neppure a parlarne) e roller a mano. Perch\u00e9? Perch\u00e9 a Cazzago la pista \u201cattraversa\u201d la strada e per andare da un lato all\u2019altro senza fermare il traffico non c\u2019era altra soluzione che scavare un tunnel. Solo che per accedere al tunnel, lungo pochi metri, bisogna superare una rampa di scale piuttosto ripida e ci\u00f2 non \u00e8 possibile se non a piedi, \u201cimbracciando\u201d la bicicletta. <br \/>La soluzione non \u00e8 piaciuta ad alcuni e questa mattina, domenica 24 settembre, giorno fatidico dell\u2019inaugurazione, qualcuno davanti all\u2019ingresso della galleria ha scosso la testa. <br \/>Ad essere preso di mira \u00e8 soprattutto il <strong>sottopassaggio in prossimit\u00e0 di una gelateria<\/strong>: \u00abAvevano la possibilit\u00e0 di fare una rampa dolce anzich\u00e9 le scale perch\u00e9 non l\u2019hanno presa in considerazione?\u00bb<span style=\"mso-spacerun: yes\">\u00a0 <\/span>ci scrive un lettore che aggiunge: \u00abPoco pi\u00f9 avanti, il tratto che passa vicino al laghetto della Fornace, \u00e8<span style=\"mso-spacerun: yes\">\u00a0 <\/span>stato fatto con la sabbia,<span style=\"mso-spacerun: yes\">\u00a0 <\/span>&quot;asfalto ecologico&quot; : e i disabili? E i bambini in bicicletta? Come faranno a percorrerla?\u00bb .<br \/>Ovvio <strong>qualche perplessit\u00e0 sorge di fronte a un \u201csali e scendi\u201d che interrompe il percorso liscio e regolare della ciclabile<\/strong>, ma va anche detto che in alcuni Paesi del Nord Europa, dove le ciclabili sono assai diffuse, \u00e8 normale incappare in scale e gallerie che passano sotto la strada. Certo, resta da capire se nel caso della ciclabile di Varese proprio non fosse possibile trovare una soluzione alternativa a quella di un tunnel inaccessibile a persone in carrozzella o a mamme dotate di passeggini o carrozzine e poco muscolose. <br \/>Passata la giornata del taglio del nastro ci sar\u00e0 anche il tempo, ne siamo certi,\u00a0per replicare alle obiezioni. <\/span><\/p>\n<p><font face=\"arial,helvetica,sans-serif\"><strong>Gli interventi dei lettori<\/p>\n<p><\/strong><span class=\"articolo_titolo\"><a href=\"\/comunita\/lettere_al_direttore\/articolo.php?id_articolo=1939\" target=\"_blank\"><strong>Quei &quot;gradoni&quot; sono pericolosi <\/strong><\/a><br \/><\/span><\/font><font face=\"arial,helvetica,sans-serif\"><span class=\"articolo_titolo\"><br \/><font face=\"arial,helvetica,sans-serif\"><a href=\"\/comunita\/lettere_al_direttore\/articolo.php?id_articolo=1938\"><span class=\"articolo_titolo\"><font color=\"#000000\">Ciclabile, a Cazzago una scelta assurda<\/font><\/span><br \/><\/a><\/font><\/span><br \/><\/font><font face=\"arial,helvetica,sans-serif\"><span class=\"articolo_titolo\"><strong><a href=\"\/comunita\/lettere_al_direttore\/articolo.php?id_articolo=1943\" target=\"_blank\">A Cazzago non solo tunnel<\/a><\/strong><\/span><br \/><\/font><\/p>\n<p><font face=\"arial,helvetica,sans-serif\"><\/font><\/p>\n","protected":false},"excerpt":{"rendered":"<p>Sottopassi e una galleria per attraversare la strada: ma non tutti i ciclisti hanno gradito la soluzione<\/p>\n","protected":false},"author":10,"featured_media":0,"comment_status":"open","ping_status":"open","sticky":false,"template":"","format":"standard","meta":{"footnotes":""},"categories":[2],"tags":[],"acf":[],"yoast_head":"<!-- This site is optimized with the Yoast SEO plugin v20.1 - https:\/\/yoast.com\/wordpress\/plugins\/seo\/ -->\n<title>A Cazzago la ciclabile si fa bici in spalla<\/title>\n<meta name=\"description\" content=\"Sottopassi e una galleria per attraversare la strada: ma non tutti i ciclisti hanno gradito la soluzione\" \/>\n<meta name=\"robots\" content=\"noindex, follow, max-snippet:-1, max-image-preview:large, max-video-preview:-1\" \/>\n<meta property=\"og:locale\" content=\"it_IT\" \/>\n<meta property=\"og:type\" content=\"article\" \/>\n<meta property=\"og:title\" content=\"A Cazzago la ciclabile si fa bici in spalla\" \/>\n<meta property=\"og:description\" content=\"Sottopassi e una galleria per attraversare la strada: ma non tutti i ciclisti hanno gradito la soluzione\" \/>\n<meta property=\"og:url\" content=\"https:\/\/staging.varesenews.it\/2006\/09\/a-cazzago-la-ciclabile-si-fa-bici-in-spalla\/248689\/\" \/>\n<meta property=\"og:site_name\" content=\"VareseNews\" \/>\n<meta property=\"article:publisher\" content=\"https:\/\/www.facebook.com\/varesenews\" \/>\n<meta property=\"article:published_time\" content=\"2006-09-24T00:00:00+00:00\" \/>\n<meta name=\"author\" content=\"Redazione VareseNews\" \/>\n<meta name=\"twitter:card\" content=\"summary_large_image\" \/>\n<meta name=\"twitter:creator\" content=\"@varesenews\" \/>\n<meta name=\"twitter:site\" content=\"@varesenews\" \/>\n<meta name=\"twitter:label1\" content=\"Scritto da\" \/>\n\t<meta name=\"twitter:data1\" content=\"Redazione VareseNews\" \/>\n\t<meta name=\"twitter:label2\" content=\"Tempo di lettura stimato\" \/>\n\t<meta name=\"twitter:data2\" content=\"2 minuti\" \/>\n<script type=\"application\/ld+json\" class=\"yoast-schema-graph\">{\"@context\":\"https:\/\/schema.org\",\"@graph\":[{\"@type\":\"WebPage\",\"@id\":\"https:\/\/staging.varesenews.it\/2006\/09\/a-cazzago-la-ciclabile-si-fa-bici-in-spalla\/248689\/\",\"url\":\"https:\/\/staging.varesenews.it\/2006\/09\/a-cazzago-la-ciclabile-si-fa-bici-in-spalla\/248689\/\",\"name\":\"A Cazzago la ciclabile si fa bici in spalla\",\"isPartOf\":{\"@id\":\"https:\/\/staging.varesenews.it\/#website\"},\"datePublished\":\"2006-09-24T00:00:00+00:00\",\"dateModified\":\"2006-09-24T00:00:00+00:00\",\"author\":{\"@id\":\"https:\/\/staging.varesenews.it\/#\/schema\/person\/fb20c4da0b7b16c291707a20db73e169\"},\"description\":\"Sottopassi e una galleria per attraversare la strada: ma non tutti i ciclisti hanno gradito la soluzione\",\"breadcrumb\":{\"@id\":\"https:\/\/staging.varesenews.it\/2006\/09\/a-cazzago-la-ciclabile-si-fa-bici-in-spalla\/248689\/#breadcrumb\"},\"inLanguage\":\"it-IT\",\"potentialAction\":[{\"@type\":\"ReadAction\",\"target\":[\"https:\/\/staging.varesenews.it\/2006\/09\/a-cazzago-la-ciclabile-si-fa-bici-in-spalla\/248689\/\"]}]},{\"@type\":\"BreadcrumbList\",\"@id\":\"https:\/\/staging.varesenews.it\/2006\/09\/a-cazzago-la-ciclabile-si-fa-bici-in-spalla\/248689\/#breadcrumb\",\"itemListElement\":[{\"@type\":\"ListItem\",\"position\":1,\"name\":\"Home\",\"item\":\"https:\/\/www.varesenews.it\/\"},{\"@type\":\"ListItem\",\"position\":2,\"name\":\"A Cazzago la ciclabile si fa bici in spalla\"}]},{\"@type\":\"WebSite\",\"@id\":\"https:\/\/staging.varesenews.it\/#website\",\"url\":\"https:\/\/staging.varesenews.it\/\",\"name\":\"VareseNews\",\"description\":\"\",\"potentialAction\":[{\"@type\":\"SearchAction\",\"target\":{\"@type\":\"EntryPoint\",\"urlTemplate\":\"https:\/\/staging.varesenews.it\/?s={search_term_string}\"},\"query-input\":\"required name=search_term_string\"}],\"inLanguage\":\"it-IT\"},{\"@type\":\"Person\",\"@id\":\"https:\/\/staging.varesenews.it\/#\/schema\/person\/fb20c4da0b7b16c291707a20db73e169\",\"name\":\"Redazione VareseNews\",\"image\":{\"@type\":\"ImageObject\",\"inLanguage\":\"it-IT\",\"@id\":\"https:\/\/staging.varesenews.it\/#\/schema\/person\/image\/\",\"url\":\"https:\/\/staging.varesenews.it\/wp-content\/uploads\/2020\/12\/logo_VN_colori_500.png\",\"contentUrl\":\"https:\/\/staging.varesenews.it\/wp-content\/uploads\/2020\/12\/logo_VN_colori_500.png\",\"caption\":\"Redazione VareseNews\"},\"url\":\"https:\/\/staging.varesenews.it\/persona\/redazione1\/\"}]}<\/script>\n<!-- \/ Yoast SEO plugin. -->","yoast_head_json":{"title":"A Cazzago la ciclabile si fa bici in spalla","description":"Sottopassi e una galleria per attraversare la strada: ma non tutti i ciclisti hanno gradito la soluzione","robots":{"index":"noindex","follow":"follow","max-snippet":"max-snippet:-1","max-image-preview":"max-image-preview:large","max-video-preview":"max-video-preview:-1"},"og_locale":"it_IT","og_type":"article","og_title":"A Cazzago la ciclabile si fa bici in spalla","og_description":"Sottopassi e una galleria per attraversare la strada: ma non tutti i ciclisti hanno gradito la soluzione","og_url":"https:\/\/staging.varesenews.it\/2006\/09\/a-cazzago-la-ciclabile-si-fa-bici-in-spalla\/248689\/","og_site_name":"VareseNews","article_publisher":"https:\/\/www.facebook.com\/varesenews","article_published_time":"2006-09-24T00:00:00+00:00","author":"Redazione VareseNews","twitter_card":"summary_large_image","twitter_creator":"@varesenews","twitter_site":"@varesenews","twitter_misc":{"Scritto da":"Redazione VareseNews","Tempo di lettura stimato":"2 minuti"},"schema":{"@context":"https:\/\/schema.org","@graph":[{"@type":"WebPage","@id":"https:\/\/staging.varesenews.it\/2006\/09\/a-cazzago-la-ciclabile-si-fa-bici-in-spalla\/248689\/","url":"https:\/\/staging.varesenews.it\/2006\/09\/a-cazzago-la-ciclabile-si-fa-bici-in-spalla\/248689\/","name":"A Cazzago la ciclabile si fa bici in spalla","isPartOf":{"@id":"https:\/\/staging.varesenews.it\/#website"},"datePublished":"2006-09-24T00:00:00+00:00","dateModified":"2006-09-24T00:00:00+00:00","author":{"@id":"https:\/\/staging.varesenews.it\/#\/schema\/person\/fb20c4da0b7b16c291707a20db73e169"},"description":"Sottopassi e una galleria per attraversare la strada: ma non tutti i ciclisti hanno gradito la soluzione","breadcrumb":{"@id":"https:\/\/staging.varesenews.it\/2006\/09\/a-cazzago-la-ciclabile-si-fa-bici-in-spalla\/248689\/#breadcrumb"},"inLanguage":"it-IT","potentialAction":[{"@type":"ReadAction","target":["https:\/\/staging.varesenews.it\/2006\/09\/a-cazzago-la-ciclabile-si-fa-bici-in-spalla\/248689\/"]}]},{"@type":"BreadcrumbList","@id":"https:\/\/staging.varesenews.it\/2006\/09\/a-cazzago-la-ciclabile-si-fa-bici-in-spalla\/248689\/#breadcrumb","itemListElement":[{"@type":"ListItem","position":1,"name":"Home","item":"https:\/\/www.varesenews.it\/"},{"@type":"ListItem","position":2,"name":"A Cazzago la ciclabile si fa bici in spalla"}]},{"@type":"WebSite","@id":"https:\/\/staging.varesenews.it\/#website","url":"https:\/\/staging.varesenews.it\/","name":"VareseNews","description":"","potentialAction":[{"@type":"SearchAction","target":{"@type":"EntryPoint","urlTemplate":"https:\/\/staging.varesenews.it\/?s={search_term_string}"},"query-input":"required name=search_term_string"}],"inLanguage":"it-IT"},{"@type":"Person","@id":"https:\/\/staging.varesenews.it\/#\/schema\/person\/fb20c4da0b7b16c291707a20db73e169","name":"Redazione VareseNews","image":{"@type":"ImageObject","inLanguage":"it-IT","@id":"https:\/\/staging.varesenews.it\/#\/schema\/person\/image\/","url":"https:\/\/staging.varesenews.it\/wp-content\/uploads\/2020\/12\/logo_VN_colori_500.png","contentUrl":"https:\/\/staging.varesenews.it\/wp-content\/uploads\/2020\/12\/logo_VN_colori_500.png","caption":"Redazione VareseNews"},"url":"https:\/\/staging.varesenews.it\/persona\/redazione1\/"}]}},"post_meta":{"id_old":"56416","argomento":"Varese","id_link_fotogallery":"314051,314048"},"photos":[],"_links":{"self":[{"href":"https:\/\/staging.varesenews.it\/swgapi\/v1\/wp\/v2\/posts\/248689"}],"collection":[{"href":"https:\/\/staging.varesenews.it\/swgapi\/v1\/wp\/v2\/posts"}],"about":[{"href":"https:\/\/staging.varesenews.it\/swgapi\/v1\/wp\/v2\/types\/post"}],"author":[{"embeddable":true,"href":"https:\/\/staging.varesenews.it\/swgapi\/v1\/wp\/v2\/users\/10"}],"replies":[{"embeddable":true,"href":"https:\/\/staging.varesenews.it\/swgapi\/v1\/wp\/v2\/comments?post=248689"}],"version-history":[{"count":0,"href":"https:\/\/staging.varesenews.it\/swgapi\/v1\/wp\/v2\/posts\/248689\/revisions"}],"wp:attachment":[{"href":"https:\/\/staging.varesenews.it\/swgapi\/v1\/wp\/v2\/media?parent=248689"}],"wp:term":[{"taxonomy":"category","embeddable":true,"href":"https:\/\/staging.varesenews.it\/swgapi\/v1\/wp\/v2\/categories?post=248689"},{"taxonomy":"post_tag","embeddable":true,"href":"https:\/\/staging.varesenews.it\/swgapi\/v1\/wp\/v2\/tags?post=248689"}],"curies":[{"name":"wp","href":"https:\/\/api.w.org\/{rel}","templated":true}]}}