{"id":249875,"date":"2006-08-28T00:00:00","date_gmt":"2006-08-28T00:00:00","guid":{"rendered":""},"modified":"2006-08-28T00:00:00","modified_gmt":"2006-08-28T00:00:00","slug":"somma-lombardo-rivoluziona-le-strade","status":"publish","type":"post","link":"https:\/\/staging.varesenews.it\/2006\/08\/somma-lombardo-rivoluziona-le-strade\/249875\/","title":{"rendered":"Somma Lombardo rivoluziona le strade"},"content":{"rendered":"<p class=\"MsoNormal\" style=\"MARGIN: 0cm 0cm 0pt\">Novit\u00e0 in vista con l\u2019arrivo di settembre, per la viabilit\u00e0 di Somma Lombardo. A partire da venerd\u00ec 1, infatti, si dar\u00e0 inizio alla <b>nuova viabilit\u00e0 nelle vie Borgonuovo e Carducci<\/b>. Nella prima verr\u00e0 istituito un senso unico dall\u2019ingresso di via Garzonio all\u2019incrocio con via Carducci, mentre nel tratto che va dall\u2019incrocio di quest\u2019ultima alla via Pascoli il senso di marcia sar\u00e0 possibile in entrambe le direzioni. In <b>via Carducci<\/b>, invece, verr\u00e0 istituito un senso unico dall\u2019incrocio con via Borgonuovo fino a alle scuole di via Manzoni. A tale proposito, la Polizia Locale consiglia di utilizzare il senso rotatorio di via Don Selva per immettersi in via Binaghi in uscita da via Manzoni: la semplice svolta a destra allo stop di quest\u2019ultima comporta infatti meno rischi<span style=\"mso-spacerun: yes\">\u00a0 <\/span>rispetto all\u2019attraversamento della carreggiata stradale. <\/p>\n<p class=\"MsoNormal\" style=\"MARGIN: 0cm 0cm 0pt\">\u00a0<\/p>\n<p class=\"MsoNormal\" style=\"MARGIN: 0cm 0cm 0pt\"><span style=\"FONT-SIZE: 12pt; FONT-FAMILY: \">Inoltre, nell\u2019ottica di uno snellimento del traffico da e per Malpensa, il 1 <img decoding=\"async\" hspace=\"3\" src=\"https:\/\/www3.varesenews.it\/immagini_articoli\/200608\/modifiche%20via%20Giusti.jpg\" align=\"right\" vspace=\"3\" border=\"0\" \/>settembre partir\u00e0 anche <b>una nuova viabilit\u00e0 sperimentale per quanto concerne via Marconi e via Giusti<\/b>. Il periodo di sperimentazione piuttosto lungo, sei mesi, nelle intenzioni della Polizia Locale servir\u00e0 a far perdere le vecchie abitudini agli automobilisti. In dettaglio, la variazione che riguardano l\u2019accesso a <b>via Marconi<\/b> consistono nell\u2019obbligo dell\u2019uso della rotonda di largo degli Alpini per i veicoli provenienti da corso Europa. Per quanto riguarda <b>via Giusti<\/b> invece, la sperimentazione prevede due fasi. Nella prima sar\u00e0 istituito un senso unico lungo tutta la strada fino alla rotonda di san Rocco, mentre con la seconda sar\u00e0 consentito il doppio senso di circolazione ai residenti delle strade comprese tra via Quadro e corso Repubblica. Al termine della sperimentazione, <b>via Giusti sar\u00e0 inoltre oggetto di ulteriori modifiche<\/b> volte a snellire ulteriormente il traffico nell\u2019area del mercatro e nelle via limitrofe. <\/span><\/p>\n","protected":false},"excerpt":{"rendered":"<p>Dal 1 settembre nuova viabilit\u00e0 nelle vie Borgonuovo e Carducci e sperimentazione di sei mesi nelle vie Marconi e Giusti<\/p>\n","protected":false},"author":10,"featured_media":0,"comment_status":"open","ping_status":"open","sticky":false,"template":"","format":"standard","meta":{"footnotes":""},"categories":[3],"tags":[],"acf":[],"yoast_head":"<!-- This site is optimized with the Yoast SEO plugin v20.1 - https:\/\/yoast.com\/wordpress\/plugins\/seo\/ -->\n<title>Somma Lombardo rivoluziona le strade<\/title>\n<meta name=\"description\" content=\"Dal 1 settembre nuova viabilit\u00e0 nelle vie Borgonuovo e Carducci e sperimentazione di sei mesi nelle vie Marconi e Giusti\" \/>\n<meta name=\"robots\" content=\"noindex, follow, max-snippet:-1, max-image-preview:large, max-video-preview:-1\" \/>\n<meta property=\"og:locale\" content=\"it_IT\" \/>\n<meta property=\"og:type\" content=\"article\" \/>\n<meta property=\"og:title\" content=\"Somma Lombardo rivoluziona le strade\" \/>\n<meta property=\"og:description\" content=\"Dal 1 settembre nuova viabilit\u00e0 nelle vie Borgonuovo e Carducci e sperimentazione di sei mesi nelle vie Marconi e Giusti\" \/>\n<meta property=\"og:url\" content=\"https:\/\/staging.varesenews.it\/2006\/08\/somma-lombardo-rivoluziona-le-strade\/249875\/\" \/>\n<meta property=\"og:site_name\" content=\"VareseNews\" \/>\n<meta property=\"article:publisher\" content=\"https:\/\/www.facebook.com\/varesenews\" \/>\n<meta property=\"article:published_time\" content=\"2006-08-28T00:00:00+00:00\" \/>\n<meta property=\"og:image\" content=\"https:\/\/www3.varesenews.it\/immagini_articoli\/200608\/modifiche%20via%20Giusti.jpg\" \/>\n<meta name=\"author\" content=\"Redazione VareseNews\" \/>\n<meta name=\"twitter:card\" content=\"summary_large_image\" \/>\n<meta name=\"twitter:creator\" content=\"@varesenews\" \/>\n<meta name=\"twitter:site\" content=\"@varesenews\" \/>\n<meta name=\"twitter:label1\" content=\"Scritto da\" \/>\n\t<meta name=\"twitter:data1\" content=\"Redazione VareseNews\" \/>\n\t<meta name=\"twitter:label2\" content=\"Tempo di lettura stimato\" \/>\n\t<meta name=\"twitter:data2\" content=\"1 minuto\" \/>\n<script type=\"application\/ld+json\" class=\"yoast-schema-graph\">{\"@context\":\"https:\/\/schema.org\",\"@graph\":[{\"@type\":\"WebPage\",\"@id\":\"https:\/\/staging.varesenews.it\/2006\/08\/somma-lombardo-rivoluziona-le-strade\/249875\/\",\"url\":\"https:\/\/staging.varesenews.it\/2006\/08\/somma-lombardo-rivoluziona-le-strade\/249875\/\",\"name\":\"Somma Lombardo rivoluziona le strade\",\"isPartOf\":{\"@id\":\"https:\/\/staging.varesenews.it\/#website\"},\"datePublished\":\"2006-08-28T00:00:00+00:00\",\"dateModified\":\"2006-08-28T00:00:00+00:00\",\"author\":{\"@id\":\"https:\/\/staging.varesenews.it\/#\/schema\/person\/fb20c4da0b7b16c291707a20db73e169\"},\"description\":\"Dal 1 settembre nuova viabilit\u00e0 nelle vie Borgonuovo e Carducci e sperimentazione di sei mesi nelle vie Marconi e Giusti\",\"breadcrumb\":{\"@id\":\"https:\/\/staging.varesenews.it\/2006\/08\/somma-lombardo-rivoluziona-le-strade\/249875\/#breadcrumb\"},\"inLanguage\":\"it-IT\",\"potentialAction\":[{\"@type\":\"ReadAction\",\"target\":[\"https:\/\/staging.varesenews.it\/2006\/08\/somma-lombardo-rivoluziona-le-strade\/249875\/\"]}]},{\"@type\":\"BreadcrumbList\",\"@id\":\"https:\/\/staging.varesenews.it\/2006\/08\/somma-lombardo-rivoluziona-le-strade\/249875\/#breadcrumb\",\"itemListElement\":[{\"@type\":\"ListItem\",\"position\":1,\"name\":\"Home\",\"item\":\"https:\/\/www.varesenews.it\/\"},{\"@type\":\"ListItem\",\"position\":2,\"name\":\"Somma Lombardo rivoluziona le strade\"}]},{\"@type\":\"WebSite\",\"@id\":\"https:\/\/staging.varesenews.it\/#website\",\"url\":\"https:\/\/staging.varesenews.it\/\",\"name\":\"VareseNews\",\"description\":\"\",\"potentialAction\":[{\"@type\":\"SearchAction\",\"target\":{\"@type\":\"EntryPoint\",\"urlTemplate\":\"https:\/\/staging.varesenews.it\/?s={search_term_string}\"},\"query-input\":\"required name=search_term_string\"}],\"inLanguage\":\"it-IT\"},{\"@type\":\"Person\",\"@id\":\"https:\/\/staging.varesenews.it\/#\/schema\/person\/fb20c4da0b7b16c291707a20db73e169\",\"name\":\"Redazione VareseNews\",\"image\":{\"@type\":\"ImageObject\",\"inLanguage\":\"it-IT\",\"@id\":\"https:\/\/staging.varesenews.it\/#\/schema\/person\/image\/\",\"url\":\"https:\/\/staging.varesenews.it\/wp-content\/uploads\/2020\/12\/logo_VN_colori_500.png\",\"contentUrl\":\"https:\/\/staging.varesenews.it\/wp-content\/uploads\/2020\/12\/logo_VN_colori_500.png\",\"caption\":\"Redazione VareseNews\"},\"url\":\"https:\/\/staging.varesenews.it\/persona\/redazione1\/\"}]}<\/script>\n<!-- \/ Yoast SEO plugin. -->","yoast_head_json":{"title":"Somma Lombardo rivoluziona le strade","description":"Dal 1 settembre nuova viabilit\u00e0 nelle vie Borgonuovo e Carducci e sperimentazione di sei mesi nelle vie Marconi e Giusti","robots":{"index":"noindex","follow":"follow","max-snippet":"max-snippet:-1","max-image-preview":"max-image-preview:large","max-video-preview":"max-video-preview:-1"},"og_locale":"it_IT","og_type":"article","og_title":"Somma Lombardo rivoluziona le strade","og_description":"Dal 1 settembre nuova viabilit\u00e0 nelle vie Borgonuovo e Carducci e sperimentazione di sei mesi nelle vie Marconi e Giusti","og_url":"https:\/\/staging.varesenews.it\/2006\/08\/somma-lombardo-rivoluziona-le-strade\/249875\/","og_site_name":"VareseNews","article_publisher":"https:\/\/www.facebook.com\/varesenews","article_published_time":"2006-08-28T00:00:00+00:00","og_image":[{"url":"https:\/\/www3.varesenews.it\/immagini_articoli\/200608\/modifiche%20via%20Giusti.jpg"}],"author":"Redazione VareseNews","twitter_card":"summary_large_image","twitter_creator":"@varesenews","twitter_site":"@varesenews","twitter_misc":{"Scritto da":"Redazione VareseNews","Tempo di lettura stimato":"1 minuto"},"schema":{"@context":"https:\/\/schema.org","@graph":[{"@type":"WebPage","@id":"https:\/\/staging.varesenews.it\/2006\/08\/somma-lombardo-rivoluziona-le-strade\/249875\/","url":"https:\/\/staging.varesenews.it\/2006\/08\/somma-lombardo-rivoluziona-le-strade\/249875\/","name":"Somma Lombardo rivoluziona le strade","isPartOf":{"@id":"https:\/\/staging.varesenews.it\/#website"},"datePublished":"2006-08-28T00:00:00+00:00","dateModified":"2006-08-28T00:00:00+00:00","author":{"@id":"https:\/\/staging.varesenews.it\/#\/schema\/person\/fb20c4da0b7b16c291707a20db73e169"},"description":"Dal 1 settembre nuova viabilit\u00e0 nelle vie Borgonuovo e Carducci e sperimentazione di sei mesi nelle vie Marconi e Giusti","breadcrumb":{"@id":"https:\/\/staging.varesenews.it\/2006\/08\/somma-lombardo-rivoluziona-le-strade\/249875\/#breadcrumb"},"inLanguage":"it-IT","potentialAction":[{"@type":"ReadAction","target":["https:\/\/staging.varesenews.it\/2006\/08\/somma-lombardo-rivoluziona-le-strade\/249875\/"]}]},{"@type":"BreadcrumbList","@id":"https:\/\/staging.varesenews.it\/2006\/08\/somma-lombardo-rivoluziona-le-strade\/249875\/#breadcrumb","itemListElement":[{"@type":"ListItem","position":1,"name":"Home","item":"https:\/\/www.varesenews.it\/"},{"@type":"ListItem","position":2,"name":"Somma Lombardo rivoluziona le strade"}]},{"@type":"WebSite","@id":"https:\/\/staging.varesenews.it\/#website","url":"https:\/\/staging.varesenews.it\/","name":"VareseNews","description":"","potentialAction":[{"@type":"SearchAction","target":{"@type":"EntryPoint","urlTemplate":"https:\/\/staging.varesenews.it\/?s={search_term_string}"},"query-input":"required name=search_term_string"}],"inLanguage":"it-IT"},{"@type":"Person","@id":"https:\/\/staging.varesenews.it\/#\/schema\/person\/fb20c4da0b7b16c291707a20db73e169","name":"Redazione VareseNews","image":{"@type":"ImageObject","inLanguage":"it-IT","@id":"https:\/\/staging.varesenews.it\/#\/schema\/person\/image\/","url":"https:\/\/staging.varesenews.it\/wp-content\/uploads\/2020\/12\/logo_VN_colori_500.png","contentUrl":"https:\/\/staging.varesenews.it\/wp-content\/uploads\/2020\/12\/logo_VN_colori_500.png","caption":"Redazione VareseNews"},"url":"https:\/\/staging.varesenews.it\/persona\/redazione1\/"}]}},"post_meta":{"id_old":"54818","argomento":"Somma Lombardo","autore_old":"Michele Mezzanzanica"},"photos":[],"_links":{"self":[{"href":"https:\/\/staging.varesenews.it\/swgapi\/v1\/wp\/v2\/posts\/249875"}],"collection":[{"href":"https:\/\/staging.varesenews.it\/swgapi\/v1\/wp\/v2\/posts"}],"about":[{"href":"https:\/\/staging.varesenews.it\/swgapi\/v1\/wp\/v2\/types\/post"}],"author":[{"embeddable":true,"href":"https:\/\/staging.varesenews.it\/swgapi\/v1\/wp\/v2\/users\/10"}],"replies":[{"embeddable":true,"href":"https:\/\/staging.varesenews.it\/swgapi\/v1\/wp\/v2\/comments?post=249875"}],"version-history":[{"count":0,"href":"https:\/\/staging.varesenews.it\/swgapi\/v1\/wp\/v2\/posts\/249875\/revisions"}],"wp:attachment":[{"href":"https:\/\/staging.varesenews.it\/swgapi\/v1\/wp\/v2\/media?parent=249875"}],"wp:term":[{"taxonomy":"category","embeddable":true,"href":"https:\/\/staging.varesenews.it\/swgapi\/v1\/wp\/v2\/categories?post=249875"},{"taxonomy":"post_tag","embeddable":true,"href":"https:\/\/staging.varesenews.it\/swgapi\/v1\/wp\/v2\/tags?post=249875"}],"curies":[{"name":"wp","href":"https:\/\/api.w.org\/{rel}","templated":true}]}}