{"id":250116,"date":"2006-08-17T00:00:00","date_gmt":"2006-08-17T00:00:00","guid":{"rendered":""},"modified":"2006-08-17T00:00:00","modified_gmt":"2006-08-17T00:00:00","slug":"saronno-sud-piu-accessibile-con-una-nuova-rotonda","status":"publish","type":"post","link":"https:\/\/staging.varesenews.it\/2006\/08\/saronno-sud-piu-accessibile-con-una-nuova-rotonda\/250116\/","title":{"rendered":"Saronno Sud pi\u00f9 accessibile con una nuova rotonda"},"content":{"rendered":"<p class=\"MsoNormal\" style=\"MARGIN: 0cm 0cm 0pt\">La Rotonda per la stazione di Saronno Sud \u00e8 sempre pi\u00f9 vicina, infatti a settembre dovrebbero essere appaltati i lavori per la realizzazione dell\u2019opera che coster\u00e0 circa un milione di euro. La rotonda in questione, all\u2019incrocio tra Viale Lombardia e via Don Sturzo, risolver\u00e0 un grosso problema viabilistico di Saronno, eliminando, o per lo meno riducendo, le code che si formano da Solaro Verso Saronno, intasando anche le via limitrofe. <\/p>\n<p class=\"MsoNormal\" style=\"MARGIN: 0cm 0cm 0pt\">La realizzazione della rotonda in questione \u00e8 gi\u00e0 finanziata: il costo di 1,05 milioni di euro \u00e8 pagato per 450 mila euro dalla provincia di Varese, per 100 mila dallo Stato e per il resto dal Comune di Saronno. \u00abl contributo della Provincia \u00e8 stato accolto dal Consiglio Comunale lo scorso 11 luglio.<br \/>Il contributo dello Stato \u00e8 dello scorso mese di marzo \u2013 spiega il sindaco Pierluigi Gilli -. Confido che si possa procedere all&#8217;appalto dei lavori a partire dal prossimo settembre. Abbiamo subito un ritardo, dovuto al venir meno di un contributo della Regione, per\u00f2 poi sostituito dalla Provincia\u00bb.<br \/>Prosegue quindi il potenziamento della seconda stazione ferroviaria della citt\u00e0, chiamata Saronno Sud, la cui accessibilit\u00e0 \u00e8 in continuo miglioramento. <\/p>\n","protected":false},"excerpt":{"rendered":"<p>I lavori per l\u2019opera all\u2019incrocio tra Viale Lombardia e via Don Sturzo saranno appaltati a settembre<\/p>\n","protected":false},"author":10,"featured_media":0,"comment_status":"open","ping_status":"open","sticky":false,"template":"","format":"standard","meta":{"footnotes":""},"categories":[5],"tags":[],"acf":[],"yoast_head":"<!-- This site is optimized with the Yoast SEO plugin v20.1 - https:\/\/yoast.com\/wordpress\/plugins\/seo\/ -->\n<title>Saronno Sud pi\u00f9 accessibile con una nuova rotonda<\/title>\n<meta name=\"description\" content=\"I lavori per l\u2019opera all\u2019incrocio tra Viale Lombardia e via Don Sturzo saranno appaltati a settembre\" \/>\n<meta name=\"robots\" content=\"noindex, follow, max-snippet:-1, max-image-preview:large, max-video-preview:-1\" \/>\n<meta property=\"og:locale\" content=\"it_IT\" \/>\n<meta property=\"og:type\" content=\"article\" \/>\n<meta property=\"og:title\" content=\"Saronno Sud pi\u00f9 accessibile con una nuova rotonda\" \/>\n<meta property=\"og:description\" content=\"I lavori per l\u2019opera all\u2019incrocio tra Viale Lombardia e via Don Sturzo saranno appaltati a settembre\" \/>\n<meta property=\"og:url\" content=\"https:\/\/staging.varesenews.it\/2006\/08\/saronno-sud-piu-accessibile-con-una-nuova-rotonda\/250116\/\" \/>\n<meta property=\"og:site_name\" content=\"VareseNews\" \/>\n<meta property=\"article:publisher\" content=\"https:\/\/www.facebook.com\/varesenews\" \/>\n<meta property=\"article:published_time\" content=\"2006-08-17T00:00:00+00:00\" \/>\n<meta name=\"author\" content=\"Redazione VareseNews\" \/>\n<meta name=\"twitter:card\" content=\"summary_large_image\" \/>\n<meta name=\"twitter:creator\" content=\"@varesenews\" \/>\n<meta name=\"twitter:site\" content=\"@varesenews\" \/>\n<meta name=\"twitter:label1\" content=\"Scritto da\" \/>\n\t<meta name=\"twitter:data1\" content=\"Redazione VareseNews\" \/>\n\t<meta name=\"twitter:label2\" content=\"Tempo di lettura stimato\" \/>\n\t<meta name=\"twitter:data2\" content=\"1 minuto\" \/>\n<script type=\"application\/ld+json\" class=\"yoast-schema-graph\">{\"@context\":\"https:\/\/schema.org\",\"@graph\":[{\"@type\":\"WebPage\",\"@id\":\"https:\/\/staging.varesenews.it\/2006\/08\/saronno-sud-piu-accessibile-con-una-nuova-rotonda\/250116\/\",\"url\":\"https:\/\/staging.varesenews.it\/2006\/08\/saronno-sud-piu-accessibile-con-una-nuova-rotonda\/250116\/\",\"name\":\"Saronno Sud pi\u00f9 accessibile con una nuova rotonda\",\"isPartOf\":{\"@id\":\"https:\/\/staging.varesenews.it\/#website\"},\"datePublished\":\"2006-08-17T00:00:00+00:00\",\"dateModified\":\"2006-08-17T00:00:00+00:00\",\"author\":{\"@id\":\"https:\/\/staging.varesenews.it\/#\/schema\/person\/fb20c4da0b7b16c291707a20db73e169\"},\"description\":\"I lavori per l\u2019opera all\u2019incrocio tra Viale Lombardia e via Don Sturzo saranno appaltati a settembre\",\"breadcrumb\":{\"@id\":\"https:\/\/staging.varesenews.it\/2006\/08\/saronno-sud-piu-accessibile-con-una-nuova-rotonda\/250116\/#breadcrumb\"},\"inLanguage\":\"it-IT\",\"potentialAction\":[{\"@type\":\"ReadAction\",\"target\":[\"https:\/\/staging.varesenews.it\/2006\/08\/saronno-sud-piu-accessibile-con-una-nuova-rotonda\/250116\/\"]}]},{\"@type\":\"BreadcrumbList\",\"@id\":\"https:\/\/staging.varesenews.it\/2006\/08\/saronno-sud-piu-accessibile-con-una-nuova-rotonda\/250116\/#breadcrumb\",\"itemListElement\":[{\"@type\":\"ListItem\",\"position\":1,\"name\":\"Home\",\"item\":\"https:\/\/www.varesenews.it\/\"},{\"@type\":\"ListItem\",\"position\":2,\"name\":\"Saronno Sud pi\u00f9 accessibile con una nuova rotonda\"}]},{\"@type\":\"WebSite\",\"@id\":\"https:\/\/staging.varesenews.it\/#website\",\"url\":\"https:\/\/staging.varesenews.it\/\",\"name\":\"VareseNews\",\"description\":\"\",\"potentialAction\":[{\"@type\":\"SearchAction\",\"target\":{\"@type\":\"EntryPoint\",\"urlTemplate\":\"https:\/\/staging.varesenews.it\/?s={search_term_string}\"},\"query-input\":\"required name=search_term_string\"}],\"inLanguage\":\"it-IT\"},{\"@type\":\"Person\",\"@id\":\"https:\/\/staging.varesenews.it\/#\/schema\/person\/fb20c4da0b7b16c291707a20db73e169\",\"name\":\"Redazione VareseNews\",\"image\":{\"@type\":\"ImageObject\",\"inLanguage\":\"it-IT\",\"@id\":\"https:\/\/staging.varesenews.it\/#\/schema\/person\/image\/\",\"url\":\"https:\/\/staging.varesenews.it\/wp-content\/uploads\/2020\/12\/logo_VN_colori_500.png\",\"contentUrl\":\"https:\/\/staging.varesenews.it\/wp-content\/uploads\/2020\/12\/logo_VN_colori_500.png\",\"caption\":\"Redazione VareseNews\"},\"url\":\"https:\/\/staging.varesenews.it\/persona\/redazione1\/\"}]}<\/script>\n<!-- \/ Yoast SEO plugin. -->","yoast_head_json":{"title":"Saronno Sud pi\u00f9 accessibile con una nuova rotonda","description":"I lavori per l\u2019opera all\u2019incrocio tra Viale Lombardia e via Don Sturzo saranno appaltati a settembre","robots":{"index":"noindex","follow":"follow","max-snippet":"max-snippet:-1","max-image-preview":"max-image-preview:large","max-video-preview":"max-video-preview:-1"},"og_locale":"it_IT","og_type":"article","og_title":"Saronno Sud pi\u00f9 accessibile con una nuova rotonda","og_description":"I lavori per l\u2019opera all\u2019incrocio tra Viale Lombardia e via Don Sturzo saranno appaltati a settembre","og_url":"https:\/\/staging.varesenews.it\/2006\/08\/saronno-sud-piu-accessibile-con-una-nuova-rotonda\/250116\/","og_site_name":"VareseNews","article_publisher":"https:\/\/www.facebook.com\/varesenews","article_published_time":"2006-08-17T00:00:00+00:00","author":"Redazione VareseNews","twitter_card":"summary_large_image","twitter_creator":"@varesenews","twitter_site":"@varesenews","twitter_misc":{"Scritto da":"Redazione VareseNews","Tempo di lettura stimato":"1 minuto"},"schema":{"@context":"https:\/\/schema.org","@graph":[{"@type":"WebPage","@id":"https:\/\/staging.varesenews.it\/2006\/08\/saronno-sud-piu-accessibile-con-una-nuova-rotonda\/250116\/","url":"https:\/\/staging.varesenews.it\/2006\/08\/saronno-sud-piu-accessibile-con-una-nuova-rotonda\/250116\/","name":"Saronno Sud pi\u00f9 accessibile con una nuova rotonda","isPartOf":{"@id":"https:\/\/staging.varesenews.it\/#website"},"datePublished":"2006-08-17T00:00:00+00:00","dateModified":"2006-08-17T00:00:00+00:00","author":{"@id":"https:\/\/staging.varesenews.it\/#\/schema\/person\/fb20c4da0b7b16c291707a20db73e169"},"description":"I lavori per l\u2019opera all\u2019incrocio tra Viale Lombardia e via Don Sturzo saranno appaltati a settembre","breadcrumb":{"@id":"https:\/\/staging.varesenews.it\/2006\/08\/saronno-sud-piu-accessibile-con-una-nuova-rotonda\/250116\/#breadcrumb"},"inLanguage":"it-IT","potentialAction":[{"@type":"ReadAction","target":["https:\/\/staging.varesenews.it\/2006\/08\/saronno-sud-piu-accessibile-con-una-nuova-rotonda\/250116\/"]}]},{"@type":"BreadcrumbList","@id":"https:\/\/staging.varesenews.it\/2006\/08\/saronno-sud-piu-accessibile-con-una-nuova-rotonda\/250116\/#breadcrumb","itemListElement":[{"@type":"ListItem","position":1,"name":"Home","item":"https:\/\/www.varesenews.it\/"},{"@type":"ListItem","position":2,"name":"Saronno Sud pi\u00f9 accessibile con una nuova rotonda"}]},{"@type":"WebSite","@id":"https:\/\/staging.varesenews.it\/#website","url":"https:\/\/staging.varesenews.it\/","name":"VareseNews","description":"","potentialAction":[{"@type":"SearchAction","target":{"@type":"EntryPoint","urlTemplate":"https:\/\/staging.varesenews.it\/?s={search_term_string}"},"query-input":"required name=search_term_string"}],"inLanguage":"it-IT"},{"@type":"Person","@id":"https:\/\/staging.varesenews.it\/#\/schema\/person\/fb20c4da0b7b16c291707a20db73e169","name":"Redazione VareseNews","image":{"@type":"ImageObject","inLanguage":"it-IT","@id":"https:\/\/staging.varesenews.it\/#\/schema\/person\/image\/","url":"https:\/\/staging.varesenews.it\/wp-content\/uploads\/2020\/12\/logo_VN_colori_500.png","contentUrl":"https:\/\/staging.varesenews.it\/wp-content\/uploads\/2020\/12\/logo_VN_colori_500.png","caption":"Redazione VareseNews"},"url":"https:\/\/staging.varesenews.it\/persona\/redazione1\/"}]}},"post_meta":{"id_old":"54484","argomento":"Saronno","autore_old":"M.S."},"photos":[],"_links":{"self":[{"href":"https:\/\/staging.varesenews.it\/swgapi\/v1\/wp\/v2\/posts\/250116"}],"collection":[{"href":"https:\/\/staging.varesenews.it\/swgapi\/v1\/wp\/v2\/posts"}],"about":[{"href":"https:\/\/staging.varesenews.it\/swgapi\/v1\/wp\/v2\/types\/post"}],"author":[{"embeddable":true,"href":"https:\/\/staging.varesenews.it\/swgapi\/v1\/wp\/v2\/users\/10"}],"replies":[{"embeddable":true,"href":"https:\/\/staging.varesenews.it\/swgapi\/v1\/wp\/v2\/comments?post=250116"}],"version-history":[{"count":0,"href":"https:\/\/staging.varesenews.it\/swgapi\/v1\/wp\/v2\/posts\/250116\/revisions"}],"wp:attachment":[{"href":"https:\/\/staging.varesenews.it\/swgapi\/v1\/wp\/v2\/media?parent=250116"}],"wp:term":[{"taxonomy":"category","embeddable":true,"href":"https:\/\/staging.varesenews.it\/swgapi\/v1\/wp\/v2\/categories?post=250116"},{"taxonomy":"post_tag","embeddable":true,"href":"https:\/\/staging.varesenews.it\/swgapi\/v1\/wp\/v2\/tags?post=250116"}],"curies":[{"name":"wp","href":"https:\/\/api.w.org\/{rel}","templated":true}]}}