{"id":250151,"date":"2006-08-15T00:00:00","date_gmt":"2006-08-15T00:00:00","guid":{"rendered":""},"modified":"2006-08-15T00:00:00","modified_gmt":"2006-08-15T00:00:00","slug":"tre-valli-l-abbraccio-di-varese","status":"publish","type":"post","link":"https:\/\/staging.varesenews.it\/2006\/08\/tre-valli-l-abbraccio-di-varese\/250151\/","title":{"rendered":"Tre Valli, l&#8217;abbraccio di Varese"},"content":{"rendered":"<p><font face=\"arial,helvetica,sans-serif\">La gente non tradisce la sua corsa, nemmeno in una mattina di Ferragosto in cui, se Dio vuole, il cielo e l&#8217;aria tornano a vestirsi d&#8217;estate.<br \/><strong>Varese abbraccia forte la Tre Valli,<\/strong> per non lasciarsela scappare, per\u00a0sottolineare che quel Mondiale del 2008 dovr\u00e0 essere una grande festa di sport e accoglienza per la nostra citt\u00e0.<\/font><\/p>\n<p><font face=\"arial,helvetica,sans-serif\"><img loading=\"lazy\" decoding=\"async\" height=\"234\" hspace=\"3\" src=\"https:\/\/www3.varesenews.it\/immagini_articoli\/200608\/Ballerini_palco.JPG\" width=\"228\" align=\"left\" vspace=\"3\" border=\"1\" \/>Tanti gli applausi, le <strong>foto, gli incitamenti per i 126 al via<\/strong> della classica organizzata dalla Binda; gli atleti hanno ricambiato, firmando decine di autografi ai tifosi che hanno riservato <strong>alcuni veri e propri boati<\/strong> quando sul palco delle firme sono saliti i corridori pi\u00f9 attesi. Gente come <strong>Stefano Garzelli<\/strong> da Besano, campione in carica giunto alla partenza con la moglie e il figlioletto, oppure il piccolo principe<strong> Damiano Cunego<\/strong>: quando si vince un Giro si entra di diritto nel cuore della gente.<br \/>Non passano inosservati i varesini: c&#8217;\u00e8 <strong>Zanini<\/strong> con i figli e con una &quot;balia&quot; molto speciale, Bruno dei Fichi d&#8217;Inda con la maglia del fans club di &quot;Zaz\u00e0&quot;; poco pi\u00f9 in l\u00e0 <strong>Dario Andriotto<\/strong> cui gli amici dedicano un coro sulla linea di partenza. E poi Bailetti, Bellin e Milani, meno conosciuti dal grande pubblico ma applauditi da chi li ha visti crescere e vincere nelle categorie giovanili.<\/font><\/p>\n<p><font face=\"arial,helvetica,sans-serif\"><img loading=\"lazy\" decoding=\"async\" height=\"215\" hspace=\"3\" src=\"https:\/\/www3.varesenews.it\/immagini_articoli\/200608\/Andriotto_partenza.JPG\" width=\"178\" align=\"right\" vspace=\"3\" border=\"1\" \/>Prima del via si intuiscono le tattiche. &quot;Cercheremo di <strong>portare Paolini e Garzelli sotto l&#8217;ultima salita,<\/strong> poi ci penseranno loro&quot; spiega Andriotto <strong><font size=\"2\">(foto a destra)<\/font><\/strong> della Liquigas, che forse entrer\u00e0 nelle fughe da lontano per controllare la situazione.<strong> &quot;Io e Cunego vogliamo giocarci tutto sullo strappo di Campione<\/strong>, ci proveremo&quot; replica Giuliano Figueras, uno dei favoriti&quot;.<br \/>Sul palco c&#8217;\u00e8 spazio per il ct Ballerini <strong><font size=\"2\">(foto in alto)<\/font><\/strong> che proprio alla Tre Valli dell&#8217;87 spicc\u00f2 il volo per la sua grande carriera da &quot;prof&quot;; al suo fianco Renzo Oldani, il sindaco Fontana e il presidente di Varese 2008, Colombo.<br \/>Spunta Mirko <strong>Celestino (Milram): &quot;Non vinco da troppo tempo<\/strong>, qui ho gi\u00e0 centrato il bersaglio grosso, vorrei ripetermi&quot;. Parole replicate dal suo compagno Visconti: &quot;L&#8217;arrivo mi piace; se Mirko avesse dei problemi entrer\u00f2 in gioco io&quot;.<br \/>Infine <strong>Maurizio Bellin<\/strong> (3C-Androni), sommese alla prima partecipazione: &quot;Questa \u00e8 la corsa che ho sempre visto da quando ero bambino, <strong>prendere il via \u00e8 un&#8217;emozione particolare<\/strong>, ne sono orgoglioso. L&#8217;arrivo non \u00e8 per le mie caratteristiche, ma la squadra mi ha dato carta bianca per oggi. Mi piacerebbe mettermi in mostra&quot;.<\/font><\/p>\n","protected":false},"excerpt":{"rendered":"<p>Partita la classica di Ferragosto. Tanta gente in via Sacco; boato per Garzelli, Cunego e i varesini <\/p>\n","protected":false},"author":10,"featured_media":0,"comment_status":"open","ping_status":"open","sticky":false,"template":"","format":"standard","meta":{"footnotes":""},"categories":[14],"tags":[],"acf":[],"yoast_head":"<!-- This site is optimized with the Yoast SEO plugin v20.1 - https:\/\/yoast.com\/wordpress\/plugins\/seo\/ -->\n<title>Tre Valli, l&#039;abbraccio di Varese<\/title>\n<meta name=\"description\" content=\"Partita la classica di Ferragosto. Tanta gente in via Sacco; boato per Garzelli, Cunego e i varesini\" \/>\n<meta name=\"robots\" content=\"noindex, follow, max-snippet:-1, max-image-preview:large, max-video-preview:-1\" \/>\n<meta property=\"og:locale\" content=\"it_IT\" \/>\n<meta property=\"og:type\" content=\"article\" \/>\n<meta property=\"og:title\" content=\"Tre Valli, l&#039;abbraccio di Varese\" \/>\n<meta property=\"og:description\" content=\"Partita la classica di Ferragosto. Tanta gente in via Sacco; boato per Garzelli, Cunego e i varesini\" \/>\n<meta property=\"og:url\" content=\"https:\/\/staging.varesenews.it\/2006\/08\/tre-valli-l-abbraccio-di-varese\/250151\/\" \/>\n<meta property=\"og:site_name\" content=\"VareseNews\" \/>\n<meta property=\"article:publisher\" content=\"https:\/\/www.facebook.com\/varesenews\" \/>\n<meta property=\"article:published_time\" content=\"2006-08-15T00:00:00+00:00\" \/>\n<meta property=\"og:image\" content=\"https:\/\/www3.varesenews.it\/immagini_articoli\/200608\/Ballerini_palco.JPG\" \/>\n<meta name=\"author\" content=\"Redazione VareseNews\" \/>\n<meta name=\"twitter:card\" content=\"summary_large_image\" \/>\n<meta name=\"twitter:creator\" content=\"@varesenews\" \/>\n<meta name=\"twitter:site\" content=\"@varesenews\" \/>\n<meta name=\"twitter:label1\" content=\"Scritto da\" \/>\n\t<meta name=\"twitter:data1\" content=\"Redazione VareseNews\" \/>\n\t<meta name=\"twitter:label2\" content=\"Tempo di lettura stimato\" \/>\n\t<meta name=\"twitter:data2\" content=\"2 minuti\" \/>\n<script type=\"application\/ld+json\" class=\"yoast-schema-graph\">{\"@context\":\"https:\/\/schema.org\",\"@graph\":[{\"@type\":\"WebPage\",\"@id\":\"https:\/\/staging.varesenews.it\/2006\/08\/tre-valli-l-abbraccio-di-varese\/250151\/\",\"url\":\"https:\/\/staging.varesenews.it\/2006\/08\/tre-valli-l-abbraccio-di-varese\/250151\/\",\"name\":\"Tre Valli, l'abbraccio di Varese\",\"isPartOf\":{\"@id\":\"https:\/\/staging.varesenews.it\/#website\"},\"datePublished\":\"2006-08-15T00:00:00+00:00\",\"dateModified\":\"2006-08-15T00:00:00+00:00\",\"author\":{\"@id\":\"https:\/\/staging.varesenews.it\/#\/schema\/person\/fb20c4da0b7b16c291707a20db73e169\"},\"description\":\"Partita la classica di Ferragosto. Tanta gente in via Sacco; boato per Garzelli, Cunego e i varesini\",\"breadcrumb\":{\"@id\":\"https:\/\/staging.varesenews.it\/2006\/08\/tre-valli-l-abbraccio-di-varese\/250151\/#breadcrumb\"},\"inLanguage\":\"it-IT\",\"potentialAction\":[{\"@type\":\"ReadAction\",\"target\":[\"https:\/\/staging.varesenews.it\/2006\/08\/tre-valli-l-abbraccio-di-varese\/250151\/\"]}]},{\"@type\":\"BreadcrumbList\",\"@id\":\"https:\/\/staging.varesenews.it\/2006\/08\/tre-valli-l-abbraccio-di-varese\/250151\/#breadcrumb\",\"itemListElement\":[{\"@type\":\"ListItem\",\"position\":1,\"name\":\"Home\",\"item\":\"https:\/\/www.varesenews.it\/\"},{\"@type\":\"ListItem\",\"position\":2,\"name\":\"Tre Valli, l&#8217;abbraccio di Varese\"}]},{\"@type\":\"WebSite\",\"@id\":\"https:\/\/staging.varesenews.it\/#website\",\"url\":\"https:\/\/staging.varesenews.it\/\",\"name\":\"VareseNews\",\"description\":\"\",\"potentialAction\":[{\"@type\":\"SearchAction\",\"target\":{\"@type\":\"EntryPoint\",\"urlTemplate\":\"https:\/\/staging.varesenews.it\/?s={search_term_string}\"},\"query-input\":\"required name=search_term_string\"}],\"inLanguage\":\"it-IT\"},{\"@type\":\"Person\",\"@id\":\"https:\/\/staging.varesenews.it\/#\/schema\/person\/fb20c4da0b7b16c291707a20db73e169\",\"name\":\"Redazione VareseNews\",\"image\":{\"@type\":\"ImageObject\",\"inLanguage\":\"it-IT\",\"@id\":\"https:\/\/staging.varesenews.it\/#\/schema\/person\/image\/\",\"url\":\"https:\/\/staging.varesenews.it\/wp-content\/uploads\/2020\/12\/logo_VN_colori_500.png\",\"contentUrl\":\"https:\/\/staging.varesenews.it\/wp-content\/uploads\/2020\/12\/logo_VN_colori_500.png\",\"caption\":\"Redazione VareseNews\"},\"url\":\"https:\/\/staging.varesenews.it\/persona\/redazione1\/\"}]}<\/script>\n<!-- \/ Yoast SEO plugin. -->","yoast_head_json":{"title":"Tre Valli, l'abbraccio di Varese","description":"Partita la classica di Ferragosto. Tanta gente in via Sacco; boato per Garzelli, Cunego e i varesini","robots":{"index":"noindex","follow":"follow","max-snippet":"max-snippet:-1","max-image-preview":"max-image-preview:large","max-video-preview":"max-video-preview:-1"},"og_locale":"it_IT","og_type":"article","og_title":"Tre Valli, l'abbraccio di Varese","og_description":"Partita la classica di Ferragosto. Tanta gente in via Sacco; boato per Garzelli, Cunego e i varesini","og_url":"https:\/\/staging.varesenews.it\/2006\/08\/tre-valli-l-abbraccio-di-varese\/250151\/","og_site_name":"VareseNews","article_publisher":"https:\/\/www.facebook.com\/varesenews","article_published_time":"2006-08-15T00:00:00+00:00","og_image":[{"url":"https:\/\/www3.varesenews.it\/immagini_articoli\/200608\/Ballerini_palco.JPG"}],"author":"Redazione VareseNews","twitter_card":"summary_large_image","twitter_creator":"@varesenews","twitter_site":"@varesenews","twitter_misc":{"Scritto da":"Redazione VareseNews","Tempo di lettura stimato":"2 minuti"},"schema":{"@context":"https:\/\/schema.org","@graph":[{"@type":"WebPage","@id":"https:\/\/staging.varesenews.it\/2006\/08\/tre-valli-l-abbraccio-di-varese\/250151\/","url":"https:\/\/staging.varesenews.it\/2006\/08\/tre-valli-l-abbraccio-di-varese\/250151\/","name":"Tre Valli, l'abbraccio di Varese","isPartOf":{"@id":"https:\/\/staging.varesenews.it\/#website"},"datePublished":"2006-08-15T00:00:00+00:00","dateModified":"2006-08-15T00:00:00+00:00","author":{"@id":"https:\/\/staging.varesenews.it\/#\/schema\/person\/fb20c4da0b7b16c291707a20db73e169"},"description":"Partita la classica di Ferragosto. Tanta gente in via Sacco; boato per Garzelli, Cunego e i varesini","breadcrumb":{"@id":"https:\/\/staging.varesenews.it\/2006\/08\/tre-valli-l-abbraccio-di-varese\/250151\/#breadcrumb"},"inLanguage":"it-IT","potentialAction":[{"@type":"ReadAction","target":["https:\/\/staging.varesenews.it\/2006\/08\/tre-valli-l-abbraccio-di-varese\/250151\/"]}]},{"@type":"BreadcrumbList","@id":"https:\/\/staging.varesenews.it\/2006\/08\/tre-valli-l-abbraccio-di-varese\/250151\/#breadcrumb","itemListElement":[{"@type":"ListItem","position":1,"name":"Home","item":"https:\/\/www.varesenews.it\/"},{"@type":"ListItem","position":2,"name":"Tre Valli, l&#8217;abbraccio di Varese"}]},{"@type":"WebSite","@id":"https:\/\/staging.varesenews.it\/#website","url":"https:\/\/staging.varesenews.it\/","name":"VareseNews","description":"","potentialAction":[{"@type":"SearchAction","target":{"@type":"EntryPoint","urlTemplate":"https:\/\/staging.varesenews.it\/?s={search_term_string}"},"query-input":"required name=search_term_string"}],"inLanguage":"it-IT"},{"@type":"Person","@id":"https:\/\/staging.varesenews.it\/#\/schema\/person\/fb20c4da0b7b16c291707a20db73e169","name":"Redazione VareseNews","image":{"@type":"ImageObject","inLanguage":"it-IT","@id":"https:\/\/staging.varesenews.it\/#\/schema\/person\/image\/","url":"https:\/\/staging.varesenews.it\/wp-content\/uploads\/2020\/12\/logo_VN_colori_500.png","contentUrl":"https:\/\/staging.varesenews.it\/wp-content\/uploads\/2020\/12\/logo_VN_colori_500.png","caption":"Redazione VareseNews"},"url":"https:\/\/staging.varesenews.it\/persona\/redazione1\/"}]}},"post_meta":{"id_old":"54441","argomento":"Ciclismo","autore_old":"d. f."},"photos":[],"_links":{"self":[{"href":"https:\/\/staging.varesenews.it\/swgapi\/v1\/wp\/v2\/posts\/250151"}],"collection":[{"href":"https:\/\/staging.varesenews.it\/swgapi\/v1\/wp\/v2\/posts"}],"about":[{"href":"https:\/\/staging.varesenews.it\/swgapi\/v1\/wp\/v2\/types\/post"}],"author":[{"embeddable":true,"href":"https:\/\/staging.varesenews.it\/swgapi\/v1\/wp\/v2\/users\/10"}],"replies":[{"embeddable":true,"href":"https:\/\/staging.varesenews.it\/swgapi\/v1\/wp\/v2\/comments?post=250151"}],"version-history":[{"count":0,"href":"https:\/\/staging.varesenews.it\/swgapi\/v1\/wp\/v2\/posts\/250151\/revisions"}],"wp:attachment":[{"href":"https:\/\/staging.varesenews.it\/swgapi\/v1\/wp\/v2\/media?parent=250151"}],"wp:term":[{"taxonomy":"category","embeddable":true,"href":"https:\/\/staging.varesenews.it\/swgapi\/v1\/wp\/v2\/categories?post=250151"},{"taxonomy":"post_tag","embeddable":true,"href":"https:\/\/staging.varesenews.it\/swgapi\/v1\/wp\/v2\/tags?post=250151"}],"curies":[{"name":"wp","href":"https:\/\/api.w.org\/{rel}","templated":true}]}}