{"id":251380,"date":"2006-07-11T00:00:00","date_gmt":"2006-07-11T00:00:00","guid":{"rendered":""},"modified":"2006-07-11T00:00:00","modified_gmt":"2006-07-11T00:00:00","slug":"goletta-verde-salpa-dal-lago-maggiore","status":"publish","type":"post","link":"https:\/\/staging.varesenews.it\/2006\/07\/goletta-verde-salpa-dal-lago-maggiore\/251380\/","title":{"rendered":"Goletta verde &#8220;salpa&#8221; dal Lago Maggiore"},"content":{"rendered":"<p class=\"MsoNormal\" style=\"MARGIN: 12pt 0cm 0pt; LINE-HEIGHT: 12pt; mso-layout-grid-align: none\"><b><span style=\"COLOR: black; FONT-FAMILY: Arial; mso-bidi-font-size: 10.0pt\">Otto specchi d\u2019acqua sotto la lente d\u2019ingrandimento, pi\u00f9 di 100 campionamenti, 6 regioni italiane coinvolte, oltre 200 gli enti locali interessati<\/span><\/b><span style=\"COLOR: black; FONT-FAMILY: Arial; mso-bidi-font-size: 10.0pt\">. Sono questi i numeri di <b>Goletta dei Laghi \u201cCigno azzurro\u201d,<\/b> la prima edizione nazionale della campagna di analisi e informazione sulle acque lacustri italiane, realizzata da Legambiente con il contributo di COOU (Consorzio Obbligatorio Olii Usati) e COBAT (Consorzio Obbligatorio Batterie Esauste). E per far metaforicamente \u201csalpare\u201d la goletta verde \u00e8 stata scelta la provincia di Varese con una localit\u00e0 turistica: Laveno Mombello. <span style=\"mso-spacerun: yes\">\u00a0<\/span><b>La campagna, che <span style=\"mso-spacerun: yes\">\u00a0<\/span>parte oggi dal <\/b>Lago Maggiore, proseguir\u00e0 poi per gli altri grandi laghi del Nord Italia, Como e Garda, scendendo la penisola fino al Lazio con i laghi di Bracciano, Martignano, Albano e Nemi e finendo poi sul lago Trasimeno, in Umbria. Risorsa importantissima per la diversit\u00e0 del paesaggio italiano e come <strong>principali riserve d\u2019acqua dolce<\/strong>, i laghi tornano protagonisti della scena con Goletta dei laghi. Ogni anno lungo le rive lacustri si contano oltre <strong>20 milioni di villeggianti<\/strong>, i laghi contano da soli il 7% delle presenze turistiche annuali e una buona parte dei turisti stranieri scelgono i laghi italiani, in particolare del Nord Italia come meta delle loro vacanze. Paesaggi che non hanno nulla da invidiare alle pi\u00f9 belle e prestigiose localit\u00e0 balneari del Bel Paese, eppure la loro importanza ecologica ed economica \u00e8 spesso sottovalutata e il loro fragile ecosistema \u00e8 ancora oggi minacciato. <\/p>\n<p \/><\/span><\/p>\n<p class=\"MsoNormal\" style=\"MARGIN: 12pt 0cm 0pt; LINE-HEIGHT: 12pt; mso-layout-grid-align: none\"><span style=\"COLOR: black; FONT-FAMILY: Arial; mso-bidi-font-size: 10.0pt\">\u00abI laghi rappresentano una risorsa preziosissima per l\u2019Italia, &#8211; <strong>spiega Andrea Poggio, vice direttore generale di Legambiente<\/strong> &#8211; offrono variet\u00e0 di bellezze naturali e culturali, troppo spesso per\u00f2 a rischio soprattutto per la delicatezza del loro ecosistema. Eppure la loro importanza ecologica e di attrattivit\u00e0 turistica \u00e8 ancora, spesso, sottovalutata. Motivo che ha spinto Legambiente a promuovere Goletta dei Laghi, la prima campagna nazionale di monitoraggio della qualit\u00e0 delle acque dei laghi italiani. Un\u2019iniziativa \u2013 aggiunge Poggio \u2013 che si propone come strumento di raccolta dati su basi scientifiche, ma anche come mezzo di comunicazione con i cittadini sulla complessit\u00e0 e il valore degli ambienti naturali del nostro Paese\u00bb.<br \/><strong>Motivo che ha spinto Legambiente ad attraversare l\u2019Italia con Goletta dei Laghi per analizzare la qualit\u00e0 delle acque di balneazione,<\/strong> ma non solo: sar\u00e0 anche <strong>un\u2019importante occasione per parlare di turismo di qualit\u00e0<\/strong> e di economia sostenibile, per individuare e segnalare aree a rischio per cemento selvaggio e scarichi illegali e per incentivare le buone pratiche di gestione sostenibile di strutture ricettive e del territorio.<br \/>\u00abL\u2019attivit\u00e0 del Consorzio Obbligatorio degli Oli Usati &#8211; afferma Paolo Tomasi, presidente del COOU &#8211; sottrae alla dispersione nell\u2019ambiente un rifiuto pericoloso: 5 kg di olio usato immesso in un lago inquinano una superficie grande come un campo di calcio. Ma, nel contempo, riutilizzare l\u2019olio usato significa risparmiare: in poco pi\u00f9 di vent\u2019anni, il nostro lavoro ha consentito all\u2019Italia minori importazioni di petrolio per ben 800 milioni di euro. Partecipare a \u201cGoletta nei Laghi\u201d, ci offre l\u2019opportunit\u00e0 di rafforzare l\u2019alleanza con il nostro interlocutore pi\u00f9 importante: il cittadino.\u00bb<\/p>\n<p \/><\/span><\/p>\n<p><span style=\"FONT-SIZE: 12pt; COLOR: black; FONT-FAMILY: Arial; mso-bidi-font-size: 10.0pt; mso-fareast-font-family: \"Times New Roman\"; mso-ansi-language: IT; mso-fareast-language: IT; mso-bidi-language: AR-SA\">\u00abSi tratta di un\u2019iniziativa importante e dal forte impatto \u2013 <strong>afferma Giancarlo Morandi, presidente del COBAT<\/strong> &#8211; che segna un nuovo passo in avanti sulla strada di una piena e consapevole difesa dell\u2019ambiente, e che il COBAT, da sempre impegnato nell\u2019assicurare la raccolta capillare e il riciclo, sull\u2019intero territorio nazionale, di rifiuti pericolosi come le batterie al piombo esauste, sostiene e fa propria. Siamo convinti \u2013 ha concluso Morandi &#8211; che soltanto con la collaborazione di tutti, istituzioni e cittadini, quello che \u00e8 un bene comune, come i nostri laghi, possa continuare ad esserlo anche per le generazioni future\u00bb.<\/span><\/p>\n<p><span style=\"FONT-SIZE: 12pt; COLOR: black; FONT-FAMILY: Arial; mso-bidi-font-size: 10.0pt; mso-fareast-font-family: \"Times New Roman\"; mso-ansi-language: IT; mso-fareast-language: IT; mso-bidi-language: AR-SA\"><\/p>\n<p style=\"MARGIN: 12pt 0cm 0pt\"><font size=\"2\"><u>Il monitoraggio<\/u><\/font><\/p>\n<p class=\"MsoNormal\" style=\"MARGIN: 12pt 0cm 0pt; LINE-HEIGHT: 12pt; mso-layout-grid-align: none\"><span style=\"FONT-SIZE: 10pt; COLOR: black; FONT-FAMILY: Arial\">I tecnici di Legambiente a bordo del laboratorio mobile percorrono le coste dei principali laghi italiani, prelevando circa 100 campioni di acqua, eseguendo le analisi previste dalla legge sulle acque di balneazione (Dpr. 470\/82) e, per alcuni parametri, quelle previste dalla nuova direttiva 2006\/7\/CE sulle acque di balneazione.<\/p>\n<p \/><\/span><\/p>\n<p class=\"MsoNormal\" style=\"MARGIN: 12pt 0cm 0pt; LINE-HEIGHT: 12pt; mso-layout-grid-align: none\"><span style=\"FONT-SIZE: 10pt; COLOR: black; FONT-FAMILY: Arial\">I parametri monitorati sono:<br \/>&#8211; microbiologici: coliformi fecali, streptococchi fecali\/enterococchi intestinali, escherichia coli;<br \/>&#8211; chimico-fisici: temperatura dell\u2019acqua, ph, ossigeno disciolto, conducibilit\u00e0\/salinit\u00e0, trasparenza, presenza di materiale oleoso in superficie e di tensioattivi.<\/p>\n<p \/><\/span><\/p>\n<p class=\"MsoNormal\" style=\"MARGIN: 12pt 0cm 0pt; LINE-HEIGHT: 12pt; mso-layout-grid-align: none\"><span style=\"FONT-SIZE: 10pt; COLOR: black; FONT-FAMILY: Arial\">I punti di prelievo vengono scelti tra quelli riportati sul Rapporto del Ministero della Salute sulla qualit\u00e0 delle acque di balneazione. I prelievi vengono effettuati dalla riva, ad una profondit\u00e0 di circa 30 cm sotto il pelo libero dell&#8217;acqua ad una distanza dalla battigia tale che il fondale abbia una profondit\u00e0 di circa 70cm.<\/p>\n<p \/><\/span><\/p>\n<p class=\"MsoNormal\" style=\"MARGIN: 12pt 0cm 0pt; LINE-HEIGHT: 12pt; mso-layout-grid-align: none\"><span style=\"FONT-SIZE: 10pt; COLOR: black; FONT-FAMILY: Arial\">Le tappe della campagna<br \/>Lago Maggiore: 11-15 luglio 2006<br \/>Lago di Como: 16-20 luglio 2006<br \/>Lago di Garda: 21-25 luglio 2006<br \/>Laghi di Bracciano, Martignano, Nemi, Albano: 27 luglio-1 agosto 2006<br \/>Lago Trasimeno: 2-7 agosto 2006<\/p>\n<p \/><\/span><\/p>\n<p><span style=\"FONT-SIZE: 10pt; COLOR: black; FONT-FAMILY: Arial; mso-fareast-font-family: \"Times New Roman\"; mso-ansi-language: IT; mso-fareast-language: IT; mso-bidi-language: AR-SA\">Gli Sponsor della Goletta dei Laghi di Legambiente<br \/>COBAT \u00e8 il Consorzio Obbligatorio istituito per legge per occuparsi della raccolta e del riciclo delle batterie esauste. Batterie che alla fine del loro ciclo di vita diventano rifiuti pericolosi, perch\u00e9 all\u2019interno dell\u2019involucro di plastica (in genere polipropilene) ci sono dei composti di piombo e acido solforico dannosi per l\u2019ambiente e la salute dell\u2019uomo. COBAT assicura la raccolta gratuita tramite operatori incaricati che ritirano le batterie esauste presso tutti gli autoriparatori, nonch\u00e9 nelle isole ecologiche istituite ad hoc dai Comuni o gestori che effettuano la raccolta differenziata e nei punti di raccolta di imprese ad alto consumo di batterie, di ipermercati, porti e consorzi agrari.<br \/>COOU \u00e8 il Consorzio obbligatorio di raccolta degli oli lubrificanti usati. La sensibilizzazione dei cittadini sulla raccolta ed eliminazione degli oli usati costituisce uno dei compiti che la legge ha affidato al COOU. Negli ultimi anni la comunicazione del COOU \u00e8 indirizzata al settore della nautica, che costituisce uno dei settori critici della raccolta degli oli usati a causa dei danni ambientali che potrebbe provocare. Al fine di prevenire i danni ambientali agli ecosistemi lacustri, quest\u2019anno il COOU ha deciso di partecipare attivamente alla iniziativa di Goletta dei laghi.<\/span><\/p>\n<p><\/span><\/p>\n","protected":false},"excerpt":{"rendered":"<p>L\u2019iniziativa proposta da Legambiente ha come obiettivo il monitoraggio della qualit\u00e0 delle acque ma non solo: sar\u00e0 anche un\u2019importante occasione per parlare di turismo di qualit\u00e0 e di economia sostenibile<\/p>\n","protected":false},"author":10,"featured_media":0,"comment_status":"open","ping_status":"open","sticky":false,"template":"","format":"standard","meta":{"footnotes":""},"categories":[2],"tags":[],"acf":[],"yoast_head":"<!-- This site is optimized with the Yoast SEO plugin v20.1 - https:\/\/yoast.com\/wordpress\/plugins\/seo\/ -->\n<title>Goletta verde &quot;salpa&quot; dal Lago Maggiore<\/title>\n<meta name=\"description\" content=\"L\u2019iniziativa proposta da Legambiente ha come obiettivo il monitoraggio della qualit\u00e0 delle acque ma non solo: sar\u00e0 anche un\u2019importante occasione per parlare di turismo di qualit\u00e0 e di economia sostenibile\" \/>\n<meta name=\"robots\" content=\"noindex, follow, max-snippet:-1, max-image-preview:large, max-video-preview:-1\" \/>\n<meta property=\"og:locale\" content=\"it_IT\" \/>\n<meta property=\"og:type\" content=\"article\" \/>\n<meta property=\"og:title\" content=\"Goletta verde &quot;salpa&quot; dal Lago Maggiore\" \/>\n<meta property=\"og:description\" content=\"L\u2019iniziativa proposta da Legambiente ha come obiettivo il monitoraggio della qualit\u00e0 delle acque ma non solo: sar\u00e0 anche un\u2019importante occasione per parlare di turismo di qualit\u00e0 e di economia sostenibile\" \/>\n<meta property=\"og:url\" content=\"https:\/\/staging.varesenews.it\/2006\/07\/goletta-verde-salpa-dal-lago-maggiore\/251380\/\" \/>\n<meta property=\"og:site_name\" content=\"VareseNews\" \/>\n<meta property=\"article:publisher\" content=\"https:\/\/www.facebook.com\/varesenews\" \/>\n<meta property=\"article:published_time\" content=\"2006-07-11T00:00:00+00:00\" \/>\n<meta name=\"author\" content=\"Redazione VareseNews\" \/>\n<meta name=\"twitter:card\" content=\"summary_large_image\" \/>\n<meta name=\"twitter:creator\" content=\"@varesenews\" \/>\n<meta name=\"twitter:site\" content=\"@varesenews\" \/>\n<meta name=\"twitter:label1\" content=\"Scritto da\" \/>\n\t<meta name=\"twitter:data1\" content=\"Redazione VareseNews\" \/>\n\t<meta name=\"twitter:label2\" content=\"Tempo di lettura stimato\" \/>\n\t<meta name=\"twitter:data2\" content=\"5 minuti\" \/>\n<script type=\"application\/ld+json\" class=\"yoast-schema-graph\">{\"@context\":\"https:\/\/schema.org\",\"@graph\":[{\"@type\":\"WebPage\",\"@id\":\"https:\/\/staging.varesenews.it\/2006\/07\/goletta-verde-salpa-dal-lago-maggiore\/251380\/\",\"url\":\"https:\/\/staging.varesenews.it\/2006\/07\/goletta-verde-salpa-dal-lago-maggiore\/251380\/\",\"name\":\"Goletta verde \\\"salpa\\\" dal Lago Maggiore\",\"isPartOf\":{\"@id\":\"https:\/\/staging.varesenews.it\/#website\"},\"datePublished\":\"2006-07-11T00:00:00+00:00\",\"dateModified\":\"2006-07-11T00:00:00+00:00\",\"author\":{\"@id\":\"https:\/\/staging.varesenews.it\/#\/schema\/person\/fb20c4da0b7b16c291707a20db73e169\"},\"description\":\"L\u2019iniziativa proposta da Legambiente ha come obiettivo il monitoraggio della qualit\u00e0 delle acque ma non solo: sar\u00e0 anche un\u2019importante occasione per parlare di turismo di qualit\u00e0 e di economia sostenibile\",\"breadcrumb\":{\"@id\":\"https:\/\/staging.varesenews.it\/2006\/07\/goletta-verde-salpa-dal-lago-maggiore\/251380\/#breadcrumb\"},\"inLanguage\":\"it-IT\",\"potentialAction\":[{\"@type\":\"ReadAction\",\"target\":[\"https:\/\/staging.varesenews.it\/2006\/07\/goletta-verde-salpa-dal-lago-maggiore\/251380\/\"]}]},{\"@type\":\"BreadcrumbList\",\"@id\":\"https:\/\/staging.varesenews.it\/2006\/07\/goletta-verde-salpa-dal-lago-maggiore\/251380\/#breadcrumb\",\"itemListElement\":[{\"@type\":\"ListItem\",\"position\":1,\"name\":\"Home\",\"item\":\"https:\/\/www.varesenews.it\/\"},{\"@type\":\"ListItem\",\"position\":2,\"name\":\"Goletta verde &#8220;salpa&#8221; dal Lago Maggiore\"}]},{\"@type\":\"WebSite\",\"@id\":\"https:\/\/staging.varesenews.it\/#website\",\"url\":\"https:\/\/staging.varesenews.it\/\",\"name\":\"VareseNews\",\"description\":\"\",\"potentialAction\":[{\"@type\":\"SearchAction\",\"target\":{\"@type\":\"EntryPoint\",\"urlTemplate\":\"https:\/\/staging.varesenews.it\/?s={search_term_string}\"},\"query-input\":\"required name=search_term_string\"}],\"inLanguage\":\"it-IT\"},{\"@type\":\"Person\",\"@id\":\"https:\/\/staging.varesenews.it\/#\/schema\/person\/fb20c4da0b7b16c291707a20db73e169\",\"name\":\"Redazione VareseNews\",\"image\":{\"@type\":\"ImageObject\",\"inLanguage\":\"it-IT\",\"@id\":\"https:\/\/staging.varesenews.it\/#\/schema\/person\/image\/\",\"url\":\"https:\/\/staging.varesenews.it\/wp-content\/uploads\/2020\/12\/logo_VN_colori_500.png\",\"contentUrl\":\"https:\/\/staging.varesenews.it\/wp-content\/uploads\/2020\/12\/logo_VN_colori_500.png\",\"caption\":\"Redazione VareseNews\"},\"url\":\"https:\/\/staging.varesenews.it\/persona\/redazione1\/\"}]}<\/script>\n<!-- \/ Yoast SEO plugin. -->","yoast_head_json":{"title":"Goletta verde \"salpa\" dal Lago Maggiore","description":"L\u2019iniziativa proposta da Legambiente ha come obiettivo il monitoraggio della qualit\u00e0 delle acque ma non solo: sar\u00e0 anche un\u2019importante occasione per parlare di turismo di qualit\u00e0 e di economia sostenibile","robots":{"index":"noindex","follow":"follow","max-snippet":"max-snippet:-1","max-image-preview":"max-image-preview:large","max-video-preview":"max-video-preview:-1"},"og_locale":"it_IT","og_type":"article","og_title":"Goletta verde \"salpa\" dal Lago Maggiore","og_description":"L\u2019iniziativa proposta da Legambiente ha come obiettivo il monitoraggio della qualit\u00e0 delle acque ma non solo: sar\u00e0 anche un\u2019importante occasione per parlare di turismo di qualit\u00e0 e di economia sostenibile","og_url":"https:\/\/staging.varesenews.it\/2006\/07\/goletta-verde-salpa-dal-lago-maggiore\/251380\/","og_site_name":"VareseNews","article_publisher":"https:\/\/www.facebook.com\/varesenews","article_published_time":"2006-07-11T00:00:00+00:00","author":"Redazione VareseNews","twitter_card":"summary_large_image","twitter_creator":"@varesenews","twitter_site":"@varesenews","twitter_misc":{"Scritto da":"Redazione VareseNews","Tempo di lettura stimato":"5 minuti"},"schema":{"@context":"https:\/\/schema.org","@graph":[{"@type":"WebPage","@id":"https:\/\/staging.varesenews.it\/2006\/07\/goletta-verde-salpa-dal-lago-maggiore\/251380\/","url":"https:\/\/staging.varesenews.it\/2006\/07\/goletta-verde-salpa-dal-lago-maggiore\/251380\/","name":"Goletta verde \"salpa\" dal Lago Maggiore","isPartOf":{"@id":"https:\/\/staging.varesenews.it\/#website"},"datePublished":"2006-07-11T00:00:00+00:00","dateModified":"2006-07-11T00:00:00+00:00","author":{"@id":"https:\/\/staging.varesenews.it\/#\/schema\/person\/fb20c4da0b7b16c291707a20db73e169"},"description":"L\u2019iniziativa proposta da Legambiente ha come obiettivo il monitoraggio della qualit\u00e0 delle acque ma non solo: sar\u00e0 anche un\u2019importante occasione per parlare di turismo di qualit\u00e0 e di economia sostenibile","breadcrumb":{"@id":"https:\/\/staging.varesenews.it\/2006\/07\/goletta-verde-salpa-dal-lago-maggiore\/251380\/#breadcrumb"},"inLanguage":"it-IT","potentialAction":[{"@type":"ReadAction","target":["https:\/\/staging.varesenews.it\/2006\/07\/goletta-verde-salpa-dal-lago-maggiore\/251380\/"]}]},{"@type":"BreadcrumbList","@id":"https:\/\/staging.varesenews.it\/2006\/07\/goletta-verde-salpa-dal-lago-maggiore\/251380\/#breadcrumb","itemListElement":[{"@type":"ListItem","position":1,"name":"Home","item":"https:\/\/www.varesenews.it\/"},{"@type":"ListItem","position":2,"name":"Goletta verde &#8220;salpa&#8221; dal Lago Maggiore"}]},{"@type":"WebSite","@id":"https:\/\/staging.varesenews.it\/#website","url":"https:\/\/staging.varesenews.it\/","name":"VareseNews","description":"","potentialAction":[{"@type":"SearchAction","target":{"@type":"EntryPoint","urlTemplate":"https:\/\/staging.varesenews.it\/?s={search_term_string}"},"query-input":"required name=search_term_string"}],"inLanguage":"it-IT"},{"@type":"Person","@id":"https:\/\/staging.varesenews.it\/#\/schema\/person\/fb20c4da0b7b16c291707a20db73e169","name":"Redazione VareseNews","image":{"@type":"ImageObject","inLanguage":"it-IT","@id":"https:\/\/staging.varesenews.it\/#\/schema\/person\/image\/","url":"https:\/\/staging.varesenews.it\/wp-content\/uploads\/2020\/12\/logo_VN_colori_500.png","contentUrl":"https:\/\/staging.varesenews.it\/wp-content\/uploads\/2020\/12\/logo_VN_colori_500.png","caption":"Redazione VareseNews"},"url":"https:\/\/staging.varesenews.it\/persona\/redazione1\/"}]}},"post_meta":{"id_old":"52792","argomento":"Laveno Mombello"},"photos":[],"_links":{"self":[{"href":"https:\/\/staging.varesenews.it\/swgapi\/v1\/wp\/v2\/posts\/251380"}],"collection":[{"href":"https:\/\/staging.varesenews.it\/swgapi\/v1\/wp\/v2\/posts"}],"about":[{"href":"https:\/\/staging.varesenews.it\/swgapi\/v1\/wp\/v2\/types\/post"}],"author":[{"embeddable":true,"href":"https:\/\/staging.varesenews.it\/swgapi\/v1\/wp\/v2\/users\/10"}],"replies":[{"embeddable":true,"href":"https:\/\/staging.varesenews.it\/swgapi\/v1\/wp\/v2\/comments?post=251380"}],"version-history":[{"count":0,"href":"https:\/\/staging.varesenews.it\/swgapi\/v1\/wp\/v2\/posts\/251380\/revisions"}],"wp:attachment":[{"href":"https:\/\/staging.varesenews.it\/swgapi\/v1\/wp\/v2\/media?parent=251380"}],"wp:term":[{"taxonomy":"category","embeddable":true,"href":"https:\/\/staging.varesenews.it\/swgapi\/v1\/wp\/v2\/categories?post=251380"},{"taxonomy":"post_tag","embeddable":true,"href":"https:\/\/staging.varesenews.it\/swgapi\/v1\/wp\/v2\/tags?post=251380"}],"curies":[{"name":"wp","href":"https:\/\/api.w.org\/{rel}","templated":true}]}}