{"id":251959,"date":"2006-06-28T00:00:00","date_gmt":"2006-06-28T00:00:00","guid":{"rendered":""},"modified":"2006-06-28T00:00:00","modified_gmt":"2006-06-28T00:00:00","slug":"crespi-presidente-della-circoscrizione-2","status":"publish","type":"post","link":"https:\/\/staging.varesenews.it\/2006\/06\/crespi-presidente-della-circoscrizione-2\/251959\/","title":{"rendered":"Crespi presidente della circoscrizione 2"},"content":{"rendered":"<p><span lang=\"it-IT\"><font size=\"3\"><font face=\"Arial, sans-serif\"><font color=\"#000000\"><b>La prima seduta del consiglio di Circoscrizione di Varese 2,<\/b> tenutasi marted\u00ec 27 giugno, alla Scuola elementare \u201cE. Fermi\u201d di Bobbiate, <b>ha vissuto momenti concitati<\/b>. Poco prima che iniziasse la seduta <b>\u00e8 infatti saltata l&#8217;intesa della maggioranza sul candidato alla vicepresidenza<\/b>. La cdl si era accordata da tempo sul nome di <b>Marcello Federiconi di AN, gia vicepresidente la<img loading=\"lazy\" decoding=\"async\" style=\"WIDTH: 249px; HEIGHT: 209px\" height=\"209\" hspace=\"3\" src=\"https:\/\/www3.varesenews.it\/immagini_articoli\/200606\/STEFANO_CRESPI_18025.jpg\" width=\"249\" align=\"left\" vspace=\"3\" border=\"0\" \/> scorsa legislatura.<\/b><\/font><\/font><\/font><\/span><span lang=\"it-IT\"><font size=\"3\"><font face=\"Arial, sans-serif\"><font color=\"#000000\">\u00a0All&#8217;ultimo momento per\u00f2, i suoi rappresentanti hanno cambiato scegliendo <b>Bianchi dell&#8217;UDC<\/b>.<\/font><\/font><\/font><\/span><span lang=\"it-IT\"><font size=\"3\"><font face=\"Arial, sans-serif\"><font color=\"#000000\">\u00a0Il mancato accordo, <b>presumibilmente dovuto a quanto stava accadendo nel corso della riunione del parlamentino di Varese 6<\/b>, ha fatto si che l&#8217;elezione del presidente<b> Stefano Crespi<\/b> di Forza Italia, data per scontata al primo turno, si raggiungesse solo dopo altri due scrutini.<\/font><\/font><\/font><\/span><\/p>\n<p lang=\"it-IT\" style=\"MARGIN-BOTTOM: 0cm\"><font color=\"#000000\"><font face=\"Arial, sans-serif\"><font size=\"3\">Le votazioni si sono svolte in un clima non certo sereno. Federiconi ha esordito cos\u00ec alla prima riunione:\u00abPersonalmente questa esperienza \u00e8 partita male, mi auguro un futuro migliore\u00bb. La tensione palpabile, alimentata dal continuo viavai degli esponenti della cdl e dallo squillare e vibrare dei telefoni, ha portato alla richiesta di un minuto di sospensione da parte del leghista Lozza. <\/font><\/font><\/font><span lang=\"it-IT\"><font size=\"3\"><font face=\"Arial, sans-serif\"><font color=\"#000000\">Al rientro c&#8217;\u00e8 stata <b>la prima votazione<\/b> che, nonostante l&#8217;ampio divario tra centro-destra e Unione (8 a 3, causa l&#8217;assenza di Cristan Bolcato di F.I.), <b>ha avuto come risultato una maggioranza di schede bianche: sette contro i quattro voti ottenuti da Crespi<\/b>. <b>Al secondo turno si \u00e8 verificato il medesimo esito<\/b>, con la palese astensione di AN e la probabile scheda bianca dei tre candidati leghisti. A questo punto \u00e8 stato Molinaro dei DS a chiedere una sospensione. Alla fine, <b>la terza consultazione<\/b>, con 7 schede a Crespi, tre al consigliere di AN (provocatoriamente votato dai consiglieri dell&#8217;Unione) e una bianca, <b>ha permesso la proclamazione di Stefano Crespi Presidente del parlamentino di Varese 2. <\/b><\/font><\/font><\/font><\/span><span lang=\"it-IT\"><font size=\"3\"><font face=\"Arial, sans-serif\"><font color=\"#000000\">Si \u00e8 proceduto poi all&#8217;elezione del vicepresidente. La cdl ha espresso il nome di <b>Enrico Bianchi<\/b>, con l&#8217;eccezione dell&#8217;unico rappresentante di AN, che ha ribadito fermamente la sua astensione \u00abper motivi di principio\u00bb. Al termine della consultazione che ha dichiarato <b>l&#8217;esponente dell&#8217;UDC vicepresidente<\/b> con 7 favorevoli e 4 bianche, <b>Federiconi ha abbandonato la seduta.<\/b><\/font><\/font><\/font><\/span><\/p>\n<p lang=\"it-IT\" style=\"MARGIN-BOTTOM: 0cm\"><font color=\"#000000\"><font face=\"Arial, sans-serif\"><font size=\"3\">Nessun commento dagli esponenti della cdl, che hanno preferito rimandare i discorsi alla prossima riunione fissata intorno al 10 di luglio. Di tutt&#8217;altro avviso le reazioni da parte dell&#8217;opposizione. \u00ab\u00c8 indecente che non abbiano avuto tempo di mettersi d&#8217;accordo su un nome in un mese di tempo\u00bb ha sostenuto Molinaro, capogruppo DS. \u00abTutto queste ripicche per una carica di vicepresidente che alla fine conta come il due di picche&#8230;\u00bb \u00e8 il commento di Flaminia Nicora della Quercia.<\/font><\/font><\/font><\/p>\n<p lang=\"it-IT\" style=\"MARGIN-BOTTOM: 0cm\"><font color=\"#000000\"><font face=\"Arial, sans-serif\"><font size=\"3\"><b>Il Presidente:<\/b><\/font><\/font><\/font><\/p>\n<p lang=\"it-IT\" style=\"MARGIN-BOTTOM: 0cm\"><span lang=\"it-IT\"><font size=\"3\"><font face=\"Arial, sans-serif\"><font color=\"#000000\"><b>Stefano Crespi<\/b>, neo-presidente del consiglio di Ciscoscrizione di Varese 2, abita solo da un anno a Capolago, ma \u00e8 molto conosciuto a Bobbiate e Casbeno perch\u00e8 in questi quartieri \u00e8 cresciuto. Questo spiega il perch\u00e9 dei tanti voti ricevuti alla sua prima esperienza politica. Crespi, aderente al movimento di Comunione e Liberazione, <b>appartiene all&#8217;ala formigoniana di Forza Italia<\/b>. Anche lui, come <strong><a title=\"circoscrizione 5\" href=\"\/varese\/articolo.php?id=51870\">Stefania Cipolat<\/a><\/strong>, ha messo <b>al primo posto la sussidiariet\u00e0<\/b> come principio ispiratore della propria azione. <\/font><\/font><\/font><\/span><\/p>\n<p lang=\"it-IT\" style=\"MARGIN-BOTTOM: 0cm\"><font color=\"#000000\"><font face=\"Arial, sans-serif\"><font size=\"3\"><b>Il consiglio:<\/b><\/font><\/font><\/font><\/p>\n<p lang=\"it-IT\" style=\"MARGIN-BOTTOM: 0cm\"><font color=\"#000000\"><font face=\"Arial, sans-serif\"><font size=\"3\"><b>Forza Italia: <\/b><\/font><\/font><\/font><font color=\"#000000\"><font face=\"Arial, sans-serif\"><font size=\"3\">Stefano Crespi (presidente del consiglio di Ciscoscrizione), <\/font><\/font><\/font><font color=\"#000000\"><font face=\"Arial, sans-serif\"><font size=\"3\">Giorgio Gazzotti (capogruppo), <\/font><\/font><\/font><font color=\"#000000\"><font face=\"Arial, sans-serif\"><font size=\"3\">Davide Sturla, <\/font><\/font><\/font><font color=\"#000000\"><font face=\"Arial, sans-serif\"><font size=\"3\">Cristian Bolcato<\/font><\/font><\/font><\/p>\n<p lang=\"it-IT\" style=\"MARGIN-BOTTOM: 0cm\"><font color=\"#000000\"><font face=\"Arial, sans-serif\"><font size=\"3\"><b>Lega Nord:<\/b><\/font><\/font><\/font><font color=\"#000000\"><font face=\"Arial, sans-serif\"><font size=\"3\">Mauro Lozza (capogruppo), <\/font><\/font><\/font><font color=\"#000000\"><font face=\"Arial, sans-serif\"><font size=\"3\">Matteo Zagatto, <\/font><\/font><\/font><font color=\"#000000\"><font face=\"Arial, sans-serif\"><font size=\"3\">Carla Ambrosetti<\/font><\/font><\/font><\/p>\n<p lang=\"it-IT\" style=\"MARGIN-BOTTOM: 0cm\"><font color=\"#000000\"><font face=\"Arial, sans-serif\"><font size=\"3\"><b>AN:<\/b><\/font><\/font><\/font><font color=\"#000000\"><font face=\"Arial, sans-serif\"><font size=\"3\">Marcello Federiconi (capogruppo)<\/font><\/font><\/font><\/p>\n<p lang=\"it-IT\" style=\"MARGIN-BOTTOM: 0cm\"><font color=\"#000000\"><font face=\"Arial, sans-serif\"><font size=\"3\"><b>DS:<\/b><\/font><\/font><\/font><font color=\"#000000\"><font face=\"Arial, sans-serif\"><font size=\"3\">Gabriele Molinaro, <\/font><\/font><\/font><font color=\"#000000\"><font face=\"Arial, sans-serif\"><font size=\"3\">Flaminia Nicora<\/font><\/font><\/font><\/p>\n<p lang=\"it-IT\" style=\"MARGIN-BOTTOM: 0cm\"><font color=\"#000000\"><font face=\"Arial, sans-serif\"><font size=\"3\"><b>Margherita:<\/b><\/font><\/font><\/font><font color=\"#000000\"><font face=\"Arial, sans-serif\"><font size=\"3\">Lorenzo Macchi<\/font><\/font><\/font><\/p>\n<p lang=\"it-IT\" style=\"MARGIN-BOTTOM: 0cm\"><font color=\"#000000\"><font face=\"Arial, sans-serif\"><font size=\"3\"><b>UDC:<\/b><\/font><\/font><\/font><font color=\"#000000\"><font face=\"Arial, sans-serif\"><font size=\"3\">Enrico Bianchi (vicepresidente)<\/font><\/font><\/font><\/p>\n<p class=\"MsoNormal\" style=\"MARGIN: 0cm 0cm 0pt\" \/>\n<p class=\"MsoNormal\" style=\"MARGIN: 0cm 0cm 0pt\"><a href=\"\/varese\/articolo.php?id=52016\">I risultati di Varese 6<\/a><\/p>\n<p class=\"MsoNormal\" style=\"MARGIN: 0cm 0cm 0pt\"><a href=\"\/varese\/articolo.php?id=51870\">I risultati di Varese\u00a05<\/a><\/p>\n<p class=\"MsoNormal\" style=\"MARGIN: 0cm 0cm 0pt\" \/>\n<p class=\"MsoNormal\" style=\"MARGIN: 0cm 0cm 0pt\"><a href=\"\/varese\/articolo.php?id=51962\">I risultati di Varese 4<\/a><\/p>\n<p><a href=\"javasctipt:popupPhotoGallery('immagini_gallery_link.php?id=416','Varesenews',600,500,'center','front')\"><\/a><\/p>\n","protected":false},"excerpt":{"rendered":"<p>Prima riunione del consiglio: salta l&#8217;accordo sulla vicepresidenza che va a Bianchi<\/p>\n","protected":false},"author":10,"featured_media":0,"comment_status":"open","ping_status":"open","sticky":false,"template":"","format":"standard","meta":{"footnotes":""},"categories":[2],"tags":[],"acf":[],"yoast_head":"<!-- This site is optimized with the Yoast SEO plugin v20.1 - https:\/\/yoast.com\/wordpress\/plugins\/seo\/ -->\n<title>Crespi presidente della circoscrizione 2<\/title>\n<meta name=\"description\" content=\"Prima riunione del consiglio: salta l&#039;accordo sulla vicepresidenza che va a Bianchi\" \/>\n<meta name=\"robots\" content=\"noindex, follow, max-snippet:-1, max-image-preview:large, max-video-preview:-1\" \/>\n<meta property=\"og:locale\" content=\"it_IT\" \/>\n<meta property=\"og:type\" content=\"article\" \/>\n<meta property=\"og:title\" content=\"Crespi presidente della circoscrizione 2\" \/>\n<meta property=\"og:description\" content=\"Prima riunione del consiglio: salta l&#039;accordo sulla vicepresidenza che va a Bianchi\" \/>\n<meta property=\"og:url\" content=\"https:\/\/staging.varesenews.it\/2006\/06\/crespi-presidente-della-circoscrizione-2\/251959\/\" \/>\n<meta property=\"og:site_name\" content=\"VareseNews\" \/>\n<meta property=\"article:publisher\" content=\"https:\/\/www.facebook.com\/varesenews\" \/>\n<meta property=\"article:published_time\" content=\"2006-06-28T00:00:00+00:00\" \/>\n<meta property=\"og:image\" content=\"https:\/\/www3.varesenews.it\/immagini_articoli\/200606\/STEFANO_CRESPI_18025.jpg\" \/>\n<meta name=\"author\" content=\"Redazione VareseNews\" \/>\n<meta name=\"twitter:card\" content=\"summary_large_image\" \/>\n<meta name=\"twitter:creator\" content=\"@varesenews\" \/>\n<meta name=\"twitter:site\" content=\"@varesenews\" \/>\n<meta name=\"twitter:label1\" content=\"Scritto da\" \/>\n\t<meta name=\"twitter:data1\" content=\"Redazione VareseNews\" \/>\n\t<meta name=\"twitter:label2\" content=\"Tempo di lettura stimato\" \/>\n\t<meta name=\"twitter:data2\" content=\"3 minuti\" \/>\n<script type=\"application\/ld+json\" class=\"yoast-schema-graph\">{\"@context\":\"https:\/\/schema.org\",\"@graph\":[{\"@type\":\"WebPage\",\"@id\":\"https:\/\/staging.varesenews.it\/2006\/06\/crespi-presidente-della-circoscrizione-2\/251959\/\",\"url\":\"https:\/\/staging.varesenews.it\/2006\/06\/crespi-presidente-della-circoscrizione-2\/251959\/\",\"name\":\"Crespi presidente della circoscrizione 2\",\"isPartOf\":{\"@id\":\"https:\/\/staging.varesenews.it\/#website\"},\"datePublished\":\"2006-06-28T00:00:00+00:00\",\"dateModified\":\"2006-06-28T00:00:00+00:00\",\"author\":{\"@id\":\"https:\/\/staging.varesenews.it\/#\/schema\/person\/fb20c4da0b7b16c291707a20db73e169\"},\"description\":\"Prima riunione del consiglio: salta l'accordo sulla vicepresidenza che va a Bianchi\",\"breadcrumb\":{\"@id\":\"https:\/\/staging.varesenews.it\/2006\/06\/crespi-presidente-della-circoscrizione-2\/251959\/#breadcrumb\"},\"inLanguage\":\"it-IT\",\"potentialAction\":[{\"@type\":\"ReadAction\",\"target\":[\"https:\/\/staging.varesenews.it\/2006\/06\/crespi-presidente-della-circoscrizione-2\/251959\/\"]}]},{\"@type\":\"BreadcrumbList\",\"@id\":\"https:\/\/staging.varesenews.it\/2006\/06\/crespi-presidente-della-circoscrizione-2\/251959\/#breadcrumb\",\"itemListElement\":[{\"@type\":\"ListItem\",\"position\":1,\"name\":\"Home\",\"item\":\"https:\/\/www.varesenews.it\/\"},{\"@type\":\"ListItem\",\"position\":2,\"name\":\"Crespi presidente della circoscrizione 2\"}]},{\"@type\":\"WebSite\",\"@id\":\"https:\/\/staging.varesenews.it\/#website\",\"url\":\"https:\/\/staging.varesenews.it\/\",\"name\":\"VareseNews\",\"description\":\"\",\"potentialAction\":[{\"@type\":\"SearchAction\",\"target\":{\"@type\":\"EntryPoint\",\"urlTemplate\":\"https:\/\/staging.varesenews.it\/?s={search_term_string}\"},\"query-input\":\"required name=search_term_string\"}],\"inLanguage\":\"it-IT\"},{\"@type\":\"Person\",\"@id\":\"https:\/\/staging.varesenews.it\/#\/schema\/person\/fb20c4da0b7b16c291707a20db73e169\",\"name\":\"Redazione VareseNews\",\"image\":{\"@type\":\"ImageObject\",\"inLanguage\":\"it-IT\",\"@id\":\"https:\/\/staging.varesenews.it\/#\/schema\/person\/image\/\",\"url\":\"https:\/\/staging.varesenews.it\/wp-content\/uploads\/2020\/12\/logo_VN_colori_500.png\",\"contentUrl\":\"https:\/\/staging.varesenews.it\/wp-content\/uploads\/2020\/12\/logo_VN_colori_500.png\",\"caption\":\"Redazione VareseNews\"},\"url\":\"https:\/\/staging.varesenews.it\/persona\/redazione1\/\"}]}<\/script>\n<!-- \/ Yoast SEO plugin. -->","yoast_head_json":{"title":"Crespi presidente della circoscrizione 2","description":"Prima riunione del consiglio: salta l'accordo sulla vicepresidenza che va a Bianchi","robots":{"index":"noindex","follow":"follow","max-snippet":"max-snippet:-1","max-image-preview":"max-image-preview:large","max-video-preview":"max-video-preview:-1"},"og_locale":"it_IT","og_type":"article","og_title":"Crespi presidente della circoscrizione 2","og_description":"Prima riunione del consiglio: salta l'accordo sulla vicepresidenza che va a Bianchi","og_url":"https:\/\/staging.varesenews.it\/2006\/06\/crespi-presidente-della-circoscrizione-2\/251959\/","og_site_name":"VareseNews","article_publisher":"https:\/\/www.facebook.com\/varesenews","article_published_time":"2006-06-28T00:00:00+00:00","og_image":[{"url":"https:\/\/www3.varesenews.it\/immagini_articoli\/200606\/STEFANO_CRESPI_18025.jpg"}],"author":"Redazione VareseNews","twitter_card":"summary_large_image","twitter_creator":"@varesenews","twitter_site":"@varesenews","twitter_misc":{"Scritto da":"Redazione VareseNews","Tempo di lettura stimato":"3 minuti"},"schema":{"@context":"https:\/\/schema.org","@graph":[{"@type":"WebPage","@id":"https:\/\/staging.varesenews.it\/2006\/06\/crespi-presidente-della-circoscrizione-2\/251959\/","url":"https:\/\/staging.varesenews.it\/2006\/06\/crespi-presidente-della-circoscrizione-2\/251959\/","name":"Crespi presidente della circoscrizione 2","isPartOf":{"@id":"https:\/\/staging.varesenews.it\/#website"},"datePublished":"2006-06-28T00:00:00+00:00","dateModified":"2006-06-28T00:00:00+00:00","author":{"@id":"https:\/\/staging.varesenews.it\/#\/schema\/person\/fb20c4da0b7b16c291707a20db73e169"},"description":"Prima riunione del consiglio: salta l'accordo sulla vicepresidenza che va a Bianchi","breadcrumb":{"@id":"https:\/\/staging.varesenews.it\/2006\/06\/crespi-presidente-della-circoscrizione-2\/251959\/#breadcrumb"},"inLanguage":"it-IT","potentialAction":[{"@type":"ReadAction","target":["https:\/\/staging.varesenews.it\/2006\/06\/crespi-presidente-della-circoscrizione-2\/251959\/"]}]},{"@type":"BreadcrumbList","@id":"https:\/\/staging.varesenews.it\/2006\/06\/crespi-presidente-della-circoscrizione-2\/251959\/#breadcrumb","itemListElement":[{"@type":"ListItem","position":1,"name":"Home","item":"https:\/\/www.varesenews.it\/"},{"@type":"ListItem","position":2,"name":"Crespi presidente della circoscrizione 2"}]},{"@type":"WebSite","@id":"https:\/\/staging.varesenews.it\/#website","url":"https:\/\/staging.varesenews.it\/","name":"VareseNews","description":"","potentialAction":[{"@type":"SearchAction","target":{"@type":"EntryPoint","urlTemplate":"https:\/\/staging.varesenews.it\/?s={search_term_string}"},"query-input":"required name=search_term_string"}],"inLanguage":"it-IT"},{"@type":"Person","@id":"https:\/\/staging.varesenews.it\/#\/schema\/person\/fb20c4da0b7b16c291707a20db73e169","name":"Redazione VareseNews","image":{"@type":"ImageObject","inLanguage":"it-IT","@id":"https:\/\/staging.varesenews.it\/#\/schema\/person\/image\/","url":"https:\/\/staging.varesenews.it\/wp-content\/uploads\/2020\/12\/logo_VN_colori_500.png","contentUrl":"https:\/\/staging.varesenews.it\/wp-content\/uploads\/2020\/12\/logo_VN_colori_500.png","caption":"Redazione VareseNews"},"url":"https:\/\/staging.varesenews.it\/persona\/redazione1\/"}]}},"post_meta":{"id_old":"52017","argomento":"Varese","autore_old":"Andrea Franceschi","id_link_fotogallery":"314227"},"photos":[],"_links":{"self":[{"href":"https:\/\/staging.varesenews.it\/swgapi\/v1\/wp\/v2\/posts\/251959"}],"collection":[{"href":"https:\/\/staging.varesenews.it\/swgapi\/v1\/wp\/v2\/posts"}],"about":[{"href":"https:\/\/staging.varesenews.it\/swgapi\/v1\/wp\/v2\/types\/post"}],"author":[{"embeddable":true,"href":"https:\/\/staging.varesenews.it\/swgapi\/v1\/wp\/v2\/users\/10"}],"replies":[{"embeddable":true,"href":"https:\/\/staging.varesenews.it\/swgapi\/v1\/wp\/v2\/comments?post=251959"}],"version-history":[{"count":0,"href":"https:\/\/staging.varesenews.it\/swgapi\/v1\/wp\/v2\/posts\/251959\/revisions"}],"wp:attachment":[{"href":"https:\/\/staging.varesenews.it\/swgapi\/v1\/wp\/v2\/media?parent=251959"}],"wp:term":[{"taxonomy":"category","embeddable":true,"href":"https:\/\/staging.varesenews.it\/swgapi\/v1\/wp\/v2\/categories?post=251959"},{"taxonomy":"post_tag","embeddable":true,"href":"https:\/\/staging.varesenews.it\/swgapi\/v1\/wp\/v2\/tags?post=251959"}],"curies":[{"name":"wp","href":"https:\/\/api.w.org\/{rel}","templated":true}]}}