{"id":252063,"date":"2006-06-24T00:00:00","date_gmt":"2006-06-24T00:00:00","guid":{"rendered":""},"modified":"2006-06-24T00:00:00","modified_gmt":"2006-06-24T00:00:00","slug":"lo-scandalo-dell-aranciata","status":"publish","type":"post","link":"https:\/\/staging.varesenews.it\/2006\/06\/lo-scandalo-dell-aranciata\/252063\/","title":{"rendered":"Lo scandalo dell&#8217;aranciata"},"content":{"rendered":"<p>Dove si imbocca una curva, si annuncia il bollettino medico della sinistra e si scopre che un po\u2019 di ragione ce l\u2019avevamo<\/p>\n<p>Un anno fa di questi tempi non avevamo ancora cominciato a parlare dello scandalo Fiorani-BPI. A ruota \u00e8 seguito l\u2019affare Consorte, poi il Laziogate. Il tempo di rifiatare ed eccoci alle prese con Calciopoli, con gli intrallazzi delle cliniche private in Puglia e soprattutto con quella prateria maleodorante che solo ora la magistratura di Potenza ha cominciato a esplorare e che da sola contiene una decina di sconci. Ora, in questo panorama c\u2019\u00e8 stato ancora chi, in questi giorni ha provato a vedere tutto questo sotto il consueto profilo, e cio\u00e8 che in Italia il problema sono le intercettazioni telefoniche e la magistratura che difende un minimo di rispetto per la legge. Problema che, come ha fatto notare Massimo Gramellini sulla Stampa, nella graduatoria delle emergenze italiane si colloca tra l\u2019ottantesimo e il novantesimo posto. Si riuscir\u00e0 almeno stavolta a non far finire tutto in burletta come accaduto con Mani Pulite?<\/p>\n<p>QUESTO HA SVOLTATO \u2013 La caserma Garibaldi? \u201cLa acquisteremo solo se sapremo davvero come usarla\u201d. Il nuovo carcere? \u201cNon so se i fondi siano ancora disposizione. Vedremo\u201d. L\u2019albergo a Villa Ponti? \u201cIl no pronunciato dalla Sovrintendenza mi sembra esplicito\u201d. Brani tratti dall\u2019intervista rilasciata dal neosindaco di Varese Attilio Fontana al quotidiano \u201cLa Provincia\u201d. Come dire: tre capisaldi della precedente amministrazione vengono accantonati, si ricomincia da altri progetti. Giusto o sbagliato, \u00e8 un segnale di discontinuit\u00e0 notevole rispetto al passato, segno che qualcosa, nell\u2019alveo della politica cittadina \u00e8 cambiato. Messa cos\u00ec l\u2019impressione \u00e8 che questa giunta segua per ora una tattica alla Nereo Rocco: primo, non prenderle. Resta da vedere come verr\u00e0 riempito il vuoto rimasto. Difficile pensare che un\u2019amministrazione come Varese, nei prossimi cinque anni, possa campare solo sull\u2019organizzazione dei Mondiali di ciclismo, ma se si vuole prendere qualche questione di petto, davvero c\u2019\u00e8 solo l\u2019imbarazzo della scelta.<\/p>\n<p>QUALCUNO FACCIA QUALCOSA \u2013 Lo stato confusionale che attanaglia il centrosinistra dopo la batosta delle amministrative sembra aver lasciato segni peggiori del previsto. Prova ne sia, nel suo piccolo, la cronaca dell&#8217;insediamento a Varese del consiglio di zona numero 5: mentre il centrodestra votava compatto per la sua presidente, l\u2019opposizione si incartava in una serie di votazioni cervellotiche per cui quello della Margherita pigliava i voti dei Ds mentre quelli della Margherita annullavano la scheda e quello dei Ds rimaneva al palo. Non abbiamo capito il significato di tutto ci\u00f2, per il semplice motivo che non abbiamo nemmeno provato a capirlo; qualunque esso sia, non ha il minimo nesso con la realt\u00e0 e ci\u00f2 che emerge \u00e8 solo la perdita di senso di quello che un\u2019opposizione dovrebbe fare. Poi non lamentiamoci se la Casa della Libert\u00e0 fa man bassa di tutto.<\/p>\n<p>MI MANDA LUBRANO \u2013 Quanto costa sedersi a un tavolino di piazza Monte Grappa e bere un\u2019aranciata? Al qui presente sono stati fatti pagare \u2013 scontrino canta- 5 euro e 50 centesimi, 11 mila lire del vecchio conio cos\u00ec ci capiamo meglio. Non si tratta di una cifra elevata, si tratta semplicemente di una presa per il culo del cliente; che d\u2019ora in avanti si guarder\u00e0 bene dal mettere piede in quel bar. Ora, come premessa ad ogni discorso su Varese citt\u00e0 turistica, sulla mancanza di parcheggi in centro, sull\u2019animazione serale, sulle tasse per i tavolini e sull\u2019evasione fiscale, su qualunque discorso riguardi l\u2019universo mondo, voglio che le associazioni interessate mi diano una spiegazione decente a quei 5 euro e mezzo. Ma deve essere particolarmente convincente, avverto.<\/p>\n<p>DI GIA\u2019? \u2013 In campagna elettorale avevamo previsto che l\u2019abolizione dell\u2019Ici sarebbe stata una panzana buona solo per catturare voti, che qualunque sindaco l\u2019avesse attuata si sarebbe poi trovato alle prese con voragini di bilancio. Pare che gli eventi ci stiano dando ragione anche prima del previsto: a Cassano Magnago vorrebbero impugnare le forbici e togliere la tassazione sulla casa, ma a quanto pare si vedrebbero costretti a inasprire l\u2019addizionale Irpef per non dover chiudere bottega. Come volevasi dimostrare, insomma. Viene da pensare a quante parole si sono sprecate,da Nord a Sud, solo poche settimane fa, attorno a tale questione. Ma cosa abbiamo fatto di male per meritarci di essere presi in giro cos\u00ec?<\/p>\n","protected":false},"excerpt":{"rendered":"<p>Dove si imbocca una curva, si annuncia il bollettino medico della sinistra e si scopre che un po\u2019 di ragione<\/p>\n","protected":false},"author":10,"featured_media":0,"comment_status":"open","ping_status":"open","sticky":false,"template":"","format":"standard","meta":{"footnotes":""},"categories":[44667],"tags":[],"acf":[],"yoast_head":"<!-- This site is optimized with the Yoast SEO plugin v20.1 - https:\/\/yoast.com\/wordpress\/plugins\/seo\/ -->\n<title>Lo scandalo dell&#039;aranciata<\/title>\n<meta name=\"description\" content=\"Dove si imbocca una curva, si annuncia il bollettino medico della sinistra e si scopre che un po\u2019 di ragione ce l\u2019avevamo Un anno fa di questi tempi non\" \/>\n<meta name=\"robots\" content=\"noindex, follow, max-snippet:-1, max-image-preview:large, max-video-preview:-1\" \/>\n<meta property=\"og:locale\" content=\"it_IT\" \/>\n<meta property=\"og:type\" content=\"article\" \/>\n<meta property=\"og:title\" content=\"Lo scandalo dell&#039;aranciata\" \/>\n<meta property=\"og:description\" content=\"Dove si imbocca una curva, si annuncia il bollettino medico della sinistra e si scopre che un po\u2019 di ragione ce l\u2019avevamo Un anno fa di questi tempi non\" \/>\n<meta property=\"og:url\" content=\"https:\/\/staging.varesenews.it\/2006\/06\/lo-scandalo-dell-aranciata\/252063\/\" \/>\n<meta property=\"og:site_name\" content=\"VareseNews\" \/>\n<meta property=\"article:publisher\" content=\"https:\/\/www.facebook.com\/varesenews\" \/>\n<meta property=\"article:published_time\" content=\"2006-06-24T00:00:00+00:00\" \/>\n<meta name=\"author\" content=\"Redazione VareseNews\" \/>\n<meta name=\"twitter:card\" content=\"summary_large_image\" \/>\n<meta name=\"twitter:creator\" content=\"@varesenews\" \/>\n<meta name=\"twitter:site\" content=\"@varesenews\" \/>\n<meta name=\"twitter:label1\" content=\"Scritto da\" \/>\n\t<meta name=\"twitter:data1\" content=\"Redazione VareseNews\" \/>\n\t<meta name=\"twitter:label2\" content=\"Tempo di lettura stimato\" \/>\n\t<meta name=\"twitter:data2\" content=\"4 minuti\" \/>\n<script type=\"application\/ld+json\" class=\"yoast-schema-graph\">{\"@context\":\"https:\/\/schema.org\",\"@graph\":[{\"@type\":\"WebPage\",\"@id\":\"https:\/\/staging.varesenews.it\/2006\/06\/lo-scandalo-dell-aranciata\/252063\/\",\"url\":\"https:\/\/staging.varesenews.it\/2006\/06\/lo-scandalo-dell-aranciata\/252063\/\",\"name\":\"Lo scandalo dell'aranciata\",\"isPartOf\":{\"@id\":\"https:\/\/staging.varesenews.it\/#website\"},\"datePublished\":\"2006-06-24T00:00:00+00:00\",\"dateModified\":\"2006-06-24T00:00:00+00:00\",\"author\":{\"@id\":\"https:\/\/staging.varesenews.it\/#\/schema\/person\/fb20c4da0b7b16c291707a20db73e169\"},\"description\":\"Dove si imbocca una curva, si annuncia il bollettino medico della sinistra e si scopre che un po\u2019 di ragione ce l\u2019avevamo Un anno fa di questi tempi non\",\"breadcrumb\":{\"@id\":\"https:\/\/staging.varesenews.it\/2006\/06\/lo-scandalo-dell-aranciata\/252063\/#breadcrumb\"},\"inLanguage\":\"it-IT\",\"potentialAction\":[{\"@type\":\"ReadAction\",\"target\":[\"https:\/\/staging.varesenews.it\/2006\/06\/lo-scandalo-dell-aranciata\/252063\/\"]}]},{\"@type\":\"BreadcrumbList\",\"@id\":\"https:\/\/staging.varesenews.it\/2006\/06\/lo-scandalo-dell-aranciata\/252063\/#breadcrumb\",\"itemListElement\":[{\"@type\":\"ListItem\",\"position\":1,\"name\":\"Home\",\"item\":\"https:\/\/www.varesenews.it\/\"},{\"@type\":\"ListItem\",\"position\":2,\"name\":\"Lo scandalo dell&#8217;aranciata\"}]},{\"@type\":\"WebSite\",\"@id\":\"https:\/\/staging.varesenews.it\/#website\",\"url\":\"https:\/\/staging.varesenews.it\/\",\"name\":\"VareseNews\",\"description\":\"\",\"potentialAction\":[{\"@type\":\"SearchAction\",\"target\":{\"@type\":\"EntryPoint\",\"urlTemplate\":\"https:\/\/staging.varesenews.it\/?s={search_term_string}\"},\"query-input\":\"required name=search_term_string\"}],\"inLanguage\":\"it-IT\"},{\"@type\":\"Person\",\"@id\":\"https:\/\/staging.varesenews.it\/#\/schema\/person\/fb20c4da0b7b16c291707a20db73e169\",\"name\":\"Redazione VareseNews\",\"image\":{\"@type\":\"ImageObject\",\"inLanguage\":\"it-IT\",\"@id\":\"https:\/\/staging.varesenews.it\/#\/schema\/person\/image\/\",\"url\":\"https:\/\/staging.varesenews.it\/wp-content\/uploads\/2020\/12\/logo_VN_colori_500.png\",\"contentUrl\":\"https:\/\/staging.varesenews.it\/wp-content\/uploads\/2020\/12\/logo_VN_colori_500.png\",\"caption\":\"Redazione VareseNews\"},\"url\":\"https:\/\/staging.varesenews.it\/persona\/redazione1\/\"}]}<\/script>\n<!-- \/ Yoast SEO plugin. -->","yoast_head_json":{"title":"Lo scandalo dell'aranciata","description":"Dove si imbocca una curva, si annuncia il bollettino medico della sinistra e si scopre che un po\u2019 di ragione ce l\u2019avevamo Un anno fa di questi tempi non","robots":{"index":"noindex","follow":"follow","max-snippet":"max-snippet:-1","max-image-preview":"max-image-preview:large","max-video-preview":"max-video-preview:-1"},"og_locale":"it_IT","og_type":"article","og_title":"Lo scandalo dell'aranciata","og_description":"Dove si imbocca una curva, si annuncia il bollettino medico della sinistra e si scopre che un po\u2019 di ragione ce l\u2019avevamo Un anno fa di questi tempi non","og_url":"https:\/\/staging.varesenews.it\/2006\/06\/lo-scandalo-dell-aranciata\/252063\/","og_site_name":"VareseNews","article_publisher":"https:\/\/www.facebook.com\/varesenews","article_published_time":"2006-06-24T00:00:00+00:00","author":"Redazione VareseNews","twitter_card":"summary_large_image","twitter_creator":"@varesenews","twitter_site":"@varesenews","twitter_misc":{"Scritto da":"Redazione VareseNews","Tempo di lettura stimato":"4 minuti"},"schema":{"@context":"https:\/\/schema.org","@graph":[{"@type":"WebPage","@id":"https:\/\/staging.varesenews.it\/2006\/06\/lo-scandalo-dell-aranciata\/252063\/","url":"https:\/\/staging.varesenews.it\/2006\/06\/lo-scandalo-dell-aranciata\/252063\/","name":"Lo scandalo dell'aranciata","isPartOf":{"@id":"https:\/\/staging.varesenews.it\/#website"},"datePublished":"2006-06-24T00:00:00+00:00","dateModified":"2006-06-24T00:00:00+00:00","author":{"@id":"https:\/\/staging.varesenews.it\/#\/schema\/person\/fb20c4da0b7b16c291707a20db73e169"},"description":"Dove si imbocca una curva, si annuncia il bollettino medico della sinistra e si scopre che un po\u2019 di ragione ce l\u2019avevamo Un anno fa di questi tempi non","breadcrumb":{"@id":"https:\/\/staging.varesenews.it\/2006\/06\/lo-scandalo-dell-aranciata\/252063\/#breadcrumb"},"inLanguage":"it-IT","potentialAction":[{"@type":"ReadAction","target":["https:\/\/staging.varesenews.it\/2006\/06\/lo-scandalo-dell-aranciata\/252063\/"]}]},{"@type":"BreadcrumbList","@id":"https:\/\/staging.varesenews.it\/2006\/06\/lo-scandalo-dell-aranciata\/252063\/#breadcrumb","itemListElement":[{"@type":"ListItem","position":1,"name":"Home","item":"https:\/\/www.varesenews.it\/"},{"@type":"ListItem","position":2,"name":"Lo scandalo dell&#8217;aranciata"}]},{"@type":"WebSite","@id":"https:\/\/staging.varesenews.it\/#website","url":"https:\/\/staging.varesenews.it\/","name":"VareseNews","description":"","potentialAction":[{"@type":"SearchAction","target":{"@type":"EntryPoint","urlTemplate":"https:\/\/staging.varesenews.it\/?s={search_term_string}"},"query-input":"required name=search_term_string"}],"inLanguage":"it-IT"},{"@type":"Person","@id":"https:\/\/staging.varesenews.it\/#\/schema\/person\/fb20c4da0b7b16c291707a20db73e169","name":"Redazione VareseNews","image":{"@type":"ImageObject","inLanguage":"it-IT","@id":"https:\/\/staging.varesenews.it\/#\/schema\/person\/image\/","url":"https:\/\/staging.varesenews.it\/wp-content\/uploads\/2020\/12\/logo_VN_colori_500.png","contentUrl":"https:\/\/staging.varesenews.it\/wp-content\/uploads\/2020\/12\/logo_VN_colori_500.png","caption":"Redazione VareseNews"},"url":"https:\/\/staging.varesenews.it\/persona\/redazione1\/"}]}},"post_meta":{"id_old":"51887","autore_old":"Claudio Del Frate"},"photos":[],"_links":{"self":[{"href":"https:\/\/staging.varesenews.it\/swgapi\/v1\/wp\/v2\/posts\/252063"}],"collection":[{"href":"https:\/\/staging.varesenews.it\/swgapi\/v1\/wp\/v2\/posts"}],"about":[{"href":"https:\/\/staging.varesenews.it\/swgapi\/v1\/wp\/v2\/types\/post"}],"author":[{"embeddable":true,"href":"https:\/\/staging.varesenews.it\/swgapi\/v1\/wp\/v2\/users\/10"}],"replies":[{"embeddable":true,"href":"https:\/\/staging.varesenews.it\/swgapi\/v1\/wp\/v2\/comments?post=252063"}],"version-history":[{"count":0,"href":"https:\/\/staging.varesenews.it\/swgapi\/v1\/wp\/v2\/posts\/252063\/revisions"}],"wp:attachment":[{"href":"https:\/\/staging.varesenews.it\/swgapi\/v1\/wp\/v2\/media?parent=252063"}],"wp:term":[{"taxonomy":"category","embeddable":true,"href":"https:\/\/staging.varesenews.it\/swgapi\/v1\/wp\/v2\/categories?post=252063"},{"taxonomy":"post_tag","embeddable":true,"href":"https:\/\/staging.varesenews.it\/swgapi\/v1\/wp\/v2\/tags?post=252063"}],"curies":[{"name":"wp","href":"https:\/\/api.w.org\/{rel}","templated":true}]}}