{"id":253270,"date":"2006-05-31T00:00:00","date_gmt":"2006-05-31T00:00:00","guid":{"rendered":""},"modified":"2006-05-31T00:00:00","modified_gmt":"2006-05-31T00:00:00","slug":"l-ampliamento-della-a9-ritorna-in-consiglio","status":"publish","type":"post","link":"https:\/\/staging.varesenews.it\/2006\/05\/l-ampliamento-della-a9-ritorna-in-consiglio\/253270\/","title":{"rendered":"L&#8217;ampliamento della A9 ritorna in Consiglio"},"content":{"rendered":"<p align=\"justify\"><font face=\"arial,helvetica,sans-serif\">Torna in Consiglio comunale la discussione <a href=\"\/saronno_tradate\/articolo.php?id=49595\">sull&#8217;ampliamento dell&#8217;autostrada A9<\/a> Saronno-Como, dopo il rinvio seguito alle polemiche che hanno caratterizzato la burrascosa seduta del\u00a025 maggio scorso.<\/font><\/p>\n<p align=\"justify\"><font face=\"Arial\">Come anticipato dal sindaco Pierluigi Gilli in chiusura di seduta, all&#8217;argomento sar\u00e0 dedicata una seduta\u00a0urgente del Consiglio convocata per luned\u00ec 5 giugno alle 21. Il 9 giugno \u00e8 invece in programma a Roma la conferenza di servizi sul progettato ampliamento.<\/font><\/p>\n","protected":false},"excerpt":{"rendered":"<p>Dopo la burrascosa riunione del 25 maggio, l&#8217;approvazione \u00e8 sar\u00e0 nuovamente in discussione luned\u00ec 5 giugno<\/p>\n","protected":false},"author":10,"featured_media":0,"comment_status":"open","ping_status":"open","sticky":false,"template":"","format":"standard","meta":{"footnotes":""},"categories":[5],"tags":[],"acf":[],"yoast_head":"<!-- This site is optimized with the Yoast SEO plugin v20.1 - https:\/\/yoast.com\/wordpress\/plugins\/seo\/ -->\n<title>L&#039;ampliamento della A9 ritorna in Consiglio<\/title>\n<meta name=\"description\" content=\"Dopo la burrascosa riunione del 25 maggio, l&#039;approvazione \u00e8 sar\u00e0 nuovamente in discussione luned\u00ec 5 giugno\" \/>\n<meta name=\"robots\" content=\"noindex, follow, max-snippet:-1, max-image-preview:large, max-video-preview:-1\" \/>\n<meta property=\"og:locale\" content=\"it_IT\" \/>\n<meta property=\"og:type\" content=\"article\" \/>\n<meta property=\"og:title\" content=\"L&#039;ampliamento della A9 ritorna in Consiglio\" \/>\n<meta property=\"og:description\" content=\"Dopo la burrascosa riunione del 25 maggio, l&#039;approvazione \u00e8 sar\u00e0 nuovamente in discussione luned\u00ec 5 giugno\" \/>\n<meta property=\"og:url\" content=\"https:\/\/staging.varesenews.it\/2006\/05\/l-ampliamento-della-a9-ritorna-in-consiglio\/253270\/\" \/>\n<meta property=\"og:site_name\" content=\"VareseNews\" \/>\n<meta property=\"article:publisher\" content=\"https:\/\/www.facebook.com\/varesenews\" \/>\n<meta property=\"article:published_time\" content=\"2006-05-31T00:00:00+00:00\" \/>\n<meta name=\"author\" content=\"Redazione VareseNews\" \/>\n<meta name=\"twitter:card\" content=\"summary_large_image\" \/>\n<meta name=\"twitter:creator\" content=\"@varesenews\" \/>\n<meta name=\"twitter:site\" content=\"@varesenews\" \/>\n<meta name=\"twitter:label1\" content=\"Scritto da\" \/>\n\t<meta name=\"twitter:data1\" content=\"Redazione VareseNews\" \/>\n<script type=\"application\/ld+json\" class=\"yoast-schema-graph\">{\"@context\":\"https:\/\/schema.org\",\"@graph\":[{\"@type\":\"WebPage\",\"@id\":\"https:\/\/staging.varesenews.it\/2006\/05\/l-ampliamento-della-a9-ritorna-in-consiglio\/253270\/\",\"url\":\"https:\/\/staging.varesenews.it\/2006\/05\/l-ampliamento-della-a9-ritorna-in-consiglio\/253270\/\",\"name\":\"L'ampliamento della A9 ritorna in Consiglio\",\"isPartOf\":{\"@id\":\"https:\/\/staging.varesenews.it\/#website\"},\"datePublished\":\"2006-05-31T00:00:00+00:00\",\"dateModified\":\"2006-05-31T00:00:00+00:00\",\"author\":{\"@id\":\"https:\/\/staging.varesenews.it\/#\/schema\/person\/fb20c4da0b7b16c291707a20db73e169\"},\"description\":\"Dopo la burrascosa riunione del 25 maggio, l'approvazione \u00e8 sar\u00e0 nuovamente in discussione luned\u00ec 5 giugno\",\"breadcrumb\":{\"@id\":\"https:\/\/staging.varesenews.it\/2006\/05\/l-ampliamento-della-a9-ritorna-in-consiglio\/253270\/#breadcrumb\"},\"inLanguage\":\"it-IT\",\"potentialAction\":[{\"@type\":\"ReadAction\",\"target\":[\"https:\/\/staging.varesenews.it\/2006\/05\/l-ampliamento-della-a9-ritorna-in-consiglio\/253270\/\"]}]},{\"@type\":\"BreadcrumbList\",\"@id\":\"https:\/\/staging.varesenews.it\/2006\/05\/l-ampliamento-della-a9-ritorna-in-consiglio\/253270\/#breadcrumb\",\"itemListElement\":[{\"@type\":\"ListItem\",\"position\":1,\"name\":\"Home\",\"item\":\"https:\/\/www.varesenews.it\/\"},{\"@type\":\"ListItem\",\"position\":2,\"name\":\"L&#8217;ampliamento della A9 ritorna in Consiglio\"}]},{\"@type\":\"WebSite\",\"@id\":\"https:\/\/staging.varesenews.it\/#website\",\"url\":\"https:\/\/staging.varesenews.it\/\",\"name\":\"VareseNews\",\"description\":\"\",\"potentialAction\":[{\"@type\":\"SearchAction\",\"target\":{\"@type\":\"EntryPoint\",\"urlTemplate\":\"https:\/\/staging.varesenews.it\/?s={search_term_string}\"},\"query-input\":\"required name=search_term_string\"}],\"inLanguage\":\"it-IT\"},{\"@type\":\"Person\",\"@id\":\"https:\/\/staging.varesenews.it\/#\/schema\/person\/fb20c4da0b7b16c291707a20db73e169\",\"name\":\"Redazione VareseNews\",\"image\":{\"@type\":\"ImageObject\",\"inLanguage\":\"it-IT\",\"@id\":\"https:\/\/staging.varesenews.it\/#\/schema\/person\/image\/\",\"url\":\"https:\/\/staging.varesenews.it\/wp-content\/uploads\/2020\/12\/logo_VN_colori_500.png\",\"contentUrl\":\"https:\/\/staging.varesenews.it\/wp-content\/uploads\/2020\/12\/logo_VN_colori_500.png\",\"caption\":\"Redazione VareseNews\"},\"url\":\"https:\/\/staging.varesenews.it\/persona\/redazione1\/\"}]}<\/script>\n<!-- \/ Yoast SEO plugin. -->","yoast_head_json":{"title":"L'ampliamento della A9 ritorna in Consiglio","description":"Dopo la burrascosa riunione del 25 maggio, l'approvazione \u00e8 sar\u00e0 nuovamente in discussione luned\u00ec 5 giugno","robots":{"index":"noindex","follow":"follow","max-snippet":"max-snippet:-1","max-image-preview":"max-image-preview:large","max-video-preview":"max-video-preview:-1"},"og_locale":"it_IT","og_type":"article","og_title":"L'ampliamento della A9 ritorna in Consiglio","og_description":"Dopo la burrascosa riunione del 25 maggio, l'approvazione \u00e8 sar\u00e0 nuovamente in discussione luned\u00ec 5 giugno","og_url":"https:\/\/staging.varesenews.it\/2006\/05\/l-ampliamento-della-a9-ritorna-in-consiglio\/253270\/","og_site_name":"VareseNews","article_publisher":"https:\/\/www.facebook.com\/varesenews","article_published_time":"2006-05-31T00:00:00+00:00","author":"Redazione VareseNews","twitter_card":"summary_large_image","twitter_creator":"@varesenews","twitter_site":"@varesenews","twitter_misc":{"Scritto da":"Redazione VareseNews"},"schema":{"@context":"https:\/\/schema.org","@graph":[{"@type":"WebPage","@id":"https:\/\/staging.varesenews.it\/2006\/05\/l-ampliamento-della-a9-ritorna-in-consiglio\/253270\/","url":"https:\/\/staging.varesenews.it\/2006\/05\/l-ampliamento-della-a9-ritorna-in-consiglio\/253270\/","name":"L'ampliamento della A9 ritorna in Consiglio","isPartOf":{"@id":"https:\/\/staging.varesenews.it\/#website"},"datePublished":"2006-05-31T00:00:00+00:00","dateModified":"2006-05-31T00:00:00+00:00","author":{"@id":"https:\/\/staging.varesenews.it\/#\/schema\/person\/fb20c4da0b7b16c291707a20db73e169"},"description":"Dopo la burrascosa riunione del 25 maggio, l'approvazione \u00e8 sar\u00e0 nuovamente in discussione luned\u00ec 5 giugno","breadcrumb":{"@id":"https:\/\/staging.varesenews.it\/2006\/05\/l-ampliamento-della-a9-ritorna-in-consiglio\/253270\/#breadcrumb"},"inLanguage":"it-IT","potentialAction":[{"@type":"ReadAction","target":["https:\/\/staging.varesenews.it\/2006\/05\/l-ampliamento-della-a9-ritorna-in-consiglio\/253270\/"]}]},{"@type":"BreadcrumbList","@id":"https:\/\/staging.varesenews.it\/2006\/05\/l-ampliamento-della-a9-ritorna-in-consiglio\/253270\/#breadcrumb","itemListElement":[{"@type":"ListItem","position":1,"name":"Home","item":"https:\/\/www.varesenews.it\/"},{"@type":"ListItem","position":2,"name":"L&#8217;ampliamento della A9 ritorna in Consiglio"}]},{"@type":"WebSite","@id":"https:\/\/staging.varesenews.it\/#website","url":"https:\/\/staging.varesenews.it\/","name":"VareseNews","description":"","potentialAction":[{"@type":"SearchAction","target":{"@type":"EntryPoint","urlTemplate":"https:\/\/staging.varesenews.it\/?s={search_term_string}"},"query-input":"required name=search_term_string"}],"inLanguage":"it-IT"},{"@type":"Person","@id":"https:\/\/staging.varesenews.it\/#\/schema\/person\/fb20c4da0b7b16c291707a20db73e169","name":"Redazione VareseNews","image":{"@type":"ImageObject","inLanguage":"it-IT","@id":"https:\/\/staging.varesenews.it\/#\/schema\/person\/image\/","url":"https:\/\/staging.varesenews.it\/wp-content\/uploads\/2020\/12\/logo_VN_colori_500.png","contentUrl":"https:\/\/staging.varesenews.it\/wp-content\/uploads\/2020\/12\/logo_VN_colori_500.png","caption":"Redazione VareseNews"},"url":"https:\/\/staging.varesenews.it\/persona\/redazione1\/"}]}},"post_meta":{"id_old":"50248","argomento":"Saronno"},"photos":[],"_links":{"self":[{"href":"https:\/\/staging.varesenews.it\/swgapi\/v1\/wp\/v2\/posts\/253270"}],"collection":[{"href":"https:\/\/staging.varesenews.it\/swgapi\/v1\/wp\/v2\/posts"}],"about":[{"href":"https:\/\/staging.varesenews.it\/swgapi\/v1\/wp\/v2\/types\/post"}],"author":[{"embeddable":true,"href":"https:\/\/staging.varesenews.it\/swgapi\/v1\/wp\/v2\/users\/10"}],"replies":[{"embeddable":true,"href":"https:\/\/staging.varesenews.it\/swgapi\/v1\/wp\/v2\/comments?post=253270"}],"version-history":[{"count":0,"href":"https:\/\/staging.varesenews.it\/swgapi\/v1\/wp\/v2\/posts\/253270\/revisions"}],"wp:attachment":[{"href":"https:\/\/staging.varesenews.it\/swgapi\/v1\/wp\/v2\/media?parent=253270"}],"wp:term":[{"taxonomy":"category","embeddable":true,"href":"https:\/\/staging.varesenews.it\/swgapi\/v1\/wp\/v2\/categories?post=253270"},{"taxonomy":"post_tag","embeddable":true,"href":"https:\/\/staging.varesenews.it\/swgapi\/v1\/wp\/v2\/tags?post=253270"}],"curies":[{"name":"wp","href":"https:\/\/api.w.org\/{rel}","templated":true}]}}