{"id":254983,"date":"2006-04-28T00:00:00","date_gmt":"2006-04-28T00:00:00","guid":{"rendered":""},"modified":"2006-04-28T00:00:00","modified_gmt":"2006-04-28T00:00:00","slug":"c-era-una-volta-il-tinella","status":"publish","type":"post","link":"https:\/\/staging.varesenews.it\/2006\/04\/c-era-una-volta-il-tinella\/254983\/","title":{"rendered":"C&#8217;era una volta&#8230;.il Tinella"},"content":{"rendered":"<p><font face=\"arial,helvetica,sans-serif\">Ai tempi della Grande Guerra, quando il cibo scarseggiava, gli abitanti della zona\u00a0 cercavano nelle acque del <strong>torrente Tinella qualcosa<\/strong> di cui cibarsi. Richiesti erano soprattutto i <strong>gamberetti<\/strong> di fiume, per\u00a0 condire il risotto. Poi, negli anni &#8217;50, le sue acque chiare e limpide divennero la meta prediletta dei bambini che nella calura estiva vi cercavano refrigerio. <\/font><\/p>\n<p><font face=\"arial,helvetica,sans-serif\">Negli anni &#8217;60, per\u00f2, l&#8217;amicizia dell&#8217;uomo con il Tinella si ruppe. Il corso d&#8217;acqua divenne piano piano una <strong>discarica<\/strong> a cielo aperto. Nella sua gola veniva gettato di tutto: piccoli rifiuti, ma anche pezzi di cucina, lavatrici, bidoni. Il disastro ambientale prosegu\u00ec negli anni &#8217;70. Poi la vegetazione, selvaggia, inizi\u00f2 a ricorpire tutto e a far dimenticare quel prezioso patrimonio ambientale terribilmente deturpato.<\/font><\/p>\n<p><font face=\"arial,helvetica,sans-serif\"><strong>Il racconto storico \u00e8 dei bambini della scuola elementare Pedotti di Luvinate<\/strong> che, in occasione <strong>dell&#8217;inuagurazione<\/strong> del <strong>Parco domenica 30 aprile<\/strong>, racconteranno ai visitatori quello che hanno scopero nel loro lavoro di ricerca con gli anziani del paese. <\/font><\/p>\n<p><font face=\"arial,helvetica,sans-serif\">Quello del recupero della memoria \u00e8 solo uno dei tanti lavori che i bambini presenteranno domenica prossima. Uno studio che li ha portati ad analizzare il Tinella e il suo territorio sia dal punto di vista scientifico, sia sociologico e, appunto, storico. Tutto sar\u00e0 ampiamente documentato attraverso i <strong>pannelli<\/strong> che verranno allestiti lungo la passeggiata nel parco di <strong>9000 metri quadrati<\/strong>. <\/font><\/p>\n<p><font face=\"arial,helvetica,sans-serif\"><img loading=\"lazy\" decoding=\"async\" height=\"226\" hspace=\"3\" src=\"https:\/\/www3.varesenews.it\/immagini_articoli\/200604\/fiume.jpg\" width=\"267\" align=\"left\" vspace=\"3\" border=\"0\" \/>Per la scuola elementare, il torrente \u00e8 sempre stato oggetto di studio: soprattutto dal punto di vista scientifico, il suo corso \u00e8 stato analizzato in pi\u00f9 punti ( anche i pi\u00f9 impervi e deturpati) alla ricerca di animali e piante: \u00ab Ormai i gamberetti non ci sono pi\u00f9 &#8211; raccontano le maestre &#8211; E anche i pesci scarseggiano.\u00a0Ci sono insetti e altri tipi di molluschi. Il nostro interesse didattico per il torrente \u00e8 ampio perch\u00e8 si \u00e8 sviluppato un filone ulteriore di ricerca e documentazione attraverso le interviste ai nonni che ci hanno portato a ricostruire le diverse fasi storiche e ci ha permesso di &quot;progettare&quot; un recupero di questo corso d&#8217;acqua\u00bb.<\/font><\/p>\n<p><font face=\"arial,helvetica,sans-serif\">Dagli anni dell&#8217;amicizia, con lo sfruttamento delle acque da parte dei mulini o della fabbrica di pipe, attraverso il degrado fino alla riqualificazione: i bambini hanno fornito il proprio apporto creativo e informativo che l&#8217;amministrazione comunale ha voluto come corollario della propria opera di risanamento. Insieme, le due istituzioni saranno presenti <strong>dalle 15 di domenica<\/strong>, per restituire interesse e fascino ad uno dei gioielli del nostro territorio. <\/font><\/p>\n","protected":false},"excerpt":{"rendered":"<p>All&#8217;inaugurazione del Parco del Tinella di domenica 30 aprile ci saranno anche i bambini dell&#8217;elementare Pedotti che racconteranno la storia del torrente<\/p>\n","protected":false},"author":10,"featured_media":0,"comment_status":"open","ping_status":"open","sticky":false,"template":"","format":"standard","meta":{"footnotes":""},"categories":[90],"tags":[],"acf":[],"yoast_head":"<!-- This site is optimized with the Yoast SEO plugin v20.1 - https:\/\/yoast.com\/wordpress\/plugins\/seo\/ -->\n<title>C&#039;era una volta....il Tinella<\/title>\n<meta name=\"description\" content=\"All&#039;inaugurazione del Parco del Tinella di domenica 30 aprile ci saranno anche i bambini dell&#039;elementare Pedotti che racconteranno la storia del torrente\" \/>\n<meta name=\"robots\" content=\"noindex, follow, max-snippet:-1, max-image-preview:large, max-video-preview:-1\" \/>\n<meta property=\"og:locale\" content=\"it_IT\" \/>\n<meta property=\"og:type\" content=\"article\" \/>\n<meta property=\"og:title\" content=\"C&#039;era una volta....il Tinella\" \/>\n<meta property=\"og:description\" content=\"All&#039;inaugurazione del Parco del Tinella di domenica 30 aprile ci saranno anche i bambini dell&#039;elementare Pedotti che racconteranno la storia del torrente\" \/>\n<meta property=\"og:url\" content=\"https:\/\/staging.varesenews.it\/2006\/04\/c-era-una-volta-il-tinella\/254983\/\" \/>\n<meta property=\"og:site_name\" content=\"VareseNews\" \/>\n<meta property=\"article:publisher\" content=\"https:\/\/www.facebook.com\/varesenews\" \/>\n<meta property=\"article:published_time\" content=\"2006-04-28T00:00:00+00:00\" \/>\n<meta property=\"og:image\" content=\"https:\/\/www3.varesenews.it\/immagini_articoli\/200604\/fiume.jpg\" \/>\n<meta name=\"author\" content=\"Redazione VareseNews\" \/>\n<meta name=\"twitter:card\" content=\"summary_large_image\" \/>\n<meta name=\"twitter:creator\" content=\"@varesenews\" \/>\n<meta name=\"twitter:site\" content=\"@varesenews\" \/>\n<meta name=\"twitter:label1\" content=\"Scritto da\" \/>\n\t<meta name=\"twitter:data1\" content=\"Redazione VareseNews\" \/>\n\t<meta name=\"twitter:label2\" content=\"Tempo di lettura stimato\" \/>\n\t<meta name=\"twitter:data2\" content=\"2 minuti\" \/>\n<script type=\"application\/ld+json\" class=\"yoast-schema-graph\">{\"@context\":\"https:\/\/schema.org\",\"@graph\":[{\"@type\":\"WebPage\",\"@id\":\"https:\/\/staging.varesenews.it\/2006\/04\/c-era-una-volta-il-tinella\/254983\/\",\"url\":\"https:\/\/staging.varesenews.it\/2006\/04\/c-era-una-volta-il-tinella\/254983\/\",\"name\":\"C'era una volta....il Tinella\",\"isPartOf\":{\"@id\":\"https:\/\/staging.varesenews.it\/#website\"},\"datePublished\":\"2006-04-28T00:00:00+00:00\",\"dateModified\":\"2006-04-28T00:00:00+00:00\",\"author\":{\"@id\":\"https:\/\/staging.varesenews.it\/#\/schema\/person\/fb20c4da0b7b16c291707a20db73e169\"},\"description\":\"All'inaugurazione del Parco del Tinella di domenica 30 aprile ci saranno anche i bambini dell'elementare Pedotti che racconteranno la storia del torrente\",\"breadcrumb\":{\"@id\":\"https:\/\/staging.varesenews.it\/2006\/04\/c-era-una-volta-il-tinella\/254983\/#breadcrumb\"},\"inLanguage\":\"it-IT\",\"potentialAction\":[{\"@type\":\"ReadAction\",\"target\":[\"https:\/\/staging.varesenews.it\/2006\/04\/c-era-una-volta-il-tinella\/254983\/\"]}]},{\"@type\":\"BreadcrumbList\",\"@id\":\"https:\/\/staging.varesenews.it\/2006\/04\/c-era-una-volta-il-tinella\/254983\/#breadcrumb\",\"itemListElement\":[{\"@type\":\"ListItem\",\"position\":1,\"name\":\"Home\",\"item\":\"https:\/\/www.varesenews.it\/\"},{\"@type\":\"ListItem\",\"position\":2,\"name\":\"C&#8217;era una volta&#8230;.il Tinella\"}]},{\"@type\":\"WebSite\",\"@id\":\"https:\/\/staging.varesenews.it\/#website\",\"url\":\"https:\/\/staging.varesenews.it\/\",\"name\":\"VareseNews\",\"description\":\"\",\"potentialAction\":[{\"@type\":\"SearchAction\",\"target\":{\"@type\":\"EntryPoint\",\"urlTemplate\":\"https:\/\/staging.varesenews.it\/?s={search_term_string}\"},\"query-input\":\"required name=search_term_string\"}],\"inLanguage\":\"it-IT\"},{\"@type\":\"Person\",\"@id\":\"https:\/\/staging.varesenews.it\/#\/schema\/person\/fb20c4da0b7b16c291707a20db73e169\",\"name\":\"Redazione VareseNews\",\"image\":{\"@type\":\"ImageObject\",\"inLanguage\":\"it-IT\",\"@id\":\"https:\/\/staging.varesenews.it\/#\/schema\/person\/image\/\",\"url\":\"https:\/\/staging.varesenews.it\/wp-content\/uploads\/2020\/12\/logo_VN_colori_500.png\",\"contentUrl\":\"https:\/\/staging.varesenews.it\/wp-content\/uploads\/2020\/12\/logo_VN_colori_500.png\",\"caption\":\"Redazione VareseNews\"},\"url\":\"https:\/\/staging.varesenews.it\/persona\/redazione1\/\"}]}<\/script>\n<!-- \/ Yoast SEO plugin. -->","yoast_head_json":{"title":"C'era una volta....il Tinella","description":"All'inaugurazione del Parco del Tinella di domenica 30 aprile ci saranno anche i bambini dell'elementare Pedotti che racconteranno la storia del torrente","robots":{"index":"noindex","follow":"follow","max-snippet":"max-snippet:-1","max-image-preview":"max-image-preview:large","max-video-preview":"max-video-preview:-1"},"og_locale":"it_IT","og_type":"article","og_title":"C'era una volta....il Tinella","og_description":"All'inaugurazione del Parco del Tinella di domenica 30 aprile ci saranno anche i bambini dell'elementare Pedotti che racconteranno la storia del torrente","og_url":"https:\/\/staging.varesenews.it\/2006\/04\/c-era-una-volta-il-tinella\/254983\/","og_site_name":"VareseNews","article_publisher":"https:\/\/www.facebook.com\/varesenews","article_published_time":"2006-04-28T00:00:00+00:00","og_image":[{"url":"https:\/\/www3.varesenews.it\/immagini_articoli\/200604\/fiume.jpg"}],"author":"Redazione VareseNews","twitter_card":"summary_large_image","twitter_creator":"@varesenews","twitter_site":"@varesenews","twitter_misc":{"Scritto da":"Redazione VareseNews","Tempo di lettura stimato":"2 minuti"},"schema":{"@context":"https:\/\/schema.org","@graph":[{"@type":"WebPage","@id":"https:\/\/staging.varesenews.it\/2006\/04\/c-era-una-volta-il-tinella\/254983\/","url":"https:\/\/staging.varesenews.it\/2006\/04\/c-era-una-volta-il-tinella\/254983\/","name":"C'era una volta....il Tinella","isPartOf":{"@id":"https:\/\/staging.varesenews.it\/#website"},"datePublished":"2006-04-28T00:00:00+00:00","dateModified":"2006-04-28T00:00:00+00:00","author":{"@id":"https:\/\/staging.varesenews.it\/#\/schema\/person\/fb20c4da0b7b16c291707a20db73e169"},"description":"All'inaugurazione del Parco del Tinella di domenica 30 aprile ci saranno anche i bambini dell'elementare Pedotti che racconteranno la storia del torrente","breadcrumb":{"@id":"https:\/\/staging.varesenews.it\/2006\/04\/c-era-una-volta-il-tinella\/254983\/#breadcrumb"},"inLanguage":"it-IT","potentialAction":[{"@type":"ReadAction","target":["https:\/\/staging.varesenews.it\/2006\/04\/c-era-una-volta-il-tinella\/254983\/"]}]},{"@type":"BreadcrumbList","@id":"https:\/\/staging.varesenews.it\/2006\/04\/c-era-una-volta-il-tinella\/254983\/#breadcrumb","itemListElement":[{"@type":"ListItem","position":1,"name":"Home","item":"https:\/\/www.varesenews.it\/"},{"@type":"ListItem","position":2,"name":"C&#8217;era una volta&#8230;.il Tinella"}]},{"@type":"WebSite","@id":"https:\/\/staging.varesenews.it\/#website","url":"https:\/\/staging.varesenews.it\/","name":"VareseNews","description":"","potentialAction":[{"@type":"SearchAction","target":{"@type":"EntryPoint","urlTemplate":"https:\/\/staging.varesenews.it\/?s={search_term_string}"},"query-input":"required name=search_term_string"}],"inLanguage":"it-IT"},{"@type":"Person","@id":"https:\/\/staging.varesenews.it\/#\/schema\/person\/fb20c4da0b7b16c291707a20db73e169","name":"Redazione VareseNews","image":{"@type":"ImageObject","inLanguage":"it-IT","@id":"https:\/\/staging.varesenews.it\/#\/schema\/person\/image\/","url":"https:\/\/staging.varesenews.it\/wp-content\/uploads\/2020\/12\/logo_VN_colori_500.png","contentUrl":"https:\/\/staging.varesenews.it\/wp-content\/uploads\/2020\/12\/logo_VN_colori_500.png","caption":"Redazione VareseNews"},"url":"https:\/\/staging.varesenews.it\/persona\/redazione1\/"}]}},"post_meta":{"id_old":"48018","argomento":"Luvinate","autore_old":"Alessandra Toni","id_link_fotogallery":"314381"},"photos":[],"_links":{"self":[{"href":"https:\/\/staging.varesenews.it\/swgapi\/v1\/wp\/v2\/posts\/254983"}],"collection":[{"href":"https:\/\/staging.varesenews.it\/swgapi\/v1\/wp\/v2\/posts"}],"about":[{"href":"https:\/\/staging.varesenews.it\/swgapi\/v1\/wp\/v2\/types\/post"}],"author":[{"embeddable":true,"href":"https:\/\/staging.varesenews.it\/swgapi\/v1\/wp\/v2\/users\/10"}],"replies":[{"embeddable":true,"href":"https:\/\/staging.varesenews.it\/swgapi\/v1\/wp\/v2\/comments?post=254983"}],"version-history":[{"count":0,"href":"https:\/\/staging.varesenews.it\/swgapi\/v1\/wp\/v2\/posts\/254983\/revisions"}],"wp:attachment":[{"href":"https:\/\/staging.varesenews.it\/swgapi\/v1\/wp\/v2\/media?parent=254983"}],"wp:term":[{"taxonomy":"category","embeddable":true,"href":"https:\/\/staging.varesenews.it\/swgapi\/v1\/wp\/v2\/categories?post=254983"},{"taxonomy":"post_tag","embeddable":true,"href":"https:\/\/staging.varesenews.it\/swgapi\/v1\/wp\/v2\/tags?post=254983"}],"curies":[{"name":"wp","href":"https:\/\/api.w.org\/{rel}","templated":true}]}}