{"id":255762,"date":"2006-04-08T00:00:00","date_gmt":"2006-04-08T00:00:00","guid":{"rendered":""},"modified":"2006-04-08T00:00:00","modified_gmt":"2006-04-08T00:00:00","slug":"amib-tra-strada-e-foresta-vicino-ai-bambini-brasiliani","status":"publish","type":"post","link":"https:\/\/staging.varesenews.it\/2006\/04\/amib-tra-strada-e-foresta-vicino-ai-bambini-brasiliani\/255762\/","title":{"rendered":"AMiB: tra strada e foresta, vicino ai bambini brasiliani"},"content":{"rendered":"<p class=\"MsoNormal\" style=\"MARGIN: 0cm 0cm 0pt\"><span style=\"FONT-FAMILY: Arial\"><img loading=\"lazy\" decoding=\"async\" style=\"WIDTH: 251px; HEIGHT: 186px\" height=\"186\" hspace=\"3\" src=\"https:\/\/www3.varesenews.it\/immagini_articoli\/200604\/AMiB.jpg\" width=\"251\" align=\"left\" vspace=\"3\" border=\"0\" \/>Fare volontariato in associazioni di tipo diverso significa in fondo guardare nella stessa direzione, solo da punti di vista differenti (e complementari). Cos\u00ec, all\u2019interno del <a href=\"\/varese\/articolo.php?id=43956\">corso di formazione per i volontari dell\u2019Avulss<\/a>, non \u00e8 mancato un venerd\u00ec sera un po\u2019 diverso dal solito, alla scoperta del <strong>volontariato internazionale<\/strong>.<\/span><\/p>\n<p class=\"MsoNormal\" style=\"MARGIN: 0cm 0cm 0pt\"><span style=\"FONT-FAMILY: Arial\"><\/span><\/p>\n<p \/>\n<p class=\"MsoNormal\" style=\"MARGIN: 0cm 0cm 0pt\"><span style=\"FONT-FAMILY: Arial\">E\u2019 <b style=\"mso-bidi-font-weight: normal\">Gisella<\/b>, infermiera di Castronno da nove anni impegnata nell\u2019AmiB (Assistenza Minori in Brasile), a dar voce a ideali e progetti della sua associazione: in un paese vasto e complesso come il Brasile, federazione di ben 26 Stati diversi, ricchissimo ma soffocato dall\u2019ingiustizia sociale (il 25 per cento della popolazione vive sotto la soglia della povert\u00e0; tragica la realt\u00e0 dei <strong>meninos de rua<\/strong>, i bambini di strada che finiscono vittime di droga e prostituzione), l\u2019AmiB concentra le sue attivit\u00e0 nello <b style=\"mso-bidi-font-weight: normal\">Stato del Mara\u00f1hao<\/b>, grande una volta e mezza l\u2019Italia, a fianco <strong>dell\u2019associazione brasiliana SVAM<\/strong> (Societ\u00e0 Volontaria di Assistenza al Minore). Qui la vita \u00e8 ancora pi\u00f9 drammatica che nel resto del Brasile &#8211; miseria nelle zone rurali come nelle periferie delle grandi citt\u00e0, e a farne le spese sono sempre i pi\u00f9 piccoli: su 10 bambini nati, 4 non raggiungeranno il primo anno di et\u00e0.<\/span><\/p>\n<p \/>\n<p class=\"MsoNormal\" style=\"MARGIN: 0cm 0cm 0pt\"><span style=\"FONT-FAMILY: Arial\"><\/span><\/p>\n<p \/>\n<p class=\"MsoNormal\" style=\"MARGIN: 0cm 0cm 0pt\"><b style=\"mso-bidi-font-weight: normal\"><span style=\"FONT-FAMILY: Arial\"><img decoding=\"async\" hspace=\"3\" src=\"https:\/\/www3.varesenews.it\/immagini_articoli\/200604\/bambini33.jpg\" align=\"left\" vspace=\"3\" border=\"0\" \/>Ma in che modo l\u2019AMiB aiuta i suoi bambini?<\/span><\/b><span style=\"FONT-FAMILY: Arial\"> Numerosi sono i progetti portati avanti dall\u2019associazione, sempre alle prese con situazioni diversissime tra loro. Come abbiamo detto il Brasile \u00e8 un paese multietnico, dove convivono culture come quella dei 280 milioni di indios superstiti, a loro volta suddivisi dalle 160 lingue, o quella afro, eredi degli schiavi rapiti in epoca coloniale; molto diversi sono anche i problemi nelle diverse aree geografiche, dalle campagne rurali alle periferie delle grandi citt\u00e0, senza dimenticare gli indios delle foreste. <strong>Due esempi fra tutti, sorti nella capitale San Lu\u00ecs<\/strong>: il <b style=\"mso-bidi-font-weight: normal\">Progetto Casa Famiglia<\/b>, che dal 1999 accoglie bambini abbandonati, temporaneamente affidati dai genitori o allontanati dalle famiglie dal giudice e in attesa di una sentenza \u2013 tutti trovano il calore e l\u2019affetto di una vera e propria famiglia, in cui ciascuno ha anche il suo piccolo compito da svolgere, e la <b style=\"mso-bidi-font-weight: normal\">casa fazenda<\/b>, che si propone ai bambini di strada alla ricerca di un futuro diverso, offrendo loro scuola e un lavoro all\u2019interno della comunit\u00e0. In cambio, gli stupendi sorrisi dei bambini e la gioia spontanea di un popolo che contagia con il suo calore umano e la voglia di vivere.<\/span><\/p>\n<p \/>\n<p class=\"MsoNormal\" style=\"MARGIN: 0cm 0cm 0pt\"><span style=\"FONT-FAMILY: Arial\"><\/span><\/p>\n<p><span style=\"FONT-FAMILY: Arial\">L\u2019AMiB finanzia le proprie attivit\u00e0 in vari modi: direttamente, con <b style=\"mso-bidi-font-weight: normal\">l\u2019adozione internazionale<\/b> (attualmente sono circa mille i bambini brasiliani che hanno un \u2018padrino\u2019 italiano; un modo semplice ma efficace per dare a un bambino la possibilit\u00e0 di vivere dignitosamente nel suo paese); grazie il sostegno di privati <b style=\"mso-bidi-font-weight: normal\">benefattori<\/b>; con i <b style=\"mso-bidi-font-weight: normal\">mercatini di artigianato<\/b> sparsi un po\u2019 su tutto il territorio. In questo periodo pre-pasquale i volontari hanno iniziato la vendita delle tradizionali colombe: <b style=\"mso-bidi-font-weight: normal\">sabato 8 e domenica 9 aprile<\/b> potrete trovare i banchetti dell\u2019associazione <b style=\"mso-bidi-font-weight: normal\">presso la chiesa di Cocquio Trevisago<\/b>.<\/span><\/p>\n<p \/>\n<p class=\"MsoNormal\" style=\"MARGIN: 0cm 0cm 0pt\"><span style=\"FONT-FAMILY: Arial\"><\/span><\/p>\n<p \/>\n<p class=\"MsoNormal\" style=\"MARGIN: 0cm 0cm 0pt\"><span style=\"FONT-FAMILY: Arial\"><strong>Vuoi saperne di pi\u00f9 e magari sostenere l\u2019AMiB<\/strong>? <a href=\"http:\/\/www.amibonlus.org\/\">Visita il sito ufficiale dell\u2019associazione<\/a> o contatta i volontari (tel. 0332\/892643, Gisella 338 2816417; e-mail <a href=\"mailto:0332892643@iol.it\">0332892643@iol.it<\/a>).<\/span><\/p>\n","protected":false},"excerpt":{"rendered":"<p>Ieri sera, venerd\u00ec 7 aprile, un incontro per conoscere l\u2019onlus che si batte per la tutela dei minori in Brasile; sabato e domenica a Cocquio ci sar\u00e0 una vendita di beneficenza<\/p>\n","protected":false},"author":10,"featured_media":0,"comment_status":"open","ping_status":"open","sticky":false,"template":"","format":"standard","meta":{"footnotes":""},"categories":[2],"tags":[],"acf":[],"yoast_head":"<!-- This site is optimized with the Yoast SEO plugin v20.1 - https:\/\/yoast.com\/wordpress\/plugins\/seo\/ -->\n<title>AMiB: tra strada e foresta, vicino ai bambini brasiliani<\/title>\n<meta name=\"description\" content=\"Ieri sera, venerd\u00ec 7 aprile, un incontro per conoscere l\u2019onlus che si batte per la tutela dei minori in Brasile; sabato e domenica a Cocquio ci sar\u00e0 una vendita di beneficenza\" \/>\n<meta name=\"robots\" content=\"noindex, follow, max-snippet:-1, max-image-preview:large, max-video-preview:-1\" \/>\n<meta property=\"og:locale\" content=\"it_IT\" \/>\n<meta property=\"og:type\" content=\"article\" \/>\n<meta property=\"og:title\" content=\"AMiB: tra strada e foresta, vicino ai bambini brasiliani\" \/>\n<meta property=\"og:description\" content=\"Ieri sera, venerd\u00ec 7 aprile, un incontro per conoscere l\u2019onlus che si batte per la tutela dei minori in Brasile; sabato e domenica a Cocquio ci sar\u00e0 una vendita di beneficenza\" \/>\n<meta property=\"og:url\" content=\"https:\/\/staging.varesenews.it\/2006\/04\/amib-tra-strada-e-foresta-vicino-ai-bambini-brasiliani\/255762\/\" \/>\n<meta property=\"og:site_name\" content=\"VareseNews\" \/>\n<meta property=\"article:publisher\" content=\"https:\/\/www.facebook.com\/varesenews\" \/>\n<meta property=\"article:published_time\" content=\"2006-04-08T00:00:00+00:00\" \/>\n<meta property=\"og:image\" content=\"https:\/\/www3.varesenews.it\/immagini_articoli\/200604\/AMiB.jpg\" \/>\n<meta name=\"author\" content=\"Redazione VareseNews\" \/>\n<meta name=\"twitter:card\" content=\"summary_large_image\" \/>\n<meta name=\"twitter:creator\" content=\"@varesenews\" \/>\n<meta name=\"twitter:site\" content=\"@varesenews\" \/>\n<meta name=\"twitter:label1\" content=\"Scritto da\" \/>\n\t<meta name=\"twitter:data1\" content=\"Redazione VareseNews\" \/>\n\t<meta name=\"twitter:label2\" content=\"Tempo di lettura stimato\" \/>\n\t<meta name=\"twitter:data2\" content=\"3 minuti\" \/>\n<script type=\"application\/ld+json\" class=\"yoast-schema-graph\">{\"@context\":\"https:\/\/schema.org\",\"@graph\":[{\"@type\":\"WebPage\",\"@id\":\"https:\/\/staging.varesenews.it\/2006\/04\/amib-tra-strada-e-foresta-vicino-ai-bambini-brasiliani\/255762\/\",\"url\":\"https:\/\/staging.varesenews.it\/2006\/04\/amib-tra-strada-e-foresta-vicino-ai-bambini-brasiliani\/255762\/\",\"name\":\"AMiB: tra strada e foresta, vicino ai bambini brasiliani\",\"isPartOf\":{\"@id\":\"https:\/\/staging.varesenews.it\/#website\"},\"datePublished\":\"2006-04-08T00:00:00+00:00\",\"dateModified\":\"2006-04-08T00:00:00+00:00\",\"author\":{\"@id\":\"https:\/\/staging.varesenews.it\/#\/schema\/person\/fb20c4da0b7b16c291707a20db73e169\"},\"description\":\"Ieri sera, venerd\u00ec 7 aprile, un incontro per conoscere l\u2019onlus che si batte per la tutela dei minori in Brasile; sabato e domenica a Cocquio ci sar\u00e0 una vendita di beneficenza\",\"breadcrumb\":{\"@id\":\"https:\/\/staging.varesenews.it\/2006\/04\/amib-tra-strada-e-foresta-vicino-ai-bambini-brasiliani\/255762\/#breadcrumb\"},\"inLanguage\":\"it-IT\",\"potentialAction\":[{\"@type\":\"ReadAction\",\"target\":[\"https:\/\/staging.varesenews.it\/2006\/04\/amib-tra-strada-e-foresta-vicino-ai-bambini-brasiliani\/255762\/\"]}]},{\"@type\":\"BreadcrumbList\",\"@id\":\"https:\/\/staging.varesenews.it\/2006\/04\/amib-tra-strada-e-foresta-vicino-ai-bambini-brasiliani\/255762\/#breadcrumb\",\"itemListElement\":[{\"@type\":\"ListItem\",\"position\":1,\"name\":\"Home\",\"item\":\"https:\/\/www.varesenews.it\/\"},{\"@type\":\"ListItem\",\"position\":2,\"name\":\"AMiB: tra strada e foresta, vicino ai bambini brasiliani\"}]},{\"@type\":\"WebSite\",\"@id\":\"https:\/\/staging.varesenews.it\/#website\",\"url\":\"https:\/\/staging.varesenews.it\/\",\"name\":\"VareseNews\",\"description\":\"\",\"potentialAction\":[{\"@type\":\"SearchAction\",\"target\":{\"@type\":\"EntryPoint\",\"urlTemplate\":\"https:\/\/staging.varesenews.it\/?s={search_term_string}\"},\"query-input\":\"required name=search_term_string\"}],\"inLanguage\":\"it-IT\"},{\"@type\":\"Person\",\"@id\":\"https:\/\/staging.varesenews.it\/#\/schema\/person\/fb20c4da0b7b16c291707a20db73e169\",\"name\":\"Redazione VareseNews\",\"image\":{\"@type\":\"ImageObject\",\"inLanguage\":\"it-IT\",\"@id\":\"https:\/\/staging.varesenews.it\/#\/schema\/person\/image\/\",\"url\":\"https:\/\/staging.varesenews.it\/wp-content\/uploads\/2020\/12\/logo_VN_colori_500.png\",\"contentUrl\":\"https:\/\/staging.varesenews.it\/wp-content\/uploads\/2020\/12\/logo_VN_colori_500.png\",\"caption\":\"Redazione VareseNews\"},\"url\":\"https:\/\/staging.varesenews.it\/persona\/redazione1\/\"}]}<\/script>\n<!-- \/ Yoast SEO plugin. -->","yoast_head_json":{"title":"AMiB: tra strada e foresta, vicino ai bambini brasiliani","description":"Ieri sera, venerd\u00ec 7 aprile, un incontro per conoscere l\u2019onlus che si batte per la tutela dei minori in Brasile; sabato e domenica a Cocquio ci sar\u00e0 una vendita di beneficenza","robots":{"index":"noindex","follow":"follow","max-snippet":"max-snippet:-1","max-image-preview":"max-image-preview:large","max-video-preview":"max-video-preview:-1"},"og_locale":"it_IT","og_type":"article","og_title":"AMiB: tra strada e foresta, vicino ai bambini brasiliani","og_description":"Ieri sera, venerd\u00ec 7 aprile, un incontro per conoscere l\u2019onlus che si batte per la tutela dei minori in Brasile; sabato e domenica a Cocquio ci sar\u00e0 una vendita di beneficenza","og_url":"https:\/\/staging.varesenews.it\/2006\/04\/amib-tra-strada-e-foresta-vicino-ai-bambini-brasiliani\/255762\/","og_site_name":"VareseNews","article_publisher":"https:\/\/www.facebook.com\/varesenews","article_published_time":"2006-04-08T00:00:00+00:00","og_image":[{"url":"https:\/\/www3.varesenews.it\/immagini_articoli\/200604\/AMiB.jpg"}],"author":"Redazione VareseNews","twitter_card":"summary_large_image","twitter_creator":"@varesenews","twitter_site":"@varesenews","twitter_misc":{"Scritto da":"Redazione VareseNews","Tempo di lettura stimato":"3 minuti"},"schema":{"@context":"https:\/\/schema.org","@graph":[{"@type":"WebPage","@id":"https:\/\/staging.varesenews.it\/2006\/04\/amib-tra-strada-e-foresta-vicino-ai-bambini-brasiliani\/255762\/","url":"https:\/\/staging.varesenews.it\/2006\/04\/amib-tra-strada-e-foresta-vicino-ai-bambini-brasiliani\/255762\/","name":"AMiB: tra strada e foresta, vicino ai bambini brasiliani","isPartOf":{"@id":"https:\/\/staging.varesenews.it\/#website"},"datePublished":"2006-04-08T00:00:00+00:00","dateModified":"2006-04-08T00:00:00+00:00","author":{"@id":"https:\/\/staging.varesenews.it\/#\/schema\/person\/fb20c4da0b7b16c291707a20db73e169"},"description":"Ieri sera, venerd\u00ec 7 aprile, un incontro per conoscere l\u2019onlus che si batte per la tutela dei minori in Brasile; sabato e domenica a Cocquio ci sar\u00e0 una vendita di beneficenza","breadcrumb":{"@id":"https:\/\/staging.varesenews.it\/2006\/04\/amib-tra-strada-e-foresta-vicino-ai-bambini-brasiliani\/255762\/#breadcrumb"},"inLanguage":"it-IT","potentialAction":[{"@type":"ReadAction","target":["https:\/\/staging.varesenews.it\/2006\/04\/amib-tra-strada-e-foresta-vicino-ai-bambini-brasiliani\/255762\/"]}]},{"@type":"BreadcrumbList","@id":"https:\/\/staging.varesenews.it\/2006\/04\/amib-tra-strada-e-foresta-vicino-ai-bambini-brasiliani\/255762\/#breadcrumb","itemListElement":[{"@type":"ListItem","position":1,"name":"Home","item":"https:\/\/www.varesenews.it\/"},{"@type":"ListItem","position":2,"name":"AMiB: tra strada e foresta, vicino ai bambini brasiliani"}]},{"@type":"WebSite","@id":"https:\/\/staging.varesenews.it\/#website","url":"https:\/\/staging.varesenews.it\/","name":"VareseNews","description":"","potentialAction":[{"@type":"SearchAction","target":{"@type":"EntryPoint","urlTemplate":"https:\/\/staging.varesenews.it\/?s={search_term_string}"},"query-input":"required name=search_term_string"}],"inLanguage":"it-IT"},{"@type":"Person","@id":"https:\/\/staging.varesenews.it\/#\/schema\/person\/fb20c4da0b7b16c291707a20db73e169","name":"Redazione VareseNews","image":{"@type":"ImageObject","inLanguage":"it-IT","@id":"https:\/\/staging.varesenews.it\/#\/schema\/person\/image\/","url":"https:\/\/staging.varesenews.it\/wp-content\/uploads\/2020\/12\/logo_VN_colori_500.png","contentUrl":"https:\/\/staging.varesenews.it\/wp-content\/uploads\/2020\/12\/logo_VN_colori_500.png","caption":"Redazione VareseNews"},"url":"https:\/\/staging.varesenews.it\/persona\/redazione1\/"}]}},"post_meta":{"id_old":"47026","argomento":"Cocquio Trevisago","autore_old":"f.s."},"photos":[],"_links":{"self":[{"href":"https:\/\/staging.varesenews.it\/swgapi\/v1\/wp\/v2\/posts\/255762"}],"collection":[{"href":"https:\/\/staging.varesenews.it\/swgapi\/v1\/wp\/v2\/posts"}],"about":[{"href":"https:\/\/staging.varesenews.it\/swgapi\/v1\/wp\/v2\/types\/post"}],"author":[{"embeddable":true,"href":"https:\/\/staging.varesenews.it\/swgapi\/v1\/wp\/v2\/users\/10"}],"replies":[{"embeddable":true,"href":"https:\/\/staging.varesenews.it\/swgapi\/v1\/wp\/v2\/comments?post=255762"}],"version-history":[{"count":0,"href":"https:\/\/staging.varesenews.it\/swgapi\/v1\/wp\/v2\/posts\/255762\/revisions"}],"wp:attachment":[{"href":"https:\/\/staging.varesenews.it\/swgapi\/v1\/wp\/v2\/media?parent=255762"}],"wp:term":[{"taxonomy":"category","embeddable":true,"href":"https:\/\/staging.varesenews.it\/swgapi\/v1\/wp\/v2\/categories?post=255762"},{"taxonomy":"post_tag","embeddable":true,"href":"https:\/\/staging.varesenews.it\/swgapi\/v1\/wp\/v2\/tags?post=255762"}],"curies":[{"name":"wp","href":"https:\/\/api.w.org\/{rel}","templated":true}]}}