{"id":255847,"date":"2006-04-07T00:00:00","date_gmt":"2006-04-07T00:00:00","guid":{"rendered":""},"modified":"2006-04-07T00:00:00","modified_gmt":"2006-04-07T00:00:00","slug":"varese-cantu-c-e-una-disfatta-da-vendicare","status":"publish","type":"post","link":"https:\/\/staging.varesenews.it\/2006\/04\/varese-cantu-c-e-una-disfatta-da-vendicare\/255847\/","title":{"rendered":"Varese-Cant\u00f9, c&#8217;\u00e8 una disfatta da vendicare"},"content":{"rendered":"<p><font face=\"arial,helvetica,sans-serif\">&quot;Meno 35: varesotto, giocalo al lotto&quot;. Sarebbe <strong>sufficiente lo sfott\u00f2 inalberato su uno striscione del Pianella<\/strong> nella gara d&#8217;andata per risvegliare <strong>nei giocatori della Whirlpool la pi\u00f9 feroce voglia di rivincita. <\/strong>Lo scorso anno Cant\u00f9 violent\u00f2 il parquet di Masnago con uno scarto tremendo, storico, imbarazzante: una macchia &#8211; quel 106-71 casalingo &#8211; che di peggio ha forse solo la retrocessione del 1992.<\/font><\/p>\n<p><font face=\"arial,helvetica,sans-serif\"><img loading=\"lazy\" decoding=\"async\" style=\"WIDTH: 269px; HEIGHT: 176px\" height=\"176\" hspace=\"3\" src=\"https:\/\/www3.varesenews.it\/immagini_articoli\/200511\/cantu-simone01.jpg\" width=\"269\" align=\"left\" vspace=\"3\" border=\"1\" \/>Questa sera, venerd\u00ec, i biancorossi hanno a disposizione una grossa opportunit\u00e0 per archiviare definitivamente quella scoppola: <strong>a Varese (20,30) arriva la Vertical Vision<\/strong> che rispetto alle scorse stagioni sta viaggiando nettamente al di sotto delle aspettative. All&#8217;andata <strong><font size=\"2\">(nella foto di S. Raso l&#8217;esultanza biancorossa)<\/font><\/strong> Collins e compagni furono protagonisti di una gran bella vittoria <a href=\"\/sport\/articolo.php?id=32403\">(76-87)<\/a> costruita con pazienza e con il giusto cinismo. <strong>Cant\u00f9 oggi \u00e8 differente<\/strong>: ha cambiato soprattutto in regia dove non c&#8217;\u00e8 pi\u00f9 il disastroso Nathan Johnson, rimpiazzato dai pi\u00f9 affidabili Davide Lamma e Doremus Bennermann. Partiti anche Nikagbatse e, notizia recente, la delusione lituana Katelynas. In panchina per\u00f2 rimane ben saldo il duo Pino Sacripanti &#8211; Bruno Arrigoni, che vanta notevoli crediti accumulati nelle stagioni scorse.<\/font><\/p>\n<p><font face=\"arial,helvetica,sans-serif\">Se Cant\u00f9 non ha pi\u00f9 nulla da chiedere alla stagione, oltre a una salvezza tranquilla quasi raggiunta, <strong>Magnano non vuole darsi per vinto<\/strong>. \u00abDopo la vittoria con Napoli ho parlato dei playoff come di luce in fondo al tunnel. Ripeto le stesse cose in seguito alla sconfitta di Udine: crediamoci finch\u00e9 c&#8217;\u00e8 speranza\u00bb ha sintetizzato <em>el cordob\u00e9s<\/em>, uno che vive le partite come se fossero questione di vita o di morte, e la sua espressione nella sala stampa del Carnera era significativa in questo senso.<br \/>Intanto per\u00f2 Varese <strong>scender\u00e0 in campo senza Marco Allegretti,<\/strong> che in Friuli ha riportato una distorsione molto forte della caviglia: non ci sono fratture, ma il periodo di recupero \u00e8 stato valutato in 3-4 settimane. Stesso guaio, seppur di gravit\u00e0 minore, per Daniel Farabello: <strong>l&#8217;esterno argentino ha ripreso mercoled\u00ec ad allenarsi<\/strong>, \u00e8 lontano dalla migliore condizione, ma stringer\u00e0 i denti per essere al fianco dei compagni.<br \/>Whirlpool e Vertical scenderanno in campo agli ordini di Cicoria, D&#8217;Este e Borroni; non ci sono ex n\u00e9 sull&#8217;una n\u00e9 sull&#8217;altra sponda.<\/font><\/p>\n<p><font face=\"arial,helvetica,sans-serif\"><font size=\"2\"><strong>Whirlpool Varese &#8211; Vertical Vision Cant\u00f9<\/strong> (probabili formazioni)<\/font><\/font><\/p>\n<p><font face=\"arial,helvetica,sans-serif\"><font size=\"2\"><strong>Varese:<\/strong> 4 Garnett, 5 Farabello, 6 Hafnar, 7 Howell, 8 Albano, 9 De Pol, 13 Bolzonella, 14 D. Collins, 15 Fernandez, 16 Genovese, 17 Verri, 18 Antonelli. All. Magnano.<br \/><strong>Cant\u00f9:<\/strong> 4 Jurak, 5 J. Collins, 7 Stewart, 8 Jones, 9 Barrett, 11 Gay, 12 Mazzarino, 13 Lamma, 15 Michelori, 17 Bennermann, 18 Zorzolo, 19 Squarcina. All. Sacripanti.<\/font><\/font><\/p>\n","protected":false},"excerpt":{"rendered":"<p>Venerd\u00ec sera il derby (Masnago, 20,30. Diretta Sky). Lo scorso anno fu un crollo vergognoso. Allegretti non ci sar\u00e0<\/p>\n","protected":false},"author":10,"featured_media":0,"comment_status":"open","ping_status":"open","sticky":false,"template":"","format":"standard","meta":{"footnotes":""},"categories":[14],"tags":[],"acf":[],"yoast_head":"<!-- This site is optimized with the Yoast SEO plugin v20.1 - https:\/\/yoast.com\/wordpress\/plugins\/seo\/ -->\n<title>Varese-Cant\u00f9, c&#039;\u00e8 una disfatta da vendicare<\/title>\n<meta name=\"description\" content=\"Venerd\u00ec sera il derby (Masnago, 20,30. Diretta Sky). Lo scorso anno fu un crollo vergognoso. Allegretti non ci sar\u00e0\" \/>\n<meta name=\"robots\" content=\"noindex, follow, max-snippet:-1, max-image-preview:large, max-video-preview:-1\" \/>\n<meta property=\"og:locale\" content=\"it_IT\" \/>\n<meta property=\"og:type\" content=\"article\" \/>\n<meta property=\"og:title\" content=\"Varese-Cant\u00f9, c&#039;\u00e8 una disfatta da vendicare\" \/>\n<meta property=\"og:description\" content=\"Venerd\u00ec sera il derby (Masnago, 20,30. Diretta Sky). Lo scorso anno fu un crollo vergognoso. Allegretti non ci sar\u00e0\" \/>\n<meta property=\"og:url\" content=\"https:\/\/staging.varesenews.it\/2006\/04\/varese-cantu-c-e-una-disfatta-da-vendicare\/255847\/\" \/>\n<meta property=\"og:site_name\" content=\"VareseNews\" \/>\n<meta property=\"article:publisher\" content=\"https:\/\/www.facebook.com\/varesenews\" \/>\n<meta property=\"article:published_time\" content=\"2006-04-07T00:00:00+00:00\" \/>\n<meta property=\"og:image\" content=\"https:\/\/www3.varesenews.it\/immagini_articoli\/200511\/cantu-simone01.jpg\" \/>\n<meta name=\"author\" content=\"Redazione VareseNews\" \/>\n<meta name=\"twitter:card\" content=\"summary_large_image\" \/>\n<meta name=\"twitter:creator\" content=\"@varesenews\" \/>\n<meta name=\"twitter:site\" content=\"@varesenews\" \/>\n<meta name=\"twitter:label1\" content=\"Scritto da\" \/>\n\t<meta name=\"twitter:data1\" content=\"Redazione VareseNews\" \/>\n\t<meta name=\"twitter:label2\" content=\"Tempo di lettura stimato\" \/>\n\t<meta name=\"twitter:data2\" content=\"2 minuti\" \/>\n<script type=\"application\/ld+json\" class=\"yoast-schema-graph\">{\"@context\":\"https:\/\/schema.org\",\"@graph\":[{\"@type\":\"WebPage\",\"@id\":\"https:\/\/staging.varesenews.it\/2006\/04\/varese-cantu-c-e-una-disfatta-da-vendicare\/255847\/\",\"url\":\"https:\/\/staging.varesenews.it\/2006\/04\/varese-cantu-c-e-una-disfatta-da-vendicare\/255847\/\",\"name\":\"Varese-Cant\u00f9, c'\u00e8 una disfatta da vendicare\",\"isPartOf\":{\"@id\":\"https:\/\/staging.varesenews.it\/#website\"},\"datePublished\":\"2006-04-07T00:00:00+00:00\",\"dateModified\":\"2006-04-07T00:00:00+00:00\",\"author\":{\"@id\":\"https:\/\/staging.varesenews.it\/#\/schema\/person\/fb20c4da0b7b16c291707a20db73e169\"},\"description\":\"Venerd\u00ec sera il derby (Masnago, 20,30. Diretta Sky). Lo scorso anno fu un crollo vergognoso. Allegretti non ci sar\u00e0\",\"breadcrumb\":{\"@id\":\"https:\/\/staging.varesenews.it\/2006\/04\/varese-cantu-c-e-una-disfatta-da-vendicare\/255847\/#breadcrumb\"},\"inLanguage\":\"it-IT\",\"potentialAction\":[{\"@type\":\"ReadAction\",\"target\":[\"https:\/\/staging.varesenews.it\/2006\/04\/varese-cantu-c-e-una-disfatta-da-vendicare\/255847\/\"]}]},{\"@type\":\"BreadcrumbList\",\"@id\":\"https:\/\/staging.varesenews.it\/2006\/04\/varese-cantu-c-e-una-disfatta-da-vendicare\/255847\/#breadcrumb\",\"itemListElement\":[{\"@type\":\"ListItem\",\"position\":1,\"name\":\"Home\",\"item\":\"https:\/\/www.varesenews.it\/\"},{\"@type\":\"ListItem\",\"position\":2,\"name\":\"Varese-Cant\u00f9, c&#8217;\u00e8 una disfatta da vendicare\"}]},{\"@type\":\"WebSite\",\"@id\":\"https:\/\/staging.varesenews.it\/#website\",\"url\":\"https:\/\/staging.varesenews.it\/\",\"name\":\"VareseNews\",\"description\":\"\",\"potentialAction\":[{\"@type\":\"SearchAction\",\"target\":{\"@type\":\"EntryPoint\",\"urlTemplate\":\"https:\/\/staging.varesenews.it\/?s={search_term_string}\"},\"query-input\":\"required name=search_term_string\"}],\"inLanguage\":\"it-IT\"},{\"@type\":\"Person\",\"@id\":\"https:\/\/staging.varesenews.it\/#\/schema\/person\/fb20c4da0b7b16c291707a20db73e169\",\"name\":\"Redazione VareseNews\",\"image\":{\"@type\":\"ImageObject\",\"inLanguage\":\"it-IT\",\"@id\":\"https:\/\/staging.varesenews.it\/#\/schema\/person\/image\/\",\"url\":\"https:\/\/staging.varesenews.it\/wp-content\/uploads\/2020\/12\/logo_VN_colori_500.png\",\"contentUrl\":\"https:\/\/staging.varesenews.it\/wp-content\/uploads\/2020\/12\/logo_VN_colori_500.png\",\"caption\":\"Redazione VareseNews\"},\"url\":\"https:\/\/staging.varesenews.it\/persona\/redazione1\/\"}]}<\/script>\n<!-- \/ Yoast SEO plugin. -->","yoast_head_json":{"title":"Varese-Cant\u00f9, c'\u00e8 una disfatta da vendicare","description":"Venerd\u00ec sera il derby (Masnago, 20,30. Diretta Sky). Lo scorso anno fu un crollo vergognoso. Allegretti non ci sar\u00e0","robots":{"index":"noindex","follow":"follow","max-snippet":"max-snippet:-1","max-image-preview":"max-image-preview:large","max-video-preview":"max-video-preview:-1"},"og_locale":"it_IT","og_type":"article","og_title":"Varese-Cant\u00f9, c'\u00e8 una disfatta da vendicare","og_description":"Venerd\u00ec sera il derby (Masnago, 20,30. Diretta Sky). Lo scorso anno fu un crollo vergognoso. Allegretti non ci sar\u00e0","og_url":"https:\/\/staging.varesenews.it\/2006\/04\/varese-cantu-c-e-una-disfatta-da-vendicare\/255847\/","og_site_name":"VareseNews","article_publisher":"https:\/\/www.facebook.com\/varesenews","article_published_time":"2006-04-07T00:00:00+00:00","og_image":[{"url":"https:\/\/www3.varesenews.it\/immagini_articoli\/200511\/cantu-simone01.jpg"}],"author":"Redazione VareseNews","twitter_card":"summary_large_image","twitter_creator":"@varesenews","twitter_site":"@varesenews","twitter_misc":{"Scritto da":"Redazione VareseNews","Tempo di lettura stimato":"2 minuti"},"schema":{"@context":"https:\/\/schema.org","@graph":[{"@type":"WebPage","@id":"https:\/\/staging.varesenews.it\/2006\/04\/varese-cantu-c-e-una-disfatta-da-vendicare\/255847\/","url":"https:\/\/staging.varesenews.it\/2006\/04\/varese-cantu-c-e-una-disfatta-da-vendicare\/255847\/","name":"Varese-Cant\u00f9, c'\u00e8 una disfatta da vendicare","isPartOf":{"@id":"https:\/\/staging.varesenews.it\/#website"},"datePublished":"2006-04-07T00:00:00+00:00","dateModified":"2006-04-07T00:00:00+00:00","author":{"@id":"https:\/\/staging.varesenews.it\/#\/schema\/person\/fb20c4da0b7b16c291707a20db73e169"},"description":"Venerd\u00ec sera il derby (Masnago, 20,30. Diretta Sky). Lo scorso anno fu un crollo vergognoso. Allegretti non ci sar\u00e0","breadcrumb":{"@id":"https:\/\/staging.varesenews.it\/2006\/04\/varese-cantu-c-e-una-disfatta-da-vendicare\/255847\/#breadcrumb"},"inLanguage":"it-IT","potentialAction":[{"@type":"ReadAction","target":["https:\/\/staging.varesenews.it\/2006\/04\/varese-cantu-c-e-una-disfatta-da-vendicare\/255847\/"]}]},{"@type":"BreadcrumbList","@id":"https:\/\/staging.varesenews.it\/2006\/04\/varese-cantu-c-e-una-disfatta-da-vendicare\/255847\/#breadcrumb","itemListElement":[{"@type":"ListItem","position":1,"name":"Home","item":"https:\/\/www.varesenews.it\/"},{"@type":"ListItem","position":2,"name":"Varese-Cant\u00f9, c&#8217;\u00e8 una disfatta da vendicare"}]},{"@type":"WebSite","@id":"https:\/\/staging.varesenews.it\/#website","url":"https:\/\/staging.varesenews.it\/","name":"VareseNews","description":"","potentialAction":[{"@type":"SearchAction","target":{"@type":"EntryPoint","urlTemplate":"https:\/\/staging.varesenews.it\/?s={search_term_string}"},"query-input":"required name=search_term_string"}],"inLanguage":"it-IT"},{"@type":"Person","@id":"https:\/\/staging.varesenews.it\/#\/schema\/person\/fb20c4da0b7b16c291707a20db73e169","name":"Redazione VareseNews","image":{"@type":"ImageObject","inLanguage":"it-IT","@id":"https:\/\/staging.varesenews.it\/#\/schema\/person\/image\/","url":"https:\/\/staging.varesenews.it\/wp-content\/uploads\/2020\/12\/logo_VN_colori_500.png","contentUrl":"https:\/\/staging.varesenews.it\/wp-content\/uploads\/2020\/12\/logo_VN_colori_500.png","caption":"Redazione VareseNews"},"url":"https:\/\/staging.varesenews.it\/persona\/redazione1\/"}]}},"post_meta":{"id_old":"46910","argomento":"Basket","autore_old":"Damiano Franzetti"},"photos":[],"_links":{"self":[{"href":"https:\/\/staging.varesenews.it\/swgapi\/v1\/wp\/v2\/posts\/255847"}],"collection":[{"href":"https:\/\/staging.varesenews.it\/swgapi\/v1\/wp\/v2\/posts"}],"about":[{"href":"https:\/\/staging.varesenews.it\/swgapi\/v1\/wp\/v2\/types\/post"}],"author":[{"embeddable":true,"href":"https:\/\/staging.varesenews.it\/swgapi\/v1\/wp\/v2\/users\/10"}],"replies":[{"embeddable":true,"href":"https:\/\/staging.varesenews.it\/swgapi\/v1\/wp\/v2\/comments?post=255847"}],"version-history":[{"count":0,"href":"https:\/\/staging.varesenews.it\/swgapi\/v1\/wp\/v2\/posts\/255847\/revisions"}],"wp:attachment":[{"href":"https:\/\/staging.varesenews.it\/swgapi\/v1\/wp\/v2\/media?parent=255847"}],"wp:term":[{"taxonomy":"category","embeddable":true,"href":"https:\/\/staging.varesenews.it\/swgapi\/v1\/wp\/v2\/categories?post=255847"},{"taxonomy":"post_tag","embeddable":true,"href":"https:\/\/staging.varesenews.it\/swgapi\/v1\/wp\/v2\/tags?post=255847"}],"curies":[{"name":"wp","href":"https:\/\/api.w.org\/{rel}","templated":true}]}}