{"id":256077,"date":"2006-04-03T00:00:00","date_gmt":"2006-04-03T00:00:00","guid":{"rendered":""},"modified":"2006-04-03T00:00:00","modified_gmt":"2006-04-03T00:00:00","slug":"la-lombardia-sbarca-in-india","status":"publish","type":"post","link":"https:\/\/staging.varesenews.it\/2006\/04\/la-lombardia-sbarca-in-india\/256077\/","title":{"rendered":"La Lombardia sbarca in India"},"content":{"rendered":"<p class=\"MsoNormal\" style=\"MARGIN: 0cm 0cm 0pt\"><span style=\"FONT-FAMILY: Arial\"><span style=\"FONT-FAMILY: Arial\"><b><span style=\"FONT-FAMILY: Arial\">La Lombardia supera la Svezia nei rapporti con l\u2019India<\/span><\/b><span style=\"FONT-FAMILY: Arial\">. Mentre il paese scandinavo esporta solo il 2,7 % del totale europeo, la nostra regione vede un export in oriente che supera i 610 milioni di euro all\u2019anno posizionandosi al decimo posto nell\u2019Ue. <\/span><\/span><\/span><\/p>\n<p \/>\n<p class=\"MsoNormal\" style=\"MARGIN: 0cm 0cm 0pt\"><span style=\"FONT-FAMILY: Arial\">Tra le province il primato \u00e8 detenuto da Milano, seguita da Bergamo e Brescia.<\/span><\/p>\n<p \/>\n<p class=\"MsoNormal\" style=\"MARGIN: 0cm 0cm 0pt\"><b><span style=\"FONT-FAMILY: Arial\">\u201cInvest your talent in Italy\u201d<\/span><\/b><span style=\"FONT-FAMILY: Arial\"> \u00e8 il motto con cui le istituzioni, le universit\u00e0 e le imprese hanno raggiunto l\u2019India. L\u2019obiettivo \u00e8 attrarre studenti a frequentare master o corsi di laurea specialistica in Informatica, management e design e completare la formazione con un tirocinio presso un\u2019azienda italiana.<\/span><\/p>\n<p \/>\n<p class=\"MsoNormal\" style=\"MARGIN: 0cm 0cm 0pt\"><span style=\"FONT-FAMILY: Arial\">A finanziare le borse di studio sono l\u2019Ice, l\u2019Istituto nazionale per il commercio Estero, e le Camere di Commercio di Milano, Torino, Trento, Vicenza e Padova.<\/span><\/p>\n<p \/>\n<p class=\"MsoNormal\" style=\"MARGIN: 0cm 0cm 0pt\"><span style=\"FONT-FAMILY: Arial\">Il politecnico di Milano, Torino, l\u2019Universit\u00e0 di Trento, la Scuola Superiore Sant\u2019Anna di Pisa, la Bocconi e la Luiss, invece, saranno gli atenei <span style=\"mso-spacerun: yes\">\u00a0<\/span>protagonisti, dal 3 al 6 aprile, di un Roadshow <span style=\"mso-spacerun: yes\">\u00a0<\/span>che si terr\u00e0 nelle citt\u00e0 pi\u00f9 tecnologiche indiane come Mumbai, Bangalore e Chennai.<br \/><\/span><span style=\"FONT-FAMILY: Arial\"><\/span><\/p>\n<p><span style=\"FONT-SIZE: 12pt; FONT-FAMILY: Arial; mso-bidi-font-size: 9.0pt\">Come ha dichiarato <b>Bruno Ermolli, presidente di Promos<\/b> , azienda speciale della Camera di commercio di Milano, \u00ab<\/span><span style=\"FONT-SIZE: 12pt; COLOR: windowtext; FONT-FAMILY: Arial; mso-bidi-font-size: 9.0pt\">Questa iniziativa promossa insieme al ministero, al mondo istituzionale e universitario permette lo sviluppo della strategia di internazionalizzazione del nostro sistema universitario, passo necessario per favorire la crescita dell\u2019economia territoriale\u00bb.<\/span><\/p>\n<\/p>\n<p \/>\n<p class=\"MsoNormal\" style=\"MARGIN: 0cm 0cm 0pt\" \/>\n<p \/>\n","protected":false},"excerpt":{"rendered":"<p>Grande export della regione in oriente. Promossa l\u2019istruzione italiana anche all\u2019estero<\/p>\n","protected":false},"author":10,"featured_media":0,"comment_status":"open","ping_status":"open","sticky":false,"template":"","format":"standard","meta":{"footnotes":""},"categories":[7],"tags":[],"acf":[],"yoast_head":"<!-- This site is optimized with the Yoast SEO plugin v20.1 - https:\/\/yoast.com\/wordpress\/plugins\/seo\/ -->\n<title>La Lombardia sbarca in India<\/title>\n<meta name=\"description\" content=\"Grande export della regione in oriente. Promossa l\u2019istruzione italiana anche all\u2019estero\" \/>\n<meta name=\"robots\" content=\"noindex, follow, max-snippet:-1, max-image-preview:large, max-video-preview:-1\" \/>\n<meta property=\"og:locale\" content=\"it_IT\" \/>\n<meta property=\"og:type\" content=\"article\" \/>\n<meta property=\"og:title\" content=\"La Lombardia sbarca in India\" \/>\n<meta property=\"og:description\" content=\"Grande export della regione in oriente. Promossa l\u2019istruzione italiana anche all\u2019estero\" \/>\n<meta property=\"og:url\" content=\"https:\/\/staging.varesenews.it\/2006\/04\/la-lombardia-sbarca-in-india\/256077\/\" \/>\n<meta property=\"og:site_name\" content=\"VareseNews\" \/>\n<meta property=\"article:publisher\" content=\"https:\/\/www.facebook.com\/varesenews\" \/>\n<meta property=\"article:published_time\" content=\"2006-04-03T00:00:00+00:00\" \/>\n<meta name=\"author\" content=\"Redazione VareseNews\" \/>\n<meta name=\"twitter:card\" content=\"summary_large_image\" \/>\n<meta name=\"twitter:creator\" content=\"@varesenews\" \/>\n<meta name=\"twitter:site\" content=\"@varesenews\" \/>\n<meta name=\"twitter:label1\" content=\"Scritto da\" \/>\n\t<meta name=\"twitter:data1\" content=\"Redazione VareseNews\" \/>\n\t<meta name=\"twitter:label2\" content=\"Tempo di lettura stimato\" \/>\n\t<meta name=\"twitter:data2\" content=\"1 minuto\" \/>\n<script type=\"application\/ld+json\" class=\"yoast-schema-graph\">{\"@context\":\"https:\/\/schema.org\",\"@graph\":[{\"@type\":\"WebPage\",\"@id\":\"https:\/\/staging.varesenews.it\/2006\/04\/la-lombardia-sbarca-in-india\/256077\/\",\"url\":\"https:\/\/staging.varesenews.it\/2006\/04\/la-lombardia-sbarca-in-india\/256077\/\",\"name\":\"La Lombardia sbarca in India\",\"isPartOf\":{\"@id\":\"https:\/\/staging.varesenews.it\/#website\"},\"datePublished\":\"2006-04-03T00:00:00+00:00\",\"dateModified\":\"2006-04-03T00:00:00+00:00\",\"author\":{\"@id\":\"https:\/\/staging.varesenews.it\/#\/schema\/person\/fb20c4da0b7b16c291707a20db73e169\"},\"description\":\"Grande export della regione in oriente. Promossa l\u2019istruzione italiana anche all\u2019estero\",\"breadcrumb\":{\"@id\":\"https:\/\/staging.varesenews.it\/2006\/04\/la-lombardia-sbarca-in-india\/256077\/#breadcrumb\"},\"inLanguage\":\"it-IT\",\"potentialAction\":[{\"@type\":\"ReadAction\",\"target\":[\"https:\/\/staging.varesenews.it\/2006\/04\/la-lombardia-sbarca-in-india\/256077\/\"]}]},{\"@type\":\"BreadcrumbList\",\"@id\":\"https:\/\/staging.varesenews.it\/2006\/04\/la-lombardia-sbarca-in-india\/256077\/#breadcrumb\",\"itemListElement\":[{\"@type\":\"ListItem\",\"position\":1,\"name\":\"Home\",\"item\":\"https:\/\/www.varesenews.it\/\"},{\"@type\":\"ListItem\",\"position\":2,\"name\":\"La Lombardia sbarca in India\"}]},{\"@type\":\"WebSite\",\"@id\":\"https:\/\/staging.varesenews.it\/#website\",\"url\":\"https:\/\/staging.varesenews.it\/\",\"name\":\"VareseNews\",\"description\":\"\",\"potentialAction\":[{\"@type\":\"SearchAction\",\"target\":{\"@type\":\"EntryPoint\",\"urlTemplate\":\"https:\/\/staging.varesenews.it\/?s={search_term_string}\"},\"query-input\":\"required name=search_term_string\"}],\"inLanguage\":\"it-IT\"},{\"@type\":\"Person\",\"@id\":\"https:\/\/staging.varesenews.it\/#\/schema\/person\/fb20c4da0b7b16c291707a20db73e169\",\"name\":\"Redazione VareseNews\",\"image\":{\"@type\":\"ImageObject\",\"inLanguage\":\"it-IT\",\"@id\":\"https:\/\/staging.varesenews.it\/#\/schema\/person\/image\/\",\"url\":\"https:\/\/staging.varesenews.it\/wp-content\/uploads\/2020\/12\/logo_VN_colori_500.png\",\"contentUrl\":\"https:\/\/staging.varesenews.it\/wp-content\/uploads\/2020\/12\/logo_VN_colori_500.png\",\"caption\":\"Redazione VareseNews\"},\"url\":\"https:\/\/staging.varesenews.it\/persona\/redazione1\/\"}]}<\/script>\n<!-- \/ Yoast SEO plugin. -->","yoast_head_json":{"title":"La Lombardia sbarca in India","description":"Grande export della regione in oriente. Promossa l\u2019istruzione italiana anche all\u2019estero","robots":{"index":"noindex","follow":"follow","max-snippet":"max-snippet:-1","max-image-preview":"max-image-preview:large","max-video-preview":"max-video-preview:-1"},"og_locale":"it_IT","og_type":"article","og_title":"La Lombardia sbarca in India","og_description":"Grande export della regione in oriente. Promossa l\u2019istruzione italiana anche all\u2019estero","og_url":"https:\/\/staging.varesenews.it\/2006\/04\/la-lombardia-sbarca-in-india\/256077\/","og_site_name":"VareseNews","article_publisher":"https:\/\/www.facebook.com\/varesenews","article_published_time":"2006-04-03T00:00:00+00:00","author":"Redazione VareseNews","twitter_card":"summary_large_image","twitter_creator":"@varesenews","twitter_site":"@varesenews","twitter_misc":{"Scritto da":"Redazione VareseNews","Tempo di lettura stimato":"1 minuto"},"schema":{"@context":"https:\/\/schema.org","@graph":[{"@type":"WebPage","@id":"https:\/\/staging.varesenews.it\/2006\/04\/la-lombardia-sbarca-in-india\/256077\/","url":"https:\/\/staging.varesenews.it\/2006\/04\/la-lombardia-sbarca-in-india\/256077\/","name":"La Lombardia sbarca in India","isPartOf":{"@id":"https:\/\/staging.varesenews.it\/#website"},"datePublished":"2006-04-03T00:00:00+00:00","dateModified":"2006-04-03T00:00:00+00:00","author":{"@id":"https:\/\/staging.varesenews.it\/#\/schema\/person\/fb20c4da0b7b16c291707a20db73e169"},"description":"Grande export della regione in oriente. Promossa l\u2019istruzione italiana anche all\u2019estero","breadcrumb":{"@id":"https:\/\/staging.varesenews.it\/2006\/04\/la-lombardia-sbarca-in-india\/256077\/#breadcrumb"},"inLanguage":"it-IT","potentialAction":[{"@type":"ReadAction","target":["https:\/\/staging.varesenews.it\/2006\/04\/la-lombardia-sbarca-in-india\/256077\/"]}]},{"@type":"BreadcrumbList","@id":"https:\/\/staging.varesenews.it\/2006\/04\/la-lombardia-sbarca-in-india\/256077\/#breadcrumb","itemListElement":[{"@type":"ListItem","position":1,"name":"Home","item":"https:\/\/www.varesenews.it\/"},{"@type":"ListItem","position":2,"name":"La Lombardia sbarca in India"}]},{"@type":"WebSite","@id":"https:\/\/staging.varesenews.it\/#website","url":"https:\/\/staging.varesenews.it\/","name":"VareseNews","description":"","potentialAction":[{"@type":"SearchAction","target":{"@type":"EntryPoint","urlTemplate":"https:\/\/staging.varesenews.it\/?s={search_term_string}"},"query-input":"required name=search_term_string"}],"inLanguage":"it-IT"},{"@type":"Person","@id":"https:\/\/staging.varesenews.it\/#\/schema\/person\/fb20c4da0b7b16c291707a20db73e169","name":"Redazione VareseNews","image":{"@type":"ImageObject","inLanguage":"it-IT","@id":"https:\/\/staging.varesenews.it\/#\/schema\/person\/image\/","url":"https:\/\/staging.varesenews.it\/wp-content\/uploads\/2020\/12\/logo_VN_colori_500.png","contentUrl":"https:\/\/staging.varesenews.it\/wp-content\/uploads\/2020\/12\/logo_VN_colori_500.png","caption":"Redazione VareseNews"},"url":"https:\/\/staging.varesenews.it\/persona\/redazione1\/"}]}},"post_meta":{"id_old":"46637","argomento":"Lombardia"},"photos":[],"_links":{"self":[{"href":"https:\/\/staging.varesenews.it\/swgapi\/v1\/wp\/v2\/posts\/256077"}],"collection":[{"href":"https:\/\/staging.varesenews.it\/swgapi\/v1\/wp\/v2\/posts"}],"about":[{"href":"https:\/\/staging.varesenews.it\/swgapi\/v1\/wp\/v2\/types\/post"}],"author":[{"embeddable":true,"href":"https:\/\/staging.varesenews.it\/swgapi\/v1\/wp\/v2\/users\/10"}],"replies":[{"embeddable":true,"href":"https:\/\/staging.varesenews.it\/swgapi\/v1\/wp\/v2\/comments?post=256077"}],"version-history":[{"count":0,"href":"https:\/\/staging.varesenews.it\/swgapi\/v1\/wp\/v2\/posts\/256077\/revisions"}],"wp:attachment":[{"href":"https:\/\/staging.varesenews.it\/swgapi\/v1\/wp\/v2\/media?parent=256077"}],"wp:term":[{"taxonomy":"category","embeddable":true,"href":"https:\/\/staging.varesenews.it\/swgapi\/v1\/wp\/v2\/categories?post=256077"},{"taxonomy":"post_tag","embeddable":true,"href":"https:\/\/staging.varesenews.it\/swgapi\/v1\/wp\/v2\/tags?post=256077"}],"curies":[{"name":"wp","href":"https:\/\/api.w.org\/{rel}","templated":true}]}}