{"id":256079,"date":"2006-04-06T00:00:00","date_gmt":"2006-04-06T00:00:00","guid":{"rendered":""},"modified":"2006-04-06T00:00:00","modified_gmt":"2006-04-06T00:00:00","slug":"giuseppe-leoni-il-candidato-del-volo","status":"publish","type":"post","link":"https:\/\/staging.varesenews.it\/2006\/04\/giuseppe-leoni-il-candidato-del-volo\/256079\/","title":{"rendered":"Giuseppe Leoni, il candidato del volo"},"content":{"rendered":"<p class=\"MsoNormal\" style=\"MARGIN: 0cm 0cm 0pt; LINE-HEIGHT: 12pt; mso-layout-grid-align: none\"><span style=\"COLOR: black; FONT-FAMILY: Arial; mso-bidi-font-size: 10.0pt\"><img decoding=\"async\" hspace=\"0\" src=\"https:\/\/www3.varesenews.it\/immagini_articoli\/200601\/bossi+leoni_1997.jpg\" align=\"left\" border=\"0\" \/>\u00c8\u00a0il numero due per il collegio della Lombardia al Senato, subito dopo il ministro Castelli: Giuseppe Leoni, uno di quelli che la Lega \u201cl\u2019ha fatta\u201d si ripresenta in posizione decisamente \u201cblindata\u201d, dove l\u2019elezione \u00e8 certa, dopo quattro legislature divise tra Camera e Senato e una \u201csabbatica\u201d &#8211; la quattordicesima, quella appena conclusa \u2013 in cui non ha ricoperto incarichi istituzionali.<br \/><\/span><span style=\"COLOR: black; FONT-FAMILY: Arial; mso-bidi-font-size: 10.0pt\">Ma non \u00e8 stato in questi anni\u00a0con le mani in mano: il primo consigliere comunale della Lega (era a Varese, nel 1985) \u00e8 diventato prima commissario straordinario e poi presidente eletto dell\u2019Aeci, l\u2019associazione che<span style=\"mso-spacerun: yes\">\u00a0 <\/span>raduna tutti gli Aeroclub d\u2019Italia. Da appassionato pilota, e quindi per una volta rappresentante politico in grado di conoscere e governare un settore ai pi\u00f9 sconosciuto.<br \/><\/span><span style=\"COLOR: black; FONT-FAMILY: Arial; mso-bidi-font-size: 10.0pt\">Giuseppe Leoni, nato il 15 aprile del 1947, sposato da trent\u2019anni con Giuseppina e padre di Micol, che fa il liceo classico al Cairoli, \u00e8 architetto e ha due grandi passioni: la bicicletta e il volo (\u00abla mia massima aspirazione sarebbe un aeroplano a pedali\u00bb ha confessato)<\/span>\u00a0<\/p>\n<p \/>\n<p class=\"MsoNormal\" style=\"MARGIN: 0cm 0cm 0pt\"><b><span style=\"FONT-FAMILY: Arial\">Cosa ha fatto per il nostro territorio negli ultimi 5 anni?<br \/><\/span><\/b><span style=\"FONT-FAMILY: Arial\">Sono stato nominato commissario Dell\u2019Aeci, l\u2019associazione che raduna gli aeroclub d\u2019Italia,<span style=\"mso-spacerun: yes\">\u00a0 <\/span>con incarico di redigere nuovo statuto. Una volta realizzato questo obiettivo, gli aeroclub federati mi hanno eletto presidente il 29 ottobre dell\u2019anno scorso: sei dopo mesi gli aeroclub sono passati da 88 a 130, che con le nuove regole arriveranno presto a 200. un grande stimolo alla diffusione del volo, che per un provincia aeronautica come la nostra significa anche prospettiva e consolidamento di attivit\u00e0 lavorative tipiche del nostro territorio.<\/span><\/p>\n<p \/>\n<p class=\"MsoNormal\" style=\"MARGIN: 0cm 0cm 0pt\"><strong><font face=\"Arial\">Quali sono le priorit\u00e0 che riguardano Varese e su cui lavorer\u00e0 una volta in Parlamento?<\/font><\/strong><\/p>\n<p class=\"MsoNormal\" style=\"MARGIN: 0cm 0cm 0pt; tab-stops: 9.0pt\"><span style=\"FONT-FAMILY: Arial\">Il nostro territorio \u00e8 ricco di ditte aeronautiche: c\u2019\u00e8 cos\u00ec una forte simbiosi tra quello che gi\u00e0<span style=\"mso-spacerun: yes\">\u00a0 <\/span>faccio e l\u2019occupazione di questo territorio: solo AgustaWestland e Aermacchi \u2013 o la Galileo,<span style=\"mso-spacerun: yes\">\u00a0 <\/span>che sta a Nerviano \u2013 danno lavoro a 5000 addetti, perci\u00f2 continuer\u00f2 ad avere un \u201cocchio\u201d particolare per queste nostre industrie che danno lavoro alle nostre famiglie. Non va dimenticato inoltre che In Lega sono il responsabile dei cattolici padani, e lavorer\u00f2 anche per questo, in parlamento.<\/span><\/p>\n<p \/>\n<p class=\"MsoNormal\" style=\"MARGIN: 0cm 0cm 0pt 18pt\"><span style=\"FONT-FAMILY: Arial\"><\/span><\/p>\n<p \/>\n<p class=\"MsoNormal\" style=\"MARGIN: 0cm 0cm 0pt\"><b><span style=\"FONT-FAMILY: Arial\">Lei crede in Dio?<br \/><\/span><\/b><span style=\"FONT-FAMILY: Arial\">S\u00ec, e lo adoro. Sono un \u201cmessalizzato\u201d uno di quelli che va a messa tutte le domeniche.<br \/><\/span><\/p>\n<p \/>\n<p class=\"MsoNormal\" style=\"MARGIN: 0cm 0cm 0pt\"><span style=\"FONT-FAMILY: Arial\"><strong>Qual \u00e8 l\u2019ultima volta che \u00e8 andato a messa?<br \/><\/strong><\/span><span style=\"FONT-FAMILY: Arial\">Domenica scorsa: come le dicevo, ci vado tutte le domeniche<\/span><\/p>\n<p \/>\n<p class=\"MsoNormal\" style=\"MARGIN: 0cm 0cm 0pt\"><span style=\"FONT-FAMILY: Arial\"><\/span><\/p>\n<p \/>\n<p class=\"MsoNormal\" style=\"MARGIN: 0cm 0cm 0pt\"><b><span style=\"FONT-FAMILY: Arial\">E l\u2019ultima volta che si \u00e8 confessato?<br \/><\/span><\/b><span style=\"FONT-FAMILY: Arial\">Le regole dicono che bisogna confessarsi almeno una volta all\u2019anno, a Pasqua: io per\u00f2 mi sono confessato anche a novembre, quando c\u2019\u00e8 stata in lega la messa per i defunti. <br \/>Ma non scambiatemi per un baciapile, per\u00f2\u2026<\/span><\/p>\n<p \/>\n<p class=\"MsoNormal\" style=\"MARGIN: 0cm 0cm 0pt\"><span style=\"FONT-FAMILY: Arial\"><\/span><\/p>\n<p \/>\n<p class=\"MsoNormal\" style=\"MARGIN: 0cm 0cm 0pt\"><b><span style=\"FONT-FAMILY: Arial\">Conosce degli islamici?<br \/><\/span><\/b><span style=\"FONT-FAMILY: Arial\">Personalmente no<\/span><\/p>\n<p \/>\n<p class=\"MsoNormal\" style=\"MARGIN: 0cm 0cm 0pt\"><span style=\"FONT-FAMILY: Arial\"><\/span><\/p>\n<p \/>\n<p class=\"MsoNormal\" style=\"MARGIN: 0cm 0cm 0pt\"><b><span style=\"FONT-FAMILY: Arial\">Dove sono le moschee in provincia di Varese?<br \/><\/span><\/b><span style=\"FONT-FAMILY: Arial\">Ne ho sentito solo dire dai giornali<\/span><\/p>\n<p \/>\n<p class=\"MsoNormal\" style=\"MARGIN: 0cm 0cm 0pt\"><span style=\"FONT-FAMILY: Arial\"><\/span><\/p>\n<p \/>\n<p class=\"MsoNormal\" style=\"MARGIN: 0cm 0cm 0pt\"><b><span style=\"FONT-FAMILY: Arial\">Lei ha amici extracomunitari?<br \/><\/span><\/b><span style=\"FONT-FAMILY: Arial\">Io faccio volontariato in Africa, ci vado ogni anno, sono ben amato dagli extracomunitari del Congo, pu\u00f2 valere come conoscenza? E poi ho amici svizzeri\u2026 Anche quelli sono extracomunitari\u2026<\/span><\/p>\n<p \/>\n<p class=\"MsoNormal\" style=\"MARGIN: 0cm 0cm 0pt\"><b><span style=\"FONT-FAMILY: Arial\">Accetterebbe un genero o una nuora extracomunitaria?<br \/><\/span><\/b><span style=\"FONT-FAMILY: Arial\">Deve essere l\u2019amore della Micol che mi garantisce sull\u2019extracomunitario. Non dipende da me\u2026<\/span><span style=\"FONT-FAMILY: Arial\">\u00a0<\/span><\/p>\n<p \/>\n<p class=\"MsoNormal\" style=\"MARGIN: 0cm 0cm 0pt\"><b><span style=\"FONT-FAMILY: Arial\">Se sua moglie la tradisse salverebbe la famiglia o sceglierebbe il divorzio?<br \/><\/span><\/b><span style=\"FONT-FAMILY: Arial\">Sono per la famiglia. Perdipi\u00f9 la regola del cattolico \u00e8 il perdono. Poi si vede, dipende da come stanno le cose<\/span><\/p>\n<p \/>\n<p class=\"MsoNormal\" style=\"MARGIN: 0cm 0cm 0pt\"><span style=\"FONT-FAMILY: Arial\"><\/span><\/p>\n<p \/>\n<p class=\"MsoNormal\" style=\"MARGIN: 0cm 0cm 0pt\"><b><span style=\"FONT-FAMILY: Arial\">Gli omosessuali sono la rovina delle famiglie?<br \/><\/span><\/b><span style=\"FONT-FAMILY: Arial\">Non penso affatto che sia cos\u00ec. Semplicemente, sono malati.<\/span>\u00a0<\/p>\n<p \/>\n<p class=\"MsoNormal\" style=\"MARGIN: 0cm 0cm 0pt\"><b><span style=\"FONT-FAMILY: Arial\">Ha amici o frequenta persone omosessuali?<br \/><\/span><\/b><span style=\"FONT-FAMILY: Arial\">Penso di no, o almeno non si sono dichiarati. Mi dicono che ce n\u2019\u00e8 un\u2019alta percentuale, ma io non me ne sono accorto<\/span><\/p>\n<p \/>\n<p class=\"MsoNormal\" style=\"MARGIN: 0cm 0cm 0pt\"><b><span style=\"FONT-FAMILY: Arial\">Se suo figlio fosse gay crede che avrebbe coraggio di dirglielo?<br \/><\/span><\/b><span style=\"FONT-FAMILY: Arial\">Siccome li definisco dei malati farei di tutto per curarlo. Per\u00f2 penso che me lo direbbe<\/span><\/p>\n<p \/>\n<p class=\"MsoNormal\" style=\"MARGIN: 0cm 0cm 0pt\"><span style=\"FONT-FAMILY: Arial\"><\/span><\/p>\n<p \/>\n<p class=\"MsoNormal\" style=\"MARGIN: 0cm 0cm 0pt\"><b><span style=\"FONT-FAMILY: Arial\">Si \u00e8 mai fatto uno spinello?<br \/><\/span><\/b><span style=\"FONT-FAMILY: Arial\">No<\/span><\/p>\n<p \/>\n<p class=\"MsoNormal\" style=\"MARGIN: 0cm 0cm 0pt\"><span style=\"FONT-FAMILY: Arial\"><b>23 spinelli sono pochi o troppi?<br \/><\/b><\/span><span style=\"FONT-FAMILY: Arial\">Sono troppi. Anche uno \u00e8 troppo<\/span><\/p>\n<p \/>\n<p class=\"MsoNormal\" style=\"MARGIN: 0cm 0cm 0pt\"><span style=\"FONT-FAMILY: Arial\"><\/span><\/p>\n<p \/>\n<p class=\"MsoNormal\" style=\"MARGIN: 0cm 0cm 0pt\"><b><span style=\"FONT-FAMILY: Arial\">L\u2019alcol \u00e8 una droga?<br \/><\/span><\/b><span style=\"FONT-FAMILY: Arial\">S\u00ec<\/span><\/p>\n<p \/>\n<p class=\"MsoNormal\" style=\"MARGIN: 0cm 0cm 0pt\"><span style=\"FONT-FAMILY: Arial\"><\/span><\/p>\n<p \/>\n<p class=\"MsoNormal\" style=\"MARGIN: 0cm 0cm 0pt\"><b><span style=\"FONT-FAMILY: Arial\">Il fumo \u00e8 una droga?<br \/><\/span><\/b><span style=\"FONT-FAMILY: Arial\">S\u00ec<\/span><\/p>\n<p \/>\n<p class=\"MsoNormal\" style=\"MARGIN: 0cm 0cm 0pt\"><span style=\"FONT-FAMILY: Arial\"><\/span><\/p>\n<p \/>\n<p class=\"MsoNormal\" style=\"MARGIN: 0cm 0cm 0pt\"><b><span style=\"FONT-FAMILY: Arial\">Bacco, tabacco e venere, a cosa potrebbe rinunciare?<br \/><\/span><\/b><span style=\"FONT-FAMILY: Arial\">Facile: a bacco e a tabacco. Perch\u00e9 sono astemio e non fumo\u2026<\/span><\/p>\n<p \/>\n<p class=\"MsoNormal\" style=\"MARGIN: 0cm 0cm 0pt\"><span style=\"FONT-FAMILY: Arial\"><\/span><\/p>\n<p \/>\n<p class=\"MsoNormal\" style=\"MARGIN: 0cm 0cm 0pt\"><b><span style=\"FONT-FAMILY: Arial\">Cosa fa per tirarsi su?<br \/><\/span><\/b><span style=\"FONT-FAMILY: Arial\">Vado a fare un volo acrobatico <\/span><\/p>\n<p \/>\n<p class=\"MsoNormal\" style=\"MARGIN: 0cm 0cm 0pt\"><font face=\"arial,helvetica,sans-serif\"><strong>Qual \u00e8 il libro che le ha cambiato la vita?<\/strong><\/font><\/p>\n<p class=\"MsoNormal\" style=\"MARGIN: 0cm 0cm 0pt\"><font face=\"arial,helvetica,sans-serif\">\u201cIl feticcio urbano\u201d di Alexander Mitscherlich<font face=\"Verdana\">: \u00e8 <\/font>un libro di urbanistica di un sociologo tedesco che \u00e8 stato molto importante per me<\/font><\/p>\n<p class=\"MsoNormal\" style=\"MARGIN: 0cm 0cm 0pt\"><font face=\"arial,helvetica,sans-serif\">\u00a0<\/font><\/p>\n<p class=\"MsoNormal\" style=\"MARGIN: 0cm 0cm 0pt\"><font face=\"arial,helvetica,sans-serif\"><strong>La canzone?<\/strong><\/font><\/p>\n<p class=\"MsoNormal\" style=\"MARGIN: 0cm 0cm 0pt\"><font face=\"arial,helvetica,sans-serif\">Non ho canzoni precise. Le dico l\u2019ultima che ho ascoltato: Alta Marea di Antonello Venditti<\/font><\/p>\n<p class=\"MsoNormal\" style=\"MARGIN: 0cm 0cm 0pt\"><font face=\"arial,helvetica,sans-serif\"><strong><br \/>Il film?<\/strong><\/font><\/p>\n<p class=\"MsoNormal\" style=\"MARGIN: 0cm 0cm 0pt\"><font face=\"arial,helvetica,sans-serif\">Amo i film con gli aeroplani, che finiscono spesso per essere film di guerra. Per\u00f2 non vado spesso al cinema: l\u2019ultimo \u00e8 stato Pearl Harbour<\/font><\/p>\n<p class=\"MsoNormal\" style=\"MARGIN: 0cm 0cm 0pt\"><font face=\"arial,helvetica,sans-serif\">\u00a0<\/font><\/p>\n<p class=\"MsoNormal\" style=\"MARGIN: 0cm 0cm 0pt\"><font face=\"arial,helvetica,sans-serif\"><strong>A chi dar\u00e0 il 5 per mille?<\/strong><\/font><\/p>\n<p class=\"MsoNormal\" style=\"MARGIN: 0cm 0cm 0pt\"><font face=\"arial,helvetica,sans-serif\">Alla chiesa <\/font><\/p>\n<p \/>\n<p class=\"MsoNormal\" style=\"MARGIN: 0cm 0cm 0pt\"><font face=\"arial,helvetica,sans-serif\"><strong>Cosa preferisce, cono o coppetta?<br \/><\/strong><\/font><span style=\"FONT-SIZE: 12pt; FONT-FAMILY: \"><font face=\"arial,helvetica,sans-serif\">Nessuno dei due. Non mangio il gelato, sono allergico ai dolci\u2026.<\/font><\/span> <\/p>\n<p><strong><font face=\"arial,helvetica,sans-serif\" size=\"2\"><a href=\"\/varese\/articolo.php?id=46856\">Leggi le altre interviste &quot;Gemelle&quot; di Varesenews ai candidati 2006<\/a><\/font><\/strong><\/p>\n<p><strong><font face=\"arial,helvetica,sans-serif\" size=\"2\"><\/font><\/strong><\/p>\n","protected":false},"excerpt":{"rendered":"<p>Dopo uno stop di cinque anni, Leoni si ripresenta da presidente dell&#8217;associazione Aeroclub d&#8217;Italia<\/p>\n","protected":false},"author":10,"featured_media":0,"comment_status":"open","ping_status":"open","sticky":false,"template":"","format":"standard","meta":{"footnotes":""},"categories":[2],"tags":[],"acf":[],"yoast_head":"<!-- This site is optimized with the Yoast SEO plugin v20.1 - https:\/\/yoast.com\/wordpress\/plugins\/seo\/ -->\n<title>Giuseppe Leoni, il candidato del volo<\/title>\n<meta name=\"description\" content=\"Dopo uno stop di cinque anni, Leoni si ripresenta da presidente dell&#039;associazione Aeroclub d&#039;Italia\" \/>\n<meta name=\"robots\" content=\"noindex, follow, max-snippet:-1, max-image-preview:large, max-video-preview:-1\" \/>\n<meta property=\"og:locale\" content=\"it_IT\" \/>\n<meta property=\"og:type\" content=\"article\" \/>\n<meta property=\"og:title\" content=\"Giuseppe Leoni, il candidato del volo\" \/>\n<meta property=\"og:description\" content=\"Dopo uno stop di cinque anni, Leoni si ripresenta da presidente dell&#039;associazione Aeroclub d&#039;Italia\" \/>\n<meta property=\"og:url\" content=\"https:\/\/staging.varesenews.it\/2006\/04\/giuseppe-leoni-il-candidato-del-volo\/256079\/\" \/>\n<meta property=\"og:site_name\" content=\"VareseNews\" \/>\n<meta property=\"article:publisher\" content=\"https:\/\/www.facebook.com\/varesenews\" \/>\n<meta property=\"article:published_time\" content=\"2006-04-06T00:00:00+00:00\" \/>\n<meta property=\"og:image\" content=\"https:\/\/www3.varesenews.it\/immagini_articoli\/200601\/bossi+leoni_1997.jpg\" \/>\n<meta name=\"author\" content=\"Redazione VareseNews\" \/>\n<meta name=\"twitter:card\" content=\"summary_large_image\" \/>\n<meta name=\"twitter:creator\" content=\"@varesenews\" \/>\n<meta name=\"twitter:site\" content=\"@varesenews\" \/>\n<meta name=\"twitter:label1\" content=\"Scritto da\" \/>\n\t<meta name=\"twitter:data1\" content=\"Redazione VareseNews\" \/>\n\t<meta name=\"twitter:label2\" content=\"Tempo di lettura stimato\" \/>\n\t<meta name=\"twitter:data2\" content=\"4 minuti\" \/>\n<script type=\"application\/ld+json\" class=\"yoast-schema-graph\">{\"@context\":\"https:\/\/schema.org\",\"@graph\":[{\"@type\":\"WebPage\",\"@id\":\"https:\/\/staging.varesenews.it\/2006\/04\/giuseppe-leoni-il-candidato-del-volo\/256079\/\",\"url\":\"https:\/\/staging.varesenews.it\/2006\/04\/giuseppe-leoni-il-candidato-del-volo\/256079\/\",\"name\":\"Giuseppe Leoni, il candidato del volo\",\"isPartOf\":{\"@id\":\"https:\/\/staging.varesenews.it\/#website\"},\"datePublished\":\"2006-04-06T00:00:00+00:00\",\"dateModified\":\"2006-04-06T00:00:00+00:00\",\"author\":{\"@id\":\"https:\/\/staging.varesenews.it\/#\/schema\/person\/fb20c4da0b7b16c291707a20db73e169\"},\"description\":\"Dopo uno stop di cinque anni, Leoni si ripresenta da presidente dell'associazione Aeroclub d'Italia\",\"breadcrumb\":{\"@id\":\"https:\/\/staging.varesenews.it\/2006\/04\/giuseppe-leoni-il-candidato-del-volo\/256079\/#breadcrumb\"},\"inLanguage\":\"it-IT\",\"potentialAction\":[{\"@type\":\"ReadAction\",\"target\":[\"https:\/\/staging.varesenews.it\/2006\/04\/giuseppe-leoni-il-candidato-del-volo\/256079\/\"]}]},{\"@type\":\"BreadcrumbList\",\"@id\":\"https:\/\/staging.varesenews.it\/2006\/04\/giuseppe-leoni-il-candidato-del-volo\/256079\/#breadcrumb\",\"itemListElement\":[{\"@type\":\"ListItem\",\"position\":1,\"name\":\"Home\",\"item\":\"https:\/\/www.varesenews.it\/\"},{\"@type\":\"ListItem\",\"position\":2,\"name\":\"Giuseppe Leoni, il candidato del volo\"}]},{\"@type\":\"WebSite\",\"@id\":\"https:\/\/staging.varesenews.it\/#website\",\"url\":\"https:\/\/staging.varesenews.it\/\",\"name\":\"VareseNews\",\"description\":\"\",\"potentialAction\":[{\"@type\":\"SearchAction\",\"target\":{\"@type\":\"EntryPoint\",\"urlTemplate\":\"https:\/\/staging.varesenews.it\/?s={search_term_string}\"},\"query-input\":\"required name=search_term_string\"}],\"inLanguage\":\"it-IT\"},{\"@type\":\"Person\",\"@id\":\"https:\/\/staging.varesenews.it\/#\/schema\/person\/fb20c4da0b7b16c291707a20db73e169\",\"name\":\"Redazione VareseNews\",\"image\":{\"@type\":\"ImageObject\",\"inLanguage\":\"it-IT\",\"@id\":\"https:\/\/staging.varesenews.it\/#\/schema\/person\/image\/\",\"url\":\"https:\/\/staging.varesenews.it\/wp-content\/uploads\/2020\/12\/logo_VN_colori_500.png\",\"contentUrl\":\"https:\/\/staging.varesenews.it\/wp-content\/uploads\/2020\/12\/logo_VN_colori_500.png\",\"caption\":\"Redazione VareseNews\"},\"url\":\"https:\/\/staging.varesenews.it\/persona\/redazione1\/\"}]}<\/script>\n<!-- \/ Yoast SEO plugin. -->","yoast_head_json":{"title":"Giuseppe Leoni, il candidato del volo","description":"Dopo uno stop di cinque anni, Leoni si ripresenta da presidente dell'associazione Aeroclub d'Italia","robots":{"index":"noindex","follow":"follow","max-snippet":"max-snippet:-1","max-image-preview":"max-image-preview:large","max-video-preview":"max-video-preview:-1"},"og_locale":"it_IT","og_type":"article","og_title":"Giuseppe Leoni, il candidato del volo","og_description":"Dopo uno stop di cinque anni, Leoni si ripresenta da presidente dell'associazione Aeroclub d'Italia","og_url":"https:\/\/staging.varesenews.it\/2006\/04\/giuseppe-leoni-il-candidato-del-volo\/256079\/","og_site_name":"VareseNews","article_publisher":"https:\/\/www.facebook.com\/varesenews","article_published_time":"2006-04-06T00:00:00+00:00","og_image":[{"url":"https:\/\/www3.varesenews.it\/immagini_articoli\/200601\/bossi+leoni_1997.jpg"}],"author":"Redazione VareseNews","twitter_card":"summary_large_image","twitter_creator":"@varesenews","twitter_site":"@varesenews","twitter_misc":{"Scritto da":"Redazione VareseNews","Tempo di lettura stimato":"4 minuti"},"schema":{"@context":"https:\/\/schema.org","@graph":[{"@type":"WebPage","@id":"https:\/\/staging.varesenews.it\/2006\/04\/giuseppe-leoni-il-candidato-del-volo\/256079\/","url":"https:\/\/staging.varesenews.it\/2006\/04\/giuseppe-leoni-il-candidato-del-volo\/256079\/","name":"Giuseppe Leoni, il candidato del volo","isPartOf":{"@id":"https:\/\/staging.varesenews.it\/#website"},"datePublished":"2006-04-06T00:00:00+00:00","dateModified":"2006-04-06T00:00:00+00:00","author":{"@id":"https:\/\/staging.varesenews.it\/#\/schema\/person\/fb20c4da0b7b16c291707a20db73e169"},"description":"Dopo uno stop di cinque anni, Leoni si ripresenta da presidente dell'associazione Aeroclub d'Italia","breadcrumb":{"@id":"https:\/\/staging.varesenews.it\/2006\/04\/giuseppe-leoni-il-candidato-del-volo\/256079\/#breadcrumb"},"inLanguage":"it-IT","potentialAction":[{"@type":"ReadAction","target":["https:\/\/staging.varesenews.it\/2006\/04\/giuseppe-leoni-il-candidato-del-volo\/256079\/"]}]},{"@type":"BreadcrumbList","@id":"https:\/\/staging.varesenews.it\/2006\/04\/giuseppe-leoni-il-candidato-del-volo\/256079\/#breadcrumb","itemListElement":[{"@type":"ListItem","position":1,"name":"Home","item":"https:\/\/www.varesenews.it\/"},{"@type":"ListItem","position":2,"name":"Giuseppe Leoni, il candidato del volo"}]},{"@type":"WebSite","@id":"https:\/\/staging.varesenews.it\/#website","url":"https:\/\/staging.varesenews.it\/","name":"VareseNews","description":"","potentialAction":[{"@type":"SearchAction","target":{"@type":"EntryPoint","urlTemplate":"https:\/\/staging.varesenews.it\/?s={search_term_string}"},"query-input":"required name=search_term_string"}],"inLanguage":"it-IT"},{"@type":"Person","@id":"https:\/\/staging.varesenews.it\/#\/schema\/person\/fb20c4da0b7b16c291707a20db73e169","name":"Redazione VareseNews","image":{"@type":"ImageObject","inLanguage":"it-IT","@id":"https:\/\/staging.varesenews.it\/#\/schema\/person\/image\/","url":"https:\/\/staging.varesenews.it\/wp-content\/uploads\/2020\/12\/logo_VN_colori_500.png","contentUrl":"https:\/\/staging.varesenews.it\/wp-content\/uploads\/2020\/12\/logo_VN_colori_500.png","caption":"Redazione VareseNews"},"url":"https:\/\/staging.varesenews.it\/persona\/redazione1\/"}]}},"post_meta":{"id_old":"46635","argomento":"Vergiate","autore_old":"Stefania Radman"},"photos":[],"_links":{"self":[{"href":"https:\/\/staging.varesenews.it\/swgapi\/v1\/wp\/v2\/posts\/256079"}],"collection":[{"href":"https:\/\/staging.varesenews.it\/swgapi\/v1\/wp\/v2\/posts"}],"about":[{"href":"https:\/\/staging.varesenews.it\/swgapi\/v1\/wp\/v2\/types\/post"}],"author":[{"embeddable":true,"href":"https:\/\/staging.varesenews.it\/swgapi\/v1\/wp\/v2\/users\/10"}],"replies":[{"embeddable":true,"href":"https:\/\/staging.varesenews.it\/swgapi\/v1\/wp\/v2\/comments?post=256079"}],"version-history":[{"count":0,"href":"https:\/\/staging.varesenews.it\/swgapi\/v1\/wp\/v2\/posts\/256079\/revisions"}],"wp:attachment":[{"href":"https:\/\/staging.varesenews.it\/swgapi\/v1\/wp\/v2\/media?parent=256079"}],"wp:term":[{"taxonomy":"category","embeddable":true,"href":"https:\/\/staging.varesenews.it\/swgapi\/v1\/wp\/v2\/categories?post=256079"},{"taxonomy":"post_tag","embeddable":true,"href":"https:\/\/staging.varesenews.it\/swgapi\/v1\/wp\/v2\/tags?post=256079"}],"curies":[{"name":"wp","href":"https:\/\/api.w.org\/{rel}","templated":true}]}}