{"id":256196,"date":"2006-04-03T00:00:00","date_gmt":"2006-04-03T00:00:00","guid":{"rendered":""},"modified":"2006-04-03T00:00:00","modified_gmt":"2006-04-03T00:00:00","slug":"digital-divide-i-disagi-e-le-prospettive-della-nostra-provincia","status":"publish","type":"post","link":"https:\/\/staging.varesenews.it\/2006\/04\/digital-divide-i-disagi-e-le-prospettive-della-nostra-provincia\/256196\/","title":{"rendered":"Digital divide, i disagi e le prospettive della nostra provincia"},"content":{"rendered":"<p class=\"MsoNormal\" style=\"MARGIN: 0cm 0cm 0pt\"><font face=\"arial,helvetica,sans-serif\"><img decoding=\"async\" hspace=\"3\" src=\"https:\/\/www3.varesenews.it\/immagini_articoli\/200603\/digitaldivide56k.jpg\" align=\"left\" vspace=\"3\" border=\"0\" \/>I dati negativi sul digital divide che affligge la periferia varesina, a causa della mancanza di connettivit\u00e0 Adsl, non sono una novit\u00e0. <strong>Roberto Sonzogni<\/strong>, a<strong>ssessore alla comunicazione servizi informativi della comunit\u00e0 della Valcuvia<\/strong>, ci descrive una situazione simile a quella rilevata da Anti Digital Divide, anche se non tanto preoccupante quanto in altre province: \u00ab<strong>Nel territorio la banda larga manca in svariate zone, come Cocquio Trevisago<\/strong>: una situazione profondamente negativa per un comune con un\u2019attivit\u00e0 industriale di una certa importanza\u00bb. \u00abSi tratta di un vero e proprio gap\u00bb, sottolinea Sonzogni, \u00aboggi la banda larga non \u00e8 solo internet veloce, ma anche pacchetti a forfait. E poi \u00e8 la possibilit\u00e0 di controllare la posta in tempo reale, di usufruire di servizi VPN e VOIP, e molti altri aspetti ormai fondamentali per la crescita di un\u2019azienda\u00bb. <\/font><\/p>\n<p class=\"MsoNormal\" style=\"MARGIN: 0cm 0cm 0pt\">\u00a0<\/p>\n<p class=\"MsoNormal\" style=\"MARGIN: 0cm 0cm 0pt\"><font face=\"arial,helvetica,sans-serif\">Oltre ad essere responsabile per la comunit\u00e0 montana, Sonzogni lavora anche per una ditta di installazioni e assistenza informatica, proprio nella stessa area. Ma si sente il digital divide? \u00abin buona parte: prima della capillare diffusione della banda larga chi faceva assistenza doveva andare sul posto, ora tramite i servizi VPN dovremmo avere la possibilit\u00e0 di lavorare in remoto, con maggiore immediatezza e costi inferiori i clienti. Per questo la mancanza di banda larga \u00e8 un grosso limite\u00bb.<\/font><\/p>\n<p class=\"MsoNormal\" style=\"MARGIN: 0cm 0cm 0pt\">\u00a0<\/p>\n<p class=\"MsoNormal\" style=\"MARGIN: 0cm 0cm 0pt\"><font face=\"arial,helvetica,sans-serif\">I dati negativi sono confermati da <strong>Luca Spada<\/strong>, varesino <strong>amministratore delegato di NGI<\/strong>: \u00ab\u00e8 assolutamente vero, nonostante alcune promesse di Telecom ci sono ancora molte aree dimenticate, ovviamente si \u00e8 preferito privilegiare i comuni con un alto rapporto di abitanti per metro quadro\u00bb. \u00abInoltre\u00bb, prosegue Spada, \u00abnelle aree periferiche gli investimenti, oltre ad avere uno scarso appeal economico, sono ancora pi\u00f9 alti: spesso \u00e8 necessario sostituire anche i sistemi di collegamento tra le abitazioni e le centraline\u00bb. <\/font><\/p>\n<p class=\"MsoNormal\" style=\"MARGIN: 0cm 0cm 0pt\">\u00a0<\/p>\n<p class=\"MsoNormal\" style=\"MARGIN: 0cm 0cm 0pt\"><font face=\"arial,helvetica,sans-serif\">Ma gli ostacoli non sono solo quelli economici: in alcune aree montane la tecnologia adsl su cavo non arriver\u00e0 mai, per problemi tecnici insormontabili. La soluzione potrebbe essere quella dei <strong>collegamenti wireless<\/strong>, e recentemente la <strong>comunit\u00e0 montana delle Valli del Luinese<\/strong> ha fatto un grosso passo avanti, appaltando la costruzione di una rete senza fili che fornisca connettivit\u00e0 internet veloce. La stessa NGI ha dei progetti in merito: \u00abStiamo lavorando ad un programma che non \u00e8 ancora avviato, che dovrebbe permettere ad alcuni comuni di usufruire di Adsl tramite un collegamento senza fili: dovremmo partire con una <strong>sperimentazione questa estate, che toccher\u00e0 i comuni scoperti di Morosolo, Casciago e Luvinate<\/strong>\u00bb. Purtroppo, comunque, almeno per quest\u2019anno non ci sar\u00e0 una vera soluzione commerciale: ma qual \u00e8 la tecnologia di cui stiamo parlando, e quanto costa? \u00ab\u00c8 una tecnologia piuttosto simile al wi-max che, a differenza del wi-fi domestico, ha un raggio molto pi\u00f9 ampio, fino a 10Km contro i 500-600 metri. I costi di installazione sono leggermente inferiori rispetto a quelli della connessione su cavo, ma sono necessarie politiche di marketing locali, per promuovere l\u2019impegno dei privati\u00bb. <\/font><\/p>\n<p class=\"MsoNormal\" style=\"MARGIN: 0cm 0cm 0pt\">\u00a0<\/p>\n<p class=\"MsoNormal\" style=\"MARGIN: 0cm 0cm 0pt\"><font face=\"arial,helvetica,sans-serif\">Proprio per promuovere la collaborazione tra privati ed enti locali \u00e8 nata in questi giorni la <strong>cooperativa Include<\/strong>, nata dall\u2019impegno di Anti Digital Divide. Il delegato per la nostra provincia delle due associazioni \u00e8 <strong>Juri Palmieri<\/strong>, che possiede un\u2019azienda a Castelseprio: \u00abla problematica della banda larga \u00e8 grossa\u00bb, conferma, \u00absoprattutto a causa della reticenza ad investire nei comuni sotto i 5mila abitanti. Si tratta di un fatto sconcertante al giorno d\u2019oggi, se pensiamo che ormai tutta la vita quotidiana e l\u2019economia sono improntate sulle nuove tecnologie\u00bb. L\u2019impegno di Palmieri \u00e8 scaturito proprio dalle esigenze della sua azienda, che si trova ancora a dover scaricare le e-mail con il cellulare. Lui \u00e8 tra i soci fondatori della cooperativa Include, rappresentando la nostra provincia: \u00abqui attualmente siamo impegnati nel creare un punto di incontro diretto tra la domanda e i provider, in particolare quelli di connettivit\u00e0 wireless, ad esempio a breve avr\u00f2 un colloquio con i comuni di Castelseprio e Gornate Olona\u00bb. Ma oltre alla connettivit\u00e0 wi-fi Include punta anche su altre tecnologie come l\u2019internet su rete elettrica e su gas. Tutti sistemi validi per combattere un ostacolo che deve essere abbattuto, ovviamente, ad alta velocit\u00e0\u2026<\/font><\/p>\n","protected":false},"excerpt":{"rendered":"<p>A seguito dei dati preoccupanti sulla diffusione dell&#8217;adsl discutiamo della situazione varesina con il delegato varesino di Include, con NGI e con l&#8217;assessore della Comunit\u00e0 Montana<\/p>\n","protected":false},"author":10,"featured_media":0,"comment_status":"open","ping_status":"open","sticky":false,"template":"","format":"standard","meta":{"footnotes":""},"categories":[9],"tags":[],"acf":[],"yoast_head":"<!-- This site is optimized with the Yoast SEO plugin v20.1 - https:\/\/yoast.com\/wordpress\/plugins\/seo\/ -->\n<title>Digital divide, i disagi e le prospettive della nostra provincia<\/title>\n<meta name=\"description\" content=\"A seguito dei dati preoccupanti sulla diffusione dell&#039;adsl discutiamo della situazione varesina con il delegato varesino di Include, con NGI e con l&#039;assessore della Comunit\u00e0 Montana\" \/>\n<meta name=\"robots\" content=\"noindex, follow, max-snippet:-1, max-image-preview:large, max-video-preview:-1\" \/>\n<meta property=\"og:locale\" content=\"it_IT\" \/>\n<meta property=\"og:type\" content=\"article\" \/>\n<meta property=\"og:title\" content=\"Digital divide, i disagi e le prospettive della nostra provincia\" \/>\n<meta property=\"og:description\" content=\"A seguito dei dati preoccupanti sulla diffusione dell&#039;adsl discutiamo della situazione varesina con il delegato varesino di Include, con NGI e con l&#039;assessore della Comunit\u00e0 Montana\" \/>\n<meta property=\"og:url\" content=\"https:\/\/staging.varesenews.it\/2006\/04\/digital-divide-i-disagi-e-le-prospettive-della-nostra-provincia\/256196\/\" \/>\n<meta property=\"og:site_name\" content=\"VareseNews\" \/>\n<meta property=\"article:publisher\" content=\"https:\/\/www.facebook.com\/varesenews\" \/>\n<meta property=\"article:published_time\" content=\"2006-04-03T00:00:00+00:00\" \/>\n<meta property=\"og:image\" content=\"https:\/\/www3.varesenews.it\/immagini_articoli\/200603\/digitaldivide56k.jpg\" \/>\n<meta name=\"author\" content=\"Redazione VareseNews\" \/>\n<meta name=\"twitter:card\" content=\"summary_large_image\" \/>\n<meta name=\"twitter:creator\" content=\"@varesenews\" \/>\n<meta name=\"twitter:site\" content=\"@varesenews\" \/>\n<meta name=\"twitter:label1\" content=\"Scritto da\" \/>\n\t<meta name=\"twitter:data1\" content=\"Redazione VareseNews\" \/>\n\t<meta name=\"twitter:label2\" content=\"Tempo di lettura stimato\" \/>\n\t<meta name=\"twitter:data2\" content=\"3 minuti\" \/>\n<script type=\"application\/ld+json\" class=\"yoast-schema-graph\">{\"@context\":\"https:\/\/schema.org\",\"@graph\":[{\"@type\":\"WebPage\",\"@id\":\"https:\/\/staging.varesenews.it\/2006\/04\/digital-divide-i-disagi-e-le-prospettive-della-nostra-provincia\/256196\/\",\"url\":\"https:\/\/staging.varesenews.it\/2006\/04\/digital-divide-i-disagi-e-le-prospettive-della-nostra-provincia\/256196\/\",\"name\":\"Digital divide, i disagi e le prospettive della nostra provincia\",\"isPartOf\":{\"@id\":\"https:\/\/staging.varesenews.it\/#website\"},\"datePublished\":\"2006-04-03T00:00:00+00:00\",\"dateModified\":\"2006-04-03T00:00:00+00:00\",\"author\":{\"@id\":\"https:\/\/staging.varesenews.it\/#\/schema\/person\/fb20c4da0b7b16c291707a20db73e169\"},\"description\":\"A seguito dei dati preoccupanti sulla diffusione dell'adsl discutiamo della situazione varesina con il delegato varesino di Include, con NGI e con l'assessore della Comunit\u00e0 Montana\",\"breadcrumb\":{\"@id\":\"https:\/\/staging.varesenews.it\/2006\/04\/digital-divide-i-disagi-e-le-prospettive-della-nostra-provincia\/256196\/#breadcrumb\"},\"inLanguage\":\"it-IT\",\"potentialAction\":[{\"@type\":\"ReadAction\",\"target\":[\"https:\/\/staging.varesenews.it\/2006\/04\/digital-divide-i-disagi-e-le-prospettive-della-nostra-provincia\/256196\/\"]}]},{\"@type\":\"BreadcrumbList\",\"@id\":\"https:\/\/staging.varesenews.it\/2006\/04\/digital-divide-i-disagi-e-le-prospettive-della-nostra-provincia\/256196\/#breadcrumb\",\"itemListElement\":[{\"@type\":\"ListItem\",\"position\":1,\"name\":\"Home\",\"item\":\"https:\/\/www.varesenews.it\/\"},{\"@type\":\"ListItem\",\"position\":2,\"name\":\"Digital divide, i disagi e le prospettive della nostra provincia\"}]},{\"@type\":\"WebSite\",\"@id\":\"https:\/\/staging.varesenews.it\/#website\",\"url\":\"https:\/\/staging.varesenews.it\/\",\"name\":\"VareseNews\",\"description\":\"\",\"potentialAction\":[{\"@type\":\"SearchAction\",\"target\":{\"@type\":\"EntryPoint\",\"urlTemplate\":\"https:\/\/staging.varesenews.it\/?s={search_term_string}\"},\"query-input\":\"required name=search_term_string\"}],\"inLanguage\":\"it-IT\"},{\"@type\":\"Person\",\"@id\":\"https:\/\/staging.varesenews.it\/#\/schema\/person\/fb20c4da0b7b16c291707a20db73e169\",\"name\":\"Redazione VareseNews\",\"image\":{\"@type\":\"ImageObject\",\"inLanguage\":\"it-IT\",\"@id\":\"https:\/\/staging.varesenews.it\/#\/schema\/person\/image\/\",\"url\":\"https:\/\/staging.varesenews.it\/wp-content\/uploads\/2020\/12\/logo_VN_colori_500.png\",\"contentUrl\":\"https:\/\/staging.varesenews.it\/wp-content\/uploads\/2020\/12\/logo_VN_colori_500.png\",\"caption\":\"Redazione VareseNews\"},\"url\":\"https:\/\/staging.varesenews.it\/persona\/redazione1\/\"}]}<\/script>\n<!-- \/ Yoast SEO plugin. -->","yoast_head_json":{"title":"Digital divide, i disagi e le prospettive della nostra provincia","description":"A seguito dei dati preoccupanti sulla diffusione dell'adsl discutiamo della situazione varesina con il delegato varesino di Include, con NGI e con l'assessore della Comunit\u00e0 Montana","robots":{"index":"noindex","follow":"follow","max-snippet":"max-snippet:-1","max-image-preview":"max-image-preview:large","max-video-preview":"max-video-preview:-1"},"og_locale":"it_IT","og_type":"article","og_title":"Digital divide, i disagi e le prospettive della nostra provincia","og_description":"A seguito dei dati preoccupanti sulla diffusione dell'adsl discutiamo della situazione varesina con il delegato varesino di Include, con NGI e con l'assessore della Comunit\u00e0 Montana","og_url":"https:\/\/staging.varesenews.it\/2006\/04\/digital-divide-i-disagi-e-le-prospettive-della-nostra-provincia\/256196\/","og_site_name":"VareseNews","article_publisher":"https:\/\/www.facebook.com\/varesenews","article_published_time":"2006-04-03T00:00:00+00:00","og_image":[{"url":"https:\/\/www3.varesenews.it\/immagini_articoli\/200603\/digitaldivide56k.jpg"}],"author":"Redazione VareseNews","twitter_card":"summary_large_image","twitter_creator":"@varesenews","twitter_site":"@varesenews","twitter_misc":{"Scritto da":"Redazione VareseNews","Tempo di lettura stimato":"3 minuti"},"schema":{"@context":"https:\/\/schema.org","@graph":[{"@type":"WebPage","@id":"https:\/\/staging.varesenews.it\/2006\/04\/digital-divide-i-disagi-e-le-prospettive-della-nostra-provincia\/256196\/","url":"https:\/\/staging.varesenews.it\/2006\/04\/digital-divide-i-disagi-e-le-prospettive-della-nostra-provincia\/256196\/","name":"Digital divide, i disagi e le prospettive della nostra provincia","isPartOf":{"@id":"https:\/\/staging.varesenews.it\/#website"},"datePublished":"2006-04-03T00:00:00+00:00","dateModified":"2006-04-03T00:00:00+00:00","author":{"@id":"https:\/\/staging.varesenews.it\/#\/schema\/person\/fb20c4da0b7b16c291707a20db73e169"},"description":"A seguito dei dati preoccupanti sulla diffusione dell'adsl discutiamo della situazione varesina con il delegato varesino di Include, con NGI e con l'assessore della Comunit\u00e0 Montana","breadcrumb":{"@id":"https:\/\/staging.varesenews.it\/2006\/04\/digital-divide-i-disagi-e-le-prospettive-della-nostra-provincia\/256196\/#breadcrumb"},"inLanguage":"it-IT","potentialAction":[{"@type":"ReadAction","target":["https:\/\/staging.varesenews.it\/2006\/04\/digital-divide-i-disagi-e-le-prospettive-della-nostra-provincia\/256196\/"]}]},{"@type":"BreadcrumbList","@id":"https:\/\/staging.varesenews.it\/2006\/04\/digital-divide-i-disagi-e-le-prospettive-della-nostra-provincia\/256196\/#breadcrumb","itemListElement":[{"@type":"ListItem","position":1,"name":"Home","item":"https:\/\/www.varesenews.it\/"},{"@type":"ListItem","position":2,"name":"Digital divide, i disagi e le prospettive della nostra provincia"}]},{"@type":"WebSite","@id":"https:\/\/staging.varesenews.it\/#website","url":"https:\/\/staging.varesenews.it\/","name":"VareseNews","description":"","potentialAction":[{"@type":"SearchAction","target":{"@type":"EntryPoint","urlTemplate":"https:\/\/staging.varesenews.it\/?s={search_term_string}"},"query-input":"required name=search_term_string"}],"inLanguage":"it-IT"},{"@type":"Person","@id":"https:\/\/staging.varesenews.it\/#\/schema\/person\/fb20c4da0b7b16c291707a20db73e169","name":"Redazione VareseNews","image":{"@type":"ImageObject","inLanguage":"it-IT","@id":"https:\/\/staging.varesenews.it\/#\/schema\/person\/image\/","url":"https:\/\/staging.varesenews.it\/wp-content\/uploads\/2020\/12\/logo_VN_colori_500.png","contentUrl":"https:\/\/staging.varesenews.it\/wp-content\/uploads\/2020\/12\/logo_VN_colori_500.png","caption":"Redazione VareseNews"},"url":"https:\/\/staging.varesenews.it\/persona\/redazione1\/"}]}},"post_meta":{"id_old":"46488","argomento":"Interviste","autore_old":"S. G."},"photos":[],"_links":{"self":[{"href":"https:\/\/staging.varesenews.it\/swgapi\/v1\/wp\/v2\/posts\/256196"}],"collection":[{"href":"https:\/\/staging.varesenews.it\/swgapi\/v1\/wp\/v2\/posts"}],"about":[{"href":"https:\/\/staging.varesenews.it\/swgapi\/v1\/wp\/v2\/types\/post"}],"author":[{"embeddable":true,"href":"https:\/\/staging.varesenews.it\/swgapi\/v1\/wp\/v2\/users\/10"}],"replies":[{"embeddable":true,"href":"https:\/\/staging.varesenews.it\/swgapi\/v1\/wp\/v2\/comments?post=256196"}],"version-history":[{"count":0,"href":"https:\/\/staging.varesenews.it\/swgapi\/v1\/wp\/v2\/posts\/256196\/revisions"}],"wp:attachment":[{"href":"https:\/\/staging.varesenews.it\/swgapi\/v1\/wp\/v2\/media?parent=256196"}],"wp:term":[{"taxonomy":"category","embeddable":true,"href":"https:\/\/staging.varesenews.it\/swgapi\/v1\/wp\/v2\/categories?post=256196"},{"taxonomy":"post_tag","embeddable":true,"href":"https:\/\/staging.varesenews.it\/swgapi\/v1\/wp\/v2\/tags?post=256196"}],"curies":[{"name":"wp","href":"https:\/\/api.w.org\/{rel}","templated":true}]}}