{"id":257639,"date":"2006-03-03T00:00:00","date_gmt":"2006-03-03T00:00:00","guid":{"rendered":""},"modified":"2006-03-03T00:00:00","modified_gmt":"2006-03-03T00:00:00","slug":"arriva-beppe-braida-segnali-di-fumo-ma-senza-arrosto","status":"publish","type":"post","link":"https:\/\/staging.varesenews.it\/2006\/03\/arriva-beppe-braida-segnali-di-fumo-ma-senza-arrosto\/257639\/","title":{"rendered":"Arriva Beppe Braida: &#8220;Segnali di fumo&#8221;, ma senza arrosto"},"content":{"rendered":"<p class=\"MsoNormal\" style=\"MARGIN: 0cm 0cm 0pt\"><font face=\"arial,helvetica,sans-serif\"><strong><img decoding=\"async\" hspace=\"3\" src=\"https:\/\/www3.varesenews.it\/immagini_articoli\/200603\/braida2.jpg\" align=\"left\" vspace=\"3\" border=\"0\" \/>\u201cSegnali di fumo\u201d<\/strong>: sono quelli che ci distraggono continuamente dalla verit\u00e0, con un profumo di arrosto sul quale ci intratteniamo fin troppo volentieri. E sono anche il titolo scelto da <strong>Beppe Braida<\/strong> per il suo nuovo spettacolo di cabaret, che passer\u00e0 al <strong>Teatro di Varese domenica 15 marzo<\/strong>. La serata del cabarettista torinese promette <a href=\"\/tempo_libero\/articolo.php?id=44608\">momenti irriverenti<\/a>, piuttosto crudeli, ma sempre intelligenti.<\/font><\/p>\n<p class=\"MsoNormal\" style=\"MARGIN: 0cm 0cm 0pt\"><font face=\"arial,helvetica,sans-serif\">\u00a0 <\/font><\/p>\n<p class=\"MsoNormal\" style=\"MARGIN: 0cm 0cm 0pt\"><font face=\"arial,helvetica,sans-serif\">Per i pochi che non lo conoscono ancora, Braida \u00e8 uno dei comici pi\u00f9 celebri emersi da Zelig. Durante la passata stagione televisiva \u00e8 stato protagonista di dirompenti interventi a Striscia la Notizia, prima come \u201cimprobabile\u201d<span style=\"mso-spacerun: yes\">\u00a0 <\/span>nuovo direttore del TG4, al fianco di un Emilio Fede tra l\u2019infuriato e l\u2019esterefatto, poi direttamente come conduttore del tg satirico di Antonio Ricci insieme al Gabibbo.<\/font><\/p>\n<p class=\"MsoNormal\" style=\"MARGIN: 0cm 0cm 0pt\"><font face=\"arial,helvetica,sans-serif\">\u00a0 <\/font><\/p>\n<p class=\"MsoNormal\" style=\"MARGIN: 0cm 0cm 0pt\"><font face=\"arial,helvetica,sans-serif\">Ma per goderselo in pieno bisogna raggiungerlo a teatro, dove svanisce ogni limite. E se nello spettacolo precedente si prendevano di mira i telegiornali (con la loro informazione comicamente distorta), ora si parla di noi, che i telegiornali li guardiamo e ci crediamo. L\u2019interrogativo che Braida si pone \u00e8 chiaro: tra notizie false, faziose o inventate, tra credulit\u00e0 popolare, truffe, imbonitrici e vere e proprie \u201csole\u201d, l\u2019italiano medio che ruolo gioca, vittima o protagonista? La risposta, ovviamente, l\u2019avrete a teatro, con mille riferimenti decisamente\u00a0poco casuali. <\/font><\/p>\n<p class=\"MsoNormal\" style=\"MARGIN: 0cm 0cm 0pt\"><font face=\"arial,helvetica,sans-serif\">\u00a0<\/font><\/p>\n<p class=\"MsoNormal\" style=\"MARGIN: 0cm 0cm 0pt\"><font face=\"arial,helvetica,sans-serif\"><strong>Berlusconi, Emilio Fede, Wanna Marchi e il Mago Otelma<\/strong>: sono queste le sirene (fin troppo in carne) alle quali crediamo oggi, forse perch\u00e9 non abbiamo voglia di cercare niente di pi\u00f9 di quello che ci viene offerto nel menu televisivo di prima serata. Perch\u00e9 se Braida \u00e8 politicamente scorretto, lo sar\u00e0 anche nei nostri confronti, ed \u00e8 questo il bello.<\/font><\/p>\n<p class=\"MsoNormal\" style=\"MARGIN: 0cm 0cm 0pt\"><font face=\"Arial\">\u00a0<\/font><\/p>\n<p class=\"MsoNormal\" style=\"MARGIN: 0cm 0cm 0pt\"><font face=\"arial,helvetica,sans-serif\"><\/font><\/p>\n<p class=\"MsoNormal\" style=\"MARGIN: 0cm 0cm 0pt\"><font face=\"Arial\"><strong><\/strong><\/font><font face=\"Times New Roman\">\u00a0<\/font> <\/p>\n<hr \/>\n<p class=\"MsoNormal\" style=\"MARGIN: 0cm 0cm 0pt\" \/>\n<p class=\"MsoNormal\" style=\"MARGIN: 0cm 0cm 0pt\"><strong><font face=\"arial,helvetica,sans-serif\">Teatro di Varese<\/font><\/strong><\/p>\n<p class=\"MsoNormal\" style=\"MARGIN: 0cm 0cm 0pt\"><strong><font face=\"arial,helvetica,sans-serif\">Domenica 5 Marzo 2006, ore 21.00 <\/font><\/strong><\/p>\n<p class=\"MsoNormal\" style=\"MARGIN: 0cm 0cm 0pt\" \/>\n<p class=\"MsoNormal\" style=\"MARGIN: 0cm 0cm 0pt\"><strong><font face=\"arial,helvetica,sans-serif\">ZELIG BANANAS PRESENTA<br \/><\/font><\/strong><strong><font face=\"arial,helvetica,sans-serif\">BEPPE BRAIDA in <br \/><\/font><\/strong><strong><font face=\"arial,helvetica,sans-serif\">&quot;SEGNALI DI FUMO&quot; <\/p>\n<p><\/font><\/strong><strong><font face=\"arial,helvetica,sans-serif\">Autori : Beppe Braida, Riccardo Piferi, Antonio De Luca, Giancarlo Bozzo<\/font><\/strong><\/p>\n<p \/>\n<p class=\"MsoNormal\" style=\"MARGIN: 0cm 0cm 0pt\"><strong><font face=\"arial,helvetica,sans-serif\">Regia : Giancarlo Bozzo<\/font><\/strong><\/p>\n<p \/>\n<p class=\"MsoNormal\" style=\"MARGIN: 0cm 0cm 0pt\"><span style=\"FONT-SIZE: 12pt; FONT-FAMILY: \"><strong><font face=\"arial,helvetica,sans-serif\">PREZZI INTERI: Platea \u20ac24,00 Galleria 1 \u20ac19,00 Galleria 2 \u20ac14,00<\/font><\/strong><\/span><\/p>\n","protected":false},"excerpt":{"rendered":"<p>Appuntamento domenica al Teatro di Varese con il comico pi\u00f9 pungente di Zelig. E con VareseNews potete andarci gratis&#8230;<\/p>\n","protected":false},"author":10,"featured_media":0,"comment_status":"open","ping_status":"open","sticky":false,"template":"","format":"standard","meta":{"footnotes":""},"categories":[21],"tags":[],"acf":[],"yoast_head":"<!-- This site is optimized with the Yoast SEO plugin v20.1 - https:\/\/yoast.com\/wordpress\/plugins\/seo\/ -->\n<title>Arriva Beppe Braida: &quot;Segnali di fumo&quot;, ma senza arrosto<\/title>\n<meta name=\"description\" content=\"Appuntamento domenica al Teatro di Varese con il comico pi\u00f9 pungente di Zelig. E con VareseNews potete andarci gratis...\" \/>\n<meta name=\"robots\" content=\"noindex, follow, max-snippet:-1, max-image-preview:large, max-video-preview:-1\" \/>\n<meta property=\"og:locale\" content=\"it_IT\" \/>\n<meta property=\"og:type\" content=\"article\" \/>\n<meta property=\"og:title\" content=\"Arriva Beppe Braida: &quot;Segnali di fumo&quot;, ma senza arrosto\" \/>\n<meta property=\"og:description\" content=\"Appuntamento domenica al Teatro di Varese con il comico pi\u00f9 pungente di Zelig. E con VareseNews potete andarci gratis...\" \/>\n<meta property=\"og:url\" content=\"https:\/\/staging.varesenews.it\/2006\/03\/arriva-beppe-braida-segnali-di-fumo-ma-senza-arrosto\/257639\/\" \/>\n<meta property=\"og:site_name\" content=\"VareseNews\" \/>\n<meta property=\"article:publisher\" content=\"https:\/\/www.facebook.com\/varesenews\" \/>\n<meta property=\"article:published_time\" content=\"2006-03-03T00:00:00+00:00\" \/>\n<meta property=\"og:image\" content=\"https:\/\/www3.varesenews.it\/immagini_articoli\/200603\/braida2.jpg\" \/>\n<meta name=\"author\" content=\"Redazione VareseNews\" \/>\n<meta name=\"twitter:card\" content=\"summary_large_image\" \/>\n<meta name=\"twitter:creator\" content=\"@varesenews\" \/>\n<meta name=\"twitter:site\" content=\"@varesenews\" \/>\n<meta name=\"twitter:label1\" content=\"Scritto da\" \/>\n\t<meta name=\"twitter:data1\" content=\"Redazione VareseNews\" \/>\n\t<meta name=\"twitter:label2\" content=\"Tempo di lettura stimato\" \/>\n\t<meta name=\"twitter:data2\" content=\"2 minuti\" \/>\n<script type=\"application\/ld+json\" class=\"yoast-schema-graph\">{\"@context\":\"https:\/\/schema.org\",\"@graph\":[{\"@type\":\"WebPage\",\"@id\":\"https:\/\/staging.varesenews.it\/2006\/03\/arriva-beppe-braida-segnali-di-fumo-ma-senza-arrosto\/257639\/\",\"url\":\"https:\/\/staging.varesenews.it\/2006\/03\/arriva-beppe-braida-segnali-di-fumo-ma-senza-arrosto\/257639\/\",\"name\":\"Arriva Beppe Braida: \\\"Segnali di fumo\\\", ma senza arrosto\",\"isPartOf\":{\"@id\":\"https:\/\/staging.varesenews.it\/#website\"},\"datePublished\":\"2006-03-03T00:00:00+00:00\",\"dateModified\":\"2006-03-03T00:00:00+00:00\",\"author\":{\"@id\":\"https:\/\/staging.varesenews.it\/#\/schema\/person\/fb20c4da0b7b16c291707a20db73e169\"},\"description\":\"Appuntamento domenica al Teatro di Varese con il comico pi\u00f9 pungente di Zelig. E con VareseNews potete andarci gratis...\",\"breadcrumb\":{\"@id\":\"https:\/\/staging.varesenews.it\/2006\/03\/arriva-beppe-braida-segnali-di-fumo-ma-senza-arrosto\/257639\/#breadcrumb\"},\"inLanguage\":\"it-IT\",\"potentialAction\":[{\"@type\":\"ReadAction\",\"target\":[\"https:\/\/staging.varesenews.it\/2006\/03\/arriva-beppe-braida-segnali-di-fumo-ma-senza-arrosto\/257639\/\"]}]},{\"@type\":\"BreadcrumbList\",\"@id\":\"https:\/\/staging.varesenews.it\/2006\/03\/arriva-beppe-braida-segnali-di-fumo-ma-senza-arrosto\/257639\/#breadcrumb\",\"itemListElement\":[{\"@type\":\"ListItem\",\"position\":1,\"name\":\"Home\",\"item\":\"https:\/\/www.varesenews.it\/\"},{\"@type\":\"ListItem\",\"position\":2,\"name\":\"Arriva Beppe Braida: &#8220;Segnali di fumo&#8221;, ma senza arrosto\"}]},{\"@type\":\"WebSite\",\"@id\":\"https:\/\/staging.varesenews.it\/#website\",\"url\":\"https:\/\/staging.varesenews.it\/\",\"name\":\"VareseNews\",\"description\":\"\",\"potentialAction\":[{\"@type\":\"SearchAction\",\"target\":{\"@type\":\"EntryPoint\",\"urlTemplate\":\"https:\/\/staging.varesenews.it\/?s={search_term_string}\"},\"query-input\":\"required name=search_term_string\"}],\"inLanguage\":\"it-IT\"},{\"@type\":\"Person\",\"@id\":\"https:\/\/staging.varesenews.it\/#\/schema\/person\/fb20c4da0b7b16c291707a20db73e169\",\"name\":\"Redazione VareseNews\",\"image\":{\"@type\":\"ImageObject\",\"inLanguage\":\"it-IT\",\"@id\":\"https:\/\/staging.varesenews.it\/#\/schema\/person\/image\/\",\"url\":\"https:\/\/staging.varesenews.it\/wp-content\/uploads\/2020\/12\/logo_VN_colori_500.png\",\"contentUrl\":\"https:\/\/staging.varesenews.it\/wp-content\/uploads\/2020\/12\/logo_VN_colori_500.png\",\"caption\":\"Redazione VareseNews\"},\"url\":\"https:\/\/staging.varesenews.it\/persona\/redazione1\/\"}]}<\/script>\n<!-- \/ Yoast SEO plugin. -->","yoast_head_json":{"title":"Arriva Beppe Braida: \"Segnali di fumo\", ma senza arrosto","description":"Appuntamento domenica al Teatro di Varese con il comico pi\u00f9 pungente di Zelig. E con VareseNews potete andarci gratis...","robots":{"index":"noindex","follow":"follow","max-snippet":"max-snippet:-1","max-image-preview":"max-image-preview:large","max-video-preview":"max-video-preview:-1"},"og_locale":"it_IT","og_type":"article","og_title":"Arriva Beppe Braida: \"Segnali di fumo\", ma senza arrosto","og_description":"Appuntamento domenica al Teatro di Varese con il comico pi\u00f9 pungente di Zelig. E con VareseNews potete andarci gratis...","og_url":"https:\/\/staging.varesenews.it\/2006\/03\/arriva-beppe-braida-segnali-di-fumo-ma-senza-arrosto\/257639\/","og_site_name":"VareseNews","article_publisher":"https:\/\/www.facebook.com\/varesenews","article_published_time":"2006-03-03T00:00:00+00:00","og_image":[{"url":"https:\/\/www3.varesenews.it\/immagini_articoli\/200603\/braida2.jpg"}],"author":"Redazione VareseNews","twitter_card":"summary_large_image","twitter_creator":"@varesenews","twitter_site":"@varesenews","twitter_misc":{"Scritto da":"Redazione VareseNews","Tempo di lettura stimato":"2 minuti"},"schema":{"@context":"https:\/\/schema.org","@graph":[{"@type":"WebPage","@id":"https:\/\/staging.varesenews.it\/2006\/03\/arriva-beppe-braida-segnali-di-fumo-ma-senza-arrosto\/257639\/","url":"https:\/\/staging.varesenews.it\/2006\/03\/arriva-beppe-braida-segnali-di-fumo-ma-senza-arrosto\/257639\/","name":"Arriva Beppe Braida: \"Segnali di fumo\", ma senza arrosto","isPartOf":{"@id":"https:\/\/staging.varesenews.it\/#website"},"datePublished":"2006-03-03T00:00:00+00:00","dateModified":"2006-03-03T00:00:00+00:00","author":{"@id":"https:\/\/staging.varesenews.it\/#\/schema\/person\/fb20c4da0b7b16c291707a20db73e169"},"description":"Appuntamento domenica al Teatro di Varese con il comico pi\u00f9 pungente di Zelig. E con VareseNews potete andarci gratis...","breadcrumb":{"@id":"https:\/\/staging.varesenews.it\/2006\/03\/arriva-beppe-braida-segnali-di-fumo-ma-senza-arrosto\/257639\/#breadcrumb"},"inLanguage":"it-IT","potentialAction":[{"@type":"ReadAction","target":["https:\/\/staging.varesenews.it\/2006\/03\/arriva-beppe-braida-segnali-di-fumo-ma-senza-arrosto\/257639\/"]}]},{"@type":"BreadcrumbList","@id":"https:\/\/staging.varesenews.it\/2006\/03\/arriva-beppe-braida-segnali-di-fumo-ma-senza-arrosto\/257639\/#breadcrumb","itemListElement":[{"@type":"ListItem","position":1,"name":"Home","item":"https:\/\/www.varesenews.it\/"},{"@type":"ListItem","position":2,"name":"Arriva Beppe Braida: &#8220;Segnali di fumo&#8221;, ma senza arrosto"}]},{"@type":"WebSite","@id":"https:\/\/staging.varesenews.it\/#website","url":"https:\/\/staging.varesenews.it\/","name":"VareseNews","description":"","potentialAction":[{"@type":"SearchAction","target":{"@type":"EntryPoint","urlTemplate":"https:\/\/staging.varesenews.it\/?s={search_term_string}"},"query-input":"required name=search_term_string"}],"inLanguage":"it-IT"},{"@type":"Person","@id":"https:\/\/staging.varesenews.it\/#\/schema\/person\/fb20c4da0b7b16c291707a20db73e169","name":"Redazione VareseNews","image":{"@type":"ImageObject","inLanguage":"it-IT","@id":"https:\/\/staging.varesenews.it\/#\/schema\/person\/image\/","url":"https:\/\/staging.varesenews.it\/wp-content\/uploads\/2020\/12\/logo_VN_colori_500.png","contentUrl":"https:\/\/staging.varesenews.it\/wp-content\/uploads\/2020\/12\/logo_VN_colori_500.png","caption":"Redazione VareseNews"},"url":"https:\/\/staging.varesenews.it\/persona\/redazione1\/"}]}},"post_meta":{"id_old":"44613","argomento":"Teatro","autore_old":"Simone Gambirasio"},"photos":[],"_links":{"self":[{"href":"https:\/\/staging.varesenews.it\/swgapi\/v1\/wp\/v2\/posts\/257639"}],"collection":[{"href":"https:\/\/staging.varesenews.it\/swgapi\/v1\/wp\/v2\/posts"}],"about":[{"href":"https:\/\/staging.varesenews.it\/swgapi\/v1\/wp\/v2\/types\/post"}],"author":[{"embeddable":true,"href":"https:\/\/staging.varesenews.it\/swgapi\/v1\/wp\/v2\/users\/10"}],"replies":[{"embeddable":true,"href":"https:\/\/staging.varesenews.it\/swgapi\/v1\/wp\/v2\/comments?post=257639"}],"version-history":[{"count":0,"href":"https:\/\/staging.varesenews.it\/swgapi\/v1\/wp\/v2\/posts\/257639\/revisions"}],"wp:attachment":[{"href":"https:\/\/staging.varesenews.it\/swgapi\/v1\/wp\/v2\/media?parent=257639"}],"wp:term":[{"taxonomy":"category","embeddable":true,"href":"https:\/\/staging.varesenews.it\/swgapi\/v1\/wp\/v2\/categories?post=257639"},{"taxonomy":"post_tag","embeddable":true,"href":"https:\/\/staging.varesenews.it\/swgapi\/v1\/wp\/v2\/tags?post=257639"}],"curies":[{"name":"wp","href":"https:\/\/api.w.org\/{rel}","templated":true}]}}