{"id":258059,"date":"2006-02-23T00:00:00","date_gmt":"2006-02-23T00:00:00","guid":{"rendered":""},"modified":"2006-02-23T00:00:00","modified_gmt":"2006-02-23T00:00:00","slug":"mascherine-sul-lago","status":"publish","type":"post","link":"https:\/\/staging.varesenews.it\/2006\/02\/mascherine-sul-lago\/258059\/","title":{"rendered":"Mascherine sul lago"},"content":{"rendered":"<p><font face=\"arial,helvetica,sans-serif\">Ecco alcuni dei festeggiamenti di Carnevale che rallegreranno le sponde del Lago Maggiore&#8230; Naturalmente la lista non esaurisce tutte le proposte della zona: per segnalarcene altre, scrivete a <a href=\"mailto:redazione@varesenews.it\">redazione@varesenews.it<\/a>.<\/font><\/p>\n<p class=\"MsoNormal\" style=\"MARGIN: 0cm 0cm 0pt\"><font face=\"arial,helvetica,sans-serif\"><strong><u>Luino<\/u><\/strong><\/font><\/p>\n<p \/>\n<p class=\"MsoNormal\" style=\"MARGIN: 0cm 0cm 0pt\"><font face=\"arial,helvetica,sans-serif\">4 marzo \u201cBusecada di carnevale\u201d per le vie della citt\u00e0, con i \u2018Gruppi mascherati\u2019, a parrtire dalle ore 14.<\/font><font face=\"arial,helvetica,sans-serif\">\u00a0<\/font><\/p>\n<p \/>\n<p class=\"MsoNormal\" style=\"MARGIN: 0cm 0cm 0pt\"><font face=\"arial,helvetica,sans-serif\"><strong><u>Germignaga<\/u><\/strong><\/font><\/p>\n<p \/>\n<p class=\"MsoNormal\" style=\"MARGIN: 0cm 0cm 0pt\"><font face=\"arial,helvetica,sans-serif\">La Pro Loco presenta il &#8216;Carnevale dei bambini con Pallina &amp; Pallino&#8217;: dalle 14.30 alle 17.30 in piazza XX Settembre a tutti i bambini golosi saranno offerte chiacchiere e cioccolata calda. In caso di maltempo\u00a0la festa si svolger\u00e0 nella palestra comunale di via Ronchi a Germignaga.<\/font><\/p>\n<p \/>\n<p class=\"MsoNormal\" style=\"MARGIN: 0cm 0cm 0pt\"><font face=\"arial,helvetica,sans-serif\"><strong><u>Maccagno<\/u><\/strong><\/font><\/p>\n<p \/>\n<p class=\"MsoNormal\" style=\"MARGIN: 0cm 0cm 0pt\"><font face=\"arial,helvetica,sans-serif\">L\u2019appuntamento del carnevale per i Maccagnesi \u00e8 sabato 4 marzo, presso la Tensostruttura e il Salone Monaco. <\/font><font face=\"arial,helvetica,sans-serif\"><\/font><\/p>\n<p \/>\n<p class=\"MsoNormal\" style=\"MARGIN: 0cm 0cm 0pt\"><font face=\"arial,helvetica,sans-serif\"><strong><u>Laveno Mombello<\/u><\/strong><\/font><\/p>\n<p \/>\n<p class=\"MsoNormal\" style=\"MARGIN: 0cm 0cm 0pt\"><font face=\"arial,helvetica,sans-serif\">Diverse iniziative per il Carnevale lavenese: in programma per gioved\u00ec 2 marzo la 41\u00b0 edizione della \u2018Mascherina d\u2019oro\u2019, presso il Moulin Rouge dalle ore 14; in serata ci sar\u00e0 il Carnevale notturno, con sfilata di carri allegorici e gruppi mascherati. Sabato 4 marzo i festeggiamenti continuano: dopo la festa gastronomica \u2018Polenta e&#8230;\u2019, che si terr\u00e0 in varie zone della citt\u00e0 (a Laveno nel piazzale antistante le Ferrovie Nord, alla localit\u00e0 Ponte davanti alla Chiesa, a Mombello in piazza s. Stefano e al Centro Sociale \u2018Il senso della vita\u2019; sempre alle 12), alle 14 sfilata dei carri con ritrovo in via Sangiano a Mombello e sfilata per le vie cittadine, cui seguir\u00e0 la premiazione in Piazzale del Traghetto.<\/font><font face=\"arial,helvetica,sans-serif\">\u00a0<\/font><\/p>\n<p \/>\n<p class=\"MsoNormal\" style=\"MARGIN: 0cm 0cm 0pt\"><font face=\"arial,helvetica,sans-serif\"><strong><u>Ranco <\/u><\/strong><\/font><\/p>\n<p \/>\n<p class=\"MsoNormal\" style=\"MARGIN: 0cm 0cm 0pt\"><font face=\"arial,helvetica,sans-serif\">Travestiamoci&#8230;\u00e8 Carnevale! E\u2019 questo l\u2019invito- nonch\u00e9 il titolo &#8211; della manifestazione promossa dalla Biblioteca Popolare A. Senn per il Carnevale ranchese, che si aprir\u00e0 sabato 26 febbraio alle 15 presso la Scuola Primaria S. Pellico con un simpaticissimo laboratorio per bambini, durante il quale si prepareranno vestiti di carnevale utilizzando materiali di riciclo.<\/font><\/p>\n","protected":false},"excerpt":{"rendered":"<p>In programma per il Carnevale 2006 una vasta gamma di iniziative all&#8217;insegna del divertimento pi\u00f9 scherzoso<\/p>\n","protected":false},"author":10,"featured_media":0,"comment_status":"open","ping_status":"open","sticky":false,"template":"","format":"standard","meta":{"footnotes":""},"categories":[2],"tags":[],"acf":[],"yoast_head":"<!-- This site is optimized with the Yoast SEO plugin v20.1 - https:\/\/yoast.com\/wordpress\/plugins\/seo\/ -->\n<title>Mascherine sul lago<\/title>\n<meta name=\"description\" content=\"In programma per il Carnevale 2006 una vasta gamma di iniziative all&#039;insegna del divertimento pi\u00f9 scherzoso\" \/>\n<meta name=\"robots\" content=\"noindex, follow, max-snippet:-1, max-image-preview:large, max-video-preview:-1\" \/>\n<meta property=\"og:locale\" content=\"it_IT\" \/>\n<meta property=\"og:type\" content=\"article\" \/>\n<meta property=\"og:title\" content=\"Mascherine sul lago\" \/>\n<meta property=\"og:description\" content=\"In programma per il Carnevale 2006 una vasta gamma di iniziative all&#039;insegna del divertimento pi\u00f9 scherzoso\" \/>\n<meta property=\"og:url\" content=\"https:\/\/staging.varesenews.it\/2006\/02\/mascherine-sul-lago\/258059\/\" \/>\n<meta property=\"og:site_name\" content=\"VareseNews\" \/>\n<meta property=\"article:publisher\" content=\"https:\/\/www.facebook.com\/varesenews\" \/>\n<meta property=\"article:published_time\" content=\"2006-02-23T00:00:00+00:00\" \/>\n<meta name=\"author\" content=\"Redazione VareseNews\" \/>\n<meta name=\"twitter:card\" content=\"summary_large_image\" \/>\n<meta name=\"twitter:creator\" content=\"@varesenews\" \/>\n<meta name=\"twitter:site\" content=\"@varesenews\" \/>\n<meta name=\"twitter:label1\" content=\"Scritto da\" \/>\n\t<meta name=\"twitter:data1\" content=\"Redazione VareseNews\" \/>\n\t<meta name=\"twitter:label2\" content=\"Tempo di lettura stimato\" \/>\n\t<meta name=\"twitter:data2\" content=\"1 minuto\" \/>\n<script type=\"application\/ld+json\" class=\"yoast-schema-graph\">{\"@context\":\"https:\/\/schema.org\",\"@graph\":[{\"@type\":\"WebPage\",\"@id\":\"https:\/\/staging.varesenews.it\/2006\/02\/mascherine-sul-lago\/258059\/\",\"url\":\"https:\/\/staging.varesenews.it\/2006\/02\/mascherine-sul-lago\/258059\/\",\"name\":\"Mascherine sul lago\",\"isPartOf\":{\"@id\":\"https:\/\/staging.varesenews.it\/#website\"},\"datePublished\":\"2006-02-23T00:00:00+00:00\",\"dateModified\":\"2006-02-23T00:00:00+00:00\",\"author\":{\"@id\":\"https:\/\/staging.varesenews.it\/#\/schema\/person\/fb20c4da0b7b16c291707a20db73e169\"},\"description\":\"In programma per il Carnevale 2006 una vasta gamma di iniziative all'insegna del divertimento pi\u00f9 scherzoso\",\"breadcrumb\":{\"@id\":\"https:\/\/staging.varesenews.it\/2006\/02\/mascherine-sul-lago\/258059\/#breadcrumb\"},\"inLanguage\":\"it-IT\",\"potentialAction\":[{\"@type\":\"ReadAction\",\"target\":[\"https:\/\/staging.varesenews.it\/2006\/02\/mascherine-sul-lago\/258059\/\"]}]},{\"@type\":\"BreadcrumbList\",\"@id\":\"https:\/\/staging.varesenews.it\/2006\/02\/mascherine-sul-lago\/258059\/#breadcrumb\",\"itemListElement\":[{\"@type\":\"ListItem\",\"position\":1,\"name\":\"Home\",\"item\":\"https:\/\/www.varesenews.it\/\"},{\"@type\":\"ListItem\",\"position\":2,\"name\":\"Mascherine sul lago\"}]},{\"@type\":\"WebSite\",\"@id\":\"https:\/\/staging.varesenews.it\/#website\",\"url\":\"https:\/\/staging.varesenews.it\/\",\"name\":\"VareseNews\",\"description\":\"\",\"potentialAction\":[{\"@type\":\"SearchAction\",\"target\":{\"@type\":\"EntryPoint\",\"urlTemplate\":\"https:\/\/staging.varesenews.it\/?s={search_term_string}\"},\"query-input\":\"required name=search_term_string\"}],\"inLanguage\":\"it-IT\"},{\"@type\":\"Person\",\"@id\":\"https:\/\/staging.varesenews.it\/#\/schema\/person\/fb20c4da0b7b16c291707a20db73e169\",\"name\":\"Redazione VareseNews\",\"image\":{\"@type\":\"ImageObject\",\"inLanguage\":\"it-IT\",\"@id\":\"https:\/\/staging.varesenews.it\/#\/schema\/person\/image\/\",\"url\":\"https:\/\/staging.varesenews.it\/wp-content\/uploads\/2020\/12\/logo_VN_colori_500.png\",\"contentUrl\":\"https:\/\/staging.varesenews.it\/wp-content\/uploads\/2020\/12\/logo_VN_colori_500.png\",\"caption\":\"Redazione VareseNews\"},\"url\":\"https:\/\/staging.varesenews.it\/persona\/redazione1\/\"}]}<\/script>\n<!-- \/ Yoast SEO plugin. -->","yoast_head_json":{"title":"Mascherine sul lago","description":"In programma per il Carnevale 2006 una vasta gamma di iniziative all'insegna del divertimento pi\u00f9 scherzoso","robots":{"index":"noindex","follow":"follow","max-snippet":"max-snippet:-1","max-image-preview":"max-image-preview:large","max-video-preview":"max-video-preview:-1"},"og_locale":"it_IT","og_type":"article","og_title":"Mascherine sul lago","og_description":"In programma per il Carnevale 2006 una vasta gamma di iniziative all'insegna del divertimento pi\u00f9 scherzoso","og_url":"https:\/\/staging.varesenews.it\/2006\/02\/mascherine-sul-lago\/258059\/","og_site_name":"VareseNews","article_publisher":"https:\/\/www.facebook.com\/varesenews","article_published_time":"2006-02-23T00:00:00+00:00","author":"Redazione VareseNews","twitter_card":"summary_large_image","twitter_creator":"@varesenews","twitter_site":"@varesenews","twitter_misc":{"Scritto da":"Redazione VareseNews","Tempo di lettura stimato":"1 minuto"},"schema":{"@context":"https:\/\/schema.org","@graph":[{"@type":"WebPage","@id":"https:\/\/staging.varesenews.it\/2006\/02\/mascherine-sul-lago\/258059\/","url":"https:\/\/staging.varesenews.it\/2006\/02\/mascherine-sul-lago\/258059\/","name":"Mascherine sul lago","isPartOf":{"@id":"https:\/\/staging.varesenews.it\/#website"},"datePublished":"2006-02-23T00:00:00+00:00","dateModified":"2006-02-23T00:00:00+00:00","author":{"@id":"https:\/\/staging.varesenews.it\/#\/schema\/person\/fb20c4da0b7b16c291707a20db73e169"},"description":"In programma per il Carnevale 2006 una vasta gamma di iniziative all'insegna del divertimento pi\u00f9 scherzoso","breadcrumb":{"@id":"https:\/\/staging.varesenews.it\/2006\/02\/mascherine-sul-lago\/258059\/#breadcrumb"},"inLanguage":"it-IT","potentialAction":[{"@type":"ReadAction","target":["https:\/\/staging.varesenews.it\/2006\/02\/mascherine-sul-lago\/258059\/"]}]},{"@type":"BreadcrumbList","@id":"https:\/\/staging.varesenews.it\/2006\/02\/mascherine-sul-lago\/258059\/#breadcrumb","itemListElement":[{"@type":"ListItem","position":1,"name":"Home","item":"https:\/\/www.varesenews.it\/"},{"@type":"ListItem","position":2,"name":"Mascherine sul lago"}]},{"@type":"WebSite","@id":"https:\/\/staging.varesenews.it\/#website","url":"https:\/\/staging.varesenews.it\/","name":"VareseNews","description":"","potentialAction":[{"@type":"SearchAction","target":{"@type":"EntryPoint","urlTemplate":"https:\/\/staging.varesenews.it\/?s={search_term_string}"},"query-input":"required name=search_term_string"}],"inLanguage":"it-IT"},{"@type":"Person","@id":"https:\/\/staging.varesenews.it\/#\/schema\/person\/fb20c4da0b7b16c291707a20db73e169","name":"Redazione VareseNews","image":{"@type":"ImageObject","inLanguage":"it-IT","@id":"https:\/\/staging.varesenews.it\/#\/schema\/person\/image\/","url":"https:\/\/staging.varesenews.it\/wp-content\/uploads\/2020\/12\/logo_VN_colori_500.png","contentUrl":"https:\/\/staging.varesenews.it\/wp-content\/uploads\/2020\/12\/logo_VN_colori_500.png","caption":"Redazione VareseNews"},"url":"https:\/\/staging.varesenews.it\/persona\/redazione1\/"}]}},"post_meta":{"id_old":"44066","argomento":"Lago Maggiore"},"photos":[],"_links":{"self":[{"href":"https:\/\/staging.varesenews.it\/swgapi\/v1\/wp\/v2\/posts\/258059"}],"collection":[{"href":"https:\/\/staging.varesenews.it\/swgapi\/v1\/wp\/v2\/posts"}],"about":[{"href":"https:\/\/staging.varesenews.it\/swgapi\/v1\/wp\/v2\/types\/post"}],"author":[{"embeddable":true,"href":"https:\/\/staging.varesenews.it\/swgapi\/v1\/wp\/v2\/users\/10"}],"replies":[{"embeddable":true,"href":"https:\/\/staging.varesenews.it\/swgapi\/v1\/wp\/v2\/comments?post=258059"}],"version-history":[{"count":0,"href":"https:\/\/staging.varesenews.it\/swgapi\/v1\/wp\/v2\/posts\/258059\/revisions"}],"wp:attachment":[{"href":"https:\/\/staging.varesenews.it\/swgapi\/v1\/wp\/v2\/media?parent=258059"}],"wp:term":[{"taxonomy":"category","embeddable":true,"href":"https:\/\/staging.varesenews.it\/swgapi\/v1\/wp\/v2\/categories?post=258059"},{"taxonomy":"post_tag","embeddable":true,"href":"https:\/\/staging.varesenews.it\/swgapi\/v1\/wp\/v2\/tags?post=258059"}],"curies":[{"name":"wp","href":"https:\/\/api.w.org\/{rel}","templated":true}]}}