{"id":258143,"date":"2006-02-22T00:00:00","date_gmt":"2006-02-22T00:00:00","guid":{"rendered":""},"modified":"2006-02-22T00:00:00","modified_gmt":"2006-02-22T00:00:00","slug":"alla-citta-serve-un-commissario-di-pubblica-sicurezza","status":"publish","type":"post","link":"https:\/\/staging.varesenews.it\/2006\/02\/alla-citta-serve-un-commissario-di-pubblica-sicurezza\/258143\/","title":{"rendered":"\u00abAlla citt\u00e0 serve un Commissario di pubblica sicurezza\u00bb"},"content":{"rendered":"<p class=\"MsoNormal\" style=\"MARGIN: 0cm 0cm 0pt\">La Lega Nord ancora all\u2019attacco sul tema della sicurezza a Saronno. Oltre ai banchetti con cui i militanti del Carroccio saronnese stanno raccogliendo firme per l\u2019istituzione di cento agenti di sicurezza in pi\u00f9 in citt\u00e0, scende in campo anche il senatore leghista <b>Luigi Peruzzotti<\/b>: \u00abL&#8217;istituzione di un Commissariato di Pubblica Sicurezza porter\u00e0 solo dei vantaggi per Saronno ed il saronnese. Non stiamo chiedendo infatti n\u00e9 una discarica di rifiuti tossici n\u00e9 la riapertura delle case chiuse, quindi <b>non capisco l&#8217;indisponibilit\u00e0 del Sindaco<\/b>. Se Saronno continuer\u00e0 a trovare ostacoli inesistenti, sintomo della mancanza di volont\u00e0 del primo cittadino, allora ci rivolgeremo ai Comuni limitrofi. Nel saronnese il problema sicurezza esiste, non perch\u00e9 lo dice la Lega, ma perch\u00e9 lo sostengono i saronnesi. Continueremo quindi la nostra raccolta firme\u00bb.<\/p>\n<p \/>\n<p class=\"MsoNormal\" style=\"MARGIN: 0cm 0cm 0pt\">Da domenica 5 marzo e per tutto il mese i leghisti saronnesi allestiranno quindi banchetti davanti alle Chiese per chiedere ai cittadini di sottoscrivere la petizione gi\u00e0 avviata. \u00abLa nostra &#8211; sostiene il segretario del Carroccio saronnese <b>Angelo Veronesi <\/b>&#8211; non \u00e8 solo una promessa elettorale. Il senator Peruzzotti \u00e8 gi\u00e0 riuscito in passato a realizzare ci\u00f2 che sosteneva. A Tradate ad esempio tutti promettevano da decenni, ad ogni tornata elettorale, un presidio dei Carabinieri, ma nessuno poi faceva niente di concreto per ottenerlo. Per il senator Peruzzotti invece ogni promessa \u00e8 debito ed in pochi anni, continuando senza sosta a scrivere al Ministero dell&#8217;Interno, \u00e8 riuscito a concretizzare il sogno tradatese di maggiore sicurezza in un Tenenza dei Carabinieri\u00bb.<\/p>\n<p \/>\n<p class=\"MsoNormal\" style=\"MARGIN: 0cm 0cm 0pt\">\u00abDa quando abbiamo sollevato il problema sicurezza \u2013 prosegue il segretario &#8211; vengono finalmente fatti maggiori controlli. Bisogna ringraziare solo la buona volont\u00e0 e lo spirito di sacrificio della locale Caserma dei Carabinieri, e non certo la volont\u00e0 del primo cittadino saronnese, se oggi Saronno \u00e8 un po&#8217; pi\u00f9 sicura di prima. La modifica dello statuto comunale \u00e8 solo un esempio di quanto la maggioranza, da mesi, stia pensando solo alle poltrone, anzich\u00e9 ai problemi reali della gente\u00bb.<\/p>\n","protected":false},"excerpt":{"rendered":"<p>Prosegue la lotta della Lega Nord per una maggiore sicurezza in citt\u00e0. Interviene anche il senatore Peruzzotti<\/p>\n","protected":false},"author":10,"featured_media":0,"comment_status":"open","ping_status":"open","sticky":false,"template":"","format":"standard","meta":{"footnotes":""},"categories":[5],"tags":[],"acf":[],"yoast_head":"<!-- This site is optimized with the Yoast SEO plugin v20.1 - https:\/\/yoast.com\/wordpress\/plugins\/seo\/ -->\n<title>\u00abAlla citt\u00e0 serve un Commissario di pubblica sicurezza\u00bb<\/title>\n<meta name=\"description\" content=\"Prosegue la lotta della Lega Nord per una maggiore sicurezza in citt\u00e0. Interviene anche il senatore Peruzzotti\" \/>\n<meta name=\"robots\" content=\"noindex, follow, max-snippet:-1, max-image-preview:large, max-video-preview:-1\" \/>\n<meta property=\"og:locale\" content=\"it_IT\" \/>\n<meta property=\"og:type\" content=\"article\" \/>\n<meta property=\"og:title\" content=\"\u00abAlla citt\u00e0 serve un Commissario di pubblica sicurezza\u00bb\" \/>\n<meta property=\"og:description\" content=\"Prosegue la lotta della Lega Nord per una maggiore sicurezza in citt\u00e0. Interviene anche il senatore Peruzzotti\" \/>\n<meta property=\"og:url\" content=\"https:\/\/staging.varesenews.it\/2006\/02\/alla-citta-serve-un-commissario-di-pubblica-sicurezza\/258143\/\" \/>\n<meta property=\"og:site_name\" content=\"VareseNews\" \/>\n<meta property=\"article:publisher\" content=\"https:\/\/www.facebook.com\/varesenews\" \/>\n<meta property=\"article:published_time\" content=\"2006-02-22T00:00:00+00:00\" \/>\n<meta name=\"author\" content=\"Redazione VareseNews\" \/>\n<meta name=\"twitter:card\" content=\"summary_large_image\" \/>\n<meta name=\"twitter:creator\" content=\"@varesenews\" \/>\n<meta name=\"twitter:site\" content=\"@varesenews\" \/>\n<meta name=\"twitter:label1\" content=\"Scritto da\" \/>\n\t<meta name=\"twitter:data1\" content=\"Redazione VareseNews\" \/>\n\t<meta name=\"twitter:label2\" content=\"Tempo di lettura stimato\" \/>\n\t<meta name=\"twitter:data2\" content=\"2 minuti\" \/>\n<script type=\"application\/ld+json\" class=\"yoast-schema-graph\">{\"@context\":\"https:\/\/schema.org\",\"@graph\":[{\"@type\":\"WebPage\",\"@id\":\"https:\/\/staging.varesenews.it\/2006\/02\/alla-citta-serve-un-commissario-di-pubblica-sicurezza\/258143\/\",\"url\":\"https:\/\/staging.varesenews.it\/2006\/02\/alla-citta-serve-un-commissario-di-pubblica-sicurezza\/258143\/\",\"name\":\"\u00abAlla citt\u00e0 serve un Commissario di pubblica sicurezza\u00bb\",\"isPartOf\":{\"@id\":\"https:\/\/staging.varesenews.it\/#website\"},\"datePublished\":\"2006-02-22T00:00:00+00:00\",\"dateModified\":\"2006-02-22T00:00:00+00:00\",\"author\":{\"@id\":\"https:\/\/staging.varesenews.it\/#\/schema\/person\/fb20c4da0b7b16c291707a20db73e169\"},\"description\":\"Prosegue la lotta della Lega Nord per una maggiore sicurezza in citt\u00e0. Interviene anche il senatore Peruzzotti\",\"breadcrumb\":{\"@id\":\"https:\/\/staging.varesenews.it\/2006\/02\/alla-citta-serve-un-commissario-di-pubblica-sicurezza\/258143\/#breadcrumb\"},\"inLanguage\":\"it-IT\",\"potentialAction\":[{\"@type\":\"ReadAction\",\"target\":[\"https:\/\/staging.varesenews.it\/2006\/02\/alla-citta-serve-un-commissario-di-pubblica-sicurezza\/258143\/\"]}]},{\"@type\":\"BreadcrumbList\",\"@id\":\"https:\/\/staging.varesenews.it\/2006\/02\/alla-citta-serve-un-commissario-di-pubblica-sicurezza\/258143\/#breadcrumb\",\"itemListElement\":[{\"@type\":\"ListItem\",\"position\":1,\"name\":\"Home\",\"item\":\"https:\/\/www.varesenews.it\/\"},{\"@type\":\"ListItem\",\"position\":2,\"name\":\"\u00abAlla citt\u00e0 serve un Commissario di pubblica sicurezza\u00bb\"}]},{\"@type\":\"WebSite\",\"@id\":\"https:\/\/staging.varesenews.it\/#website\",\"url\":\"https:\/\/staging.varesenews.it\/\",\"name\":\"VareseNews\",\"description\":\"\",\"potentialAction\":[{\"@type\":\"SearchAction\",\"target\":{\"@type\":\"EntryPoint\",\"urlTemplate\":\"https:\/\/staging.varesenews.it\/?s={search_term_string}\"},\"query-input\":\"required name=search_term_string\"}],\"inLanguage\":\"it-IT\"},{\"@type\":\"Person\",\"@id\":\"https:\/\/staging.varesenews.it\/#\/schema\/person\/fb20c4da0b7b16c291707a20db73e169\",\"name\":\"Redazione VareseNews\",\"image\":{\"@type\":\"ImageObject\",\"inLanguage\":\"it-IT\",\"@id\":\"https:\/\/staging.varesenews.it\/#\/schema\/person\/image\/\",\"url\":\"https:\/\/staging.varesenews.it\/wp-content\/uploads\/2020\/12\/logo_VN_colori_500.png\",\"contentUrl\":\"https:\/\/staging.varesenews.it\/wp-content\/uploads\/2020\/12\/logo_VN_colori_500.png\",\"caption\":\"Redazione VareseNews\"},\"url\":\"https:\/\/staging.varesenews.it\/persona\/redazione1\/\"}]}<\/script>\n<!-- \/ Yoast SEO plugin. -->","yoast_head_json":{"title":"\u00abAlla citt\u00e0 serve un Commissario di pubblica sicurezza\u00bb","description":"Prosegue la lotta della Lega Nord per una maggiore sicurezza in citt\u00e0. Interviene anche il senatore Peruzzotti","robots":{"index":"noindex","follow":"follow","max-snippet":"max-snippet:-1","max-image-preview":"max-image-preview:large","max-video-preview":"max-video-preview:-1"},"og_locale":"it_IT","og_type":"article","og_title":"\u00abAlla citt\u00e0 serve un Commissario di pubblica sicurezza\u00bb","og_description":"Prosegue la lotta della Lega Nord per una maggiore sicurezza in citt\u00e0. Interviene anche il senatore Peruzzotti","og_url":"https:\/\/staging.varesenews.it\/2006\/02\/alla-citta-serve-un-commissario-di-pubblica-sicurezza\/258143\/","og_site_name":"VareseNews","article_publisher":"https:\/\/www.facebook.com\/varesenews","article_published_time":"2006-02-22T00:00:00+00:00","author":"Redazione VareseNews","twitter_card":"summary_large_image","twitter_creator":"@varesenews","twitter_site":"@varesenews","twitter_misc":{"Scritto da":"Redazione VareseNews","Tempo di lettura stimato":"2 minuti"},"schema":{"@context":"https:\/\/schema.org","@graph":[{"@type":"WebPage","@id":"https:\/\/staging.varesenews.it\/2006\/02\/alla-citta-serve-un-commissario-di-pubblica-sicurezza\/258143\/","url":"https:\/\/staging.varesenews.it\/2006\/02\/alla-citta-serve-un-commissario-di-pubblica-sicurezza\/258143\/","name":"\u00abAlla citt\u00e0 serve un Commissario di pubblica sicurezza\u00bb","isPartOf":{"@id":"https:\/\/staging.varesenews.it\/#website"},"datePublished":"2006-02-22T00:00:00+00:00","dateModified":"2006-02-22T00:00:00+00:00","author":{"@id":"https:\/\/staging.varesenews.it\/#\/schema\/person\/fb20c4da0b7b16c291707a20db73e169"},"description":"Prosegue la lotta della Lega Nord per una maggiore sicurezza in citt\u00e0. Interviene anche il senatore Peruzzotti","breadcrumb":{"@id":"https:\/\/staging.varesenews.it\/2006\/02\/alla-citta-serve-un-commissario-di-pubblica-sicurezza\/258143\/#breadcrumb"},"inLanguage":"it-IT","potentialAction":[{"@type":"ReadAction","target":["https:\/\/staging.varesenews.it\/2006\/02\/alla-citta-serve-un-commissario-di-pubblica-sicurezza\/258143\/"]}]},{"@type":"BreadcrumbList","@id":"https:\/\/staging.varesenews.it\/2006\/02\/alla-citta-serve-un-commissario-di-pubblica-sicurezza\/258143\/#breadcrumb","itemListElement":[{"@type":"ListItem","position":1,"name":"Home","item":"https:\/\/www.varesenews.it\/"},{"@type":"ListItem","position":2,"name":"\u00abAlla citt\u00e0 serve un Commissario di pubblica sicurezza\u00bb"}]},{"@type":"WebSite","@id":"https:\/\/staging.varesenews.it\/#website","url":"https:\/\/staging.varesenews.it\/","name":"VareseNews","description":"","potentialAction":[{"@type":"SearchAction","target":{"@type":"EntryPoint","urlTemplate":"https:\/\/staging.varesenews.it\/?s={search_term_string}"},"query-input":"required name=search_term_string"}],"inLanguage":"it-IT"},{"@type":"Person","@id":"https:\/\/staging.varesenews.it\/#\/schema\/person\/fb20c4da0b7b16c291707a20db73e169","name":"Redazione VareseNews","image":{"@type":"ImageObject","inLanguage":"it-IT","@id":"https:\/\/staging.varesenews.it\/#\/schema\/person\/image\/","url":"https:\/\/staging.varesenews.it\/wp-content\/uploads\/2020\/12\/logo_VN_colori_500.png","contentUrl":"https:\/\/staging.varesenews.it\/wp-content\/uploads\/2020\/12\/logo_VN_colori_500.png","caption":"Redazione VareseNews"},"url":"https:\/\/staging.varesenews.it\/persona\/redazione1\/"}]}},"post_meta":{"id_old":"43959","argomento":"Saronno","autore_old":"M.S."},"photos":[],"_links":{"self":[{"href":"https:\/\/staging.varesenews.it\/swgapi\/v1\/wp\/v2\/posts\/258143"}],"collection":[{"href":"https:\/\/staging.varesenews.it\/swgapi\/v1\/wp\/v2\/posts"}],"about":[{"href":"https:\/\/staging.varesenews.it\/swgapi\/v1\/wp\/v2\/types\/post"}],"author":[{"embeddable":true,"href":"https:\/\/staging.varesenews.it\/swgapi\/v1\/wp\/v2\/users\/10"}],"replies":[{"embeddable":true,"href":"https:\/\/staging.varesenews.it\/swgapi\/v1\/wp\/v2\/comments?post=258143"}],"version-history":[{"count":0,"href":"https:\/\/staging.varesenews.it\/swgapi\/v1\/wp\/v2\/posts\/258143\/revisions"}],"wp:attachment":[{"href":"https:\/\/staging.varesenews.it\/swgapi\/v1\/wp\/v2\/media?parent=258143"}],"wp:term":[{"taxonomy":"category","embeddable":true,"href":"https:\/\/staging.varesenews.it\/swgapi\/v1\/wp\/v2\/categories?post=258143"},{"taxonomy":"post_tag","embeddable":true,"href":"https:\/\/staging.varesenews.it\/swgapi\/v1\/wp\/v2\/tags?post=258143"}],"curies":[{"name":"wp","href":"https:\/\/api.w.org\/{rel}","templated":true}]}}